{"id":333585,"date":"2025-04-25T12:00:58","date_gmt":"2025-04-25T10:00:58","guid":{"rendered":"https:\/\/www.motorprosa.com\/?p=333585"},"modified":"2026-06-22T19:37:46","modified_gmt":"2026-06-22T17:37:46","slug":"electric-motorcycles-fact-check-in-the-alps","status":"publish","type":"post","link":"https:\/\/www.motorprosa.com\/en\/electric-motorcycles-fact-check-in-the-alps\/","title":{"rendered":"Electric motorcycles \u2013 fact check in the Alps"},"content":{"rendered":"\n<figure class=\"wp-block-image alignwide size-large\"><img decoding=\"async\" width=\"1024\" height=\"544\" data-src=\"https:\/\/b2642856.assetcdn.net\/2.0\/2642856\/wp-content\/uploads\/2025\/04\/MotorProsa-Blog-Header-Zero-Verbrauchsfahrt-1-1024x544.jpg?lossy=1&strip=1&webp=1\" alt=\"Facts about electric motorcycles: We are looking for them on a ride with the Zero DSR\/X 17.3 and my Road King from Harley-Davidson\" class=\"wp-image-332824 lazyload\" title=\"\" data-srcset=\"https:\/\/b2642856.assetcdn.net\/2.0\/2642856\/wp-content\/uploads\/2025\/04\/MotorProsa-Blog-Header-Zero-Verbrauchsfahrt-1-1024x544.jpg?lossy=1&strip=1&webp=1 1024w, https:\/\/b2642856.assetcdn.net\/2.0\/2642856\/wp-content\/uploads\/2025\/04\/MotorProsa-Blog-Header-Zero-Verbrauchsfahrt-1-300x160.jpg?lossy=1&strip=1&webp=1 300w, https:\/\/b2642856.assetcdn.net\/2.0\/2642856\/wp-content\/uploads\/2025\/04\/MotorProsa-Blog-Header-Zero-Verbrauchsfahrt-1-768x408.jpg?lossy=1&strip=1&webp=1 768w, https:\/\/b2642856.assetcdn.net\/2.0\/2642856\/wp-content\/uploads\/2025\/04\/MotorProsa-Blog-Header-Zero-Verbrauchsfahrt-1.jpg?lossy=1&strip=1&webp=1 1200w, https:\/\/b2642856.assetcdn.net\/2.0\/2642856\/wp-content\/uploads\/2025\/04\/MotorProsa-Blog-Header-Zero-Verbrauchsfahrt-1.jpg?size=240x128&lossy=1&strip=1&webp=1 240w, https:\/\/b2642856.assetcdn.net\/2.0\/2642856\/wp-content\/uploads\/2025\/04\/MotorProsa-Blog-Header-Zero-Verbrauchsfahrt-1.jpg?size=480x255&lossy=1&strip=1&webp=1 480w, https:\/\/b2642856.assetcdn.net\/2.0\/2642856\/wp-content\/uploads\/2025\/04\/MotorProsa-Blog-Header-Zero-Verbrauchsfahrt-1.jpg?size=960x510&lossy=1&strip=1&webp=1 960w\" data-sizes=\"auto\" src=\"data:image\/svg+xml;base64,PHN2ZyB3aWR0aD0iMSIgaGVpZ2h0PSIxIiB4bWxucz0iaHR0cDovL3d3dy53My5vcmcvMjAwMC9zdmciPjwvc3ZnPg==\" style=\"--smush-placeholder-width: 1024px; --smush-placeholder-aspect-ratio: 1024\/544;\" data-original-sizes=\"(max-width: 1024px) 100vw, 1024px\" \/><figcaption class=\"wp-element-caption\"><span class=\"wtr-time-wrap block after-title\">Lesedauer \/\/ Reading time: <span class=\"wtr-time-number\">19<\/span> Min.<\/span><\/figcaption><\/figure>\n\n\n\n<p class=\"wp-block-paragraph\"><strong><em>Mythical, much discussed and full of misunderstandings: riding electric motorcycles. People on social media think they know all about it, and that if you can ride an electric bike in the Alps, you can only do so at a snail&#8217;s pace and with long breaks to recharge. It&#8217;s time to set the record straight.<\/em><\/strong><\/p>\n\n\n\n<p class=\"has-text-align-center has-background wp-block-paragraph\" style=\"background-color:#c8e4f5\"><strong>Before you read, please note<\/strong>: this post was translated with the help of <a href=\"https:\/\/www.deepl.com\/\" target=\"_blank\" rel=\"noreferrer noopener\">Deepl<\/a>.<br>If you find any errors \u2013 please have fun first and then give me a hint.<\/p>\n\n\n\n<figure class=\"wp-block-image size-large\"><img decoding=\"async\" width=\"1024\" height=\"60\" data-src=\"https:\/\/b2642856.assetcdn.net\/2.0\/2642856\/wp-content\/uploads\/2020\/02\/Trenner-1024x60-1.png?lossy=1&strip=1&webp=1\" alt=\"Das Symbol von MotorProsa: die F\u00fcllfeder.\" class=\"wp-image-441 lazyload\" title=\"MotorProsa: Motorrad-Geschichten, geschrieben mit Passion\" data-srcset=\"https:\/\/b2642856.assetcdn.net\/2.0\/2642856\/wp-content\/uploads\/2020\/02\/Trenner-1024x60-1.png?lossy=1&strip=1&webp=1 1024w, https:\/\/b2642856.assetcdn.net\/2.0\/2642856\/wp-content\/uploads\/2020\/02\/Trenner-1024x60-1-300x18.png?lossy=1&strip=1&webp=1 300w, https:\/\/b2642856.assetcdn.net\/2.0\/2642856\/wp-content\/uploads\/2020\/02\/Trenner-1024x60-1-768x45.png?lossy=1&strip=1&webp=1 768w, https:\/\/b2642856.assetcdn.net\/2.0\/2642856\/wp-content\/uploads\/2020\/02\/Trenner-1024x60-1.png?size=240x14&lossy=1&strip=1&webp=1 240w, https:\/\/b2642856.assetcdn.net\/2.0\/2642856\/wp-content\/uploads\/2020\/02\/Trenner-1024x60-1.png?size=480x28&lossy=1&strip=1&webp=1 480w, https:\/\/b2642856.assetcdn.net\/2.0\/2642856\/wp-content\/uploads\/2020\/02\/Trenner-1024x60-1.png?size=960x56&lossy=1&strip=1&webp=1 960w\" data-sizes=\"auto\" src=\"data:image\/svg+xml;base64,PHN2ZyB3aWR0aD0iMSIgaGVpZ2h0PSIxIiB4bWxucz0iaHR0cDovL3d3dy53My5vcmcvMjAwMC9zdmciPjwvc3ZnPg==\" style=\"--smush-placeholder-width: 1024px; --smush-placeholder-aspect-ratio: 1024\/60;\" data-original-sizes=\"(max-width: 1024px) 100vw, 1024px\" \/><\/figure>\n\n\n\n<div style=\"height:50px\" aria-hidden=\"true\" class=\"wp-block-spacer\"><\/div>\n\n\n\n<p class=\"wp-block-paragraph\">How far can a modern electric motorcycle go in the mountains? How do hills affect range? What are the costs? And most of all, is it fun?<\/p>\n\n\n\n<h2 class=\"wp-block-heading has-drop-cap\">We want<br>&nbsp;to know exactly<\/h2>\n\n\n\n<p class=\"wp-block-paragraph\">My friend Ralf (see his <a href=\"https:\/\/www.instagram.com\/ralf_kretz\/\" target=\"_blank\" rel=\"noreferrer noopener\">profile on Instagram<\/a>) and I are looking for answers to these questions on a data-gathering trip through the magical <a href=\"https:\/\/www.motorprosa.com\/en\/with-open-eyes-through-the-lower-engadine\/\" data-type=\"post\" data-id=\"316720\" target=\"_blank\" rel=\"noreferrer noopener\">Rhaetian Triangle<\/a>.<\/p>\n\n\n\n<p class=\"wp-block-paragraph\">Our <a href=\"https:\/\/kurv.gr\/PrR9U\" target=\"_blank\" rel=\"noreferrer noopener\"><strong>route<\/strong> (Link to Kurviger)<\/a> takes us through the Vinschgau Valley, the Oberes Gericht in Tyrol and the Swiss Lower Engadine with detours to the higher-lying villages of Tschlin (1), Sent (3), L\u00fc (4) and Tanas (7). It&#8217;s a mix of flat and fast sections, short and steep ramps, tight hairpin bends and through-town sections&nbsp;\u2013 in other words, everything you&#8217;d expect from a great motorcycle tour. Only Ralf&#8217;s beloved off-road passages are missing.<\/p>\n\n\n\n<p class=\"wp-block-paragraph\">Ralf rides his <a href=\"https:\/\/www.motorprosa.com\/en\/zero-dsr-x-17-3-the-californian-adventurer\/\" data-type=\"post\" data-id=\"21303\">Zero DSR\/X<\/a> on this tour. To be able to make a comparison with a real motorcycle (sic!), I accompany him on my <a href=\"https:\/\/www.motorprosa.com\/en\/harley-davidson-road-king\/\" data-type=\"post\" data-id=\"11542\">Harley-Davidson Road King<\/a>.<\/p>\n\n\n\n<figure class=\"wp-block-image size-full my-image-border\"><img decoding=\"async\" width=\"1024\" height=\"945\" data-src=\"https:\/\/b2642856.assetcdn.net\/2.0\/2642856\/wp-content\/uploads\/2025\/04\/MotorProsa-Blog-Post-Zero-Verbrauchsfahrt-1.jpg?lossy=1&strip=1&webp=1\" alt=\"Facts about electric motorcycles: Our tour takes us through Italy, Austria and Switzerland\" class=\"wp-image-332416 lazyload\" title=\"\" data-srcset=\"https:\/\/b2642856.assetcdn.net\/2.0\/2642856\/wp-content\/uploads\/2025\/04\/MotorProsa-Blog-Post-Zero-Verbrauchsfahrt-1.jpg?lossy=1&strip=1&webp=1 1024w, https:\/\/b2642856.assetcdn.net\/2.0\/2642856\/wp-content\/uploads\/2025\/04\/MotorProsa-Blog-Post-Zero-Verbrauchsfahrt-1-300x277.jpg?lossy=1&strip=1&webp=1 300w, https:\/\/b2642856.assetcdn.net\/2.0\/2642856\/wp-content\/uploads\/2025\/04\/MotorProsa-Blog-Post-Zero-Verbrauchsfahrt-1-768x709.jpg?lossy=1&strip=1&webp=1 768w, https:\/\/b2642856.assetcdn.net\/2.0\/2642856\/wp-content\/uploads\/2025\/04\/MotorProsa-Blog-Post-Zero-Verbrauchsfahrt-1.jpg?size=240x221&lossy=1&strip=1&webp=1 240w, https:\/\/b2642856.assetcdn.net\/2.0\/2642856\/wp-content\/uploads\/2025\/04\/MotorProsa-Blog-Post-Zero-Verbrauchsfahrt-1.jpg?size=480x443&lossy=1&strip=1&webp=1 480w, https:\/\/b2642856.assetcdn.net\/2.0\/2642856\/wp-content\/uploads\/2025\/04\/MotorProsa-Blog-Post-Zero-Verbrauchsfahrt-1.jpg?size=960x886&lossy=1&strip=1&webp=1 960w\" data-sizes=\"auto\" src=\"data:image\/svg+xml;base64,PHN2ZyB3aWR0aD0iMSIgaGVpZ2h0PSIxIiB4bWxucz0iaHR0cDovL3d3dy53My5vcmcvMjAwMC9zdmciPjwvc3ZnPg==\" style=\"--smush-placeholder-width: 1024px; --smush-placeholder-aspect-ratio: 1024\/945;\" data-original-sizes=\"(max-width: 1024px) 100vw, 1024px\" \/><figcaption class=\"wp-element-caption\">Our tour takes us through Italy, Austria and Switzerland<\/figcaption><\/figure>\n\n\n\n<p class=\"wp-block-paragraph\">We are confident that we can complete the tour on a single charge&nbsp;\u2013 but we have listed most of the <strong>charging points<\/strong> along the route at the end of this <a href=\"#Ladepunkte\">blog<\/a>.<\/p>\n\n\n\n<h2 class=\"wp-block-heading has-drop-cap\">This<br>&nbsp;is us<\/h2>\n\n\n\n<div class=\"wp-block-columns is-layout-flex wp-container-core-columns-is-layout-8f761849 wp-block-columns-is-layout-flex\">\n<div class=\"wp-block-column is-layout-flow wp-block-column-is-layout-flow\">\n<figure data-wp-context=\"{&quot;imageId&quot;:&quot;6a9a7d76c98e8&quot;}\" data-wp-interactive=\"core\/image\" data-wp-key=\"6a9a7d76c98e8\" class=\"wp-block-image size-full my-image-border wp-lightbox-container\"><img decoding=\"async\" width=\"1024\" height=\"945\" data-wp-class--hide=\"state.isContentHidden\" data-wp-class--show=\"state.isContentVisible\" data-wp-init=\"callbacks.setButtonStyles\" data-wp-on--click=\"actions.showLightbox\" data-wp-on--load=\"callbacks.setButtonStyles\" data-wp-on--pointerdown=\"actions.preloadImage\" data-wp-on--pointerenter=\"actions.preloadImageWithDelay\" data-wp-on--pointerleave=\"actions.cancelPreload\" data-wp-on-window--resize=\"callbacks.setButtonStyles\" data-src=\"https:\/\/b2642856.assetcdn.net\/2.0\/2642856\/wp-content\/uploads\/2025\/04\/MotorProsa-Blog-Post-Zero-Verbrauchsfahrt-Portrait-Ralf.jpg?lossy=1&strip=1&webp=1\" alt=\"Ralf on his Zero DSR\/X\" class=\"wp-image-333186 lazyload\" title=\"\" data-srcset=\"https:\/\/b2642856.assetcdn.net\/2.0\/2642856\/wp-content\/uploads\/2025\/04\/MotorProsa-Blog-Post-Zero-Verbrauchsfahrt-Portrait-Ralf.jpg?lossy=1&strip=1&webp=1 1024w, https:\/\/b2642856.assetcdn.net\/2.0\/2642856\/wp-content\/uploads\/2025\/04\/MotorProsa-Blog-Post-Zero-Verbrauchsfahrt-Portrait-Ralf-300x277.jpg?lossy=1&strip=1&webp=1 300w, https:\/\/b2642856.assetcdn.net\/2.0\/2642856\/wp-content\/uploads\/2025\/04\/MotorProsa-Blog-Post-Zero-Verbrauchsfahrt-Portrait-Ralf-768x709.jpg?lossy=1&strip=1&webp=1 768w, https:\/\/b2642856.assetcdn.net\/2.0\/2642856\/wp-content\/uploads\/2025\/04\/MotorProsa-Blog-Post-Zero-Verbrauchsfahrt-Portrait-Ralf.jpg?size=240x221&lossy=1&strip=1&webp=1 240w, https:\/\/b2642856.assetcdn.net\/2.0\/2642856\/wp-content\/uploads\/2025\/04\/MotorProsa-Blog-Post-Zero-Verbrauchsfahrt-Portrait-Ralf.jpg?size=480x443&lossy=1&strip=1&webp=1 480w, https:\/\/b2642856.assetcdn.net\/2.0\/2642856\/wp-content\/uploads\/2025\/04\/MotorProsa-Blog-Post-Zero-Verbrauchsfahrt-Portrait-Ralf.jpg?size=960x886&lossy=1&strip=1&webp=1 960w\" data-sizes=\"auto\" src=\"data:image\/svg+xml;base64,PHN2ZyB3aWR0aD0iMSIgaGVpZ2h0PSIxIiB4bWxucz0iaHR0cDovL3d3dy53My5vcmcvMjAwMC9zdmciPjwvc3ZnPg==\" style=\"--smush-placeholder-width: 1024px; --smush-placeholder-aspect-ratio: 1024\/945;\" data-original-sizes=\"(max-width: 1024px) 100vw, 1024px\" \/><button\n\t\t\tclass=\"lightbox-trigger\"\n\t\t\ttype=\"button\"\n\t\t\taria-haspopup=\"dialog\"\n\t\t\tdata-wp-bind--aria-label=\"state.thisImage.triggerButtonAriaLabel\"\n\t\t\tdata-wp-init=\"callbacks.initTriggerButton\"\n\t\t\tdata-wp-on--click=\"actions.showLightbox\"\n\t\t\tdata-wp-style--right=\"state.thisImage.buttonRight\"\n\t\t\tdata-wp-style--top=\"state.thisImage.buttonTop\"\n\t\t>\n\t\t\t<svg xmlns=\"http:\/\/www.w3.org\/2000\/svg\" width=\"12\" height=\"12\" fill=\"none\" viewBox=\"0 0 12 12\">\n\t\t\t\t<path fill=\"#fff\" d=\"M2 0a2 2 0 0 0-2 2v2h1.5V2a.5.5 0 0 1 .5-.5h2V0H2Zm2 10.5H2a.5.5 0 0 1-.5-.5V8H0v2a2 2 0 0 0 2 2h2v-1.5ZM8 12v-1.5h2a.5.5 0 0 0 .5-.5V8H12v2a2 2 0 0 1-2 2H8Zm2-12a2 2 0 0 1 2 2v2h-1.5V2a.5.5 0 0 0-.5-.5H8V0h2Z\" \/>\n\t\t\t<\/svg>\n\t\t<\/button><figcaption class=\"wp-element-caption\">Ralf on his Zero DSR\/X<\/figcaption><\/figure>\n\n\n\n<p class=\"wp-block-paragraph\"><strong>Ralf<\/strong> (Kretz) is an adventurer from the West Allg\u00e4u and lives for motorcycling. He rides his Zero DSR\/X along the winding roads of the Allg\u00e4u and through the Bregenzerwald. He loves tight serpentines, breathtaking views and the freedom of two wheels. The Zero&#8217;s superior responsiveness and merciless punch never fail to thrill him. In addition to the asphalt, off-road training and on- and off-road events are where he lives out his passion. Ralf rides calmly, precisely and always in harmony with the landscape.<\/p>\n<\/div>\n\n\n\n<div class=\"wp-block-column is-layout-flow wp-block-column-is-layout-flow\">\n<figure data-wp-context=\"{&quot;imageId&quot;:&quot;6a9a7d76ca551&quot;}\" data-wp-interactive=\"core\/image\" data-wp-key=\"6a9a7d76ca551\" class=\"wp-block-image size-full my-image-border wp-lightbox-container\"><img decoding=\"async\" width=\"1024\" height=\"945\" data-wp-class--hide=\"state.isContentHidden\" data-wp-class--show=\"state.isContentVisible\" data-wp-init=\"callbacks.setButtonStyles\" data-wp-on--click=\"actions.showLightbox\" data-wp-on--load=\"callbacks.setButtonStyles\" data-wp-on--pointerdown=\"actions.preloadImage\" data-wp-on--pointerenter=\"actions.preloadImageWithDelay\" data-wp-on--pointerleave=\"actions.cancelPreload\" data-wp-on-window--resize=\"callbacks.setButtonStyles\" data-src=\"https:\/\/b2642856.assetcdn.net\/2.0\/2642856\/wp-content\/uploads\/2025\/04\/MotorProsa-Blog-Post-Zero-Verbrauchsfahrt-Portrait-JvS-1.jpg?lossy=1&strip=1&webp=1\" alt=\"The Road King and me\" class=\"wp-image-333257 lazyload\" title=\"\" data-srcset=\"https:\/\/b2642856.assetcdn.net\/2.0\/2642856\/wp-content\/uploads\/2025\/04\/MotorProsa-Blog-Post-Zero-Verbrauchsfahrt-Portrait-JvS-1.jpg?lossy=1&strip=1&webp=1 1024w, https:\/\/b2642856.assetcdn.net\/2.0\/2642856\/wp-content\/uploads\/2025\/04\/MotorProsa-Blog-Post-Zero-Verbrauchsfahrt-Portrait-JvS-1-300x277.jpg?lossy=1&strip=1&webp=1 300w, https:\/\/b2642856.assetcdn.net\/2.0\/2642856\/wp-content\/uploads\/2025\/04\/MotorProsa-Blog-Post-Zero-Verbrauchsfahrt-Portrait-JvS-1-768x709.jpg?lossy=1&strip=1&webp=1 768w, https:\/\/b2642856.assetcdn.net\/2.0\/2642856\/wp-content\/uploads\/2025\/04\/MotorProsa-Blog-Post-Zero-Verbrauchsfahrt-Portrait-JvS-1.jpg?size=240x221&lossy=1&strip=1&webp=1 240w, https:\/\/b2642856.assetcdn.net\/2.0\/2642856\/wp-content\/uploads\/2025\/04\/MotorProsa-Blog-Post-Zero-Verbrauchsfahrt-Portrait-JvS-1.jpg?size=480x443&lossy=1&strip=1&webp=1 480w, https:\/\/b2642856.assetcdn.net\/2.0\/2642856\/wp-content\/uploads\/2025\/04\/MotorProsa-Blog-Post-Zero-Verbrauchsfahrt-Portrait-JvS-1.jpg?size=960x886&lossy=1&strip=1&webp=1 960w\" data-sizes=\"auto\" src=\"data:image\/svg+xml;base64,PHN2ZyB3aWR0aD0iMSIgaGVpZ2h0PSIxIiB4bWxucz0iaHR0cDovL3d3dy53My5vcmcvMjAwMC9zdmciPjwvc3ZnPg==\" style=\"--smush-placeholder-width: 1024px; --smush-placeholder-aspect-ratio: 1024\/945;\" data-original-sizes=\"(max-width: 1024px) 100vw, 1024px\" \/><button\n\t\t\tclass=\"lightbox-trigger\"\n\t\t\ttype=\"button\"\n\t\t\taria-haspopup=\"dialog\"\n\t\t\tdata-wp-bind--aria-label=\"state.thisImage.triggerButtonAriaLabel\"\n\t\t\tdata-wp-init=\"callbacks.initTriggerButton\"\n\t\t\tdata-wp-on--click=\"actions.showLightbox\"\n\t\t\tdata-wp-style--right=\"state.thisImage.buttonRight\"\n\t\t\tdata-wp-style--top=\"state.thisImage.buttonTop\"\n\t\t>\n\t\t\t<svg xmlns=\"http:\/\/www.w3.org\/2000\/svg\" width=\"12\" height=\"12\" fill=\"none\" viewBox=\"0 0 12 12\">\n\t\t\t\t<path fill=\"#fff\" d=\"M2 0a2 2 0 0 0-2 2v2h1.5V2a.5.5 0 0 1 .5-.5h2V0H2Zm2 10.5H2a.5.5 0 0 1-.5-.5V8H0v2a2 2 0 0 0 2 2h2v-1.5ZM8 12v-1.5h2a.5.5 0 0 0 .5-.5V8H12v2a2 2 0 0 1-2 2H8Zm2-12a2 2 0 0 1 2 2v2h-1.5V2a.5.5 0 0 0-.5-.5H8V0h2Z\" \/>\n\t\t\t<\/svg>\n\t\t<\/button><figcaption class=\"wp-element-caption\">The Road King and me<\/figcaption><\/figure>\n\n\n\n<p class=\"wp-block-paragraph\">I, <strong>J\u00fcrgen<\/strong> (Theiner) have been riding, writing and photographing motorcycles for over 30 years. When I was 20, it was my dream to become a motorcycle worker, and at 50 I fulfilled it. My riding style can be many things&nbsp;\u2013 since I started riding Harleys and Zeros, it has changed from knee-sliding and racing to sitting upright and enjoying the scenery. My territory is the mountain passes in and around South Tyrol, I like the fast corners, I like the tight corners, I like the steep corners&nbsp;\u2013 I like motorcycling.<\/p>\n<\/div>\n<\/div>\n\n\n\n<h2 class=\"wp-block-heading has-drop-cap\">The<br>&nbsp;motorcycles<\/h2>\n\n\n\n<p class=\"wp-block-paragraph\">Ralf&#8217;s DSR\/X was built in 2023 and currently has Zero&#8217;s largest battery with 17.3 kWh (<strong><em>Kilowatt hours<\/em><\/strong>, see <a href=\"#glossar\">Glossary<\/a>) capacity. Of this, 15.6 can be used effectively. Ralf likes to ride off-road, which is why his Zero rolls on rough-tread enduro tires from Mitas.<\/p>\n\n\n\n<p class=\"wp-block-paragraph\">My Road King is a 2013 model, has a 22.7 liter fuel tank and weighs a fun 380 kg. The bike has been modified on the suspension side for more fun at lean angles and is software optimized due to the flap exhaust system. In other words: tuned fatter.<\/p>\n\n\n\n<div style=\"height:50px\" aria-hidden=\"true\" class=\"wp-block-spacer\"><\/div>\n\n\n\n<figure class=\"wp-block-table is-style-stripes my-image-border\"><table><thead><tr><th><\/th><th class=\"has-text-align-center\" data-align=\"center\">Zero DSR\/X<\/th><th class=\"has-text-align-center\" data-align=\"center\">Harley-Davidson Road King<\/th><\/tr><\/thead><tbody><tr><td>Built<\/td><td class=\"has-text-align-center\" data-align=\"center\">2023<\/td><td class=\"has-text-align-center\" data-align=\"center\">2013<\/td><\/tr><tr><td>Mileage<\/td><td class=\"has-text-align-center\" data-align=\"center\">22,400 km<\/td><td class=\"has-text-align-center\" data-align=\"center\">18,300<\/td><\/tr><tr><td>Battery capacity \/ tank capacity *<\/td><td class=\"has-text-align-center\" data-align=\"center\">17.3 kWh \/ 15.6 kWh<\/td><td class=\"has-text-align-center\" data-align=\"center\">22.7 l<\/td><\/tr><tr><td>Weight ready to drive *<\/td><td class=\"has-text-align-center\" data-align=\"center\">247 kg<\/td><td class=\"has-text-align-center\" data-align=\"center\">380 kg<\/td><\/tr><tr><td>Tire type front \/ rear<\/td><td class=\"has-text-align-center\" data-align=\"center\">Mitas Enduro Trail+<\/td><td class=\"has-text-align-center\" data-align=\"center\">Metzeler<\/td><\/tr><tr><td>Tire pressure front \/ rear<\/td><td class=\"has-text-align-center\" data-align=\"center\">2.2 \/ 2.6 bar<\/td><td class=\"has-text-align-center\" data-align=\"center\">2.5 \/ 3 bar<\/td><\/tr><tr><td>Maximum torque *<\/td><td class=\"has-text-align-center\" data-align=\"center\">225 Nm<\/td><td class=\"has-text-align-center\" data-align=\"center\">135 Nm<\/td><\/tr><tr><td>Maximum power *<\/td><td class=\"has-text-align-center\" data-align=\"center\">75 kW<\/td><td class=\"has-text-align-center\" data-align=\"center\">64 kW<\/td><\/tr><\/tbody><\/table><figcaption class=\"wp-element-caption\"><em>* Manufacturer information<\/em><\/figcaption><\/figure>\n\n\n\n<div style=\"height:50px\" aria-hidden=\"true\" class=\"wp-block-spacer\"><\/div>\n\n\n\n<h2 class=\"wp-block-heading has-drop-cap\">The<br>&nbsp;procedure<\/h2>\n\n\n\n<p class=\"wp-block-paragraph\">We start with a fully charged battery\/full tank and correct tire pressures. We drive quite fast, but within the limits of traffic laws and, most importantly, within our financial means. We avoid slow driving, which can affect fuel consumption, as there are plenty of charging points along the route. As a local, I set the pace and plan the photo stops.<\/p>\n\n\n\n<p class=\"wp-block-paragraph\">We record key ride data before and after every long climb. We record mileage, distance, SoC, power consumption, altitude and temperature via the Zero display, Scenic and a weather app. A WingMan records the ride, Calimoto runs as a fallback. At the end of the trip, we recharge\/refuel again to determine the cost of electricity and fuel.<\/p>\n\n\n\n<p class=\"wp-block-paragraph\">Evaluation of this data should then provide information on consumption on the flat, on inclines, at low speeds, and at appropriate speeds.<\/p>\n\n\n\n<figure class=\"wp-block-image size-full my-image-border\"><img decoding=\"async\" width=\"1024\" height=\"945\" data-src=\"https:\/\/b2642856.assetcdn.net\/2.0\/2642856\/wp-content\/uploads\/2025\/04\/MotorProsa-Blog-Post-Zero-Verbrauchsfahrt-1-5.jpg?lossy=1&strip=1&webp=1\" alt=\"Facts about electric motorcycles: Data, notes and information\" class=\"wp-image-332821 lazyload\" title=\"\" data-srcset=\"https:\/\/b2642856.assetcdn.net\/2.0\/2642856\/wp-content\/uploads\/2025\/04\/MotorProsa-Blog-Post-Zero-Verbrauchsfahrt-1-5.jpg?lossy=1&strip=1&webp=1 1024w, https:\/\/b2642856.assetcdn.net\/2.0\/2642856\/wp-content\/uploads\/2025\/04\/MotorProsa-Blog-Post-Zero-Verbrauchsfahrt-1-5-300x277.jpg?lossy=1&strip=1&webp=1 300w, https:\/\/b2642856.assetcdn.net\/2.0\/2642856\/wp-content\/uploads\/2025\/04\/MotorProsa-Blog-Post-Zero-Verbrauchsfahrt-1-5-768x709.jpg?lossy=1&strip=1&webp=1 768w, https:\/\/b2642856.assetcdn.net\/2.0\/2642856\/wp-content\/uploads\/2025\/04\/MotorProsa-Blog-Post-Zero-Verbrauchsfahrt-1-5.jpg?size=240x221&lossy=1&strip=1&webp=1 240w, https:\/\/b2642856.assetcdn.net\/2.0\/2642856\/wp-content\/uploads\/2025\/04\/MotorProsa-Blog-Post-Zero-Verbrauchsfahrt-1-5.jpg?size=480x443&lossy=1&strip=1&webp=1 480w, https:\/\/b2642856.assetcdn.net\/2.0\/2642856\/wp-content\/uploads\/2025\/04\/MotorProsa-Blog-Post-Zero-Verbrauchsfahrt-1-5.jpg?size=960x886&lossy=1&strip=1&webp=1 960w\" data-sizes=\"auto\" src=\"data:image\/svg+xml;base64,PHN2ZyB3aWR0aD0iMSIgaGVpZ2h0PSIxIiB4bWxucz0iaHR0cDovL3d3dy53My5vcmcvMjAwMC9zdmciPjwvc3ZnPg==\" style=\"--smush-placeholder-width: 1024px; --smush-placeholder-aspect-ratio: 1024\/945;\" data-original-sizes=\"(max-width: 1024px) 100vw, 1024px\" \/><figcaption class=\"wp-element-caption\">Data, Information &amp; Notes<\/figcaption><\/figure>\n\n\n\n<h2 class=\"wp-block-heading has-drop-cap\">The results<br>&nbsp;in brief<\/h2>\n\n\n\n<figure class=\"wp-block-table is-style-stripes my-image-border\"><table class=\"has-fixed-layout\"><tbody><tr><td>Distance covered *<\/td><td class=\"has-text-align-center\" data-align=\"center\">190.3 km<\/td><\/tr><tr><td>Duration | Pure travel time *<\/td><td class=\"has-text-align-center\" data-align=\"center\">05:42 h | 03:54 h<\/td><\/tr><tr><td>Charging stop | Charging time<\/td><td class=\"has-text-align-center\" data-align=\"center\">0 | 0 min<\/td><\/tr><tr><td>Average speed *<\/td><td class=\"has-text-align-center\" data-align=\"center\">48.6 km\/h<\/td><\/tr><tr><td>Difference in altitude *<\/td><td class=\"has-text-align-center\" data-align=\"center\"><strong>\u2191<\/strong> 4104 m | <strong>\u2193<\/strong> 4096 m<\/td><\/tr><tr><td>Consumption<\/td><td class=\"has-text-align-center\" data-align=\"center\">Zero: 13.6 kWh | Harley: 10.6 l<\/td><\/tr><tr><td>Average temperature<\/td><td class=\"has-text-align-center\" data-align=\"center\">10.2 \u00b0C<\/td><\/tr><\/tbody><\/table><figcaption class=\"wp-element-caption\"><br><em>* Data Basis: RideLink WingMan<\/em><\/figcaption><\/figure>\n\n\n\n<p class=\"wp-block-paragraph\"><strong>Note 1<\/strong>: A travel time of \u2248 4 hours for 190 kilometers sounds like a slow ride. But it&#8217;s not, the small roads to Tschlin, L\u00fc and Tanas have pushed the average down. On a typical alpine road, an average speed of 45-50 km\/h is realistic.<\/p>\n\n\n\n<p class=\"wp-block-paragraph\"><strong>Note 2<\/strong>: The elevation data is a mystery to us. Kurviger&#8217;s route planning calculated 6162 m, Scenic counted 3950 m on the way, WingMan recorded 4104 m. We use WingMan&#8217;s data for the evaluation.<\/p>\n\n\n\n<div style=\"height:50px\" aria-hidden=\"true\" class=\"wp-block-spacer\"><\/div>\n\n\n\n<p class=\"wp-block-paragraph\">The WingMan wrote the small matter of 14,000 waypoints&nbsp;\u2013 each with a time stamp, GPS position, speed, and sea level. We used this to validate and supplement our Pi times thumb values. <\/p>\n\n\n\n<p class=\"wp-block-paragraph\">Below is the readable table of our handwritten notes:<\/p>\n\n\n\n<figure id=\"tabelle-1\" class=\"wp-block-table is-style-stripes my-image-border\"><table><thead><tr><th><\/th><th class=\"has-text-align-center\" data-align=\"center\">Distance<\/th><th class=\"has-text-align-center\" data-align=\"center\">SoC<\/th><th class=\"has-text-align-center\" data-align=\"center\">Wh\/km<\/th><th class=\"has-text-align-center\" data-align=\"center\">Sea level<\/th><th class=\"has-text-align-center\" data-align=\"center\">Temperature<\/th><\/tr><\/thead><tbody><tr><td>Laas (IT)<\/td><td class=\"has-text-align-center\" data-align=\"center\">0 km<\/td><td class=\"has-text-align-center\" data-align=\"center\">110 %<\/td><td class=\"has-text-align-center\" data-align=\"center\">0<\/td><td class=\"has-text-align-center\" data-align=\"center\">879 m<\/td><td class=\"has-text-align-center\" data-align=\"center\">10 \u00b0C<\/td><\/tr><tr><td>Schluderns (IT)<\/td><td class=\"has-text-align-center\" data-align=\"center\">13 km<\/td><td class=\"has-text-align-center\" data-align=\"center\">106 %<\/td><td class=\"has-text-align-center\" data-align=\"center\">55<\/td><td class=\"has-text-align-center\" data-align=\"center\">921 m<\/td><td class=\"has-text-align-center\" data-align=\"center\">8 \u00b0C<\/td><\/tr><tr><td>Reschen (IT)<\/td><td class=\"has-text-align-center\" data-align=\"center\">36 km<\/td><td class=\"has-text-align-center\" data-align=\"center\">90 %<\/td><td class=\"has-text-align-center\" data-align=\"center\">78<\/td><td class=\"has-text-align-center\" data-align=\"center\">1502 m<\/td><td class=\"has-text-align-center\" data-align=\"center\">6 \u00b0C<\/td><\/tr><tr><td>Norbertsh\u00f6he (AT)<\/td><td class=\"has-text-align-center\" data-align=\"center\">48 km<\/td><td class=\"has-text-align-center\" data-align=\"center\">85 %<\/td><td class=\"has-text-align-center\" data-align=\"center\">86<\/td><td class=\"has-text-align-center\" data-align=\"center\">1409 m<\/td><td class=\"has-text-align-center\" data-align=\"center\">9 \u00b0C<\/td><\/tr><tr><td>Martina (CH)<\/td><td class=\"has-text-align-center\" data-align=\"center\">54 km<\/td><td class=\"has-text-align-center\" data-align=\"center\">86 %<\/td><td class=\"has-text-align-center\" data-align=\"center\">82<\/td><td class=\"has-text-align-center\" data-align=\"center\">1040 m<\/td><td class=\"has-text-align-center\" data-align=\"center\">10 \u00b0C<\/td><\/tr><tr><td>Tschlin (CH)<\/td><td class=\"has-text-align-center\" data-align=\"center\">64 km<\/td><td class=\"has-text-align-center\" data-align=\"center\">78 %<\/td><td class=\"has-text-align-center\" data-align=\"center\">87<\/td><td class=\"has-text-align-center\" data-align=\"center\">1500 m<\/td><td class=\"has-text-align-center\" data-align=\"center\">11 \u00b0C<\/td><\/tr><tr><td>San Nicl\u00e0 (CH)<\/td><td class=\"has-text-align-center\" data-align=\"center\">70 km<\/td><td class=\"has-text-align-center\" data-align=\"center\">78 %<\/td><td class=\"has-text-align-center\" data-align=\"center\">82<\/td><td class=\"has-text-align-center\" data-align=\"center\">1085 m<\/td><td class=\"has-text-align-center\" data-align=\"center\">11 \u00b0C<\/td><\/tr><tr><td>Crusch (CH)<\/td><td class=\"has-text-align-center\" data-align=\"center\">81 km<\/td><td class=\"has-text-align-center\" data-align=\"center\">72 %<\/td><td class=\"has-text-align-center\" data-align=\"center\">84<\/td><td class=\"has-text-align-center\" data-align=\"center\">1245 m<\/td><td class=\"has-text-align-center\" data-align=\"center\">12 \u00b0C<\/td><\/tr><tr><td>Sent (CH)<\/td><td class=\"has-text-align-center\" data-align=\"center\">83 km<\/td><td class=\"has-text-align-center\" data-align=\"center\">71 %<\/td><td class=\"has-text-align-center\" data-align=\"center\">83<\/td><td class=\"has-text-align-center\" data-align=\"center\">1430 m<\/td><td class=\"has-text-align-center\" data-align=\"center\">12 \u00b0C<\/td><\/tr><tr><td>Zernez (CH)<\/td><td class=\"has-text-align-center\" data-align=\"center\">116 km<\/td><td class=\"has-text-align-center\" data-align=\"center\">54 %<\/td><td class=\"has-text-align-center\" data-align=\"center\">81<\/td><td class=\"has-text-align-center\" data-align=\"center\">1474 m<\/td><td class=\"has-text-align-center\" data-align=\"center\">11 \u00b0C<\/td><\/tr><tr><td>Il Fuorn (CH)<\/td><td class=\"has-text-align-center\" data-align=\"center\">139 km<\/td><td class=\"has-text-align-center\" data-align=\"center\">34 %<\/td><td class=\"has-text-align-center\" data-align=\"center\">84<\/td><td class=\"has-text-align-center\" data-align=\"center\">2143 m<\/td><td class=\"has-text-align-center\" data-align=\"center\">7 \u00b0C<\/td><\/tr><tr><td>L\u00fc (CH)<\/td><td class=\"has-text-align-center\" data-align=\"center\">157 km<\/td><td class=\"has-text-align-center\" data-align=\"center\">30 %<\/td><td class=\"has-text-align-center\" data-align=\"center\">82<\/td><td class=\"has-text-align-center\" data-align=\"center\">1930 m<\/td><td class=\"has-text-align-center\" data-align=\"center\">7 \u00b0C<\/td><\/tr><tr><td>M\u00fcstair (CH)<\/td><td class=\"has-text-align-center\" data-align=\"center\">165 km<\/td><td class=\"has-text-align-center\" data-align=\"center\">30 %<\/td><td class=\"has-text-align-center\" data-align=\"center\">77<\/td><td class=\"has-text-align-center\" data-align=\"center\">1244 m<\/td><td class=\"has-text-align-center\" data-align=\"center\">12 \u00b0C<\/td><\/tr><tr><td>Schluderns (IT)<\/td><td class=\"has-text-align-center\" data-align=\"center\">182 km<\/td><td class=\"has-text-align-center\" data-align=\"center\">24 %<\/td><td class=\"has-text-align-center\" data-align=\"center\">74<\/td><td class=\"has-text-align-center\" data-align=\"center\">921 m<\/td><td class=\"has-text-align-center\" data-align=\"center\">14 \u00b0C<\/td><\/tr><tr><td>Tanas (IT)<\/td><td class=\"has-text-align-center\" data-align=\"center\">195 km<\/td><td class=\"has-text-align-center\" data-align=\"center\">13 %<\/td><td class=\"has-text-align-center\" data-align=\"center\">76<\/td><td class=\"has-text-align-center\" data-align=\"center\">1461 m<\/td><td class=\"has-text-align-center\" data-align=\"center\">10 \u00b0C<\/td><\/tr><tr><td>Laas (IT)<\/td><td class=\"has-text-align-center\" data-align=\"center\">203 km<\/td><td class=\"has-text-align-center\" data-align=\"center\">14 %<\/td><td class=\"has-text-align-center\" data-align=\"center\">73<\/td><td class=\"has-text-align-center\" data-align=\"center\">872 m<\/td><td class=\"has-text-align-center\" data-align=\"center\">15 \u00b0C<\/td><\/tr><\/tbody><\/table><figcaption class=\"wp-element-caption\"><br><em>Table 1: Our The on-the-go data collection<\/em><\/figcaption><\/figure>\n\n\n\n<p class=\"wp-block-paragraph\"><strong>Note 1<\/strong>: The strange 110% SoC (<strong><em>S<\/em><\/strong><em>tate<\/em><strong><em> o<\/em><\/strong><em>f<\/em><strong><em> C<\/em><\/strong><em>harge<\/em>, see <a href=\"#glossar\">Glossary<\/a>) is a Zero uniqueness and corresponds to the usable 15.6&nbsp;kWh. Zero recommends 100% as a \u201chealthy\u201d SoC for everyday use. The additional 10% can be enabled if the range requirement is increased. We had that requirement.<\/p>\n\n\n\n<p class=\"wp-block-paragraph\"><strong>Note 2<\/strong>: The sensitive and sensor-rich WingMan recorded a distance of 190.3 kilometers, while Kurviger calculated 188 kilometers. Obviously, the Zero&#8217;s odometer is off by +6.8%.<\/p>\n\n\n\n<p class=\"wp-block-paragraph\"><strong>Note 3<\/strong>: The remaining SoC of 14% would have been good for another 30 kilometers and 700 vertical meters, which is the distance from Martina via Tschlin to Crusch.<\/p>\n\n\n\n<div style=\"height:50px\" aria-hidden=\"true\" class=\"wp-block-spacer\"><\/div>\n\n\n\n<figure class=\"wp-block-image size-full my-image-border\"><img decoding=\"async\" width=\"1024\" height=\"945\" data-src=\"https:\/\/b2642856.assetcdn.net\/2.0\/2642856\/wp-content\/uploads\/2025\/04\/MotorProsa-Blog-Post-Zero-Verbrauchsfahrt-9.jpg?lossy=1&strip=1&webp=1\" alt=\"Equipment en masse: SmartPhone, sat nav and (hidden) WingMan\" class=\"wp-image-333044 lazyload\" title=\"\" data-srcset=\"https:\/\/b2642856.assetcdn.net\/2.0\/2642856\/wp-content\/uploads\/2025\/04\/MotorProsa-Blog-Post-Zero-Verbrauchsfahrt-9.jpg?lossy=1&strip=1&webp=1 1024w, https:\/\/b2642856.assetcdn.net\/2.0\/2642856\/wp-content\/uploads\/2025\/04\/MotorProsa-Blog-Post-Zero-Verbrauchsfahrt-9-300x277.jpg?lossy=1&strip=1&webp=1 300w, https:\/\/b2642856.assetcdn.net\/2.0\/2642856\/wp-content\/uploads\/2025\/04\/MotorProsa-Blog-Post-Zero-Verbrauchsfahrt-9-768x709.jpg?lossy=1&strip=1&webp=1 768w, https:\/\/b2642856.assetcdn.net\/2.0\/2642856\/wp-content\/uploads\/2025\/04\/MotorProsa-Blog-Post-Zero-Verbrauchsfahrt-9.jpg?size=240x221&lossy=1&strip=1&webp=1 240w, https:\/\/b2642856.assetcdn.net\/2.0\/2642856\/wp-content\/uploads\/2025\/04\/MotorProsa-Blog-Post-Zero-Verbrauchsfahrt-9.jpg?size=480x443&lossy=1&strip=1&webp=1 480w, https:\/\/b2642856.assetcdn.net\/2.0\/2642856\/wp-content\/uploads\/2025\/04\/MotorProsa-Blog-Post-Zero-Verbrauchsfahrt-9.jpg?size=960x886&lossy=1&strip=1&webp=1 960w\" data-sizes=\"auto\" src=\"data:image\/svg+xml;base64,PHN2ZyB3aWR0aD0iMSIgaGVpZ2h0PSIxIiB4bWxucz0iaHR0cDovL3d3dy53My5vcmcvMjAwMC9zdmciPjwvc3ZnPg==\" style=\"--smush-placeholder-width: 1024px; --smush-placeholder-aspect-ratio: 1024\/945;\" data-original-sizes=\"(max-width: 1024px) 100vw, 1024px\" \/><figcaption class=\"wp-element-caption\">Equipment en masse: SmartPhone, sat nav and (hidden) WingMan<\/figcaption><\/figure>\n\n\n\n<h2 class=\"wp-block-heading has-drop-cap\">Consumption<br>&nbsp;&amp; costs<\/h2>\n\n\n\n<p class=\"wp-block-paragraph\">The Zero consumed 13.6 kWh (\u20ac 8.2), the Harley 10.6 liters of gasoline (\u20ac 19.0). To make the consumption figures comparable, we convert the energy content of 1 liter of gasoline into kWh. In the household, electricity, gas, hot water and heating are also measured in kWh.<\/p>\n\n\n\n<p class=\"wp-block-paragraph\">The gasoline equivalent is 8.8 kWh\/liter. So the Zero&#8217;s consumption is equivalent to the energy value of \u2248 1.5 liters of gasoline, while the Harley&#8217;s consumption is 93.6 kWh. Surprise: that&#8217;s \u2248 588% more.<\/p>\n\n\n\n<figure class=\"wp-block-table is-style-stripes my-image-border\"><table><thead><tr><th><\/th><th class=\"has-text-align-center\" data-align=\"center\">Capacity<\/th><th class=\"has-text-align-center\" data-align=\"center\">Consumption<\/th><th class=\"has-text-align-center\" data-align=\"center\">Consumption in kWh<\/th><th class=\"has-text-align-center\" data-align=\"center\">Wh\/km<\/th><\/tr><\/thead><tbody><tr><td><strong>Zero<\/strong><\/td><td class=\"has-text-align-center\" data-align=\"center\">15.6 kWh<\/td><td class=\"has-text-align-center\" data-align=\"center\">96 % (of 110 %)<\/td><td class=\"has-text-align-center\" data-align=\"center\">13.6<\/td><td class=\"has-text-align-center\" data-align=\"center\">71.5<\/td><\/tr><tr><td><strong>Harley-Davidson<\/strong> <\/td><td class=\"has-text-align-center\" data-align=\"center\">22.7 l<\/td><td class=\"has-text-align-center\" data-align=\"center\">10.6 l<\/td><td class=\"has-text-align-center\" data-align=\"center\">93.6*<\/td><td class=\"has-text-align-center\" data-align=\"center\">491.9<\/td><\/tr><\/tbody><\/table><figcaption class=\"wp-element-caption\"><em>* Gasoline equivalent: 8.8 kWh, all values rounded<\/em><\/figcaption><\/figure>\n\n\n\n<p class=\"wp-block-paragraph\">In other words: Although 5.6 liters\/100 km is not much for a Harley weighing about 500 kg with rider, the American V2 giant consumes more than six times (!) as much energy as the DSR\/X on the same distance.<\/p>\n\n\n\n<h3 class=\"wp-block-heading\">Still have questions about electric motor efficiency?<\/h3>\n\n\n\n<div style=\"height:50px\" aria-hidden=\"true\" class=\"wp-block-spacer\"><\/div>\n\n\n\n<p class=\"wp-block-paragraph\">The Zero was charged with relatively expensive electricity from my provider <a href=\"https:\/\/www.vion.bz.it\" target=\"_blank\" rel=\"noreferrer noopener\">VION<\/a> (\u20ac&nbsp;0.60\/kWh). The powerful sounding fun on the Harley-Davidson still cost more than twice as much. If we had charged the DSR\/X in my garage using the Schuko plug&nbsp;\u2013 i.e. with my cheap household tariff&nbsp;\u2013 the Harley ride would have been six times more expensive.<\/p>\n\n\n\n<h2 class=\"wp-block-heading has-drop-cap\">We start<br>&nbsp;to do the math<\/h2>\n\n\n\n<figure id=\"tabelle-2\" class=\"wp-block-table is-style-stripes my-image-border\"><table><thead><tr><th><\/th><th class=\"has-text-align-center\" data-align=\"center\">Consumption<\/th><th class=\"has-text-align-center\" data-align=\"center\">Price per unit<\/th><th class=\"has-text-align-center\" data-align=\"center\">Total costs<\/th><\/tr><\/thead><tbody><tr><td>Zero DSR\/X (VION-Charging station)<\/td><td class=\"has-text-align-center\" data-align=\"center\">13.6 kWh<\/td><td class=\"has-text-align-center\" data-align=\"center\">\u20ac 0.6\/kWh<\/td><td class=\"has-text-align-center\" data-align=\"center\">\u20ac 8.2<\/td><\/tr><tr><td>Zero DSR\/X (VION-Household electricity)<\/td><td class=\"has-text-align-center\" data-align=\"center\">13.6 kWh<\/td><td class=\"has-text-align-center\" data-align=\"center\">\u20ac 0.2\/kWh<\/td><td class=\"has-text-align-center\" data-align=\"center\">\u20ac 3.3<\/td><\/tr><tr><td>Harley-Davidson Road King<\/td><td class=\"has-text-align-center\" data-align=\"center\">10.6 l<\/td><td class=\"has-text-align-center\" data-align=\"center\">\u20ac 1.8\/l<\/td><td class=\"has-text-align-center\" data-align=\"center\">\u20ac 19.0<\/td><\/tr><\/tbody><\/table><figcaption class=\"wp-element-caption\"><br><em>All values rounded<\/em><\/figcaption><\/figure>\n\n\n\n<figure class=\"wp-block-image size-full my-image-border\"><img decoding=\"async\" width=\"1024\" height=\"945\" data-src=\"https:\/\/b2642856.assetcdn.net\/2.0\/2642856\/wp-content\/uploads\/2025\/04\/MotorProsa-Blog-Post-Zero-Verbrauchsfahrt-Berechnung-1.jpg?lossy=1&strip=1&webp=1\" alt=\"How did that percentage thing work again?\" class=\"wp-image-333207 lazyload\" title=\"\" data-srcset=\"https:\/\/b2642856.assetcdn.net\/2.0\/2642856\/wp-content\/uploads\/2025\/04\/MotorProsa-Blog-Post-Zero-Verbrauchsfahrt-Berechnung-1.jpg?lossy=1&strip=1&webp=1 1024w, https:\/\/b2642856.assetcdn.net\/2.0\/2642856\/wp-content\/uploads\/2025\/04\/MotorProsa-Blog-Post-Zero-Verbrauchsfahrt-Berechnung-1-300x277.jpg?lossy=1&strip=1&webp=1 300w, https:\/\/b2642856.assetcdn.net\/2.0\/2642856\/wp-content\/uploads\/2025\/04\/MotorProsa-Blog-Post-Zero-Verbrauchsfahrt-Berechnung-1-768x709.jpg?lossy=1&strip=1&webp=1 768w, https:\/\/b2642856.assetcdn.net\/2.0\/2642856\/wp-content\/uploads\/2025\/04\/MotorProsa-Blog-Post-Zero-Verbrauchsfahrt-Berechnung-1.jpg?size=240x221&lossy=1&strip=1&webp=1 240w, https:\/\/b2642856.assetcdn.net\/2.0\/2642856\/wp-content\/uploads\/2025\/04\/MotorProsa-Blog-Post-Zero-Verbrauchsfahrt-Berechnung-1.jpg?size=480x443&lossy=1&strip=1&webp=1 480w, https:\/\/b2642856.assetcdn.net\/2.0\/2642856\/wp-content\/uploads\/2025\/04\/MotorProsa-Blog-Post-Zero-Verbrauchsfahrt-Berechnung-1.jpg?size=960x886&lossy=1&strip=1&webp=1 960w\" data-sizes=\"auto\" src=\"data:image\/svg+xml;base64,PHN2ZyB3aWR0aD0iMSIgaGVpZ2h0PSIxIiB4bWxucz0iaHR0cDovL3d3dy53My5vcmcvMjAwMC9zdmciPjwvc3ZnPg==\" style=\"--smush-placeholder-width: 1024px; --smush-placeholder-aspect-ratio: 1024\/945;\" data-original-sizes=\"(max-width: 1024px) 100vw, 1024px\" \/><figcaption class=\"wp-element-caption\">How did that percentage thing work again?<\/figcaption><\/figure>\n\n\n\n<p class=\"wp-block-paragraph\">Can we calculate the additional consumption of the DSR\/X on the climb? To do so, we calculate the \u201cbasic consumption\u201d on the flat of the X route and subtract it from the higher consumption of a similarly long but uphill route.<\/p>\n\n\n\n<p class=\"wp-block-paragraph\">This is more of an assumption than a reliable calculation. This is because you can ride uphill at the same speed as on the flat, but it does not take into account the energy-consuming acceleration out of hairpin turns or changes in grade.<\/p>\n\n\n\n<p class=\"wp-block-paragraph\">Anyway. The flattest part of our tour is between Laas and Schluderns. Over 11 km we measure a difference in altitude of 40 m and a SoC consumption of 4%. This corresponds to 624 Wh. We divide this value by the distance.<\/p>\n\n\n\n<p class=\"wp-block-paragraph\"><strong>Note<\/strong>: For simplicity, we calculate in watt-hours (Wh).<\/p>\n\n\n\n<div class=\"wp-block-columns are-vertically-aligned-center is-layout-flex wp-container-core-columns-is-layout-8f761849 wp-block-columns-is-layout-flex\">\n<div class=\"wp-block-column is-vertically-aligned-center is-layout-flow wp-block-column-is-layout-flow\" style=\"flex-basis:60%\">\n<p class=\"formel wp-block-paragraph\"><br><em>15,600 Wh x 4 % = 624 Wh<\/em><br><br><\/p>\n<\/div>\n\n\n\n<div class=\"wp-block-column is-vertically-aligned-center is-layout-flow wp-block-column-is-layout-flow\">\n<p class=\"wp-block-paragraph\"><em>We convert the consumption of 4 % SoC into Wh<\/em><\/p>\n<\/div>\n<\/div>\n\n\n\n<div class=\"wp-block-columns are-vertically-aligned-center is-layout-flex wp-container-core-columns-is-layout-8f761849 wp-block-columns-is-layout-flex\">\n<div class=\"wp-block-column is-vertically-aligned-center is-layout-flow wp-block-column-is-layout-flow\" style=\"flex-basis:60%\">\n<p class=\"formel wp-block-paragraph\"><br><em>624 Wh \/ 11 km = 56.7 Wh\/km<\/em><br><br><\/p>\n<\/div>\n\n\n\n<div class=\"wp-block-column is-vertically-aligned-center is-layout-flow wp-block-column-is-layout-flow\">\n<p class=\"wp-block-paragraph\"><em>We calculate the Wh consumption per kilometer<\/em><\/p>\n<\/div>\n<\/div>\n\n\n\n<p class=\"wp-block-paragraph\">This means that the DSR\/X consumes <strong>56.7 Wh<\/strong> per kilometer. Plausible&nbsp;\u2013 when we stopped in Schluderns, we read a value of 55 Wh\/km on the Zero display (see <a href=\"#tabelle-1\">table 1<\/a>). By the way: At this rate, the battery capacity of 15,600 Wh would last for about 275 km.<\/p>\n\n\n\n<div style=\"height:50px\" aria-hidden=\"true\" class=\"wp-block-spacer\"><\/div>\n\n\n\n<p class=\"has-text-align-center my-image-border has-base-background-color has-background wp-block-paragraph\"><br><strong>We learn: <\/strong><br><strong>On flat terrain, a basic consumption of \u2248 57 Wh\/km applies.<\/strong><br><br><\/p>\n\n\n\n<div style=\"height:50px\" aria-hidden=\"true\" class=\"wp-block-spacer\"><\/div>\n\n\n\n<p class=\"wp-block-paragraph\">A similarly long stretch, but with a 6% grade, is between Schluderns and Tanas (11.2 km). There, the Zero has consumed 11% SoC. We do the same exercise again:<\/p>\n\n\n\n<div class=\"wp-block-columns are-vertically-aligned-center is-layout-flex wp-container-core-columns-is-layout-8f761849 wp-block-columns-is-layout-flex\">\n<div class=\"wp-block-column is-vertically-aligned-center is-layout-flow wp-block-column-is-layout-flow\" style=\"flex-basis:60%\">\n<p class=\"formel wp-block-paragraph\"><br><em>15,600 Wh x 11 % = 1,716 Wh<\/em><br><br><\/p>\n<\/div>\n\n\n\n<div class=\"wp-block-column is-vertically-aligned-center is-layout-flow wp-block-column-is-layout-flow\">\n<p class=\"wp-block-paragraph\"><em>We convert the consumption of 11 % SoC into Wh<\/em><\/p>\n<\/div>\n<\/div>\n\n\n\n<div class=\"wp-block-columns are-vertically-aligned-center is-layout-flex wp-container-core-columns-is-layout-8f761849 wp-block-columns-is-layout-flex\">\n<div class=\"wp-block-column is-vertically-aligned-center is-layout-flow wp-block-column-is-layout-flow\" style=\"flex-basis:60%\">\n<p class=\"formel wp-block-paragraph\"><br><em>1,716 Wh \/ 11.2 km = 153.2 Wh\/km<\/em><br><br><\/p>\n<\/div>\n\n\n\n<div class=\"wp-block-column is-vertically-aligned-center is-layout-flow wp-block-column-is-layout-flow\">\n<p class=\"wp-block-paragraph\"><em>We calculate the Wh consumption per kilometer<\/em><\/p>\n<\/div>\n<\/div>\n\n\n\n<p class=\"wp-block-paragraph\">On the mountain, we calculate a consumption of <strong>153.2 Wh\/km<\/strong>. By the way: With this consumption, the battery capacity of 15,600 Wh would only last for about 102 km. Now we subtract the base consumption of 57 Wh\/km from the 153.2 Wh\/km. Result: \u2248 96 Wh\/km.<\/p>\n\n\n\n<figure class=\"wp-block-image size-full my-image-border\"><img decoding=\"async\" width=\"1024\" height=\"675\" data-src=\"https:\/\/b2642856.assetcdn.net\/2.0\/2642856\/wp-content\/uploads\/2025\/04\/MotorProsa-Blog-Post-Zero-Verbrauchsfahrt-Schluderns-Tanas.jpg?lossy=1&strip=1&webp=1\" alt=\"Facts about electric motorcycles: Diagram of the route from Schluderns to Tanas\" class=\"wp-image-333172 lazyload\" title=\"\" data-srcset=\"https:\/\/b2642856.assetcdn.net\/2.0\/2642856\/wp-content\/uploads\/2025\/04\/MotorProsa-Blog-Post-Zero-Verbrauchsfahrt-Schluderns-Tanas.jpg?lossy=1&strip=1&webp=1 1024w, https:\/\/b2642856.assetcdn.net\/2.0\/2642856\/wp-content\/uploads\/2025\/04\/MotorProsa-Blog-Post-Zero-Verbrauchsfahrt-Schluderns-Tanas-300x198.jpg?lossy=1&strip=1&webp=1 300w, https:\/\/b2642856.assetcdn.net\/2.0\/2642856\/wp-content\/uploads\/2025\/04\/MotorProsa-Blog-Post-Zero-Verbrauchsfahrt-Schluderns-Tanas-768x506.jpg?lossy=1&strip=1&webp=1 768w, https:\/\/b2642856.assetcdn.net\/2.0\/2642856\/wp-content\/uploads\/2025\/04\/MotorProsa-Blog-Post-Zero-Verbrauchsfahrt-Schluderns-Tanas.jpg?size=240x158&lossy=1&strip=1&webp=1 240w, https:\/\/b2642856.assetcdn.net\/2.0\/2642856\/wp-content\/uploads\/2025\/04\/MotorProsa-Blog-Post-Zero-Verbrauchsfahrt-Schluderns-Tanas.jpg?size=480x316&lossy=1&strip=1&webp=1 480w, https:\/\/b2642856.assetcdn.net\/2.0\/2642856\/wp-content\/uploads\/2025\/04\/MotorProsa-Blog-Post-Zero-Verbrauchsfahrt-Schluderns-Tanas.jpg?size=960x633&lossy=1&strip=1&webp=1 960w\" data-sizes=\"auto\" src=\"data:image\/svg+xml;base64,PHN2ZyB3aWR0aD0iMSIgaGVpZ2h0PSIxIiB4bWxucz0iaHR0cDovL3d3dy53My5vcmcvMjAwMC9zdmciPjwvc3ZnPg==\" style=\"--smush-placeholder-width: 1024px; --smush-placeholder-aspect-ratio: 1024\/675;\" data-original-sizes=\"(max-width: 1024px) 100vw, 1024px\" \/><figcaption class=\"wp-element-caption\">Steep uphill: 11 kilometers from Schluderns to Tanas<\/figcaption><\/figure>\n\n\n\n<p class=\"wp-block-paragraph\">For the DSR\/X, this results in a mountain surcharge of \u2248 96 Wh\/km. For validation, we consider the route from Zernez to the Ofen Pass (23 km), calculate the theoretical SoC consumption and compare it with our notes.<\/p>\n\n\n\n<div class=\"wp-block-columns are-vertically-aligned-center is-layout-flex wp-container-core-columns-is-layout-8f761849 wp-block-columns-is-layout-flex\">\n<div class=\"wp-block-column is-vertically-aligned-center is-layout-flow wp-block-column-is-layout-flow\" style=\"flex-basis:60%\">\n<p class=\"formel wp-block-paragraph\"><br><em>153 Wh\/km x 23 km = 3,496 Wh<\/em><br><br><\/p>\n<\/div>\n\n\n\n<div class=\"wp-block-column is-vertically-aligned-center is-layout-flow wp-block-column-is-layout-flow\">\n<p class=\"wp-block-paragraph\"><em>We calculate the Wh consumption over 23 km (on the incline)<\/em><\/p>\n<\/div>\n<\/div>\n\n\n\n<div class=\"wp-block-columns are-vertically-aligned-center is-layout-flex wp-container-core-columns-is-layout-8f761849 wp-block-columns-is-layout-flex\">\n<div class=\"wp-block-column is-vertically-aligned-center is-layout-flow wp-block-column-is-layout-flow\" style=\"flex-basis:60%\">\n<p class=\"formel wp-block-paragraph\"><br><em>(3,496 Wh \/ 15,600 Wh) x 100 = 22,4 %<\/em><br><br><\/p>\n<\/div>\n\n\n\n<div class=\"wp-block-column is-vertically-aligned-center is-layout-flow wp-block-column-is-layout-flow\">\n<p class=\"wp-block-paragraph\"><em>We calculate the percentage share of the total capacity<\/em><\/p>\n<\/div>\n<\/div>\n\n\n\n<p class=\"wp-block-paragraph\">Theoretically, this route draws \u2248 3,500 Wh, or 22.4% of the total capacity of 15,600 Wh from the battery. We effectively used 20% SoC on our trip (see <a href=\"#tabelle-1\">table 1<\/a>). Reason: The gradient from Zernez to the Ofenpass is on average 2% lower than from Schluderns to Tanas, so the calculation of the mountain surcharge is plausible.<\/p>\n\n\n\n<div style=\"height:50px\" aria-hidden=\"true\" class=\"wp-block-spacer\"><\/div>\n\n\n\n<p class=\"has-text-align-center my-image-border has-base-background-color has-background wp-block-paragraph\"><br><strong>We learn: <\/strong><br><strong>A surcharge of \u2248 96 Wh\/km applies on the mountain.<\/strong><br><br><\/p>\n\n\n\n<div style=\"height:50px\" aria-hidden=\"true\" class=\"wp-block-spacer\"><\/div>\n\n\n\n<div class=\"wp-block-columns is-layout-flex wp-container-core-columns-is-layout-8f761849 wp-block-columns-is-layout-flex\">\n<div class=\"wp-block-column is-layout-flow wp-block-column-is-layout-flow\">\n<figure data-wp-context=\"{&quot;imageId&quot;:&quot;6a9a7d76d03b7&quot;}\" data-wp-interactive=\"core\/image\" data-wp-key=\"6a9a7d76d03b7\" class=\"wp-block-image size-full my-image-border wp-lightbox-container\"><img decoding=\"async\" width=\"1024\" height=\"675\" data-wp-class--hide=\"state.isContentHidden\" data-wp-class--show=\"state.isContentVisible\" data-wp-init=\"callbacks.setButtonStyles\" data-wp-on--click=\"actions.showLightbox\" data-wp-on--load=\"callbacks.setButtonStyles\" data-wp-on--pointerdown=\"actions.preloadImage\" data-wp-on--pointerenter=\"actions.preloadImageWithDelay\" data-wp-on--pointerleave=\"actions.cancelPreload\" data-wp-on-window--resize=\"callbacks.setButtonStyles\" data-src=\"https:\/\/b2642856.assetcdn.net\/2.0\/2642856\/wp-content\/uploads\/2025\/04\/MotorProsa-Blog-Post-Zero-Verbrauchsfahrt-Hoehenprofil.jpg?lossy=1&strip=1&webp=1\" alt=\"Facts about electric motorcycles: The altitude profile. The cursor is on the Ofenpass\" class=\"wp-image-333168 lazyload\" title=\"\" data-srcset=\"https:\/\/b2642856.assetcdn.net\/2.0\/2642856\/wp-content\/uploads\/2025\/04\/MotorProsa-Blog-Post-Zero-Verbrauchsfahrt-Hoehenprofil.jpg?lossy=1&strip=1&webp=1 1024w, https:\/\/b2642856.assetcdn.net\/2.0\/2642856\/wp-content\/uploads\/2025\/04\/MotorProsa-Blog-Post-Zero-Verbrauchsfahrt-Hoehenprofil-300x198.jpg?lossy=1&strip=1&webp=1 300w, https:\/\/b2642856.assetcdn.net\/2.0\/2642856\/wp-content\/uploads\/2025\/04\/MotorProsa-Blog-Post-Zero-Verbrauchsfahrt-Hoehenprofil-768x506.jpg?lossy=1&strip=1&webp=1 768w, https:\/\/b2642856.assetcdn.net\/2.0\/2642856\/wp-content\/uploads\/2025\/04\/MotorProsa-Blog-Post-Zero-Verbrauchsfahrt-Hoehenprofil.jpg?size=240x158&lossy=1&strip=1&webp=1 240w, https:\/\/b2642856.assetcdn.net\/2.0\/2642856\/wp-content\/uploads\/2025\/04\/MotorProsa-Blog-Post-Zero-Verbrauchsfahrt-Hoehenprofil.jpg?size=480x316&lossy=1&strip=1&webp=1 480w, https:\/\/b2642856.assetcdn.net\/2.0\/2642856\/wp-content\/uploads\/2025\/04\/MotorProsa-Blog-Post-Zero-Verbrauchsfahrt-Hoehenprofil.jpg?size=960x633&lossy=1&strip=1&webp=1 960w\" data-sizes=\"auto\" src=\"data:image\/svg+xml;base64,PHN2ZyB3aWR0aD0iMSIgaGVpZ2h0PSIxIiB4bWxucz0iaHR0cDovL3d3dy53My5vcmcvMjAwMC9zdmciPjwvc3ZnPg==\" style=\"--smush-placeholder-width: 1024px; --smush-placeholder-aspect-ratio: 1024\/675;\" data-original-sizes=\"(max-width: 1024px) 100vw, 1024px\" \/><button\n\t\t\tclass=\"lightbox-trigger\"\n\t\t\ttype=\"button\"\n\t\t\taria-haspopup=\"dialog\"\n\t\t\tdata-wp-bind--aria-label=\"state.thisImage.triggerButtonAriaLabel\"\n\t\t\tdata-wp-init=\"callbacks.initTriggerButton\"\n\t\t\tdata-wp-on--click=\"actions.showLightbox\"\n\t\t\tdata-wp-style--right=\"state.thisImage.buttonRight\"\n\t\t\tdata-wp-style--top=\"state.thisImage.buttonTop\"\n\t\t>\n\t\t\t<svg xmlns=\"http:\/\/www.w3.org\/2000\/svg\" width=\"12\" height=\"12\" fill=\"none\" viewBox=\"0 0 12 12\">\n\t\t\t\t<path fill=\"#fff\" d=\"M2 0a2 2 0 0 0-2 2v2h1.5V2a.5.5 0 0 1 .5-.5h2V0H2Zm2 10.5H2a.5.5 0 0 1-.5-.5V8H0v2a2 2 0 0 0 2 2h2v-1.5ZM8 12v-1.5h2a.5.5 0 0 0 .5-.5V8H12v2a2 2 0 0 1-2 2H8Zm2-12a2 2 0 0 1 2 2v2h-1.5V2a.5.5 0 0 0-.5-.5H8V0h2Z\" \/>\n\t\t\t<\/svg>\n\t\t<\/button><figcaption class=\"wp-element-caption\">Elevation profile of the route<\/figcaption><\/figure>\n<\/div>\n\n\n\n<div class=\"wp-block-column is-layout-flow wp-block-column-is-layout-flow\">\n<figure data-wp-context=\"{&quot;imageId&quot;:&quot;6a9a7d76d0ada&quot;}\" data-wp-interactive=\"core\/image\" data-wp-key=\"6a9a7d76d0ada\" class=\"wp-block-image size-full my-image-border wp-lightbox-container\"><img decoding=\"async\" width=\"1024\" height=\"675\" data-wp-class--hide=\"state.isContentHidden\" data-wp-class--show=\"state.isContentVisible\" data-wp-init=\"callbacks.setButtonStyles\" data-wp-on--click=\"actions.showLightbox\" data-wp-on--load=\"callbacks.setButtonStyles\" data-wp-on--pointerdown=\"actions.preloadImage\" data-wp-on--pointerenter=\"actions.preloadImageWithDelay\" data-wp-on--pointerleave=\"actions.cancelPreload\" data-wp-on-window--resize=\"callbacks.setButtonStyles\" data-src=\"https:\/\/b2642856.assetcdn.net\/2.0\/2642856\/wp-content\/uploads\/2025\/04\/MotorProsa-Blog-Post-Zero-Verbrauchsfahrt-Speed.jpg?lossy=1&strip=1&webp=1\" alt=\"Facts about electric motorcycles: Speed profile of our ride\" class=\"wp-image-333170 lazyload\" title=\"\" data-srcset=\"https:\/\/b2642856.assetcdn.net\/2.0\/2642856\/wp-content\/uploads\/2025\/04\/MotorProsa-Blog-Post-Zero-Verbrauchsfahrt-Speed.jpg?lossy=1&strip=1&webp=1 1024w, https:\/\/b2642856.assetcdn.net\/2.0\/2642856\/wp-content\/uploads\/2025\/04\/MotorProsa-Blog-Post-Zero-Verbrauchsfahrt-Speed-300x198.jpg?lossy=1&strip=1&webp=1 300w, https:\/\/b2642856.assetcdn.net\/2.0\/2642856\/wp-content\/uploads\/2025\/04\/MotorProsa-Blog-Post-Zero-Verbrauchsfahrt-Speed-768x506.jpg?lossy=1&strip=1&webp=1 768w, https:\/\/b2642856.assetcdn.net\/2.0\/2642856\/wp-content\/uploads\/2025\/04\/MotorProsa-Blog-Post-Zero-Verbrauchsfahrt-Speed.jpg?size=240x158&lossy=1&strip=1&webp=1 240w, https:\/\/b2642856.assetcdn.net\/2.0\/2642856\/wp-content\/uploads\/2025\/04\/MotorProsa-Blog-Post-Zero-Verbrauchsfahrt-Speed.jpg?size=480x316&lossy=1&strip=1&webp=1 480w, https:\/\/b2642856.assetcdn.net\/2.0\/2642856\/wp-content\/uploads\/2025\/04\/MotorProsa-Blog-Post-Zero-Verbrauchsfahrt-Speed.jpg?size=960x633&lossy=1&strip=1&webp=1 960w\" data-sizes=\"auto\" src=\"data:image\/svg+xml;base64,PHN2ZyB3aWR0aD0iMSIgaGVpZ2h0PSIxIiB4bWxucz0iaHR0cDovL3d3dy53My5vcmcvMjAwMC9zdmciPjwvc3ZnPg==\" style=\"--smush-placeholder-width: 1024px; --smush-placeholder-aspect-ratio: 1024\/675;\" data-original-sizes=\"(max-width: 1024px) 100vw, 1024px\" \/><button\n\t\t\tclass=\"lightbox-trigger\"\n\t\t\ttype=\"button\"\n\t\t\taria-haspopup=\"dialog\"\n\t\t\tdata-wp-bind--aria-label=\"state.thisImage.triggerButtonAriaLabel\"\n\t\t\tdata-wp-init=\"callbacks.initTriggerButton\"\n\t\t\tdata-wp-on--click=\"actions.showLightbox\"\n\t\t\tdata-wp-style--right=\"state.thisImage.buttonRight\"\n\t\t\tdata-wp-style--top=\"state.thisImage.buttonTop\"\n\t\t>\n\t\t\t<svg xmlns=\"http:\/\/www.w3.org\/2000\/svg\" width=\"12\" height=\"12\" fill=\"none\" viewBox=\"0 0 12 12\">\n\t\t\t\t<path fill=\"#fff\" d=\"M2 0a2 2 0 0 0-2 2v2h1.5V2a.5.5 0 0 1 .5-.5h2V0H2Zm2 10.5H2a.5.5 0 0 1-.5-.5V8H0v2a2 2 0 0 0 2 2h2v-1.5ZM8 12v-1.5h2a.5.5 0 0 0 .5-.5V8H12v2a2 2 0 0 1-2 2H8Zm2-12a2 2 0 0 1 2 2v2h-1.5V2a.5.5 0 0 0-.5-.5H8V0h2Z\" \/>\n\t\t\t<\/svg>\n\t\t<\/button><figcaption class=\"wp-element-caption\">Speed profile of our ride<\/figcaption><\/figure>\n<\/div>\n<\/div>\n\n\n\n<h2 class=\"wp-block-heading has-drop-cap\">Assumptions<br> &amp; thoughts<\/h2>\n\n\n\n<p class=\"wp-block-paragraph\">Let&#8217;s assume that the Harley ride should only have cost the same as the Zero&nbsp;\u2013 i.e. \u20ac&nbsp;8 (see <a href=\"#tabelle-2\">consumption table<\/a>). For that, you get \u2248 4.5 liters of gas, and the Harley can travel 85 kilometers with that. This means that after starting in Laas, the Road King would stop in Sent at the latest. A nice place with a charging point, but unfortunately without a gas station.<\/p>\n\n\n\n<figure class=\"wp-block-image size-full my-image-border\"><img decoding=\"async\" width=\"1024\" height=\"945\" data-src=\"https:\/\/b2642856.assetcdn.net\/2.0\/2642856\/wp-content\/uploads\/2025\/04\/MotorProsa-Blog-Post-Zero-Verbrauchsfahrt-1-12.jpg?lossy=1&strip=1&webp=1\" alt=\"Facts about electric motorcycles: Break in Sent, after 85 kilometers\" class=\"wp-image-333027 lazyload\" title=\"\" data-srcset=\"https:\/\/b2642856.assetcdn.net\/2.0\/2642856\/wp-content\/uploads\/2025\/04\/MotorProsa-Blog-Post-Zero-Verbrauchsfahrt-1-12.jpg?lossy=1&strip=1&webp=1 1024w, https:\/\/b2642856.assetcdn.net\/2.0\/2642856\/wp-content\/uploads\/2025\/04\/MotorProsa-Blog-Post-Zero-Verbrauchsfahrt-1-12-300x277.jpg?lossy=1&strip=1&webp=1 300w, https:\/\/b2642856.assetcdn.net\/2.0\/2642856\/wp-content\/uploads\/2025\/04\/MotorProsa-Blog-Post-Zero-Verbrauchsfahrt-1-12-768x709.jpg?lossy=1&strip=1&webp=1 768w, https:\/\/b2642856.assetcdn.net\/2.0\/2642856\/wp-content\/uploads\/2025\/04\/MotorProsa-Blog-Post-Zero-Verbrauchsfahrt-1-12.jpg?size=240x221&lossy=1&strip=1&webp=1 240w, https:\/\/b2642856.assetcdn.net\/2.0\/2642856\/wp-content\/uploads\/2025\/04\/MotorProsa-Blog-Post-Zero-Verbrauchsfahrt-1-12.jpg?size=480x443&lossy=1&strip=1&webp=1 480w, https:\/\/b2642856.assetcdn.net\/2.0\/2642856\/wp-content\/uploads\/2025\/04\/MotorProsa-Blog-Post-Zero-Verbrauchsfahrt-1-12.jpg?size=960x886&lossy=1&strip=1&webp=1 960w\" data-sizes=\"auto\" src=\"data:image\/svg+xml;base64,PHN2ZyB3aWR0aD0iMSIgaGVpZ2h0PSIxIiB4bWxucz0iaHR0cDovL3d3dy53My5vcmcvMjAwMC9zdmciPjwvc3ZnPg==\" style=\"--smush-placeholder-width: 1024px; --smush-placeholder-aspect-ratio: 1024\/945;\" data-original-sizes=\"(max-width: 1024px) 100vw, 1024px\" \/><figcaption class=\"wp-element-caption\">Break in Sent, after 85 kilometers<\/figcaption><\/figure>\n\n\n\n<p class=\"wp-block-paragraph\">Let&#8217;s assume the DSR\/X has to travel the same distance as the fully fueled Harley. 23 liters of gas will get the heavyweight 400 kilometers. To cover that distance, the Zero would have to be plugged in for about two hours.<\/p>\n\n\n\n<p class=\"wp-block-paragraph\">Investing in an <a href=\"https:\/\/zeromotorcycles.com\/de-de\/accessories\/products\/6kw-rapid-charger-adventure\" target=\"_blank\" rel=\"noopener\">optional fast charger<\/a>, which currently costs \u20ac3,000, would cut the waiting time in half. For \u20ac3,000 you could also burn \u2248 1,670 liters of gasoline. I wonder how far the Harley would get with that?<\/p>\n\n\n\n<div class=\"wp-block-columns are-vertically-aligned-center is-layout-flex wp-container-core-columns-is-layout-8f761849 wp-block-columns-is-layout-flex\">\n<div class=\"wp-block-column is-vertically-aligned-center is-layout-flow wp-block-column-is-layout-flow\" style=\"flex-basis:60%\">\n<p class=\"formel wp-block-paragraph\"><br><em>3,000 \u20ac \/ 1.8 \u20ac\/l = 1,666.7 l<\/em><br><br><\/p>\n<\/div>\n\n\n\n<div class=\"wp-block-column is-vertically-aligned-center is-layout-flow wp-block-column-is-layout-flow\">\n<p class=\"wp-block-paragraph\"><em>How much gas can you get for \u20ac3,000 (price: \u20ac1.8 per liter)?<\/em><\/p>\n<\/div>\n<\/div>\n\n\n\n<div class=\"wp-block-columns are-vertically-aligned-center is-layout-flex wp-container-core-columns-is-layout-8f761849 wp-block-columns-is-layout-flex\">\n<div class=\"wp-block-column is-vertically-aligned-center is-layout-flow wp-block-column-is-layout-flow\" style=\"flex-basis:60%\">\n<p class=\"formel wp-block-paragraph\"><br><em>1,667 l \/ (5.6 l\/km \/ 100) = <strong>29,762.5 km<\/strong><br><\/em><br><\/p>\n<\/div>\n\n\n\n<div class=\"wp-block-column is-vertically-aligned-center is-layout-flow wp-block-column-is-layout-flow\">\n<p class=\"wp-block-paragraph\"><em>We divide by the consumption (5.6 l\/100 km)<\/em><\/p>\n<\/div>\n<\/div>\n\n\n\n<p class=\"wp-block-paragraph\">30,000 kilometers. Ralf&#8217;s DSR\/X would have to be recharged 150 times to cover this distance with a continuous range of 200 kilometers. Time is money and vice versa; a fast charger would save 150 hours. That&#8217;s six days.<\/p>\n\n\n\n<p class=\"wp-block-paragraph\">Speaking of absurd math: 1,670 liters of gasoline equals \u2248 14,500 kWh. The DSR\/X won&#8217;t charge any faster, but it will go over 200,000 kilometers.<\/p>\n\n\n\n<p class=\"wp-block-paragraph\">When do we leave?<\/p>\n\n\n\n<div style=\"height:50px\" aria-hidden=\"true\" class=\"wp-block-spacer\"><\/div>\n\n\n\n<h2 class=\"wp-block-heading has-drop-cap\">Recuperation \u2013<br>&nbsp;the electric magic<\/h2>\n\n\n\n<p class=\"wp-block-paragraph\">A fascinating part of the electric magic is the energy recuperation when going downhill or decelerating, even if electric bikes are too light for really heavy recuperation, there is a nice effect in the mountains&nbsp;\u2013 see <a href=\"#tabelle-1\">table 1<\/a>: From Norbertsh\u00f6he to Martina, the SoC increases by 1%, as well as from Tanas to Laas. 1% sounds like little, but it comes on top of the quasi given distance.<\/p>\n\n\n\n<figure class=\"wp-block-image size-full my-image-border\"><img decoding=\"async\" width=\"1024\" height=\"736\" data-src=\"https:\/\/b2642856.assetcdn.net\/2.0\/2642856\/wp-content\/uploads\/2025\/04\/MotorProsa-Blog-Post-Zero-Verbrauchsfahrt-10.jpg?lossy=1&strip=1&webp=1\" alt=\"Facts about electric motorcycles: Electrons are about to be collected again\" class=\"wp-image-333041 lazyload\" title=\"\" data-srcset=\"https:\/\/b2642856.assetcdn.net\/2.0\/2642856\/wp-content\/uploads\/2025\/04\/MotorProsa-Blog-Post-Zero-Verbrauchsfahrt-10.jpg?lossy=1&strip=1&webp=1 1024w, https:\/\/b2642856.assetcdn.net\/2.0\/2642856\/wp-content\/uploads\/2025\/04\/MotorProsa-Blog-Post-Zero-Verbrauchsfahrt-10-300x216.jpg?lossy=1&strip=1&webp=1 300w, https:\/\/b2642856.assetcdn.net\/2.0\/2642856\/wp-content\/uploads\/2025\/04\/MotorProsa-Blog-Post-Zero-Verbrauchsfahrt-10-768x552.jpg?lossy=1&strip=1&webp=1 768w, https:\/\/b2642856.assetcdn.net\/2.0\/2642856\/wp-content\/uploads\/2025\/04\/MotorProsa-Blog-Post-Zero-Verbrauchsfahrt-10.jpg?size=240x173&lossy=1&strip=1&webp=1 240w, https:\/\/b2642856.assetcdn.net\/2.0\/2642856\/wp-content\/uploads\/2025\/04\/MotorProsa-Blog-Post-Zero-Verbrauchsfahrt-10.jpg?size=480x345&lossy=1&strip=1&webp=1 480w, https:\/\/b2642856.assetcdn.net\/2.0\/2642856\/wp-content\/uploads\/2025\/04\/MotorProsa-Blog-Post-Zero-Verbrauchsfahrt-10.jpg?size=960x690&lossy=1&strip=1&webp=1 960w\" data-sizes=\"auto\" src=\"data:image\/svg+xml;base64,PHN2ZyB3aWR0aD0iMSIgaGVpZ2h0PSIxIiB4bWxucz0iaHR0cDovL3d3dy53My5vcmcvMjAwMC9zdmciPjwvc3ZnPg==\" style=\"--smush-placeholder-width: 1024px; --smush-placeholder-aspect-ratio: 1024\/736;\" data-original-sizes=\"(max-width: 1024px) 100vw, 1024px\" \/><figcaption class=\"wp-element-caption\">Electrons are about to be collected again<\/figcaption><\/figure>\n\n\n\n<p class=\"wp-block-paragraph\">The 43 kilometers from Ofenpass to Schluderns consume only 10% SoC, despite the drive to L\u00fc (+300 m altitude difference). Calculated with the basic consumption of 57 Wh\/km, the distance would mean a consumption of 2.5 kWh or \u2248 16% SoC.<\/p>\n\n\n\n<p class=\"wp-block-paragraph\">Another example: Around the highest Alpine pass, the Col de l&#8217;Iseran in France, my <a href=\"https:\/\/www.motorprosa.com\/en\/zero-sr-f-the-electric-way-of-drive\/\" data-type=\"post\" data-id=\"8078\">Zero SR\/F 14.4<\/a> reached 240 km with its smaller battery (usable capacity: 12.6 kWh) with a remaining SoC of 10%. Recuperation on the long ramps of the Iseran and the Grand St. Bernard made an impressive contribution to the range.<\/p>\n\n\n\n<p class=\"wp-block-paragraph\">So the kinetic energy goes back into the battery in a usable form and not into smoking brake pads like on the Harley.<\/p>\n\n\n\n<div style=\"height:50px\" aria-hidden=\"true\" class=\"wp-block-spacer\"><\/div>\n\n\n\n<h2 class=\"wp-block-heading has-drop-cap\">Conclusion<br>&nbsp;of the tour<\/h2>\n\n\n\n<p class=\"wp-block-paragraph\">The tour went completely smoothly and as expected. We have learned: A Zero DSR\/X can get \u2248 230 km per battery charge in the mountains without any effort&nbsp;\u2013 even in cool temperatures (the average during our ride was 10.2 \u00b0C) and with coarse studded tires. Even many (photo) stops with energy-sapping starts from a standstill do not significantly reduce the range.<\/p>\n\n\n\n<figure class=\"wp-block-image size-full my-image-border\"><img decoding=\"async\" width=\"1024\" height=\"945\" data-src=\"https:\/\/b2642856.assetcdn.net\/2.0\/2642856\/wp-content\/uploads\/2025\/04\/MotorProsa-Blog-Post-Zero-Verbrauchsfahrt-3.jpg?lossy=1&strip=1&webp=1\" alt=\"Fakten \u00fcber Elektromotorr\u00e4der: Loading? Possible anywhere, even in the abandoned L\u00fc. But not necessary.\" class=\"wp-image-333047 lazyload\" title=\"\" data-srcset=\"https:\/\/b2642856.assetcdn.net\/2.0\/2642856\/wp-content\/uploads\/2025\/04\/MotorProsa-Blog-Post-Zero-Verbrauchsfahrt-3.jpg?lossy=1&strip=1&webp=1 1024w, https:\/\/b2642856.assetcdn.net\/2.0\/2642856\/wp-content\/uploads\/2025\/04\/MotorProsa-Blog-Post-Zero-Verbrauchsfahrt-3-300x277.jpg?lossy=1&strip=1&webp=1 300w, https:\/\/b2642856.assetcdn.net\/2.0\/2642856\/wp-content\/uploads\/2025\/04\/MotorProsa-Blog-Post-Zero-Verbrauchsfahrt-3-768x709.jpg?lossy=1&strip=1&webp=1 768w, https:\/\/b2642856.assetcdn.net\/2.0\/2642856\/wp-content\/uploads\/2025\/04\/MotorProsa-Blog-Post-Zero-Verbrauchsfahrt-3.jpg?size=240x221&lossy=1&strip=1&webp=1 240w, https:\/\/b2642856.assetcdn.net\/2.0\/2642856\/wp-content\/uploads\/2025\/04\/MotorProsa-Blog-Post-Zero-Verbrauchsfahrt-3.jpg?size=480x443&lossy=1&strip=1&webp=1 480w, https:\/\/b2642856.assetcdn.net\/2.0\/2642856\/wp-content\/uploads\/2025\/04\/MotorProsa-Blog-Post-Zero-Verbrauchsfahrt-3.jpg?size=960x886&lossy=1&strip=1&webp=1 960w\" data-sizes=\"auto\" src=\"data:image\/svg+xml;base64,PHN2ZyB3aWR0aD0iMSIgaGVpZ2h0PSIxIiB4bWxucz0iaHR0cDovL3d3dy53My5vcmcvMjAwMC9zdmciPjwvc3ZnPg==\" style=\"--smush-placeholder-width: 1024px; --smush-placeholder-aspect-ratio: 1024\/945;\" data-original-sizes=\"(max-width: 1024px) 100vw, 1024px\" \/><figcaption class=\"wp-element-caption\">Loading? Possible anywhere, even in the abandoned L\u00fc. But not necessary.<\/figcaption><\/figure>\n\n\n\n<p class=\"wp-block-paragraph\">When you convert the fuel consumption of an ICE motorcycle into kWh, the efficiency of the DSR\/X is shocking; especially when you realize that the Zero had to hold back a lot when accelerating to avoid crashing into the back of the hardworking Harley.<\/p>\n\n\n\n<h2 id=\"downloads\" class=\"wp-block-heading has-drop-cap\">And<br>&nbsp;the fun?<\/h2>\n\n\n\n<p class=\"wp-block-paragraph\">This ride was magnificent from 0 to 190 km: the clear air gave us wide views over the sun terraces of the Engadine. The clear Swiss roads&nbsp;\u2013 we met only half a dozen cars on the eastern ramp of the Fuorn&nbsp;\u2013 gave us a motorcycle flow par excellence. The first signs of spring&nbsp;\u2013 blossoming apple trees in Vinschgau, millions of crocuses on the Swiss pastures&nbsp;\u2013 made the winter temperatures at high altitude only half as painful. Squirrels crossed our path, birds of prey circled above us, and Swiss girls posed for photographs.<\/p>\n\n\n\n<p class=\"wp-block-paragraph\">Neither on the Harley nor on the DSR\/X, which is extremely dynamic in comparison, did we get <a href=\"https:\/\/www.motorprosa.com\/en\/my-emotions-when-riding-a-motorcycle\/\" data-type=\"post\" data-id=\"267138\">bored<\/a>. On some stretches, even the 80 km\/h allowed on Swiss country roads was a challenge.<\/p>\n\n\n\n<figure class=\"wp-block-image size-full my-image-border\"><img decoding=\"async\" width=\"1024\" height=\"945\" data-src=\"https:\/\/b2642856.assetcdn.net\/2.0\/2642856\/wp-content\/uploads\/2025\/04\/MotorProsa-Blog-Post-Zero-Verbrauchsfahrt-11.jpg?lossy=1&strip=1&webp=1\" alt=\"Facts about electric motorcycles: Allegra means \u201eI&#039;m happy\u201c\" class=\"wp-image-332994 lazyload\" title=\"\" data-srcset=\"https:\/\/b2642856.assetcdn.net\/2.0\/2642856\/wp-content\/uploads\/2025\/04\/MotorProsa-Blog-Post-Zero-Verbrauchsfahrt-11.jpg?lossy=1&strip=1&webp=1 1024w, https:\/\/b2642856.assetcdn.net\/2.0\/2642856\/wp-content\/uploads\/2025\/04\/MotorProsa-Blog-Post-Zero-Verbrauchsfahrt-11-300x277.jpg?lossy=1&strip=1&webp=1 300w, https:\/\/b2642856.assetcdn.net\/2.0\/2642856\/wp-content\/uploads\/2025\/04\/MotorProsa-Blog-Post-Zero-Verbrauchsfahrt-11-768x709.jpg?lossy=1&strip=1&webp=1 768w, https:\/\/b2642856.assetcdn.net\/2.0\/2642856\/wp-content\/uploads\/2025\/04\/MotorProsa-Blog-Post-Zero-Verbrauchsfahrt-11.jpg?size=240x221&lossy=1&strip=1&webp=1 240w, https:\/\/b2642856.assetcdn.net\/2.0\/2642856\/wp-content\/uploads\/2025\/04\/MotorProsa-Blog-Post-Zero-Verbrauchsfahrt-11.jpg?size=480x443&lossy=1&strip=1&webp=1 480w, https:\/\/b2642856.assetcdn.net\/2.0\/2642856\/wp-content\/uploads\/2025\/04\/MotorProsa-Blog-Post-Zero-Verbrauchsfahrt-11.jpg?size=960x886&lossy=1&strip=1&webp=1 960w\" data-sizes=\"auto\" src=\"data:image\/svg+xml;base64,PHN2ZyB3aWR0aD0iMSIgaGVpZ2h0PSIxIiB4bWxucz0iaHR0cDovL3d3dy53My5vcmcvMjAwMC9zdmciPjwvc3ZnPg==\" style=\"--smush-placeholder-width: 1024px; --smush-placeholder-aspect-ratio: 1024\/945;\" data-original-sizes=\"(max-width: 1024px) 100vw, 1024px\" \/><figcaption class=\"wp-element-caption\">Allegra means \u201eI&#8217;m happy\u201c<\/figcaption><\/figure>\n\n\n\n<p class=\"wp-block-paragraph\">We had fun, of course. Also because of the kilowatt hours saved and the sensationally low cost, the warming engine heat and the quiet whirring of the Zero belt that broke at the end of the day. We enjoyed being on the road in a beautiful landscape, interesting conversations and our friendship.<\/p>\n\n\n\n<figure class=\"wp-block-image size-large\"><img decoding=\"async\" width=\"1024\" height=\"60\" data-src=\"https:\/\/b2642856.assetcdn.net\/2.0\/2642856\/wp-content\/uploads\/2020\/02\/Trenner-1024x60-1.png?lossy=1&strip=1&webp=1\" alt=\"Das Symbol von MotorProsa: die F\u00fcllfeder.\" class=\"wp-image-441 lazyload\" title=\"MotorProsa: Motorrad-Geschichten, geschrieben mit Passion\" data-srcset=\"https:\/\/b2642856.assetcdn.net\/2.0\/2642856\/wp-content\/uploads\/2020\/02\/Trenner-1024x60-1.png?lossy=1&strip=1&webp=1 1024w, https:\/\/b2642856.assetcdn.net\/2.0\/2642856\/wp-content\/uploads\/2020\/02\/Trenner-1024x60-1-300x18.png?lossy=1&strip=1&webp=1 300w, https:\/\/b2642856.assetcdn.net\/2.0\/2642856\/wp-content\/uploads\/2020\/02\/Trenner-1024x60-1-768x45.png?lossy=1&strip=1&webp=1 768w, https:\/\/b2642856.assetcdn.net\/2.0\/2642856\/wp-content\/uploads\/2020\/02\/Trenner-1024x60-1.png?size=240x14&lossy=1&strip=1&webp=1 240w, https:\/\/b2642856.assetcdn.net\/2.0\/2642856\/wp-content\/uploads\/2020\/02\/Trenner-1024x60-1.png?size=480x28&lossy=1&strip=1&webp=1 480w, https:\/\/b2642856.assetcdn.net\/2.0\/2642856\/wp-content\/uploads\/2020\/02\/Trenner-1024x60-1.png?size=960x56&lossy=1&strip=1&webp=1 960w\" data-sizes=\"auto\" src=\"data:image\/svg+xml;base64,PHN2ZyB3aWR0aD0iMSIgaGVpZ2h0PSIxIiB4bWxucz0iaHR0cDovL3d3dy53My5vcmcvMjAwMC9zdmciPjwvc3ZnPg==\" style=\"--smush-placeholder-width: 1024px; --smush-placeholder-aspect-ratio: 1024\/60;\" data-original-sizes=\"(max-width: 1024px) 100vw, 1024px\" \/><\/figure>\n\n\n\n<div style=\"height:50px\" aria-hidden=\"true\" class=\"wp-block-spacer\"><\/div>\n\n\n\n<div style=\"height:50px\" aria-hidden=\"true\" class=\"wp-block-spacer\"><\/div>\n\n\n\n<h2 id=\"downloads\" class=\"wp-block-heading has-drop-cap\">Additional<br> links<\/h2>\n\n\n\n<ul class=\"wp-block-list\">\n<li><a href=\"https:\/\/www.instagram.com\/ralf_kretz\/\" target=\"_blank\" rel=\"noreferrer noopener\">Ralf Kretz on Instagram<\/a><\/li>\n\n\n\n<li><a href=\"https:\/\/kurv.gr\/PrR9U\" target=\"_blank\" rel=\"noreferrer noopener\">Our route on Kurviger<\/a><\/li>\n\n\n\n<li><a href=\"https:\/\/www.motorprosa.com\/en\/zero-dsr-x-17-3-the-californian-adventurer\/\" data-type=\"post\" data-id=\"21303\">World Press Launch of the Zero DSR\/X \u2013 My impressions of the Californian adventurer<\/a><\/li>\n\n\n\n<li><a href=\"https:\/\/www.motorprosa.com\/en\/with-open-eyes-through-the-lower-engadine\/\" data-type=\"post\" data-id=\"316720\">With open eyes through the Lower Engadine \u2013 A day trip<\/a><\/li>\n\n\n\n<li><a href=\"https:\/\/steckerbiker.de\" target=\"_blank\" rel=\"noreferrer noopener\">Steckerbiker&nbsp;\u2013 Probably the most exclusive motorcycle community at the moment<\/a><\/li>\n\n\n\n<li><a href=\"https:\/\/zeromotorcycles.com\" target=\"_blank\" rel=\"noreferrer noopener\">Zero Motorcycles&nbsp;\u2013 The efficiency monsters<\/a><\/li>\n\n\n\n<li><a href=\"https:\/\/www.ridelink.com\/en\/\" target=\"_blank\" rel=\"noreferrer noopener\">The WingMan from RideLink&nbsp;\u2013 The data monster<\/a><\/li>\n<\/ul>\n\n\n\n<div style=\"height:50px\" aria-hidden=\"true\" class=\"wp-block-spacer\"><\/div>\n\n\n\n<h2 id=\"glossar\" class=\"wp-block-heading has-drop-cap\">Glossary<br> &amp; information<\/h2>\n\n\n\n<ul class=\"wp-block-list\">\n<li class=\"my-image-border\"><strong>SoC<\/strong> is the abbreviation for <strong>S<\/strong>tate <strong>o<\/strong>f <strong>C<\/strong>harge, the current energy level of an electric vehicle&#8217;s battery relative to its maximum storage capacity. The SoC is usually expressed as a percentage: 100% for a fully charged battery, 0% for a fully discharged battery.<\/li>\n\n\n\n<li class=\"my-image-border\"><strong>Kilowatt-hour (kWh)<\/strong> is the amount of energy an electric vehicle&#8217;s battery can store or use. A battery with 50 kWh has the capacity to store energy that could be used for 50 hours at a constant output of 1 kilowatt (kW), or 50 kW for 1 hour.<\/li>\n\n\n\n<li class=\"my-image-border\"><strong>Gasoline equivalent<\/strong> compares the energy efficiency of electric vehicles to internal combustion engine vehicles. It refers to the amount of energy contained in one liter of gasoline. One kilowatt hour is equivalent to about 0.09 liters of gasoline, and one liter of gasoline is equivalent to about 8.8 kWh (see <a href=\"https:\/\/de.wikipedia.org\/wiki\/Benzin%C3%A4quivalent\" target=\"_blank\" rel=\"noopener\"><em>Benzin\u00e4quivalent<\/em> &#8211; German Wikipedia<\/a>).<\/li>\n\n\n\n<li class=\"my-image-border\"><strong>Type 2<\/strong> refers to a charging plug widely used in Europe. The Type 2 plug is the standard plug for AC charging according to the IEC 62196 standard. The Zero DSR\/X is charged using a Type 2 plug.<\/li>\n\n\n\n<li class=\"my-image-border\"><strong>CCS<\/strong> stands for <strong>C<\/strong>ombined <strong>C<\/strong>harging <strong>S<\/strong>ystem and is a standardized plug system for fast-charging electric vehicles. It allows charging with both alternating current (AC) and direct current (DC). Zero motorcycles cannot currently use CCS.<\/li>\n\n\n\n<li class=\"my-image-border\">In <strong>alternating current<\/strong> (AC), the direction of current flow changes periodically. In electromobility, AC plays a central role in the slow charging of electric vehicles at private or public AC charging stations. With <strong>direct current<\/strong> (DC), the direction of current flow remains constant. It enables fast charging of electric vehicles.<\/li>\n<\/ul>\n\n\n\n<div style=\"height:50px\" aria-hidden=\"true\" class=\"wp-block-spacer\"><\/div>\n\n\n\n<h2 id=\"Ladepunkte\" class=\"wp-block-heading has-drop-cap\">Charging points on the route<br>&nbsp;(Selection, as at 03.02.2025)<\/h2>\n\n\n\n<p class=\"wp-block-paragraph\">Below is a list of some of the chargers available along the route. The list is incomplete as it does not include Tesla Destination Chargers or hotel wallboxes. Charging stations are rarely more than 15 kilometers apart, and most offer 22 kW charging power via a Type 2 connection&nbsp;\u2013 a benefit for our Zero motorcycles. The fast chargers (CCS) that we cannot use are highlighted in gray.<\/p>\n\n\n\n<div style=\"height:50px\" aria-hidden=\"true\" class=\"wp-block-spacer\"><\/div>\n\n\n\n<div class=\"wp-block-columns is-layout-flex wp-container-core-columns-is-layout-8f761849 wp-block-columns-is-layout-flex\">\n<div class=\"wp-block-column my-image-border is-layout-flow wp-block-column-is-layout-flow\">\n<iframe data-src=\"https:\/\/www.google.com\/maps\/embed?pb=!1m18!1m12!1m3!1d171.27827448211502!2d10.6978724370381!3d46.617824042207786!2m3!1f0!2f0!3f0!3m2!1i1024!2i768!4f13.1!3m3!1m2!1s0x4782e08ba9d7ab5d%3A0x4c36cfdac25fd381!2sda%20emobil%20Charging%20Station!5e0!3m2!1sde!2sit!4v1738606014996!5m2!1sde!2sit\" width=\"400\" height=\"300\" style=\"border:0;\" allowfullscreen=\"\" referrerpolicy=\"no-referrer-when-downgrade\" src=\"data:image\/svg+xml;base64,PHN2ZyB3aWR0aD0iMSIgaGVpZ2h0PSIxIiB4bWxucz0iaHR0cDovL3d3dy53My5vcmcvMjAwMC9zdmciPjwvc3ZnPg==\" class=\"lazyload\" data-load-mode=\"0\"><\/iframe>\n\n\n\n<p class=\"wp-block-paragraph\"><a href=\"https:\/\/maps.app.goo.gl\/FCZspDCa9tcCpHyg9\" target=\"_blank\" rel=\"noreferrer noopener\">VION Laas<\/a><br>(Kilometer 0)<br>1 x CCS (75 kW), 1 x ChaDeMo, 1 x Typ 2<\/p>\n<\/div>\n\n\n\n<div class=\"wp-block-column my-image-border has-base-background-color has-background is-layout-flow wp-block-column-is-layout-flow\">\n<iframe data-src=\"https:\/\/www.google.com\/maps\/embed?pb=!1m18!1m12!1m3!1d342.4545971640503!2d10.611618708004!3d46.633937498960805!2m3!1f0!2f0!3f0!3m2!1i1024!2i768!4f13.1!3m3!1m2!1s0x47831f8539289a1b%3A0x9ef8d70886c2bb6c!2sNeogy%20Charging%20Station!5e0!3m2!1sde!2sit!4v1738606065441!5m2!1sde!2sit\" width=\"400\" height=\"300\" style=\"border:0;\" allowfullscreen=\"\" referrerpolicy=\"no-referrer-when-downgrade\" src=\"data:image\/svg+xml;base64,PHN2ZyB3aWR0aD0iMSIgaGVpZ2h0PSIxIiB4bWxucz0iaHR0cDovL3d3dy53My5vcmcvMjAwMC9zdmciPjwvc3ZnPg==\" class=\"lazyload\" data-load-mode=\"0\"><\/iframe>\n\n\n\n<p class=\"wp-block-paragraph\"><a href=\"https:\/\/maps.app.goo.gl\/nsD9fnDBqgrCq5n5A\" target=\"_blank\" rel=\"noreferrer noopener\">Alperia Neogy Spondinig<\/a><br>(Kilometer 7.3)<br>2 x CCS (100 kW), 1 x ChaDeMo<\/p>\n<\/div>\n<\/div>\n\n\n\n<div style=\"height:50px\" aria-hidden=\"true\" class=\"wp-block-spacer\"><\/div>\n\n\n\n<div class=\"wp-block-columns is-layout-flex wp-container-core-columns-is-layout-8f761849 wp-block-columns-is-layout-flex\">\n<div class=\"wp-block-column my-image-border is-layout-flow wp-block-column-is-layout-flow\">\n<iframe data-src=\"https:\/\/www.google.com\/maps\/embed?pb=!1m18!1m12!1m3!1d171.1322665101096!2d10.582471012271961!3d46.66396566874066!2m3!1f0!2f0!3f0!3m2!1i1024!2i768!4f13.1!3m3!1m2!1s0x478321eb14d2e2df%3A0xe3d0b821e871fb67!2sVEK%20Charging%20Station!5e0!3m2!1sde!2sit!4v1738606128601!5m2!1sde!2sit\" width=\"400\" height=\"300\" style=\"border:0;\" allowfullscreen=\"\" referrerpolicy=\"no-referrer-when-downgrade\" src=\"data:image\/svg+xml;base64,PHN2ZyB3aWR0aD0iMSIgaGVpZ2h0PSIxIiB4bWxucz0iaHR0cDovL3d3dy53My5vcmcvMjAwMC9zdmciPjwvc3ZnPg==\" class=\"lazyload\" data-load-mode=\"0\"><\/iframe>\n\n\n\n<p class=\"wp-block-paragraph\"><a href=\"https:\/\/maps.app.goo.gl\/NPMHs3zRcm837swU6\" target=\"_blank\" rel=\"noreferrer noopener\">VEK Schluderns<\/a><br>(Kilometer 11.4)<br>1 x CCS (75 kW), 1 x ChaDeMo, 1 x Typ 2<\/p>\n<\/div>\n\n\n\n<div class=\"wp-block-column my-image-border has-base-background-color has-background is-layout-flow wp-block-column-is-layout-flow\">\n<iframe data-src=\"https:\/\/www.google.com\/maps\/embed?pb=!1m18!1m12!1m3!1d264.7109934087918!2d10.543379917332592!3d46.68994664678054!2m3!1f0!2f0!3f0!3m2!1i1024!2i768!4f13.1!3m3!1m2!1s0x478323b4e8b14303%3A0x383c273611619c95!2sAlperia%20Charging%20Station!5e0!3m2!1sde!2sit!4v1738606189176!5m2!1sde!2sit\" width=\"400\" height=\"300\" style=\"border:0;\" allowfullscreen=\"\" referrerpolicy=\"no-referrer-when-downgrade\" src=\"data:image\/svg+xml;base64,PHN2ZyB3aWR0aD0iMSIgaGVpZ2h0PSIxIiB4bWxucz0iaHR0cDovL3d3dy53My5vcmcvMjAwMC9zdmciPjwvc3ZnPg==\" class=\"lazyload\" data-load-mode=\"0\"><\/iframe>\n\n\n\n<p class=\"wp-block-paragraph\"><a href=\"https:\/\/maps.app.goo.gl\/jskQUy4snoQDrQHP7\" target=\"_blank\" rel=\"noreferrer noopener\">Alperia Neogy Mals (Main Sq.)<\/a><br>(Kilometer 16.2)<br>2 x CCS (100 kW), 1 x ChaDeMo<\/p>\n<\/div>\n<\/div>\n\n\n\n<div style=\"height:50px\" aria-hidden=\"true\" class=\"wp-block-spacer\"><\/div>\n\n\n\n<div class=\"wp-block-columns is-layout-flex wp-container-core-columns-is-layout-8f761849 wp-block-columns-is-layout-flex\">\n<div class=\"wp-block-column my-image-border is-layout-flow wp-block-column-is-layout-flow\">\n<iframe data-src=\"https:\/\/www.google.com\/maps\/embed?pb=!1m18!1m12!1m3!1d226.51001505174108!2d10.54820057792139!3d46.68407528455023!2m3!1f0!2f0!3f0!3m2!1i1024!2i768!4f13.1!3m3!1m2!1s0x47832235cca0c425%3A0xa02fba27291c5ec7!2sda%20emobil%20Charging%20Station!5e0!3m2!1sde!2sit!4v1738606247607!5m2!1sde!2sit\" width=\"400\" height=\"300\" style=\"border:0;\" allowfullscreen=\"\" referrerpolicy=\"no-referrer-when-downgrade\" src=\"data:image\/svg+xml;base64,PHN2ZyB3aWR0aD0iMSIgaGVpZ2h0PSIxIiB4bWxucz0iaHR0cDovL3d3dy53My5vcmcvMjAwMC9zdmciPjwvc3ZnPg==\" class=\"lazyload\" data-load-mode=\"0\"><\/iframe>\n\n\n\n<p class=\"wp-block-paragraph\"><a href=\"https:\/\/maps.app.goo.gl\/JYhXkbG5Yazuz6vQ7\" target=\"_blank\" rel=\"noopener\">Alperia Neogy Mals (Station)<br><\/a>(Kilometer 16.1)<br>1 x CCS (75 kW), 1 x ChaDeMo, 1 x Typ 2<\/p>\n<\/div>\n\n\n\n<div class=\"wp-block-column my-image-border is-layout-flow wp-block-column-is-layout-flow\">\n<iframe data-src=\"https:\/\/www.google.com\/maps\/embed?pb=!1m18!1m12!1m3!1d601.236675156079!2d10.540587325896004!3d46.80770439729453!2m3!1f0!2f0!3f0!3m2!1i1024!2i768!4f13.1!3m3!1m2!1s0x47832ff51fa9bb87%3A0xb066a3fa322eb341!2sda%20emobil%20Charging%20Station!5e0!3m2!1sde!2sit!4v1738606385462!5m2!1sde!2sit\" width=\"400\" height=\"300\" style=\"border:0;\" allowfullscreen=\"\" referrerpolicy=\"no-referrer-when-downgrade\" src=\"data:image\/svg+xml;base64,PHN2ZyB3aWR0aD0iMSIgaGVpZ2h0PSIxIiB4bWxucz0iaHR0cDovL3d3dy53My5vcmcvMjAwMC9zdmciPjwvc3ZnPg==\" class=\"lazyload\" data-load-mode=\"0\"><\/iframe>\n\n\n\n<p class=\"wp-block-paragraph\"><a href=\"https:\/\/maps.app.goo.gl\/kXARo2FBX72FJqs87\" target=\"_blank\" rel=\"noreferrer noopener\">VION Graun am See<\/a><br>(Kilometer 32.9)<br>1 x CCS (75 kW), 1 x ChaDeMo, 1 x Typ 2<\/p>\n<\/div>\n<\/div>\n\n\n\n<div style=\"height:50px\" aria-hidden=\"true\" class=\"wp-block-spacer\"><\/div>\n\n\n\n<div class=\"wp-block-columns is-layout-flex wp-container-core-columns-is-layout-8f761849 wp-block-columns-is-layout-flex\">\n<div class=\"wp-block-column my-image-border is-layout-flow wp-block-column-is-layout-flow\">\n<iframe data-src=\"https:\/\/www.google.com\/maps\/embed?pb=!1m18!1m12!1m3!1d375.66634609559645!2d10.509242703591218!3d46.87526420524148!2m3!1f0!2f0!3f0!3m2!1i1024!2i768!4f13.1!3m3!1m2!1s0x478331910c726697%3A0x1d67c7508a40070!2sSMATRICS%20EnBW%20Charging%20Station!5e0!3m2!1sde!2sit!4v1738606730227!5m2!1sde!2sit\" width=\"400\" height=\"300\" style=\"border:0;\" allowfullscreen=\"\" referrerpolicy=\"no-referrer-when-downgrade\" src=\"data:image\/svg+xml;base64,PHN2ZyB3aWR0aD0iMSIgaGVpZ2h0PSIxIiB4bWxucz0iaHR0cDovL3d3dy53My5vcmcvMjAwMC9zdmciPjwvc3ZnPg==\" class=\"lazyload\" data-load-mode=\"0\"><\/iframe>\n\n\n\n<p class=\"wp-block-paragraph\"><a href=\"https:\/\/maps.app.goo.gl\/3zNVYBbMDGcgryDm8\" target=\"_blank\" rel=\"noreferrer noopener\">Smatrics, Bergbahnen Nauders<br><\/a>(Kilometer 41,7)<br>6 x Typ 2 (22 kW)<\/p>\n<\/div>\n\n\n\n<div class=\"wp-block-column my-image-border is-layout-flow wp-block-column-is-layout-flow\">\n<iframe data-src=\"https:\/\/www.google.com\/maps\/embed?pb=!1m14!1m8!1m3!1d340.85556016135087!2d10.4692799!3d46.886108!3m2!1i1024!2i768!4f13.1!3m3!1m2!1s0x4783315e0b3aaaab%3A0x48e19a7ae90b5c35!2sbe.ENERGISED%20Charging%20Station!5e0!3m2!1sde!2sit!4v1738606795343!5m2!1sde!2sit\" width=\"400\" height=\"300\" style=\"border:0;\" allowfullscreen=\"\" referrerpolicy=\"no-referrer-when-downgrade\" src=\"data:image\/svg+xml;base64,PHN2ZyB3aWR0aD0iMSIgaGVpZ2h0PSIxIiB4bWxucz0iaHR0cDovL3d3dy53My5vcmcvMjAwMC9zdmciPjwvc3ZnPg==\" class=\"lazyload\" data-load-mode=\"0\"><\/iframe>\n\n\n\n<p class=\"wp-block-paragraph\"><a href=\"https:\/\/maps.app.goo.gl\/rT8SsUccXhzvd12B7\" target=\"_blank\" rel=\"noreferrer noopener\">Be.Energised, Martinsbruck<br><\/a>(Kilometer 50)<br>2 x Typ 2 (22 kW)<\/p>\n<\/div>\n<\/div>\n\n\n\n<div style=\"height:50px\" aria-hidden=\"true\" class=\"wp-block-spacer\"><\/div>\n\n\n\n<div class=\"wp-block-columns is-layout-flex wp-container-core-columns-is-layout-8f761849 wp-block-columns-is-layout-flex\">\n<div class=\"wp-block-column my-image-border is-layout-flow wp-block-column-is-layout-flow\">\n<iframe data-src=\"https:\/\/www.google.com\/maps\/embed?pb=!1m18!1m12!1m3!1d302.31171117048075!2d10.332435723465984!3d46.81625217791894!2m3!1f0!2f0!3f0!3m2!1i1024!2i768!4f13.1!3m3!1m2!1s0x4783380568613021%3A0xcfa814d8fd66db26!2sMOVE%20Ladestation!5e0!3m2!1sde!2sit!4v1738606874044!5m2!1sde!2sit\" width=\"400\" height=\"300\" style=\"border:0;\" allowfullscreen=\"\" referrerpolicy=\"no-referrer-when-downgrade\" src=\"data:image\/svg+xml;base64,PHN2ZyB3aWR0aD0iMSIgaGVpZ2h0PSIxIiB4bWxucz0iaHR0cDovL3d3dy53My5vcmcvMjAwMC9zdmciPjwvc3ZnPg==\" class=\"lazyload\" data-load-mode=\"0\"><\/iframe>\n\n\n\n<p class=\"wp-block-paragraph\"><a href=\"https:\/\/maps.app.goo.gl\/DhXDgnLYb26rq86T9\" target=\"_blank\" rel=\"noreferrer noopener\">Move \u2013 Sent<br><\/a>(Kilometer 65)<br>2 x Typ 2 (22 kW)<\/p>\n<\/div>\n\n\n\n<div class=\"wp-block-column my-image-border is-layout-flow wp-block-column-is-layout-flow\">\n<iframe data-src=\"https:\/\/www.google.com\/maps\/embed?pb=!1m18!1m12!1m3!1d1156.4678479056347!2d10.284891666243345!3d46.79322958880383!2m3!1f0!2f0!3f0!3m2!1i1024!2i768!4f13.1!3m3!1m2!1s0x478347a1e2c3a911%3A0xbdc98970f5035e76!2sMOVE%20Ladestation!5e0!3m2!1sde!2sit!4v1738606956571!5m2!1sde!2sit\" width=\"400\" height=\"300\" style=\"border:0;\" allowfullscreen=\"\" referrerpolicy=\"no-referrer-when-downgrade\" src=\"data:image\/svg+xml;base64,PHN2ZyB3aWR0aD0iMSIgaGVpZ2h0PSIxIiB4bWxucz0iaHR0cDovL3d3dy53My5vcmcvMjAwMC9zdmciPjwvc3ZnPg==\" class=\"lazyload\" data-load-mode=\"0\"><\/iframe>\n\n\n\n<p class=\"wp-block-paragraph\"><a href=\"https:\/\/maps.app.goo.gl\/qQP8ACVKQaeSy9Yb8\" target=\"_blank\" rel=\"noreferrer noopener\">Move \u2013 Scuol<br><\/a>(Kilometer 69.4)<br>2 x Typ 2 (22 kW)<\/p>\n<\/div>\n<\/div>\n\n\n\n<div style=\"height:50px\" aria-hidden=\"true\" class=\"wp-block-spacer\"><\/div>\n\n\n\n<div class=\"wp-block-columns is-layout-flex wp-container-core-columns-is-layout-8f761849 wp-block-columns-is-layout-flex\">\n<div class=\"wp-block-column my-image-border has-base-background-color has-background is-layout-flow wp-block-column-is-layout-flow\">\n<iframe data-src=\"https:\/\/www.google.com\/maps\/embed?pb=!1m18!1m12!1m3!1d1376.9914030920527!2d10.270500413862637!3d46.78854004992099!2m3!1f0!2f0!3f0!3m2!1i1024!2i768!4f13.1!3m3!1m2!1s0x47834706eeabb64f%3A0xa11d14d6c656cef1!2sMOVE%20Ladestation!5e0!3m2!1sde!2sit!4v1738607126355!5m2!1sde!2sit\" width=\"400\" height=\"300\" style=\"border:0;\" allowfullscreen=\"\" referrerpolicy=\"no-referrer-when-downgrade\" src=\"data:image\/svg+xml;base64,PHN2ZyB3aWR0aD0iMSIgaGVpZ2h0PSIxIiB4bWxucz0iaHR0cDovL3d3dy53My5vcmcvMjAwMC9zdmciPjwvc3ZnPg==\" class=\"lazyload\" data-load-mode=\"0\"><\/iframe>\n\n\n\n<p class=\"wp-block-paragraph\"><a href=\"https:\/\/maps.app.goo.gl\/w9wzn5Wx1PJvw533A\" target=\"_blank\" rel=\"noreferrer noopener\">Move \u2013 Nairs<br><\/a>(Kilometer 70.9)<br>2 x CCS (150 kW)<\/p>\n<\/div>\n\n\n\n<div class=\"wp-block-column my-image-border is-layout-flow wp-block-column-is-layout-flow\">\n<iframe data-src=\"https:\/\/www.google.com\/maps\/embed?pb=!1m14!1m8!1m3!1d683.1408844494996!2d10.201885!3d46.773499!3m2!1i1024!2i768!4f13.1!3m3!1m2!1s0x4783441ea10c996f%3A0x1d9a4c75cb983d79!2sSwisscharge%20Charging%20Station!5e0!3m2!1sde!2snl!4v1738607174140!5m2!1sde!2snl\" width=\"400\" height=\"300\" style=\"border:0;\" allowfullscreen=\"\" referrerpolicy=\"no-referrer-when-downgrade\" src=\"data:image\/svg+xml;base64,PHN2ZyB3aWR0aD0iMSIgaGVpZ2h0PSIxIiB4bWxucz0iaHR0cDovL3d3dy53My5vcmcvMjAwMC9zdmciPjwvc3ZnPg==\" class=\"lazyload\" data-load-mode=\"0\"><\/iframe>\n\n\n\n<p class=\"wp-block-paragraph\"><a href=\"https:\/\/maps.app.goo.gl\/bPPpqMk1RjjM4zqA9\" target=\"_blank\" rel=\"noreferrer noopener\">SwissCharge \u2013 Ardez<br><\/a>(Kilometer 79)<br>2 x Typ 2 (22 kW)<\/p>\n<\/div>\n<\/div>\n\n\n\n<div style=\"height:50px\" aria-hidden=\"true\" class=\"wp-block-spacer\"><\/div>\n\n\n\n<div class=\"wp-block-columns is-layout-flex wp-container-core-columns-is-layout-8f761849 wp-block-columns-is-layout-flex\">\n<div class=\"wp-block-column my-image-border is-layout-flow wp-block-column-is-layout-flow\">\n<iframe data-src=\"https:\/\/www.google.com\/maps\/embed?pb=!1m14!1m8!1m3!1d333.84422031500947!2d10.094366949510395!3d46.69906147495826!3m2!1i1024!2i768!4f13.1!3m3!1m2!1s0x478342a55a920d49%3A0x5e42032dfdceba74!2sShell%20Recharge-Ladestation!5e0!3m2!1sde!2sit!4v1738607274478!5m2!1sde!2sit\" width=\"400\" height=\"300\" style=\"border:0;\" allowfullscreen=\"\" referrerpolicy=\"no-referrer-when-downgrade\" src=\"data:image\/svg+xml;base64,PHN2ZyB3aWR0aD0iMSIgaGVpZ2h0PSIxIiB4bWxucz0iaHR0cDovL3d3dy53My5vcmcvMjAwMC9zdmciPjwvc3ZnPg==\" class=\"lazyload\" data-load-mode=\"0\"><\/iframe>\n\n\n\n<p class=\"wp-block-paragraph\"><a href=\"https:\/\/maps.app.goo.gl\/D5rtvDU3heWmu97EA\" target=\"_blank\" rel=\"noreferrer noopener\">Shell Recharge \u2013 Zernez<br><\/a>(Kilometer 94.7)<br>1 x CCS (44 kW), 1 x Typ 2 (22 kW)<\/p>\n<\/div>\n\n\n\n<div class=\"wp-block-column my-image-border is-layout-flow wp-block-column-is-layout-flow\">\n<iframe data-src=\"https:\/\/www.google.com\/maps\/embed?pb=!1m14!1m8!1m3!1d329.2564898679471!2d10.090895150801137!3d46.697656480554066!3m2!1i1024!2i768!4f13.1!3m3!1m2!1s0x478342aefdbd9035%3A0x8751cff82ce6fdaa!2sPlug&#39;n%20Roll%20Charging%20Station!5e0!3m2!1sde!2sit!4v1738607342628!5m2!1sde!2sit\" width=\"400\" height=\"300\" style=\"border:0;\" allowfullscreen=\"\" referrerpolicy=\"no-referrer-when-downgrade\" src=\"data:image\/svg+xml;base64,PHN2ZyB3aWR0aD0iMSIgaGVpZ2h0PSIxIiB4bWxucz0iaHR0cDovL3d3dy53My5vcmcvMjAwMC9zdmciPjwvc3ZnPg==\" class=\"lazyload\" data-load-mode=\"0\"><\/iframe>\n\n\n\n<p class=\"wp-block-paragraph\"><a href=\"https:\/\/maps.app.goo.gl\/4QBb3ufFAcv4D4VJ9\" target=\"_blank\" rel=\"noreferrer noopener\">Plug&#8217;n Roll \u2013 Zernez<br><\/a>(Kilometer 95.3)<br>2 x Typ 2 (22 kW)<\/p>\n<\/div>\n<\/div>\n\n\n\n<div style=\"height:50px\" aria-hidden=\"true\" class=\"wp-block-spacer\"><\/div>\n\n\n\n<div class=\"wp-block-columns is-layout-flex wp-container-core-columns-is-layout-8f761849 wp-block-columns-is-layout-flex\">\n<div class=\"wp-block-column my-image-border is-layout-flow wp-block-column-is-layout-flow\">\n<iframe data-src=\"https:\/\/www.google.com\/maps\/embed?pb=!1m14!1m8!1m3!1d2738.1048007450463!2d10.211207!3d46.664192!3m2!1i1024!2i768!4f13.1!3m3!1m2!1s0x47836a66b4ed8387%3A0x84e31b764447c86b!2sSwisscharge%20Charging%20Station!5e0!3m2!1sde!2snl!4v1738607443762!5m2!1sde!2snl\" width=\"400\" height=\"300\" style=\"border:0;\" allowfullscreen=\"\" referrerpolicy=\"no-referrer-when-downgrade\" src=\"data:image\/svg+xml;base64,PHN2ZyB3aWR0aD0iMSIgaGVpZ2h0PSIxIiB4bWxucz0iaHR0cDovL3d3dy53My5vcmcvMjAwMC9zdmciPjwvc3ZnPg==\" class=\"lazyload\" data-load-mode=\"0\"><\/iframe>\n\n\n\n<p class=\"wp-block-paragraph\"><a href=\"https:\/\/maps.app.goo.gl\/iYq6vVHE8PcWXoMB8\" target=\"_blank\" rel=\"noreferrer noopener\">SwissCharge \u2013 Hotel Parc Naziunal<br><\/a>(Kilometer 110)<br>2 x Typ 2 (22 kW)<\/p>\n<\/div>\n\n\n\n<div class=\"wp-block-column my-image-border is-layout-flow wp-block-column-is-layout-flow\">\n<iframe data-src=\"https:\/\/www.google.com\/maps\/embed?pb=!1m18!1m12!1m3!1d439.5739285105833!2d10.33707628133694!3d46.62671176067489!2m3!1f0!2f0!3f0!3m2!1i1024!2i768!4f13.1!3m3!1m2!1s0x4783154367d207e9%3A0x59c8f29fff41a253!2sPlug&#39;n%20Roll%20Charging%20Station!5e0!3m2!1sde!2sit!4v1738607501634!5m2!1sde!2sit\" width=\"400\" height=\"300\" style=\"border:0;\" allowfullscreen=\"\" referrerpolicy=\"no-referrer-when-downgrade\" src=\"data:image\/svg+xml;base64,PHN2ZyB3aWR0aD0iMSIgaGVpZ2h0PSIxIiB4bWxucz0iaHR0cDovL3d3dy53My5vcmcvMjAwMC9zdmciPjwvc3ZnPg==\" class=\"lazyload\" data-load-mode=\"0\"><\/iframe>\n\n\n\n<p class=\"wp-block-paragraph\"><a href=\"https:\/\/maps.app.goo.gl\/A6RfMgAmh8GyCFUv9\" target=\"_blank\" rel=\"noreferrer noopener\">Plug&#8217;n Roll \u2013 Tschierv<br><\/a>(Kilometer 123)<br>2 x Typ 2 (22 kW)<\/p>\n<\/div>\n<\/div>\n\n\n\n<div style=\"height:50px\" aria-hidden=\"true\" class=\"wp-block-spacer\"><\/div>\n\n\n\n<div class=\"wp-block-columns is-layout-flex wp-container-core-columns-is-layout-8f761849 wp-block-columns-is-layout-flex\">\n<div class=\"wp-block-column my-image-border is-layout-flow wp-block-column-is-layout-flow\">\n<iframe data-src=\"https:\/\/www.google.com\/maps\/embed?pb=!1m18!1m12!1m3!1d1365.9458698984972!2d10.409132542563588!3d46.599588613274435!2m3!1f0!2f0!3f0!3m2!1i1024!2i768!4f13.1!3m3!1m2!1s0x4783173c3a48b8d1%3A0x7b0f70e896e28015!2sPlug&#39;n%20Roll%20Charging%20Station!5e0!3m2!1sde!2snl!4v1738607636291!5m2!1sde!2snl\" width=\"400\" height=\"300\" style=\"border:0;\" allowfullscreen=\"\" referrerpolicy=\"no-referrer-when-downgrade\" src=\"data:image\/svg+xml;base64,PHN2ZyB3aWR0aD0iMSIgaGVpZ2h0PSIxIiB4bWxucz0iaHR0cDovL3d3dy53My5vcmcvMjAwMC9zdmciPjwvc3ZnPg==\" class=\"lazyload\" data-load-mode=\"0\"><\/iframe>\n\n\n\n<p class=\"wp-block-paragraph\"><a href=\"https:\/\/maps.app.goo.gl\/NN4whpdwGUdSpDQr8\" target=\"_blank\" rel=\"noreferrer noopener\">Plug&#8217;n Roll \u2013 Valchava<br><\/a>(Kilometer 129)<br>2 x Typ 2 (22 kW)<\/p>\n<\/div>\n\n\n\n<div class=\"wp-block-column my-image-border is-layout-flow wp-block-column-is-layout-flow\">\n<iframe data-src=\"https:\/\/www.google.com\/maps\/embed?pb=!1m18!1m12!1m3!1d1473.3434918199243!2d10.450602005933776!3d46.62983221598034!2m3!1f0!2f0!3f0!3m2!1i1024!2i768!4f13.1!3m3!1m2!1s0x478317881272a11b%3A0xb12970d3a8c1428d!2sPlug&#39;n%20Roll%20Charging%20Station!5e0!3m2!1sde!2snl!4v1738607703497!5m2!1sde!2snl\" width=\"400\" height=\"300\" style=\"border:0;\" allowfullscreen=\"\" referrerpolicy=\"no-referrer-when-downgrade\" src=\"data:image\/svg+xml;base64,PHN2ZyB3aWR0aD0iMSIgaGVpZ2h0PSIxIiB4bWxucz0iaHR0cDovL3d3dy53My5vcmcvMjAwMC9zdmciPjwvc3ZnPg==\" class=\"lazyload\" data-load-mode=\"0\"><\/iframe>\n\n\n\n<p class=\"wp-block-paragraph\"><a href=\"https:\/\/maps.app.goo.gl\/dS2KjuXSvsWSU4SXA\" target=\"_blank\" rel=\"noreferrer noopener\">Plug&#8217;n Roll \u2013 M\u00fcstair<br><\/a>(Kilometer 134)<br>2 x Typ 2 (22 kW)<\/p>\n<\/div>\n<\/div>\n\n\n\n<div style=\"height:50px\" aria-hidden=\"true\" class=\"wp-block-spacer\"><\/div>\n\n\n\n<div class=\"wp-block-columns is-layout-flex wp-container-core-columns-is-layout-8f761849 wp-block-columns-is-layout-flex\">\n<div class=\"wp-block-column my-image-border is-layout-flow wp-block-column-is-layout-flow\">\n<iframe data-src=\"https:\/\/www.google.com\/maps\/embed?pb=!1m18!1m12!1m3!1d296.00579605824475!2d10.464062266422545!3d46.644718993609004!2m3!1f0!2f0!3f0!3m2!1i1024!2i768!4f13.1!3m3!1m2!1s0x4783181b9f4b22af%3A0xd7cf17544cda3e71!2sbe.ENERGISED%20Charging%20Station!5e0!3m2!1sde!2sit!4v1738607846085!5m2!1sde!2sit\" width=\"400\" height=\"300\" style=\"border:0;\" allowfullscreen=\"\" referrerpolicy=\"no-referrer-when-downgrade\" src=\"data:image\/svg+xml;base64,PHN2ZyB3aWR0aD0iMSIgaGVpZ2h0PSIxIiB4bWxucz0iaHR0cDovL3d3dy53My5vcmcvMjAwMC9zdmciPjwvc3ZnPg==\" class=\"lazyload\" data-load-mode=\"0\"><\/iframe>\n\n\n\n<p class=\"wp-block-paragraph\"><a href=\"https:\/\/maps.app.goo.gl\/wp82mt53moy5bq8j6\" target=\"_blank\" rel=\"noreferrer noopener\">VION Taufers im M\u00fcnstertal<br><\/a>(Kilometer 136)<br>1 x CCS (75 kW), 1 x ChaDeMo, 1 x Typ 2<\/p>\n<\/div>\n\n\n\n<div class=\"wp-block-column my-image-border is-layout-flow wp-block-column-is-layout-flow\">\n<iframe data-src=\"https:\/\/www.google.com\/maps\/embed?pb=!1m14!1m8!1m3!1d342.2142688832359!2d10.5527566!3d46.6719044!3m2!1i1024!2i768!4f13.1!3m3!1m2!1s0x4783223cb1089a85%3A0x3ed937533d3e821f!2sbe.ENERGISED-Ladestation!5e0!3m2!1sde!2sit!4v1738608188870!5m2!1sde!2sit\" width=\"400\" height=\"300\" style=\"border:0;\" allowfullscreen=\"\" referrerpolicy=\"no-referrer-when-downgrade\" src=\"data:image\/svg+xml;base64,PHN2ZyB3aWR0aD0iMSIgaGVpZ2h0PSIxIiB4bWxucz0iaHR0cDovL3d3dy53My5vcmcvMjAwMC9zdmciPjwvc3ZnPg==\" class=\"lazyload\" data-load-mode=\"0\"><\/iframe>\n\n\n\n<p class=\"wp-block-paragraph\"><a href=\"https:\/\/maps.app.goo.gl\/9UZsFrdGerfX4e2Z7\" target=\"_blank\" rel=\"noreferrer noopener\">VION Glurns<br><\/a>(Kilometer 145)<br>1 x CCS (75 kW), 1 x ChaDeMo, 1 x Typ 2<\/p>\n<\/div>\n<\/div>\n\n\n\n<div style=\"height:50px\" aria-hidden=\"true\" class=\"wp-block-spacer\"><\/div>\n\n\n<!--Yasr Visitor Votes Shortcode--><div id='yasr_visitor_votes_869a7adead677' class='yasr-visitor-votes'><div class=\"yasr-custom-text-vv-before yasr-custom-text-vv-before-333585\">Bewerte diesen Beitrag \/\/ Rate this post <\/div><div id='yasr-vv-second-row-container-869a7adead677'\r\n                                        class='yasr-vv-second-row-container'><div id='yasr-visitor-votes-rater-869a7adead677'\r\n                                      class='yasr-rater-stars-vv'\r\n                                      data-rater-postid='333585'\r\n                                      data-rating='0'\r\n                                      data-rater-starsize='32'\r\n                                      data-rater-readonly='false'\r\n                                      data-rater-nonce='d4ca20a83d'\r\n                                      data-issingular='false'\r\n                                    ><\/div><div class=\"yasr-vv-stats-text-container\" id=\"yasr-vv-stats-text-container-869a7adead677\"><svg xmlns=\"https:\/\/www.w3.org\/2000\/svg\" width=\"20\" height=\"20\"\r\n                                   class=\"yasr-dashicons-visitor-stats\"\r\n                                   data-postid=\"333585\"\r\n                                   id=\"yasr-stats-dashicon-869a7adead677\">\r\n                                   <path d=\"M18 18v-16h-4v16h4zM12 18v-11h-4v11h4zM6 18v-8h-4v8h4z\"><\/path>\r\n                               <\/svg><span id=\"yasr-vv-text-container-869a7adead677\" class=\"yasr-vv-text-container\"><\/span><\/div><div id='yasr-vv-loader-869a7adead677' class='yasr-vv-container-loader'><\/div><\/div><div id='yasr-vv-bottom-container-869a7adead677'\r\n                              class='yasr-vv-bottom-container'\r\n                              style='display:none'><\/div><\/div><!--End Yasr Visitor Votes Shortcode-->\n\n\n\n<div style=\"height:25px\" aria-hidden=\"true\" class=\"wp-block-spacer\"><\/div>\n\n\n<div class=\"ShariffSC my-image-border\"><div class=\"shariff shariff-align-left shariff-widget-align-left shariff-buttonstretch\" data-services=\"facebook\" data-url=\"https:\/\/www.motorprosa.com\/en\/electric-motorcycles-fact-check-in-the-alps\/\" data-timestamp=\"1782157066\" data-backendurl=\"https:\/\/www.motorprosa.com\/en\/wp-json\/shariff\/v1\/share_counts?\"><ul class=\"shariff-buttons theme-white orientation-horizontal buttonsize-medium\"><li class=\"shariff-button facebook shariff-nocustomcolor\" style=\"background-color:#4273c8\"><a href=\"https:\/\/www.facebook.com\/sharer\/sharer.php?u=https%3A%2F%2Fwww.motorprosa.com%2Fen%2Felectric-motorcycles-fact-check-in-the-alps%2F\" title=\"Share on Facebook\" aria-label=\"Share on Facebook\" role=\"button\" rel=\"nofollow\" class=\"shariff-link\" style=\"; background-color:#3b5998; color:#3b5998\" target=\"_blank\"><span class=\"shariff-icon\" style=\"fill:#3b5998\"><svg width=\"32px\" height=\"20px\" xmlns=\"http:\/\/www.w3.org\/2000\/svg\" viewBox=\"0 0 18 32\"><path fill=\"#3b5998\" d=\"M17.1 0.2v4.7h-2.8q-1.5 0-2.1 0.6t-0.5 1.9v3.4h5.2l-0.7 5.3h-4.5v13.6h-5.5v-13.6h-4.5v-5.3h4.5v-3.9q0-3.3 1.9-5.2t5-1.8q2.6 0 4.1 0.2z\"\/><\/svg><\/span><span class=\"shariff-text\" style=\"color:#3b5998\">share<\/span>&nbsp;<\/a><\/li><li class=\"shariff-button bluesky shariff-nocustomcolor\" style=\"background-color:#84c4ff\"><a href=\"https:\/\/bsky.app\/intent\/compose?text=Electric%20motorcycles%20%E2%80%93%20fact%20check%20in%20the%20Alps https%3A%2F%2Fwww.motorprosa.com%2Fen%2Felectric-motorcycles-fact-check-in-the-alps%2F  via @motorprosa.com\" title=\"Share on Bluesky\" aria-label=\"Share on Bluesky\" role=\"button\" rel=\"noopener nofollow\" class=\"shariff-link\" style=\"; background-color:#0085ff; color:#0085ff\" target=\"_blank\"><span class=\"shariff-icon\" style=\"fill:#0085ff\"><svg width=\"20\" height=\"20\" version=\"1.1\" xmlns=\"http:\/\/www.w3.org\/2000\/svg\" viewBox=\"0 0 20 20\"><path class=\"st0\" d=\"M4.89,3.12c2.07,1.55,4.3,4.71,5.11,6.4.82-1.69,3.04-4.84,5.11-6.4,1.49-1.12,3.91-1.99,3.91.77,0,.55-.32,4.63-.5,5.3-.64,2.3-2.99,2.89-5.08,2.54,3.65.62,4.58,2.68,2.57,4.74-3.81,3.91-5.48-.98-5.9-2.23-.08-.23-.11-.34-.12-.25,0-.09-.04.02-.12.25-.43,1.25-2.09,6.14-5.9,2.23-2.01-2.06-1.08-4.12,2.57-4.74-2.09.36-4.44-.23-5.08-2.54-.19-.66-.5-4.74-.5-5.3,0-2.76,2.42-1.89,3.91-.77h0Z\"\/><\/svg><\/span><span class=\"shariff-text\" style=\"color:#0085ff\">share<\/span>&nbsp;<\/a><\/li><li class=\"shariff-button linkedin shariff-nocustomcolor\" style=\"background-color:#1488bf\"><a href=\"https:\/\/www.linkedin.com\/sharing\/share-offsite\/?url=https%3A%2F%2Fwww.motorprosa.com%2Fen%2Felectric-motorcycles-fact-check-in-the-alps%2F\" title=\"Share on LinkedIn\" aria-label=\"Share on LinkedIn\" role=\"button\" rel=\"noopener nofollow\" class=\"shariff-link\" style=\"; background-color:#0077b5; color:#0077b5\" target=\"_blank\"><span class=\"shariff-icon\" style=\"fill:#0077b5\"><svg width=\"32px\" height=\"20px\" xmlns=\"http:\/\/www.w3.org\/2000\/svg\" viewBox=\"0 0 27 32\"><path fill=\"#0077b5\" d=\"M6.2 11.2v17.7h-5.9v-17.7h5.9zM6.6 5.7q0 1.3-0.9 2.2t-2.4 0.9h0q-1.5 0-2.4-0.9t-0.9-2.2 0.9-2.2 2.4-0.9 2.4 0.9 0.9 2.2zM27.4 18.7v10.1h-5.9v-9.5q0-1.9-0.7-2.9t-2.3-1.1q-1.1 0-1.9 0.6t-1.2 1.5q-0.2 0.5-0.2 1.4v9.9h-5.9q0-7.1 0-11.6t0-5.3l0-0.9h5.9v2.6h0q0.4-0.6 0.7-1t1-0.9 1.6-0.8 2-0.3q3 0 4.9 2t1.9 6z\"\/><\/svg><\/span><span class=\"shariff-text\" style=\"color:#0077b5\">share<\/span>&nbsp;<\/a><\/li><\/ul><\/div><\/div>\n\n\n\n<div style=\"height:50px\" aria-hidden=\"true\" class=\"wp-block-spacer\"><\/div>\n\n\n\n<h3 id=\"bestens-dazu-passend\" class=\"wp-block-heading\"><strong>Perfectly matching:<\/strong><\/h3>\n\n\n\n\t\t\t<div class=\"wp-block-uagb-post-grid uagb-post-grid  uagb-post__image-position-top uagb-post__image-enabled uagb-block-367b7f17     uagb-post__items uagb-post__columns-3 is-grid uagb-post__columns-tablet-2 uagb-post__columns-mobile-1 uagb-post__equal-height\" data-total=\"2\" style=\"\">\n\n\t\t\t\t\t\t\t\t\t\t\t\t<article class=\"uagb-post__inner-wrap\">\t\t\t\t\t\t\t\t<div class='uagb-post__image'>\n\t\t\t\t\t\t\t\t\t<a href=\"https:\/\/www.motorprosa.com\/en\/cool-riding-the-zero-fxe\/\" target=\"_self\" rel=\"bookmark noopener noreferrer\" class=\"uagb-image-ratio-inherit\"><img decoding=\"async\" width=\"1024\" height=\"559\" data-src=\"https:\/\/b2642856.assetcdn.net\/2.0\/2642856\/wp-content\/uploads\/2021\/11\/motorprosa-blog-header-zero-fxe-effekt-1024x559.jpg?lossy=1&strip=1&webp=1\" class=\"attachment-large size-large lazyload\" alt=\"MotorProsa: Blog &quot;Riding the Zero FXE&quot;\" data-srcset=\"https:\/\/b2642856.assetcdn.net\/2.0\/2642856\/wp-content\/uploads\/2021\/11\/motorprosa-blog-header-zero-fxe-effekt-1024x559.jpg?lossy=1&strip=1&webp=1 1024w, https:\/\/b2642856.assetcdn.net\/2.0\/2642856\/wp-content\/uploads\/2021\/11\/motorprosa-blog-header-zero-fxe-effekt-300x164.jpg?lossy=1&strip=1&webp=1 300w, https:\/\/b2642856.assetcdn.net\/2.0\/2642856\/wp-content\/uploads\/2021\/11\/motorprosa-blog-header-zero-fxe-effekt.jpg?lossy=1&strip=1&webp=1 1200w, https:\/\/b2642856.assetcdn.net\/2.0\/2642856\/wp-content\/uploads\/2021\/11\/motorprosa-blog-header-zero-fxe-effekt.jpg?size=240x131&lossy=1&strip=1&webp=1 240w, https:\/\/b2642856.assetcdn.net\/2.0\/2642856\/wp-content\/uploads\/2021\/11\/motorprosa-blog-header-zero-fxe-effekt.jpg?size=480x262&lossy=1&strip=1&webp=1 480w, https:\/\/b2642856.assetcdn.net\/2.0\/2642856\/wp-content\/uploads\/2021\/11\/motorprosa-blog-header-zero-fxe-effekt.jpg?size=720x393&lossy=1&strip=1&webp=1 720w, https:\/\/b2642856.assetcdn.net\/2.0\/2642856\/wp-content\/uploads\/2021\/11\/motorprosa-blog-header-zero-fxe-effekt.jpg?size=960x524&lossy=1&strip=1&webp=1 960w\" data-sizes=\"auto\" title=\"\" src=\"data:image\/svg+xml;base64,PHN2ZyB3aWR0aD0iMSIgaGVpZ2h0PSIxIiB4bWxucz0iaHR0cDovL3d3dy53My5vcmcvMjAwMC9zdmciPjwvc3ZnPg==\" style=\"--smush-placeholder-width: 1024px; --smush-placeholder-aspect-ratio: 1024\/559;\" data-original-sizes=\"(max-width: 1024px) 100vw, 1024px\">\t\t\t\t\t<\/a>\n\t\t\t\t\t\t\t<\/div>\n\t\t\t\t\t\t<h4 class=\"uagb-post__title uagb-post__text\">\n\t\t\t\t<a href=\"https:\/\/www.motorprosa.com\/en\/cool-riding-the-zero-fxe\/\" target=\"_self\" rel=\"bookmark noopener noreferrer\">Cool \u2013 Riding the Zero FXE 7.2<\/a>\n\t\t\t<\/h4>\n\t\t\t\t\t\t<div class='uagb-post__text uagb-post-grid-byline'>\n\t\t\t\t\t\t\t\t<span class=\"uagb-post__comment\">\n\t\t\t\t<span class=\"dashicons-admin-comments dashicons\"><\/span>\t\t\t\t\t1 Comment\t\t\t\t<\/span>\n\t\t\t\t\t\t<\/div>\n\t\t\t\t\t\t\t<div class='uagb-post__text uagb-post__excerpt'>\n\t\t\t\t\tRiding the new Zero FXE. Time to throw old ways overboard \u2013 with quirky memories of my noisy supermoto past, I get to ride the&#8230;\t\t\t\t<\/div>\n\t\t\t\n\t\t\t\t\t\t\t\t\t<\/article>\n\t\t\t\t\t\t\t\t\t\t\t\t\t\t\t\t<article class=\"uagb-post__inner-wrap\">\t\t\t\t\t\t\t\t<div class='uagb-post__image'>\n\t\t\t\t\t\t\t\t\t<a href=\"https:\/\/www.motorprosa.com\/en\/bullet-brake-test\/\" target=\"_self\" rel=\"bookmark noopener noreferrer\" class=\"uagb-image-ratio-inherit\"><img decoding=\"async\" width=\"1024\" height=\"575\" data-src=\"https:\/\/b2642856.assetcdn.net\/2.0\/2642856\/wp-content\/uploads\/2022\/01\/motorprosa-blog-header-bullet-brake-1-effekt-1024x575.jpg?lossy=1&strip=1&webp=1\" class=\"attachment-large size-large lazyload\" alt=\"MotorProsa: Blog Header Bullet Brake\" data-srcset=\"https:\/\/b2642856.assetcdn.net\/2.0\/2642856\/wp-content\/uploads\/2022\/01\/motorprosa-blog-header-bullet-brake-1-effekt-1024x575.jpg?lossy=1&strip=1&webp=1 1024w, https:\/\/b2642856.assetcdn.net\/2.0\/2642856\/wp-content\/uploads\/2022\/01\/motorprosa-blog-header-bullet-brake-1-effekt-300x169.jpg?lossy=1&strip=1&webp=1 300w, https:\/\/b2642856.assetcdn.net\/2.0\/2642856\/wp-content\/uploads\/2022\/01\/MotorProsa-Blog-Header-Bullet-Brake-1-Effekt-1.jpg?lossy=1&strip=1&webp=1 1200w, https:\/\/b2642856.assetcdn.net\/2.0\/2642856\/wp-content\/uploads\/2022\/01\/MotorProsa-Blog-Header-Bullet-Brake-1-Effekt-1.jpg?size=240x135&lossy=1&strip=1&webp=1 240w, https:\/\/b2642856.assetcdn.net\/2.0\/2642856\/wp-content\/uploads\/2022\/01\/MotorProsa-Blog-Header-Bullet-Brake-1-Effekt-1.jpg?size=480x270&lossy=1&strip=1&webp=1 480w, https:\/\/b2642856.assetcdn.net\/2.0\/2642856\/wp-content\/uploads\/2022\/01\/MotorProsa-Blog-Header-Bullet-Brake-1-Effekt-1.jpg?size=720x404&lossy=1&strip=1&webp=1 720w, https:\/\/b2642856.assetcdn.net\/2.0\/2642856\/wp-content\/uploads\/2022\/01\/MotorProsa-Blog-Header-Bullet-Brake-1-Effekt-1.jpg?size=960x539&lossy=1&strip=1&webp=1 960w\" data-sizes=\"auto\" title=\"\" src=\"data:image\/svg+xml;base64,PHN2ZyB3aWR0aD0iMSIgaGVpZ2h0PSIxIiB4bWxucz0iaHR0cDovL3d3dy53My5vcmcvMjAwMC9zdmciPjwvc3ZnPg==\" style=\"--smush-placeholder-width: 1024px; --smush-placeholder-aspect-ratio: 1024\/575;\" data-original-sizes=\"(max-width: 1024px) 100vw, 1024px\">\t\t\t\t\t<\/a>\n\t\t\t\t\t\t\t<\/div>\n\t\t\t\t\t\t<h4 class=\"uagb-post__title uagb-post__text\">\n\t\t\t\t<a href=\"https:\/\/www.motorprosa.com\/en\/bullet-brake-test\/\" target=\"_self\" rel=\"bookmark noopener noreferrer\">Bullet Brake, or: Your motorcycle brake can do more<\/a>\n\t\t\t<\/h4>\n\t\t\t\t\t\t<div class='uagb-post__text uagb-post-grid-byline'>\n\t\t\t\t\t\t\t\t<span class=\"uagb-post__comment\">\n\t\t\t\t<span class=\"dashicons-admin-comments dashicons\"><\/span>\t\t\t\t\tNo Comments\t\t\t\t<\/span>\n\t\t\t\t\t\t<\/div>\n\t\t\t\t\t\t\t<div class='uagb-post__text uagb-post__excerpt'>\n\t\t\t\t\tTesting the smart banjo bolt from Bullet Brake\u00a0\u2013 it solves a problem well known by drivers of electric motorcycles.\t\t\t\t<\/div>\n\t\t\t\n\t\t\t\t\t\t\t\t\t<\/article>\n\t\t\t\t\t\t\t\t\t\t\t\t\t\t\t\t<article class=\"uagb-post__inner-wrap\">\t\t\t\t\t\t\t\t<div class='uagb-post__image'>\n\t\t\t\t\t\t\t\t\t<a href=\"https:\/\/www.motorprosa.com\/en\/zero-sr-f-the-electric-way-of-drive\/\" target=\"_self\" rel=\"bookmark noopener noreferrer\" class=\"uagb-image-ratio-inherit\"><img decoding=\"async\" width=\"1024\" height=\"559\" data-src=\"https:\/\/b2642856.assetcdn.net\/2.0\/2642856\/wp-content\/uploads\/2021\/10\/motorprosa-blog-header-electrical-way-of-drive-effekt-1024x559.jpg?lossy=1&strip=1&webp=1\" class=\"attachment-large size-large lazyload\" alt=\"The Electrical Way of Drive: Zero SR\/F\" data-srcset=\"https:\/\/b2642856.assetcdn.net\/2.0\/2642856\/wp-content\/uploads\/2021\/10\/motorprosa-blog-header-electrical-way-of-drive-effekt-1024x559.jpg?lossy=1&strip=1&webp=1 1024w, https:\/\/b2642856.assetcdn.net\/2.0\/2642856\/wp-content\/uploads\/2021\/10\/motorprosa-blog-header-electrical-way-of-drive-effekt-300x164.jpg?lossy=1&strip=1&webp=1 300w, https:\/\/b2642856.assetcdn.net\/2.0\/2642856\/wp-content\/uploads\/2021\/10\/motorprosa-blog-header-electrical-way-of-drive-effekt.jpg?lossy=1&strip=1&webp=1 1200w, https:\/\/b2642856.assetcdn.net\/2.0\/2642856\/wp-content\/uploads\/2021\/10\/motorprosa-blog-header-electrical-way-of-drive-effekt.jpg?size=240x131&lossy=1&strip=1&webp=1 240w, https:\/\/b2642856.assetcdn.net\/2.0\/2642856\/wp-content\/uploads\/2021\/10\/motorprosa-blog-header-electrical-way-of-drive-effekt.jpg?size=480x262&lossy=1&strip=1&webp=1 480w, https:\/\/b2642856.assetcdn.net\/2.0\/2642856\/wp-content\/uploads\/2021\/10\/motorprosa-blog-header-electrical-way-of-drive-effekt.jpg?size=720x393&lossy=1&strip=1&webp=1 720w, https:\/\/b2642856.assetcdn.net\/2.0\/2642856\/wp-content\/uploads\/2021\/10\/motorprosa-blog-header-electrical-way-of-drive-effekt.jpg?size=960x524&lossy=1&strip=1&webp=1 960w\" data-sizes=\"auto\" title=\"\" src=\"data:image\/svg+xml;base64,PHN2ZyB3aWR0aD0iMSIgaGVpZ2h0PSIxIiB4bWxucz0iaHR0cDovL3d3dy53My5vcmcvMjAwMC9zdmciPjwvc3ZnPg==\" style=\"--smush-placeholder-width: 1024px; --smush-placeholder-aspect-ratio: 1024\/559;\" data-original-sizes=\"(max-width: 1024px) 100vw, 1024px\">\t\t\t\t\t<\/a>\n\t\t\t\t\t\t\t<\/div>\n\t\t\t\t\t\t<h4 class=\"uagb-post__title uagb-post__text\">\n\t\t\t\t<a href=\"https:\/\/www.motorprosa.com\/en\/zero-sr-f-the-electric-way-of-drive\/\" target=\"_self\" rel=\"bookmark noopener noreferrer\">Zero SR\/F: The Electric Way of Drive<\/a>\n\t\t\t<\/h4>\n\t\t\t\t\t\t<div class='uagb-post__text uagb-post-grid-byline'>\n\t\t\t\t\t\t\t\t<span class=\"uagb-post__comment\">\n\t\t\t\t<span class=\"dashicons-admin-comments dashicons\"><\/span>\t\t\t\t\tNo Comments\t\t\t\t<\/span>\n\t\t\t\t\t\t<\/div>\n\t\t\t\t\t\t\t<div class='uagb-post__text uagb-post__excerpt'>\n\t\t\t\t\tOn the road with the all-electric Zero SR\/F 14.4, the alternative Power Naked from the USA. Impressions of a first tour, lasting as long as&#8230;\t\t\t\t<\/div>\n\t\t\t\n\t\t\t\t\t\t\t\t\t<\/article>\n\t\t\t\t\t\t\t\t\t\t\t\t\t\t\t\t<article class=\"uagb-post__inner-wrap\">\t\t\t\t\t\t\t\t<div class='uagb-post__image'>\n\t\t\t\t\t\t\t\t\t<a href=\"https:\/\/www.motorprosa.com\/en\/my-emotions-when-riding-a-motorcycle\/\" target=\"_self\" rel=\"bookmark noopener noreferrer\" class=\"uagb-image-ratio-inherit\"><img decoding=\"async\" width=\"1024\" height=\"575\" data-src=\"https:\/\/b2642856.assetcdn.net\/2.0\/2642856\/wp-content\/uploads\/2024\/03\/MotorProsa-Blog-Header-Emotionen-1-Effekt-1024x575.jpg?lossy=1&strip=1&webp=1\" class=\"attachment-large size-large lazyload\" alt=\"Ein Motorradfahrer sitzt im Gr\u00fcnen auf einer Wiese voller gelber Blumen und genie\u00dft die Aussicht. Neben ihm steht ein modernes Motorrad.\" data-srcset=\"https:\/\/b2642856.assetcdn.net\/2.0\/2642856\/wp-content\/uploads\/2024\/03\/MotorProsa-Blog-Header-Emotionen-1-Effekt-1024x575.jpg?lossy=1&strip=1&webp=1 1024w, https:\/\/b2642856.assetcdn.net\/2.0\/2642856\/wp-content\/uploads\/2024\/03\/MotorProsa-Blog-Header-Emotionen-1-Effekt-300x169.jpg?lossy=1&strip=1&webp=1 300w, https:\/\/b2642856.assetcdn.net\/2.0\/2642856\/wp-content\/uploads\/2024\/03\/MotorProsa-Blog-Header-Emotionen-1-Effekt-768x431.jpg?lossy=1&strip=1&webp=1 768w, https:\/\/b2642856.assetcdn.net\/2.0\/2642856\/wp-content\/uploads\/2024\/03\/MotorProsa-Blog-Header-Emotionen-1-Effekt.jpg?lossy=1&strip=1&webp=1 1200w, https:\/\/b2642856.assetcdn.net\/2.0\/2642856\/wp-content\/uploads\/2024\/03\/MotorProsa-Blog-Header-Emotionen-1-Effekt.jpg?size=240x135&lossy=1&strip=1&webp=1 240w, https:\/\/b2642856.assetcdn.net\/2.0\/2642856\/wp-content\/uploads\/2024\/03\/MotorProsa-Blog-Header-Emotionen-1-Effekt.jpg?size=480x270&lossy=1&strip=1&webp=1 480w, https:\/\/b2642856.assetcdn.net\/2.0\/2642856\/wp-content\/uploads\/2024\/03\/MotorProsa-Blog-Header-Emotionen-1-Effekt.jpg?size=960x539&lossy=1&strip=1&webp=1 960w\" data-sizes=\"auto\" title=\"\" src=\"data:image\/svg+xml;base64,PHN2ZyB3aWR0aD0iMSIgaGVpZ2h0PSIxIiB4bWxucz0iaHR0cDovL3d3dy53My5vcmcvMjAwMC9zdmciPjwvc3ZnPg==\" style=\"--smush-placeholder-width: 1024px; --smush-placeholder-aspect-ratio: 1024\/575;\" data-original-sizes=\"(max-width: 1024px) 100vw, 1024px\">\t\t\t\t\t<\/a>\n\t\t\t\t\t\t\t<\/div>\n\t\t\t\t\t\t<h4 class=\"uagb-post__title uagb-post__text\">\n\t\t\t\t<a href=\"https:\/\/www.motorprosa.com\/en\/my-emotions-when-riding-a-motorcycle\/\" target=\"_self\" rel=\"bookmark noopener noreferrer\">(My) Emotions when riding a motorcycle<\/a>\n\t\t\t<\/h4>\n\t\t\t\t\t\t<div class='uagb-post__text uagb-post-grid-byline'>\n\t\t\t\t\t\t\t\t<span class=\"uagb-post__comment\">\n\t\t\t\t<span class=\"dashicons-admin-comments dashicons\"><\/span>\t\t\t\t\tNo Comments\t\t\t\t<\/span>\n\t\t\t\t\t\t<\/div>\n\t\t\t\t\t\t\t<div class='uagb-post__text uagb-post__excerpt'>\n\t\t\t\t\tWill the era of electromobility go down in history as the age of emotionlessness? Emotions \u2013 what are we actually talking about?\t\t\t\t<\/div>\n\t\t\t\n\t\t\t\t\t\t\t\t\t<\/article>\n\t\t\t\t\t\t\t\t\t\t\t\t\t\t\t\t<article class=\"uagb-post__inner-wrap\">\t\t\t\t\t\t\t\t<div class='uagb-post__image'>\n\t\t\t\t\t\t\t\t\t<a href=\"https:\/\/www.motorprosa.com\/en\/electric-journey-through-switzerland\/\" target=\"_self\" rel=\"bookmark noopener noreferrer\" class=\"uagb-image-ratio-inherit\"><img decoding=\"async\" width=\"1024\" height=\"559\" data-src=\"https:\/\/b2642856.assetcdn.net\/2.0\/2642856\/wp-content\/uploads\/2021\/12\/motorprosa-blog-header-elektrisch-durch-die-schweiz-effekt-1024x559.jpg?lossy=1&strip=1&webp=1\" class=\"attachment-large size-large lazyload\" alt=\"MotorProsa: Blog Header Elektrisch durch die Schweiz (Effekt)\" data-srcset=\"https:\/\/b2642856.assetcdn.net\/2.0\/2642856\/wp-content\/uploads\/2021\/12\/motorprosa-blog-header-elektrisch-durch-die-schweiz-effekt-1024x559.jpg?lossy=1&strip=1&webp=1 1024w, https:\/\/b2642856.assetcdn.net\/2.0\/2642856\/wp-content\/uploads\/2021\/12\/motorprosa-blog-header-elektrisch-durch-die-schweiz-effekt-300x164.jpg?lossy=1&strip=1&webp=1 300w, https:\/\/b2642856.assetcdn.net\/2.0\/2642856\/wp-content\/uploads\/2021\/12\/motorprosa-blog-header-elektrisch-durch-die-schweiz-effekt.jpg?lossy=1&strip=1&webp=1 1200w, https:\/\/b2642856.assetcdn.net\/2.0\/2642856\/wp-content\/uploads\/2021\/12\/motorprosa-blog-header-elektrisch-durch-die-schweiz-effekt.jpg?size=240x131&lossy=1&strip=1&webp=1 240w, https:\/\/b2642856.assetcdn.net\/2.0\/2642856\/wp-content\/uploads\/2021\/12\/motorprosa-blog-header-elektrisch-durch-die-schweiz-effekt.jpg?size=480x262&lossy=1&strip=1&webp=1 480w, https:\/\/b2642856.assetcdn.net\/2.0\/2642856\/wp-content\/uploads\/2021\/12\/motorprosa-blog-header-elektrisch-durch-die-schweiz-effekt.jpg?size=720x393&lossy=1&strip=1&webp=1 720w, https:\/\/b2642856.assetcdn.net\/2.0\/2642856\/wp-content\/uploads\/2021\/12\/motorprosa-blog-header-elektrisch-durch-die-schweiz-effekt.jpg?size=960x524&lossy=1&strip=1&webp=1 960w\" data-sizes=\"auto\" title=\"\" src=\"data:image\/svg+xml;base64,PHN2ZyB3aWR0aD0iMSIgaGVpZ2h0PSIxIiB4bWxucz0iaHR0cDovL3d3dy53My5vcmcvMjAwMC9zdmciPjwvc3ZnPg==\" style=\"--smush-placeholder-width: 1024px; --smush-placeholder-aspect-ratio: 1024\/559;\" data-original-sizes=\"(max-width: 1024px) 100vw, 1024px\">\t\t\t\t\t<\/a>\n\t\t\t\t\t\t\t<\/div>\n\t\t\t\t\t\t<h4 class=\"uagb-post__title uagb-post__text\">\n\t\t\t\t<a href=\"https:\/\/www.motorprosa.com\/en\/electric-journey-through-switzerland\/\" target=\"_self\" rel=\"bookmark noopener noreferrer\">An electric journey through Switzerland<\/a>\n\t\t\t<\/h4>\n\t\t\t\t\t\t<div class='uagb-post__text uagb-post-grid-byline'>\n\t\t\t\t\t\t\t\t<span class=\"uagb-post__comment\">\n\t\t\t\t<span class=\"dashicons-admin-comments dashicons\"><\/span>\t\t\t\t\t19 Comments\t\t\t\t<\/span>\n\t\t\t\t\t\t<\/div>\n\t\t\t\t\t\t\t<div class='uagb-post__text uagb-post__excerpt'>\n\t\t\t\t\tLet&#8217;s start my first electric journey. I&#8217;m setting off for the Swiss canton of Obwalden. 340 km \u2013 will I manage the distance in one&#8230;\t\t\t\t<\/div>\n\t\t\t\n\t\t\t\t\t\t\t\t\t<\/article>\n\t\t\t\t\t\t\t\t\t\t\t\t\t\t\t\t<article class=\"uagb-post__inner-wrap\">\t\t\t\t\t\t\t\t<div class='uagb-post__image'>\n\t\t\t\t\t\t\t\t\t<a href=\"https:\/\/www.motorprosa.com\/en\/energica-ego-new-motorcycling\/\" target=\"_self\" rel=\"bookmark noopener noreferrer\" class=\"uagb-image-ratio-inherit\"><img decoding=\"async\" width=\"1024\" height=\"559\" data-src=\"https:\/\/b2642856.assetcdn.net\/2.0\/2642856\/wp-content\/uploads\/2021\/10\/motorprosa-blog-header-stromaufwaerts-effekt-1024x559.jpg?lossy=1&strip=1&webp=1\" class=\"attachment-large size-large lazyload\" alt=\"MotorProsa: Energica Ego - Neues Motorradfahren\" data-srcset=\"https:\/\/b2642856.assetcdn.net\/2.0\/2642856\/wp-content\/uploads\/2021\/10\/motorprosa-blog-header-stromaufwaerts-effekt-1024x559.jpg?lossy=1&strip=1&webp=1 1024w, https:\/\/b2642856.assetcdn.net\/2.0\/2642856\/wp-content\/uploads\/2021\/10\/motorprosa-blog-header-stromaufwaerts-effekt-300x164.jpg?lossy=1&strip=1&webp=1 300w, https:\/\/b2642856.assetcdn.net\/2.0\/2642856\/wp-content\/uploads\/2021\/10\/motorprosa-blog-header-stromaufwaerts-effekt.jpg?lossy=1&strip=1&webp=1 1200w, https:\/\/b2642856.assetcdn.net\/2.0\/2642856\/wp-content\/uploads\/2021\/10\/motorprosa-blog-header-stromaufwaerts-effekt.jpg?size=240x131&lossy=1&strip=1&webp=1 240w, https:\/\/b2642856.assetcdn.net\/2.0\/2642856\/wp-content\/uploads\/2021\/10\/motorprosa-blog-header-stromaufwaerts-effekt.jpg?size=480x262&lossy=1&strip=1&webp=1 480w, https:\/\/b2642856.assetcdn.net\/2.0\/2642856\/wp-content\/uploads\/2021\/10\/motorprosa-blog-header-stromaufwaerts-effekt.jpg?size=720x393&lossy=1&strip=1&webp=1 720w, https:\/\/b2642856.assetcdn.net\/2.0\/2642856\/wp-content\/uploads\/2021\/10\/motorprosa-blog-header-stromaufwaerts-effekt.jpg?size=960x524&lossy=1&strip=1&webp=1 960w\" data-sizes=\"auto\" title=\"\" src=\"data:image\/svg+xml;base64,PHN2ZyB3aWR0aD0iMSIgaGVpZ2h0PSIxIiB4bWxucz0iaHR0cDovL3d3dy53My5vcmcvMjAwMC9zdmciPjwvc3ZnPg==\" style=\"--smush-placeholder-width: 1024px; --smush-placeholder-aspect-ratio: 1024\/559;\" data-original-sizes=\"(max-width: 1024px) 100vw, 1024px\">\t\t\t\t\t<\/a>\n\t\t\t\t\t\t\t<\/div>\n\t\t\t\t\t\t<h4 class=\"uagb-post__title uagb-post__text\">\n\t\t\t\t<a href=\"https:\/\/www.motorprosa.com\/en\/energica-ego-new-motorcycling\/\" target=\"_self\" rel=\"bookmark noopener noreferrer\">Energica Ego \u2013 New Motorcycling<\/a>\n\t\t\t<\/h4>\n\t\t\t\t\t\t<div class='uagb-post__text uagb-post-grid-byline'>\n\t\t\t\t\t\t\t\t<span class=\"uagb-post__comment\">\n\t\t\t\t<span class=\"dashicons-admin-comments dashicons\"><\/span>\t\t\t\t\tNo Comments\t\t\t\t<\/span>\n\t\t\t\t\t\t<\/div>\n\t\t\t\t\t\t\t<div class='uagb-post__text uagb-post__excerpt'>\n\t\t\t\t\tOn the road with the beautiful Energica Ego and the Eva Esse Esse 9 &#8211; unique italian motorbikes with an unusual drivetrain.\t\t\t\t<\/div>\n\t\t\t\n\t\t\t\t\t\t\t\t\t<\/article>\n\t\t\t\t\t\t\t\t\t\t\t\t\t<div class=\"uagb-post-pagination-wrap\">\n\t\t\t\t\t\t<span aria-current=\"page\" class=\"page-numbers current\">1<\/span>\n<a class=\"page-numbers\" href=\"https:\/\/www.motorprosa.com\/en\/wp-json\/wp\/v2\/posts\/333585\/page\/2\/\">2<\/a>\n<a class=\"next page-numbers\" href=\"https:\/\/www.motorprosa.com\/en\/wp-json\/wp\/v2\/posts\/333585\/page\/2\/\">\u00bb<\/a>\t\t\t\t\t<\/div>\n\t\t\t\t\t\t\t\t<\/div>\n\t\t\t","protected":false},"excerpt":{"rendered":"<p>We wanted to know exactly &#8211; my friend Ralf and I do the fact check. The report of our fuel consumption trip with a Zero DSR\/X and a Harley Davidson Road King.<\/p>\n","protected":false},"author":1,"featured_media":332827,"comment_status":"open","ping_status":"closed","sticky":false,"template":"","format":"standard","meta":{"_uag_custom_page_level_css":"","_lmt_disableupdate":"","_lmt_disable":"","yasr_overall_rating":0,"yasr_post_is_review":"","yasr_auto_insert_disabled":"","yasr_review_type":"BlogPosting","footnotes":""},"categories":[530,583,549,537],"tags":[],"class_list":["post-333585","post","type-post","status-publish","format-standard","has-post-thumbnail","hentry","category-electromobility","category-harley-davidson-en","category-motorcycles","category-zero-motorcycles","infinite-scroll-item","generate-columns","tablet-grid-50","mobile-grid-100","grid-parent","grid-50","no-featured-image-padding"],"yasr_visitor_votes":{"stars_attributes":{"read_only":false,"span_bottom":false},"number_of_votes":0,"sum_votes":0},"modified_by":"J\u00fcrgen 'JvS' Theiner","uagb_featured_image_src":{"full":["https:\/\/www.motorprosa.com\/wp-content\/uploads\/2025\/04\/MotorProsa-Blog-Header-Zero-Verbrauchsfahrt-Effekt.jpg",1200,674,false],"thumbnail":["https:\/\/www.motorprosa.com\/wp-content\/uploads\/2025\/04\/MotorProsa-Blog-Header-Zero-Verbrauchsfahrt-Effekt-150x150.jpg",150,150,true],"medium":["https:\/\/www.motorprosa.com\/wp-content\/uploads\/2025\/04\/MotorProsa-Blog-Header-Zero-Verbrauchsfahrt-Effekt-300x169.jpg",300,169,true],"medium_large":["https:\/\/www.motorprosa.com\/wp-content\/uploads\/2025\/04\/MotorProsa-Blog-Header-Zero-Verbrauchsfahrt-Effekt-768x431.jpg",768,431,true],"large":["https:\/\/www.motorprosa.com\/wp-content\/uploads\/2025\/04\/MotorProsa-Blog-Header-Zero-Verbrauchsfahrt-Effekt-1024x575.jpg",1024,575,true],"1536x1536":["https:\/\/www.motorprosa.com\/wp-content\/uploads\/2025\/04\/MotorProsa-Blog-Header-Zero-Verbrauchsfahrt-Effekt.jpg",1200,674,false],"2048x2048":["https:\/\/www.motorprosa.com\/wp-content\/uploads\/2025\/04\/MotorProsa-Blog-Header-Zero-Verbrauchsfahrt-Effekt.jpg",1200,674,false],"mailpoet_newsletter_max":["https:\/\/www.motorprosa.com\/wp-content\/uploads\/2025\/04\/MotorProsa-Blog-Header-Zero-Verbrauchsfahrt-Effekt.jpg",1200,674,false]},"uagb_author_info":{"display_name":"J\u00fcrgen 'JvS' Theiner","author_link":"https:\/\/www.motorprosa.com\/en\/author\/infomotorprosa-com\/"},"uagb_comment_info":0,"uagb_excerpt":"We wanted to know exactly - my friend Ralf and I do the fact check. The report of our fuel consumption trip with a Zero DSR\/X and a Harley Davidson Road King.","_links":{"self":[{"href":"https:\/\/www.motorprosa.com\/en\/wp-json\/wp\/v2\/posts\/333585","targetHints":{"allow":["GET"]}}],"collection":[{"href":"https:\/\/www.motorprosa.com\/en\/wp-json\/wp\/v2\/posts"}],"about":[{"href":"https:\/\/www.motorprosa.com\/en\/wp-json\/wp\/v2\/types\/post"}],"author":[{"embeddable":true,"href":"https:\/\/www.motorprosa.com\/en\/wp-json\/wp\/v2\/users\/1"}],"replies":[{"embeddable":true,"href":"https:\/\/www.motorprosa.com\/en\/wp-json\/wp\/v2\/comments?post=333585"}],"version-history":[{"count":0,"href":"https:\/\/www.motorprosa.com\/en\/wp-json\/wp\/v2\/posts\/333585\/revisions"}],"wp:featuredmedia":[{"embeddable":true,"href":"https:\/\/www.motorprosa.com\/en\/wp-json\/wp\/v2\/media\/332827"}],"wp:attachment":[{"href":"https:\/\/www.motorprosa.com\/en\/wp-json\/wp\/v2\/media?parent=333585"}],"wp:term":[{"taxonomy":"category","embeddable":true,"href":"https:\/\/www.motorprosa.com\/en\/wp-json\/wp\/v2\/categories?post=333585"},{"taxonomy":"post_tag","embeddable":true,"href":"https:\/\/www.motorprosa.com\/en\/wp-json\/wp\/v2\/tags?post=333585"}],"curies":[{"name":"wp","href":"https:\/\/api.w.org\/{rel}","templated":true}]}}