{"id":316217,"date":"2024-12-16T21:26:45","date_gmt":"2024-12-16T20:26:45","guid":{"rendered":"https:\/\/www.motorprosa.com\/?p=316217"},"modified":"2025-01-08T19:04:57","modified_gmt":"2025-01-08T18:04:57","slug":"2024-a-year-full-of-stories-and-curves","status":"publish","type":"post","link":"https:\/\/www.motorprosa.com\/en\/2024-a-year-full-of-stories-and-curves\/","title":{"rendered":"2024: A year full of stories and curves"},"content":{"rendered":"\n<figure class=\"wp-block-image alignwide size-large\"><img decoding=\"async\" width=\"1024\" height=\"544\" data-src=\"https:\/\/b2642856.assetcdn.net\/2.0\/2642856\/wp-content\/uploads\/2024\/12\/MotorProsa-Blog-Header-1-1024x544.jpg?lossy=1&strip=1&webp=1\" alt=\"\" class=\"wp-image-308533 lazyload\" title=\"\" data-srcset=\"https:\/\/b2642856.assetcdn.net\/2.0\/2642856\/wp-content\/uploads\/2024\/12\/MotorProsa-Blog-Header-1-1024x544.jpg?lossy=1&strip=1&webp=1 1024w, https:\/\/b2642856.assetcdn.net\/2.0\/2642856\/wp-content\/uploads\/2024\/12\/MotorProsa-Blog-Header-1-300x160.jpg?lossy=1&strip=1&webp=1 300w, https:\/\/b2642856.assetcdn.net\/2.0\/2642856\/wp-content\/uploads\/2024\/12\/MotorProsa-Blog-Header-1-768x408.jpg?lossy=1&strip=1&webp=1 768w, https:\/\/b2642856.assetcdn.net\/2.0\/2642856\/wp-content\/uploads\/2024\/12\/MotorProsa-Blog-Header-1.jpg?lossy=1&strip=1&webp=1 1200w, https:\/\/b2642856.assetcdn.net\/2.0\/2642856\/wp-content\/uploads\/2024\/12\/MotorProsa-Blog-Header-1.jpg?size=240x128&lossy=1&strip=1&webp=1 240w, https:\/\/b2642856.assetcdn.net\/2.0\/2642856\/wp-content\/uploads\/2024\/12\/MotorProsa-Blog-Header-1.jpg?size=480x255&lossy=1&strip=1&webp=1 480w, https:\/\/b2642856.assetcdn.net\/2.0\/2642856\/wp-content\/uploads\/2024\/12\/MotorProsa-Blog-Header-1.jpg?size=960x510&lossy=1&strip=1&webp=1 960w\" data-sizes=\"auto\" src=\"data:image\/svg+xml;base64,PHN2ZyB3aWR0aD0iMSIgaGVpZ2h0PSIxIiB4bWxucz0iaHR0cDovL3d3dy53My5vcmcvMjAwMC9zdmciPjwvc3ZnPg==\" style=\"--smush-placeholder-width: 1024px; --smush-placeholder-aspect-ratio: 1024\/544;\" data-original-sizes=\"(max-width: 1024px) 100vw, 1024px\" \/><figcaption class=\"wp-element-caption\"><span class=\"wtr-time-wrap block after-title\">Lesedauer \/\/ Reading time: <span class=\"wtr-time-number\">6<\/span> Min.<\/span><\/figcaption><\/figure>\n\n\n\n<p class=\"wp-block-paragraph\"><strong><em>Doesn&#8217;t it feel like 2024 has only just begun? As if it were yesterday, I remember my spring hikes along blossoming apple trees and endless fields of dandelions. And now the calendar actually shows week 51 again. Will you look back on my 2024 with me?<\/em><\/strong><\/p>\n\n\n\n<figure class=\"wp-block-image size-large\"><img decoding=\"async\" width=\"1024\" height=\"60\" data-src=\"https:\/\/b2642856.assetcdn.net\/2.0\/2642856\/wp-content\/uploads\/2020\/02\/Trenner-1024x60-1.png?lossy=1&strip=1&webp=1\" alt=\"Das Symbol von MotorProsa: die F\u00fcllfeder.\" class=\"wp-image-441 lazyload\" title=\"MotorProsa: Motorrad-Geschichten, geschrieben mit Passion\" data-srcset=\"https:\/\/b2642856.assetcdn.net\/2.0\/2642856\/wp-content\/uploads\/2020\/02\/Trenner-1024x60-1.png?lossy=1&strip=1&webp=1 1024w, https:\/\/b2642856.assetcdn.net\/2.0\/2642856\/wp-content\/uploads\/2020\/02\/Trenner-1024x60-1-300x18.png?lossy=1&strip=1&webp=1 300w, https:\/\/b2642856.assetcdn.net\/2.0\/2642856\/wp-content\/uploads\/2020\/02\/Trenner-1024x60-1-768x45.png?lossy=1&strip=1&webp=1 768w, https:\/\/b2642856.assetcdn.net\/2.0\/2642856\/wp-content\/uploads\/2020\/02\/Trenner-1024x60-1.png?size=240x14&lossy=1&strip=1&webp=1 240w, https:\/\/b2642856.assetcdn.net\/2.0\/2642856\/wp-content\/uploads\/2020\/02\/Trenner-1024x60-1.png?size=480x28&lossy=1&strip=1&webp=1 480w, https:\/\/b2642856.assetcdn.net\/2.0\/2642856\/wp-content\/uploads\/2020\/02\/Trenner-1024x60-1.png?size=960x56&lossy=1&strip=1&webp=1 960w\" data-sizes=\"auto\" src=\"data:image\/svg+xml;base64,PHN2ZyB3aWR0aD0iMSIgaGVpZ2h0PSIxIiB4bWxucz0iaHR0cDovL3d3dy53My5vcmcvMjAwMC9zdmciPjwvc3ZnPg==\" style=\"--smush-placeholder-width: 1024px; --smush-placeholder-aspect-ratio: 1024\/60;\" data-original-sizes=\"(max-width: 1024px) 100vw, 1024px\" \/><\/figure>\n\n\n\n<div style=\"height:50px\" aria-hidden=\"true\" class=\"wp-block-spacer\"><\/div>\n\n\n\n<p class=\"has-text-align-center has-background wp-block-paragraph\" style=\"background-color:#c8e4f5\"><strong>Before you read, please note<\/strong>: this post was translated with the help of <a href=\"https:\/\/www.deepl.com\/\" target=\"_blank\" rel=\"noreferrer noopener\">Deepl<\/a>.<br>If you find any errors \u2013 please have fun first and then give me a hint.<\/p>\n\n\n\n<h2 class=\"wp-block-heading has-drop-cap\">My motorcycle year<br>&nbsp;2024<\/h2>\n\n\n\n<p class=\"wp-block-paragraph\">My motorcycle year 2024 was all about the Dolomites and nearby Switzerland. I rode my <a href=\"https:\/\/www.motorprosa.com\/en\/ducati-748s-character\/\" data-type=\"post\" data-id=\"8605\">Ducati 748s<\/a> on the Sella and W\u00fcrzjoch Passes as well as in the Engadine for research and photo trips, while my <a href=\"https:\/\/www.motorprosa.com\/en\/zero-sr-f-the-electric-way-of-drive\/\" data-type=\"post\" data-id=\"8078\">Zero SR\/F<\/a> was used for the Umbrail, Ofen, Albula and Spl\u00fcgen Passes. Harley Davidson&#8217;s <a href=\"https:\/\/www.motorprosa.com\/en\/harley-davidson-road-king\/\" data-type=\"post\" data-id=\"11542\">Road King<\/a>, which had been chassis-optimized over the winter, paid its sonorous respects to the major passes of central Switzerland (Oberalp, Susten, Grimsel, Furka, Gotthard) on a wonderful weekend tour.<\/p>\n\n\n\n<figure class=\"wp-block-image size-full my-image-border\"><img decoding=\"async\" width=\"1024\" height=\"945\" data-src=\"https:\/\/b2642856.assetcdn.net\/2.0\/2642856\/wp-content\/uploads\/2024\/12\/MotorProsa-Blog-Post-Ducati-Wuerzjoch-1.jpg?lossy=1&strip=1&webp=1\" alt=\"At the W\u00fcrzjoch: gathering impressions\" class=\"wp-image-308555 lazyload\" title=\"\" data-srcset=\"https:\/\/b2642856.assetcdn.net\/2.0\/2642856\/wp-content\/uploads\/2024\/12\/MotorProsa-Blog-Post-Ducati-Wuerzjoch-1.jpg?lossy=1&strip=1&webp=1 1024w, https:\/\/b2642856.assetcdn.net\/2.0\/2642856\/wp-content\/uploads\/2024\/12\/MotorProsa-Blog-Post-Ducati-Wuerzjoch-1-300x277.jpg?lossy=1&strip=1&webp=1 300w, https:\/\/b2642856.assetcdn.net\/2.0\/2642856\/wp-content\/uploads\/2024\/12\/MotorProsa-Blog-Post-Ducati-Wuerzjoch-1-768x709.jpg?lossy=1&strip=1&webp=1 768w, https:\/\/b2642856.assetcdn.net\/2.0\/2642856\/wp-content\/uploads\/2024\/12\/MotorProsa-Blog-Post-Ducati-Wuerzjoch-1.jpg?size=240x221&lossy=1&strip=1&webp=1 240w, https:\/\/b2642856.assetcdn.net\/2.0\/2642856\/wp-content\/uploads\/2024\/12\/MotorProsa-Blog-Post-Ducati-Wuerzjoch-1.jpg?size=480x443&lossy=1&strip=1&webp=1 480w, https:\/\/b2642856.assetcdn.net\/2.0\/2642856\/wp-content\/uploads\/2024\/12\/MotorProsa-Blog-Post-Ducati-Wuerzjoch-1.jpg?size=960x886&lossy=1&strip=1&webp=1 960w\" data-sizes=\"auto\" src=\"data:image\/svg+xml;base64,PHN2ZyB3aWR0aD0iMSIgaGVpZ2h0PSIxIiB4bWxucz0iaHR0cDovL3d3dy53My5vcmcvMjAwMC9zdmciPjwvc3ZnPg==\" style=\"--smush-placeholder-width: 1024px; --smush-placeholder-aspect-ratio: 1024\/945;\" data-original-sizes=\"(max-width: 1024px) 100vw, 1024px\" \/><figcaption class=\"wp-element-caption\"><br><h3>Gathering impressions at the W\u00fcrzjoch pass<\/h3><\/figcaption><\/figure>\n\n\n\n<p class=\"wp-block-paragraph\">I have ambivalent memories of the days in the Dolomites. When I jokingly wrote about <a href=\"https:\/\/www.motorprosa.com\/en\/dolomites-2024-new-restrictions\/\" data-type=\"post\" data-id=\"248640\">new restrictions on April 1st<\/a>, I had no idea how necessary they would actually be. A Sunday morning on the Sella Pass is an absolute traffic catastrophe, compulsory parking discs in the smallest parking bays and tow trucks at over 2000 meters above sea level were new to me.<\/p>\n\n\n\n<p class=\"wp-block-paragraph\">I found the balance in several, slowly driven tours through the side valleys of the Engadine, rides and hikes (yes, indeed on foot) on the Stelvio and Spl\u00fcgen Passes and extended writing sessions on the edges of alpine roads.<\/p>\n\n\n\t\t\t\t\t<div\n\t\t\t\t\t\tclass=\"wp-block-uagb-image-gallery uagb-block-e9d470d9 my-image-border    \"\n\t\t\t\t\t\tstyle=\"\"\n\t\t\t\t\t>\n\t\t\t\t\t\t\t\t\t\t\t<div class=\"spectra-image-gallery spectra-image-gallery__layout--grid spectra-image-gallery__layout--grid-col-2 spectra-image-gallery__layout--grid-col-tab-2 spectra-image-gallery__layout--grid-col-mob-2\">\n\t\t\t\t\t\t\t\t\t\t\t<div class=\"spectra-image-gallery__media-wrapper\" data-spectra-gallery-image-id=\"308539\" tabindex=\"0\">\n\t\t\t\t\t\t\t<div class=\"spectra-image-gallery__media spectra-image-gallery__media--grid\">\n\t\t\t\t<picture>\n\t\t\t\t\t<source media=\"(min-width: 1024px)\" data-srcset=\"https:\/\/b2642856.assetcdn.net\/2.0\/2642856\/wp-content\/uploads\/2024\/12\/MotorProsa-Blog-Post-Zero-SRF-Spluegen-1-1.jpg?lossy=1&strip=1&webp=1\">\n\t\t\t\t\t<source media=\"(min-width: 768px)\" data-srcset=\"https:\/\/b2642856.assetcdn.net\/2.0\/2642856\/wp-content\/uploads\/2024\/12\/MotorProsa-Blog-Post-Zero-SRF-Spluegen-1-1.jpg?lossy=1&strip=1&webp=1\">\n\t\t\t\t\t<img decoding=\"async\" class=\"spectra-image-gallery__media-thumbnail spectra-image-gallery__media-thumbnail--grid lazyload\" data-src=\"https:\/\/b2642856.assetcdn.net\/2.0\/2642856\/wp-content\/uploads\/2024\/12\/MotorProsa-Blog-Post-Zero-SRF-Spluegen-1-1-300x277.jpg?lossy=1&strip=1&webp=1\" alt=\"With the Zero SR\/F on the Spl\u00fcgen pass\" title=\"\" data-srcset=\"https:\/\/b2642856.assetcdn.net\/2.0\/2642856\/wp-content\/uploads\/2024\/12\/MotorProsa-Blog-Post-Zero-SRF-Spluegen-1-1-300x277.jpg?lossy=1&amp;strip=1&amp;webp=1 300w, https:\/\/b2642856.assetcdn.net\/2.0\/2642856\/wp-content\/uploads\/2024\/12\/MotorProsa-Blog-Post-Zero-SRF-Spluegen-1-1-768x709.jpg?lossy=1&amp;strip=1&amp;webp=1 768w, https:\/\/b2642856.assetcdn.net\/2.0\/2642856\/wp-content\/uploads\/2024\/12\/MotorProsa-Blog-Post-Zero-SRF-Spluegen-1-1.jpg?lossy=1&amp;strip=1&amp;webp=1 1024w, https:\/\/b2642856.assetcdn.net\/2.0\/2642856\/wp-content\/uploads\/2024\/12\/MotorProsa-Blog-Post-Zero-SRF-Spluegen-1-1.jpg?size=240x222&amp;lossy=1&amp;strip=1&amp;webp=1 240w\" data-sizes=\"auto\" src=\"data:image\/svg+xml;base64,PHN2ZyB3aWR0aD0iMSIgaGVpZ2h0PSIxIiB4bWxucz0iaHR0cDovL3d3dy53My5vcmcvMjAwMC9zdmciPjwvc3ZnPg==\" style=\"--smush-placeholder-width: 300px; --smush-placeholder-aspect-ratio: 300\/277;\" data-original-sizes=\"(max-width: 300px) 100vw, 300px\">\n\t\t\t\t<\/picture>\n\t\t\t\t<div class=\"spectra-image-gallery__media-thumbnail-blurrer\"><\/div>\n\t\t\t\t\t\t\t\t\t\t\t<div class=\"spectra-image-gallery__media-thumbnail-caption-wrapper spectra-image-gallery__media-thumbnail-caption-wrapper--bar-inside\">\n\t\t\t\t\t\t\t\t\t\t\t<div class=\"spectra-image-gallery__media-thumbnail-caption spectra-image-gallery__media-thumbnail-caption--bar-inside\">\n\t\t\t\t\tWith the Zero SR\/F on the Spl\u00fcgen pass\t\t\t\t<\/div>\n\t\t\t\t\t\t\t\t\t\t<\/div>\n\t\t\t\t\t\t\t\t\t<\/div>\n\t\t\t\t\t\t<\/div>\n\t\t\t\t\t\t<div class=\"spectra-image-gallery__media-wrapper\" data-spectra-gallery-image-id=\"308542\" tabindex=\"0\">\n\t\t\t\t\t\t\t<div class=\"spectra-image-gallery__media spectra-image-gallery__media--grid\">\n\t\t\t\t<picture>\n\t\t\t\t\t<source media=\"(min-width: 1024px)\" data-srcset=\"https:\/\/b2642856.assetcdn.net\/2.0\/2642856\/wp-content\/uploads\/2024\/12\/MotorProsa-Blog-Post-Zentralschweiz-1.jpg?lossy=1&strip=1&webp=1\">\n\t\t\t\t\t<source media=\"(min-width: 768px)\" data-srcset=\"https:\/\/b2642856.assetcdn.net\/2.0\/2642856\/wp-content\/uploads\/2024\/12\/MotorProsa-Blog-Post-Zentralschweiz-1.jpg?lossy=1&strip=1&webp=1\">\n\t\t\t\t\t<img decoding=\"async\" class=\"spectra-image-gallery__media-thumbnail spectra-image-gallery__media-thumbnail--grid lazyload\" data-src=\"https:\/\/b2642856.assetcdn.net\/2.0\/2642856\/wp-content\/uploads\/2024\/12\/MotorProsa-Blog-Post-Zentralschweiz-1-300x277.jpg?lossy=1&strip=1&webp=1\" alt=\"On the way to Central Switzerland\" title=\"\" data-srcset=\"https:\/\/b2642856.assetcdn.net\/2.0\/2642856\/wp-content\/uploads\/2024\/12\/MotorProsa-Blog-Post-Zentralschweiz-1-300x277.jpg?lossy=1&amp;strip=1&amp;webp=1 300w, https:\/\/b2642856.assetcdn.net\/2.0\/2642856\/wp-content\/uploads\/2024\/12\/MotorProsa-Blog-Post-Zentralschweiz-1-768x709.jpg?lossy=1&amp;strip=1&amp;webp=1 768w, https:\/\/b2642856.assetcdn.net\/2.0\/2642856\/wp-content\/uploads\/2024\/12\/MotorProsa-Blog-Post-Zentralschweiz-1.jpg?lossy=1&amp;strip=1&amp;webp=1 1024w, https:\/\/b2642856.assetcdn.net\/2.0\/2642856\/wp-content\/uploads\/2024\/12\/MotorProsa-Blog-Post-Zentralschweiz-1.jpg?size=240x222&amp;lossy=1&amp;strip=1&amp;webp=1 240w\" data-sizes=\"auto\" src=\"data:image\/svg+xml;base64,PHN2ZyB3aWR0aD0iMSIgaGVpZ2h0PSIxIiB4bWxucz0iaHR0cDovL3d3dy53My5vcmcvMjAwMC9zdmciPjwvc3ZnPg==\" style=\"--smush-placeholder-width: 300px; --smush-placeholder-aspect-ratio: 300\/277;\" data-original-sizes=\"(max-width: 300px) 100vw, 300px\">\n\t\t\t\t<\/picture>\n\t\t\t\t<div class=\"spectra-image-gallery__media-thumbnail-blurrer\"><\/div>\n\t\t\t\t\t\t\t\t\t\t\t<div class=\"spectra-image-gallery__media-thumbnail-caption-wrapper spectra-image-gallery__media-thumbnail-caption-wrapper--bar-inside\">\n\t\t\t\t\t\t\t\t\t\t\t<div class=\"spectra-image-gallery__media-thumbnail-caption spectra-image-gallery__media-thumbnail-caption--bar-inside\">\n\t\t\t\t\tOn the way to Central Switzerland\t\t\t\t<\/div>\n\t\t\t\t\t\t\t\t\t\t<\/div>\n\t\t\t\t\t\t\t\t\t<\/div>\n\t\t\t\t\t\t<\/div>\n\t\t\t\t\t\t\t\t\t\t<\/div>\n\t\t\t\t\t\t\t\t\t\t\t\t\t\t\t\t\t\t<\/div>\n\t\t\t\t\t\t\t\t\t\t\t<div class='spectra-image-gallery__control-lightbox' tabindex='0'>\n\t\t\t\t\t\t\t\t\t\t\t<div class=\"swiper spectra-image-gallery__control-lightbox--main\" dir=\"\">\n\t\t\t\t\t<div class=\"swiper-wrapper\">\n\t\t\t\t\t\t\t\t\t\t\t\t\t\n\t\t\t\t\t\t\t<div class=\"swiper-slide\">\n\t\t\t\t\t\t\t\t<img class=\"swiper-lazy\" data-src=\"https:\/\/b2642856.assetcdn.net\/2.0\/2642856\/wp-content\/uploads\/2024\/12\/MotorProsa-Blog-Post-Zero-SRF-Spluegen-1-1.jpg?lossy=1&strip=1&webp=1\" alt=\"With the Zero SR\/F on the Spl\u00fcgen pass\"\/>\n\t\t\t\t\t\t\t\t<div class=\"swiper-lazy-preloader swiper-lazy-preloader-white\"><\/div>\n\t\t\t\t\t\t\t\t\t\t\t\t\t\t\t<\/div>\n\t\t\t\t\t\t\t\t\t\t\t\t\t\n\t\t\t\t\t\t\t<div class=\"swiper-slide\">\n\t\t\t\t\t\t\t\t<img class=\"swiper-lazy\" data-src=\"https:\/\/b2642856.assetcdn.net\/2.0\/2642856\/wp-content\/uploads\/2024\/12\/MotorProsa-Blog-Post-Zentralschweiz-1.jpg?lossy=1&strip=1&webp=1\" alt=\"On the way to Central Switzerland\"\/>\n\t\t\t\t\t\t\t\t<div class=\"swiper-lazy-preloader swiper-lazy-preloader-white\"><\/div>\n\t\t\t\t\t\t\t\t\t\t\t\t\t\t\t<\/div>\n\t\t\t\t\t\t\t\t\t\t\t<\/div>\n\t\t\t\t\t<div class=\"swiper-button-next\"><\/div>\n\t\t\t\t\t<div class=\"swiper-button-prev\"><\/div>\n\t\t\t\t<\/div>\t\t\t\n\t\t\t\t\t\t\t\t\t\t\t\t\t\t\t\t\t\t\t\t\t\t\t\t\t\t\t\t\t\t\t\t<button class='spectra-image-gallery__control-lightbox--close' aria-label=\"Close\">\n\t\t\t\t\t\t\t\t\t\t\t\t\t<svg xmlns=\"https:\/\/www.w3.org\/2000\/svg\" viewBox= \"0 0 320 512\"><path d=\"M310.6 361.4c12.5 12.5 12.5 32.75 0 45.25C304.4 412.9 296.2 416 288 416s-16.38-3.125-22.62-9.375L160 301.3L54.63 406.6C48.38 412.9 40.19 416 32 416S15.63 412.9 9.375 406.6c-12.5-12.5-12.5-32.75 0-45.25l105.4-105.4L9.375 150.6c-12.5-12.5-12.5-32.75 0-45.25s32.75-12.5 45.25 0L160 210.8l105.4-105.4c12.5-12.5 32.75-12.5 45.25 0s12.5 32.75 0 45.25l-105.4 105.4L310.6 361.4z\"><\/path><\/svg>\n\t\t\t\t\t\t\t\t\t\t\t\t<\/button>\n\t\t\t\t\t\t\t\t\t\t\t\t\t<\/div>\n\t\t\t\t\t\t\t\t\t\n\n\n<figure class=\"wp-block-image size-full my-image-border\"><img decoding=\"async\" width=\"1024\" height=\"544\" data-src=\"https:\/\/b2642856.assetcdn.net\/2.0\/2642856\/wp-content\/uploads\/2024\/12\/MotorProsa-Blog-Post-Zentralschweiz-2.jpg?lossy=1&strip=1&webp=1\" alt=\"Impressive: The great Swiss passes\" class=\"wp-image-308551 lazyload\" title=\"\" data-srcset=\"https:\/\/b2642856.assetcdn.net\/2.0\/2642856\/wp-content\/uploads\/2024\/12\/MotorProsa-Blog-Post-Zentralschweiz-2.jpg?lossy=1&strip=1&webp=1 1024w, https:\/\/b2642856.assetcdn.net\/2.0\/2642856\/wp-content\/uploads\/2024\/12\/MotorProsa-Blog-Post-Zentralschweiz-2-300x159.jpg?lossy=1&strip=1&webp=1 300w, https:\/\/b2642856.assetcdn.net\/2.0\/2642856\/wp-content\/uploads\/2024\/12\/MotorProsa-Blog-Post-Zentralschweiz-2-768x408.jpg?lossy=1&strip=1&webp=1 768w, https:\/\/b2642856.assetcdn.net\/2.0\/2642856\/wp-content\/uploads\/2024\/12\/MotorProsa-Blog-Post-Zentralschweiz-2.jpg?size=240x128&lossy=1&strip=1&webp=1 240w, https:\/\/b2642856.assetcdn.net\/2.0\/2642856\/wp-content\/uploads\/2024\/12\/MotorProsa-Blog-Post-Zentralschweiz-2.jpg?size=480x255&lossy=1&strip=1&webp=1 480w, https:\/\/b2642856.assetcdn.net\/2.0\/2642856\/wp-content\/uploads\/2024\/12\/MotorProsa-Blog-Post-Zentralschweiz-2.jpg?size=960x510&lossy=1&strip=1&webp=1 960w\" data-sizes=\"auto\" src=\"data:image\/svg+xml;base64,PHN2ZyB3aWR0aD0iMSIgaGVpZ2h0PSIxIiB4bWxucz0iaHR0cDovL3d3dy53My5vcmcvMjAwMC9zdmciPjwvc3ZnPg==\" style=\"--smush-placeholder-width: 1024px; --smush-placeholder-aspect-ratio: 1024\/544;\" data-original-sizes=\"(max-width: 1024px) 100vw, 1024px\" \/><figcaption class=\"wp-element-caption\"><br><h3>Impressive: The great Swiss Passes<\/h3><\/figcaption><\/figure>\n\n\n\n<figure class=\"wp-block-image size-full my-image-border\"><img decoding=\"async\" width=\"1200\" height=\"638\" data-src=\"https:\/\/b2642856.assetcdn.net\/2.0\/2642856\/wp-content\/uploads\/2024\/12\/MotorProsa-Blog-Post-Zentralschweiz-5.jpg?lossy=1&strip=1&webp=1\" alt=\"Moments of happiness, early in the morning on the Grimsel pass\" class=\"wp-image-310646 lazyload\" title=\"\" data-srcset=\"https:\/\/b2642856.assetcdn.net\/2.0\/2642856\/wp-content\/uploads\/2024\/12\/MotorProsa-Blog-Post-Zentralschweiz-5.jpg?lossy=1&strip=1&webp=1 1200w, https:\/\/b2642856.assetcdn.net\/2.0\/2642856\/wp-content\/uploads\/2024\/12\/MotorProsa-Blog-Post-Zentralschweiz-5-300x160.jpg?lossy=1&strip=1&webp=1 300w, https:\/\/b2642856.assetcdn.net\/2.0\/2642856\/wp-content\/uploads\/2024\/12\/MotorProsa-Blog-Post-Zentralschweiz-5-1024x544.jpg?lossy=1&strip=1&webp=1 1024w, https:\/\/b2642856.assetcdn.net\/2.0\/2642856\/wp-content\/uploads\/2024\/12\/MotorProsa-Blog-Post-Zentralschweiz-5-768x408.jpg?lossy=1&strip=1&webp=1 768w, https:\/\/b2642856.assetcdn.net\/2.0\/2642856\/wp-content\/uploads\/2024\/12\/MotorProsa-Blog-Post-Zentralschweiz-5.jpg?size=240x128&lossy=1&strip=1&webp=1 240w, https:\/\/b2642856.assetcdn.net\/2.0\/2642856\/wp-content\/uploads\/2024\/12\/MotorProsa-Blog-Post-Zentralschweiz-5.jpg?size=480x255&lossy=1&strip=1&webp=1 480w, https:\/\/b2642856.assetcdn.net\/2.0\/2642856\/wp-content\/uploads\/2024\/12\/MotorProsa-Blog-Post-Zentralschweiz-5.jpg?size=960x510&lossy=1&strip=1&webp=1 960w\" data-sizes=\"auto\" src=\"data:image\/svg+xml;base64,PHN2ZyB3aWR0aD0iMSIgaGVpZ2h0PSIxIiB4bWxucz0iaHR0cDovL3d3dy53My5vcmcvMjAwMC9zdmciPjwvc3ZnPg==\" style=\"--smush-placeholder-width: 1200px; --smush-placeholder-aspect-ratio: 1200\/638;\" data-original-sizes=\"(max-width: 1200px) 100vw, 1200px\" \/><figcaption class=\"wp-element-caption\"><br><h3>Moments of happiness, early in the morning on the Grimsel pass<\/h3><\/figcaption><\/figure>\n\n\n\n<p class=\"wp-block-paragraph\">Several sets of tires went over the Jordan again. Unfortunately, the Zero smoked one of its integrated chargers&nbsp;\u2013 power is currently only trickling into the battery at half speed. That will be expensive. The Ducati, completely unusually, lost the fastening screws of its seat hump and surprised me with a wobbly ride. Otherwise, I was spared any major damage.<\/p>\n\n\n\n<h2 class=\"wp-block-heading has-drop-cap\">Blog year<br>&nbsp;2024<\/h2>\n\n\n\n<p class=\"wp-block-paragraph\">MotorProsa.com got 18 new posts, some of which were bilingual; I am delighted to have received 11,000 visits and 21,000 page views on my niche blog. That&#8217;s clearly less than in the previous year, but in 2023 one article&nbsp;\u2013 the April Fool&#8217;s joke about the <a href=\"https:\/\/www.motorprosa.com\/en\/one-way-regulation-on-the-stelvio-2023\/\" data-type=\"post\" data-id=\"37872\">one-way regulation on the Stelvio Pass<\/a>&nbsp;\u2013 by my standards went through the roof with over 60,000 views. That was no longer the case with the <a href=\"https:\/\/www.motorprosa.com\/en\/dolomites-2024-new-restrictions\/\" data-type=\"post\" data-id=\"248640\">2024 satirical post<\/a>.<\/p>\n\n\n\n<h2 class=\"wp-block-heading has-drop-cap\">Author&#8217;s life<br>&nbsp;2024<\/h2>\n\n\n\n<p class=\"wp-block-paragraph\">Parallel to the articles on the website I wrote the manuscript for another book, five new portraits of alpine Passes (W\u00fcrz- and Sellajoch, Umbrail-, Ofen- and Spl\u00fcgen) together with Uli (<a href=\"http:\/\/www.moppetfoto.de\" target=\"_blank\" rel=\"noreferrer noopener\">www.moppetfoto.de<\/a>) for MOTORRAD, Europe&#8217;s largest motorcycle magazine, an article for the <a href=\"https:\/\/www.verlag.der-leiermann.com\/en\/\" target=\"_blank\" rel=\"noreferrer noopener\">Leiermann publishing house<\/a> and two articles for the Swiss motorcycle magazine <a href=\"http:\/\/www.Moto.ch\" target=\"_blank\" rel=\"noreferrer noopener\">Moto.ch<\/a>. A first for me and very inspiring: I was allowed to proofread the new <a href=\"https:\/\/viola-eigenbrodt.de\/\" target=\"_blank\" rel=\"noreferrer noopener\">Viola Eigenbrodt<\/a> crime novel.<\/p>\n\n\n\n<figure class=\"wp-block-image size-full my-image-border\"><img decoding=\"async\" width=\"1200\" height=\"686\" data-src=\"https:\/\/b2642856.assetcdn.net\/2.0\/2642856\/wp-content\/uploads\/2024\/12\/MotorProsa-Blog-Post-Buch-Frankreich-2.jpg?lossy=1&strip=1&webp=1\" alt=\"Author&#039;s life - Write whenever you can!\" class=\"wp-image-310982 lazyload\" title=\"\" data-srcset=\"https:\/\/b2642856.assetcdn.net\/2.0\/2642856\/wp-content\/uploads\/2024\/12\/MotorProsa-Blog-Post-Buch-Frankreich-2.jpg?lossy=1&strip=1&webp=1 1200w, https:\/\/b2642856.assetcdn.net\/2.0\/2642856\/wp-content\/uploads\/2024\/12\/MotorProsa-Blog-Post-Buch-Frankreich-2-300x172.jpg?lossy=1&strip=1&webp=1 300w, https:\/\/b2642856.assetcdn.net\/2.0\/2642856\/wp-content\/uploads\/2024\/12\/MotorProsa-Blog-Post-Buch-Frankreich-2-1024x585.jpg?lossy=1&strip=1&webp=1 1024w, https:\/\/b2642856.assetcdn.net\/2.0\/2642856\/wp-content\/uploads\/2024\/12\/MotorProsa-Blog-Post-Buch-Frankreich-2-768x439.jpg?lossy=1&strip=1&webp=1 768w, https:\/\/b2642856.assetcdn.net\/2.0\/2642856\/wp-content\/uploads\/2024\/12\/MotorProsa-Blog-Post-Buch-Frankreich-2.jpg?size=240x137&lossy=1&strip=1&webp=1 240w, https:\/\/b2642856.assetcdn.net\/2.0\/2642856\/wp-content\/uploads\/2024\/12\/MotorProsa-Blog-Post-Buch-Frankreich-2.jpg?size=480x274&lossy=1&strip=1&webp=1 480w, https:\/\/b2642856.assetcdn.net\/2.0\/2642856\/wp-content\/uploads\/2024\/12\/MotorProsa-Blog-Post-Buch-Frankreich-2.jpg?size=960x549&lossy=1&strip=1&webp=1 960w\" data-sizes=\"auto\" src=\"data:image\/svg+xml;base64,PHN2ZyB3aWR0aD0iMSIgaGVpZ2h0PSIxIiB4bWxucz0iaHR0cDovL3d3dy53My5vcmcvMjAwMC9zdmciPjwvc3ZnPg==\" style=\"--smush-placeholder-width: 1200px; --smush-placeholder-aspect-ratio: 1200\/686;\" data-original-sizes=\"(max-width: 1200px) 100vw, 1200px\" \/><figcaption class=\"wp-element-caption\"><br><h3>Author&#8217;s life &#8211; Write whenever you can!<\/h3><\/figcaption><\/figure>\n\n\n\n<h2 class=\"wp-block-heading has-drop-cap\">Photo year<br>&nbsp;2024<\/h2>\n\n\n\n<p class=\"wp-block-paragraph\">My Canons have been busy&nbsp;\u2013 LightRoom counts 13,000 new photos, 4,500 of them in June alone. I took part in <a href=\"https:\/\/www.erkunde-die-welt.de\/2024\/10\/01\/schoensten-reisefotos-2024-fotoparade\/\" target=\"_blank\" rel=\"noreferrer noopener\">Michael&#8217;s photo parade<\/a> with some of them, and hundreds found their way into the social media world. Of course, there were also <a href=\"https:\/\/www.motorprosa.com\/en\/professional-line-photobook-saal-digital\/\" data-type=\"post\" data-id=\"172960\">photo books<\/a>, but above all I had fun editing the photos. My previously neglected Flickr stream will become the main place for photos away from the motorcycle world in 2025.<\/p>\n\n\n\n<a data-flickr-embed=\"true\" data-header=\"true\" data-footer=\"true\" href=\"https:\/\/www.flickr.com\/photos\/100441288@N04\" title=\"\" target=\"_blank\" rel=\"noopener\"><img decoding=\"async\" data-src=\"https:\/\/live.staticflickr.com\/65535\/54208569409_ee25a89434_b.jpg\" width=\"1024\" height=\"768\" alt=\"\" title=\"\" src=\"data:image\/svg+xml;base64,PHN2ZyB3aWR0aD0iMSIgaGVpZ2h0PSIxIiB4bWxucz0iaHR0cDovL3d3dy53My5vcmcvMjAwMC9zdmciPjwvc3ZnPg==\" class=\"lazyload\" style=\"--smush-placeholder-width: 1024px; --smush-placeholder-aspect-ratio: 1024\/768;\"><\/a><script async src=\"\/\/embedr.flickr.com\/assets\/client-code.js\" charset=\"utf-8\"><\/script>\n\n\n\n<div style=\"height:50px\" aria-hidden=\"true\" class=\"wp-block-spacer\"><\/div>\n\n\n\n<h2 class=\"wp-block-heading has-drop-cap\">Vacation year<br>&nbsp;2024<\/h2>\n\n\n\n<p class=\"wp-block-paragraph\">This year&#8217;s vacation in France, once again experienced without any problems in the <a href=\"https:\/\/www.motorprosa.com\/en\/one-year-with-the-tesla-model-3-long-range\/\" data-type=\"post\" data-id=\"164588\">Tesla Model 3<\/a>, was fantastic. Stays in Brian\u00e7on, Sisteron, Mandelieu-la-Napoule, Montpellier, Lourdes and our favorite place, Roussillon, brought us a good deal closer to this wonderful country. There were also a dozen or so trips to Lake Garda, several short breaks at Lake Constance and in-depth research trips through the Dolomites and the Engadine.<\/p>\n\n\n\n<figure class=\"wp-block-image size-full my-image-border\"><img decoding=\"async\" width=\"1200\" height=\"637\" data-src=\"https:\/\/b2642856.assetcdn.net\/2.0\/2642856\/wp-content\/uploads\/2024\/12\/MotorProsa-Blog-Post-Sisteron.jpg?lossy=1&strip=1&webp=1\" alt=\"THE rock near Sisteron\" class=\"wp-image-310986 lazyload\" title=\"\" data-srcset=\"https:\/\/b2642856.assetcdn.net\/2.0\/2642856\/wp-content\/uploads\/2024\/12\/MotorProsa-Blog-Post-Sisteron.jpg?lossy=1&strip=1&webp=1 1200w, https:\/\/b2642856.assetcdn.net\/2.0\/2642856\/wp-content\/uploads\/2024\/12\/MotorProsa-Blog-Post-Sisteron-300x159.jpg?lossy=1&strip=1&webp=1 300w, https:\/\/b2642856.assetcdn.net\/2.0\/2642856\/wp-content\/uploads\/2024\/12\/MotorProsa-Blog-Post-Sisteron-1024x544.jpg?lossy=1&strip=1&webp=1 1024w, https:\/\/b2642856.assetcdn.net\/2.0\/2642856\/wp-content\/uploads\/2024\/12\/MotorProsa-Blog-Post-Sisteron-768x408.jpg?lossy=1&strip=1&webp=1 768w, https:\/\/b2642856.assetcdn.net\/2.0\/2642856\/wp-content\/uploads\/2024\/12\/MotorProsa-Blog-Post-Sisteron.jpg?size=240x127&lossy=1&strip=1&webp=1 240w, https:\/\/b2642856.assetcdn.net\/2.0\/2642856\/wp-content\/uploads\/2024\/12\/MotorProsa-Blog-Post-Sisteron.jpg?size=480x255&lossy=1&strip=1&webp=1 480w, https:\/\/b2642856.assetcdn.net\/2.0\/2642856\/wp-content\/uploads\/2024\/12\/MotorProsa-Blog-Post-Sisteron.jpg?size=960x510&lossy=1&strip=1&webp=1 960w\" data-sizes=\"auto\" src=\"data:image\/svg+xml;base64,PHN2ZyB3aWR0aD0iMSIgaGVpZ2h0PSIxIiB4bWxucz0iaHR0cDovL3d3dy53My5vcmcvMjAwMC9zdmciPjwvc3ZnPg==\" style=\"--smush-placeholder-width: 1200px; --smush-placeholder-aspect-ratio: 1200\/637;\" data-original-sizes=\"(max-width: 1200px) 100vw, 1200px\" \/><figcaption class=\"wp-element-caption\"><br><h3>THE rock near Sisteron<\/h3><\/figcaption><\/figure>\n\n\n\t\t\t\t\t<div\n\t\t\t\t\t\tclass=\"wp-block-uagb-image-gallery uagb-block-d9582d72 my-image-border    \"\n\t\t\t\t\t\tstyle=\"\"\n\t\t\t\t\t>\n\t\t\t\t\t\t\t\t\t\t\t<div class=\"spectra-image-gallery spectra-image-gallery__layout--grid spectra-image-gallery__layout--grid-col-2 spectra-image-gallery__layout--grid-col-tab-2 spectra-image-gallery__layout--grid-col-mob-2\">\n\t\t\t\t\t\t\t\t\t\t\t<div class=\"spectra-image-gallery__media-wrapper\" data-spectra-gallery-image-id=\"310993\" tabindex=\"0\">\n\t\t\t\t\t\t\t<div class=\"spectra-image-gallery__media spectra-image-gallery__media--grid\">\n\t\t\t\t<picture>\n\t\t\t\t\t<source media=\"(min-width: 1024px)\" data-srcset=\"https:\/\/b2642856.assetcdn.net\/2.0\/2642856\/wp-content\/uploads\/2024\/12\/MotorProsa-Blog-Post-Urlaub-Frankreich-1-1.jpg?lossy=1&strip=1&webp=1\">\n\t\t\t\t\t<source media=\"(min-width: 768px)\" data-srcset=\"https:\/\/b2642856.assetcdn.net\/2.0\/2642856\/wp-content\/uploads\/2024\/12\/MotorProsa-Blog-Post-Urlaub-Frankreich-1-1.jpg?lossy=1&strip=1&webp=1\">\n\t\t\t\t\t<img decoding=\"async\" class=\"spectra-image-gallery__media-thumbnail spectra-image-gallery__media-thumbnail--grid lazyload\" data-src=\"https:\/\/b2642856.assetcdn.net\/2.0\/2642856\/wp-content\/uploads\/2024\/12\/MotorProsa-Blog-Post-Urlaub-Frankreich-1-1-300x277.jpg?lossy=1&strip=1&webp=1\" alt=\"Typical Provence\" title=\"\" data-srcset=\"https:\/\/b2642856.assetcdn.net\/2.0\/2642856\/wp-content\/uploads\/2024\/12\/MotorProsa-Blog-Post-Urlaub-Frankreich-1-1-300x277.jpg?lossy=1&amp;strip=1&amp;webp=1 300w, https:\/\/b2642856.assetcdn.net\/2.0\/2642856\/wp-content\/uploads\/2024\/12\/MotorProsa-Blog-Post-Urlaub-Frankreich-1-1-768x709.jpg?lossy=1&amp;strip=1&amp;webp=1 768w, https:\/\/b2642856.assetcdn.net\/2.0\/2642856\/wp-content\/uploads\/2024\/12\/MotorProsa-Blog-Post-Urlaub-Frankreich-1-1.jpg?lossy=1&amp;strip=1&amp;webp=1 1024w, https:\/\/b2642856.assetcdn.net\/2.0\/2642856\/wp-content\/uploads\/2024\/12\/MotorProsa-Blog-Post-Urlaub-Frankreich-1-1.jpg?size=240x222&amp;lossy=1&amp;strip=1&amp;webp=1 240w\" data-sizes=\"auto\" src=\"data:image\/svg+xml;base64,PHN2ZyB3aWR0aD0iMSIgaGVpZ2h0PSIxIiB4bWxucz0iaHR0cDovL3d3dy53My5vcmcvMjAwMC9zdmciPjwvc3ZnPg==\" style=\"--smush-placeholder-width: 300px; --smush-placeholder-aspect-ratio: 300\/277;\" data-original-sizes=\"(max-width: 300px) 100vw, 300px\">\n\t\t\t\t<\/picture>\n\t\t\t\t<div class=\"spectra-image-gallery__media-thumbnail-blurrer\"><\/div>\n\t\t\t\t\t\t\t\t\t\t\t<div class=\"spectra-image-gallery__media-thumbnail-caption-wrapper spectra-image-gallery__media-thumbnail-caption-wrapper--bar-inside\">\n\t\t\t\t\t\t\t\t\t\t\t<div class=\"spectra-image-gallery__media-thumbnail-caption spectra-image-gallery__media-thumbnail-caption--bar-inside\">\n\t\t\t\t\tTypical Provence\t\t\t\t<\/div>\n\t\t\t\t\t\t\t\t\t\t<\/div>\n\t\t\t\t\t\t\t\t\t<\/div>\n\t\t\t\t\t\t<\/div>\n\t\t\t\t\t\t<div class=\"spectra-image-gallery__media-wrapper\" data-spectra-gallery-image-id=\"310991\" tabindex=\"0\">\n\t\t\t\t\t\t\t<div class=\"spectra-image-gallery__media spectra-image-gallery__media--grid\">\n\t\t\t\t<picture>\n\t\t\t\t\t<source media=\"(min-width: 1024px)\" data-srcset=\"https:\/\/b2642856.assetcdn.net\/2.0\/2642856\/wp-content\/uploads\/2024\/12\/MotorProsa-Blog-Post-Urlaub-Frankreich-2.jpg?lossy=1&strip=1&webp=1\">\n\t\t\t\t\t<source media=\"(min-width: 768px)\" data-srcset=\"https:\/\/b2642856.assetcdn.net\/2.0\/2642856\/wp-content\/uploads\/2024\/12\/MotorProsa-Blog-Post-Urlaub-Frankreich-2.jpg?lossy=1&strip=1&webp=1\">\n\t\t\t\t\t<img decoding=\"async\" class=\"spectra-image-gallery__media-thumbnail spectra-image-gallery__media-thumbnail--grid lazyload\" data-src=\"https:\/\/b2642856.assetcdn.net\/2.0\/2642856\/wp-content\/uploads\/2024\/12\/MotorProsa-Blog-Post-Urlaub-Frankreich-2-300x277.jpg?lossy=1&strip=1&webp=1\" alt=\"Contrasts in Lourdes\" title=\"\" data-srcset=\"https:\/\/b2642856.assetcdn.net\/2.0\/2642856\/wp-content\/uploads\/2024\/12\/MotorProsa-Blog-Post-Urlaub-Frankreich-2-300x277.jpg?lossy=1&amp;strip=1&amp;webp=1 300w, https:\/\/b2642856.assetcdn.net\/2.0\/2642856\/wp-content\/uploads\/2024\/12\/MotorProsa-Blog-Post-Urlaub-Frankreich-2-768x709.jpg?lossy=1&amp;strip=1&amp;webp=1 768w, https:\/\/b2642856.assetcdn.net\/2.0\/2642856\/wp-content\/uploads\/2024\/12\/MotorProsa-Blog-Post-Urlaub-Frankreich-2.jpg?lossy=1&amp;strip=1&amp;webp=1 1024w, https:\/\/b2642856.assetcdn.net\/2.0\/2642856\/wp-content\/uploads\/2024\/12\/MotorProsa-Blog-Post-Urlaub-Frankreich-2.jpg?size=240x222&amp;lossy=1&amp;strip=1&amp;webp=1 240w\" data-sizes=\"auto\" src=\"data:image\/svg+xml;base64,PHN2ZyB3aWR0aD0iMSIgaGVpZ2h0PSIxIiB4bWxucz0iaHR0cDovL3d3dy53My5vcmcvMjAwMC9zdmciPjwvc3ZnPg==\" style=\"--smush-placeholder-width: 300px; --smush-placeholder-aspect-ratio: 300\/277;\" data-original-sizes=\"(max-width: 300px) 100vw, 300px\">\n\t\t\t\t<\/picture>\n\t\t\t\t<div class=\"spectra-image-gallery__media-thumbnail-blurrer\"><\/div>\n\t\t\t\t\t\t\t\t\t\t\t<div class=\"spectra-image-gallery__media-thumbnail-caption-wrapper spectra-image-gallery__media-thumbnail-caption-wrapper--bar-inside\">\n\t\t\t\t\t\t\t\t\t\t\t<div class=\"spectra-image-gallery__media-thumbnail-caption spectra-image-gallery__media-thumbnail-caption--bar-inside\">\n\t\t\t\t\tContrasts in Lourdes\t\t\t\t<\/div>\n\t\t\t\t\t\t\t\t\t\t<\/div>\n\t\t\t\t\t\t\t\t\t<\/div>\n\t\t\t\t\t\t<\/div>\n\t\t\t\t\t\t\t\t\t\t<\/div>\n\t\t\t\t\t\t\t\t\t\t\t\t\t\t\t\t\t\t<\/div>\n\t\t\t\t\t\t\t\t\t\t\t<div class='spectra-image-gallery__control-lightbox' tabindex='0'>\n\t\t\t\t\t\t\t\t\t\t\t<div class=\"swiper spectra-image-gallery__control-lightbox--main\" dir=\"\">\n\t\t\t\t\t<div class=\"swiper-wrapper\">\n\t\t\t\t\t\t\t\t\t\t\t\t\t\n\t\t\t\t\t\t\t<div class=\"swiper-slide\">\n\t\t\t\t\t\t\t\t<img class=\"swiper-lazy\" data-src=\"https:\/\/b2642856.assetcdn.net\/2.0\/2642856\/wp-content\/uploads\/2024\/12\/MotorProsa-Blog-Post-Urlaub-Frankreich-1-1.jpg?lossy=1&strip=1&webp=1\" alt=\"Typical Provence\"\/>\n\t\t\t\t\t\t\t\t<div class=\"swiper-lazy-preloader swiper-lazy-preloader-white\"><\/div>\n\t\t\t\t\t\t\t\t\t\t\t\t\t\t\t<\/div>\n\t\t\t\t\t\t\t\t\t\t\t\t\t\n\t\t\t\t\t\t\t<div class=\"swiper-slide\">\n\t\t\t\t\t\t\t\t<img class=\"swiper-lazy\" data-src=\"https:\/\/b2642856.assetcdn.net\/2.0\/2642856\/wp-content\/uploads\/2024\/12\/MotorProsa-Blog-Post-Urlaub-Frankreich-2.jpg?lossy=1&strip=1&webp=1\" alt=\"Contrasts in Lourdes\"\/>\n\t\t\t\t\t\t\t\t<div class=\"swiper-lazy-preloader swiper-lazy-preloader-white\"><\/div>\n\t\t\t\t\t\t\t\t\t\t\t\t\t\t\t<\/div>\n\t\t\t\t\t\t\t\t\t\t\t<\/div>\n\t\t\t\t\t<div class=\"swiper-button-next\"><\/div>\n\t\t\t\t\t<div class=\"swiper-button-prev\"><\/div>\n\t\t\t\t<\/div>\t\t\t\n\t\t\t\t\t\t\t\t\t\t\t\t\t\t\t\t\t\t\t\t\t\t\t\t\t\t\t\t\t\t\t\t<button class='spectra-image-gallery__control-lightbox--close' aria-label=\"Close\">\n\t\t\t\t\t\t\t\t\t\t\t\t\t<svg xmlns=\"https:\/\/www.w3.org\/2000\/svg\" viewBox= \"0 0 320 512\"><path d=\"M310.6 361.4c12.5 12.5 12.5 32.75 0 45.25C304.4 412.9 296.2 416 288 416s-16.38-3.125-22.62-9.375L160 301.3L54.63 406.6C48.38 412.9 40.19 416 32 416S15.63 412.9 9.375 406.6c-12.5-12.5-12.5-32.75 0-45.25l105.4-105.4L9.375 150.6c-12.5-12.5-12.5-32.75 0-45.25s32.75-12.5 45.25 0L160 210.8l105.4-105.4c12.5-12.5 32.75-12.5 45.25 0s12.5 32.75 0 45.25l-105.4 105.4L310.6 361.4z\"><\/path><\/svg>\n\t\t\t\t\t\t\t\t\t\t\t\t<\/button>\n\t\t\t\t\t\t\t\t\t\t\t\t\t<\/div>\n\t\t\t\t\t\t\t\t\t\n\n\n<figure class=\"wp-block-image size-full my-image-border\"><img decoding=\"async\" width=\"1200\" height=\"637\" data-src=\"https:\/\/b2642856.assetcdn.net\/2.0\/2642856\/wp-content\/uploads\/2024\/12\/MotorProsa-Blog-Post-Gardasee-1.jpg?lossy=1&strip=1&webp=1\" alt=\"Magic on Lake Garda\" class=\"wp-image-311029 lazyload\" title=\"\" data-srcset=\"https:\/\/b2642856.assetcdn.net\/2.0\/2642856\/wp-content\/uploads\/2024\/12\/MotorProsa-Blog-Post-Gardasee-1.jpg?lossy=1&strip=1&webp=1 1200w, https:\/\/b2642856.assetcdn.net\/2.0\/2642856\/wp-content\/uploads\/2024\/12\/MotorProsa-Blog-Post-Gardasee-1-300x159.jpg?lossy=1&strip=1&webp=1 300w, https:\/\/b2642856.assetcdn.net\/2.0\/2642856\/wp-content\/uploads\/2024\/12\/MotorProsa-Blog-Post-Gardasee-1-1024x544.jpg?lossy=1&strip=1&webp=1 1024w, https:\/\/b2642856.assetcdn.net\/2.0\/2642856\/wp-content\/uploads\/2024\/12\/MotorProsa-Blog-Post-Gardasee-1-768x408.jpg?lossy=1&strip=1&webp=1 768w, https:\/\/b2642856.assetcdn.net\/2.0\/2642856\/wp-content\/uploads\/2024\/12\/MotorProsa-Blog-Post-Gardasee-1.jpg?size=240x127&lossy=1&strip=1&webp=1 240w, https:\/\/b2642856.assetcdn.net\/2.0\/2642856\/wp-content\/uploads\/2024\/12\/MotorProsa-Blog-Post-Gardasee-1.jpg?size=480x255&lossy=1&strip=1&webp=1 480w, https:\/\/b2642856.assetcdn.net\/2.0\/2642856\/wp-content\/uploads\/2024\/12\/MotorProsa-Blog-Post-Gardasee-1.jpg?size=960x510&lossy=1&strip=1&webp=1 960w\" data-sizes=\"auto\" src=\"data:image\/svg+xml;base64,PHN2ZyB3aWR0aD0iMSIgaGVpZ2h0PSIxIiB4bWxucz0iaHR0cDovL3d3dy53My5vcmcvMjAwMC9zdmciPjwvc3ZnPg==\" style=\"--smush-placeholder-width: 1200px; --smush-placeholder-aspect-ratio: 1200\/637;\" data-original-sizes=\"(max-width: 1200px) 100vw, 1200px\" \/><figcaption class=\"wp-element-caption\"><br><h3>Magic on Lake Garda<\/h3><\/figcaption><\/figure>\n\n\n\n<h2 class=\"wp-block-heading has-drop-cap\">The Highlight<br>&nbsp;2024<\/h2>\n\n\n\n<p class=\"wp-block-paragraph\">In 2025, the road over the Stelvio Pass will be 200 years old. Together with my friend Alex from <a href=\"http:\/\/www.alexonroad.de\" target=\"_blank\" rel=\"noreferrer noopener\">www.alexonroad.de<\/a> and his son <a href=\"https:\/\/www.instagram.com\/daniel.milz\/\" target=\"_blank\" rel=\"noreferrer noopener\">Daniel<\/a> I spent two weeks intensively researching the history of the Stelvio, conducting informative interviews with contemporary witnesses, being guided by experts to the key points of this road monument and basically experiencing the Stelvio in a completely new way. This will result in a special movie. There&#8217;s still a lot of work ahead of us and I&#8217;m really looking forward to it.<\/p>\n\n\n\n<figure class=\"wp-block-image size-full my-image-border\"><img decoding=\"async\" width=\"1200\" height=\"637\" data-src=\"https:\/\/b2642856.assetcdn.net\/2.0\/2642856\/wp-content\/uploads\/2024\/12\/MotorProsa-Blog-Post-Videoprojekt-Stelvio-1.jpg?lossy=1&strip=1&webp=1\" alt=\"GoPro was yesterday ...\" class=\"wp-image-310999 lazyload\" title=\"\" data-srcset=\"https:\/\/b2642856.assetcdn.net\/2.0\/2642856\/wp-content\/uploads\/2024\/12\/MotorProsa-Blog-Post-Videoprojekt-Stelvio-1.jpg?lossy=1&strip=1&webp=1 1200w, https:\/\/b2642856.assetcdn.net\/2.0\/2642856\/wp-content\/uploads\/2024\/12\/MotorProsa-Blog-Post-Videoprojekt-Stelvio-1-300x159.jpg?lossy=1&strip=1&webp=1 300w, https:\/\/b2642856.assetcdn.net\/2.0\/2642856\/wp-content\/uploads\/2024\/12\/MotorProsa-Blog-Post-Videoprojekt-Stelvio-1-1024x544.jpg?lossy=1&strip=1&webp=1 1024w, https:\/\/b2642856.assetcdn.net\/2.0\/2642856\/wp-content\/uploads\/2024\/12\/MotorProsa-Blog-Post-Videoprojekt-Stelvio-1-768x408.jpg?lossy=1&strip=1&webp=1 768w, https:\/\/b2642856.assetcdn.net\/2.0\/2642856\/wp-content\/uploads\/2024\/12\/MotorProsa-Blog-Post-Videoprojekt-Stelvio-1.jpg?size=240x127&lossy=1&strip=1&webp=1 240w, https:\/\/b2642856.assetcdn.net\/2.0\/2642856\/wp-content\/uploads\/2024\/12\/MotorProsa-Blog-Post-Videoprojekt-Stelvio-1.jpg?size=480x255&lossy=1&strip=1&webp=1 480w, https:\/\/b2642856.assetcdn.net\/2.0\/2642856\/wp-content\/uploads\/2024\/12\/MotorProsa-Blog-Post-Videoprojekt-Stelvio-1.jpg?size=960x510&lossy=1&strip=1&webp=1 960w\" data-sizes=\"auto\" src=\"data:image\/svg+xml;base64,PHN2ZyB3aWR0aD0iMSIgaGVpZ2h0PSIxIiB4bWxucz0iaHR0cDovL3d3dy53My5vcmcvMjAwMC9zdmciPjwvc3ZnPg==\" style=\"--smush-placeholder-width: 1200px; --smush-placeholder-aspect-ratio: 1200\/637;\" data-original-sizes=\"(max-width: 1200px) 100vw, 1200px\" \/><figcaption class=\"wp-element-caption\"><br><h3>GoPro was yesterday &#8230;<\/h3><\/figcaption><\/figure>\n\n\n\t\t\t\t\t<div\n\t\t\t\t\t\tclass=\"wp-block-uagb-image-gallery uagb-block-d1781f10 my-image-border    \"\n\t\t\t\t\t\tstyle=\"\"\n\t\t\t\t\t>\n\t\t\t\t\t\t\t\t\t\t\t<div class=\"spectra-image-gallery spectra-image-gallery__layout--grid spectra-image-gallery__layout--grid-col-2 spectra-image-gallery__layout--grid-col-tab-2 spectra-image-gallery__layout--grid-col-mob-2\">\n\t\t\t\t\t\t\t\t\t\t\t<div class=\"spectra-image-gallery__media-wrapper\" data-spectra-gallery-image-id=\"311005\" tabindex=\"0\">\n\t\t\t\t\t\t\t<div class=\"spectra-image-gallery__media spectra-image-gallery__media--grid\">\n\t\t\t\t<picture>\n\t\t\t\t\t<source media=\"(min-width: 1024px)\" data-srcset=\"https:\/\/b2642856.assetcdn.net\/2.0\/2642856\/wp-content\/uploads\/2024\/12\/MotorProsa-Blog-Post-Videoprojekt-Stelvio-3.jpg?lossy=1&strip=1&webp=1\">\n\t\t\t\t\t<source media=\"(min-width: 768px)\" data-srcset=\"https:\/\/b2642856.assetcdn.net\/2.0\/2642856\/wp-content\/uploads\/2024\/12\/MotorProsa-Blog-Post-Videoprojekt-Stelvio-3.jpg?lossy=1&strip=1&webp=1\">\n\t\t\t\t\t<img decoding=\"async\" class=\"spectra-image-gallery__media-thumbnail spectra-image-gallery__media-thumbnail--grid lazyload\" data-src=\"https:\/\/b2642856.assetcdn.net\/2.0\/2642856\/wp-content\/uploads\/2024\/12\/MotorProsa-Blog-Post-Videoprojekt-Stelvio-3-300x277.jpg?lossy=1&strip=1&webp=1\" alt=\"Celebrations in 2025: 200 years of the Stelvio\" title=\"\" data-srcset=\"https:\/\/b2642856.assetcdn.net\/2.0\/2642856\/wp-content\/uploads\/2024\/12\/MotorProsa-Blog-Post-Videoprojekt-Stelvio-3-300x277.jpg?lossy=1&amp;strip=1&amp;webp=1 300w, https:\/\/b2642856.assetcdn.net\/2.0\/2642856\/wp-content\/uploads\/2024\/12\/MotorProsa-Blog-Post-Videoprojekt-Stelvio-3-768x709.jpg?lossy=1&amp;strip=1&amp;webp=1 768w, https:\/\/b2642856.assetcdn.net\/2.0\/2642856\/wp-content\/uploads\/2024\/12\/MotorProsa-Blog-Post-Videoprojekt-Stelvio-3.jpg?lossy=1&amp;strip=1&amp;webp=1 1024w, https:\/\/b2642856.assetcdn.net\/2.0\/2642856\/wp-content\/uploads\/2024\/12\/MotorProsa-Blog-Post-Videoprojekt-Stelvio-3.jpg?size=240x222&amp;lossy=1&amp;strip=1&amp;webp=1 240w\" data-sizes=\"auto\" src=\"data:image\/svg+xml;base64,PHN2ZyB3aWR0aD0iMSIgaGVpZ2h0PSIxIiB4bWxucz0iaHR0cDovL3d3dy53My5vcmcvMjAwMC9zdmciPjwvc3ZnPg==\" style=\"--smush-placeholder-width: 300px; --smush-placeholder-aspect-ratio: 300\/277;\" data-original-sizes=\"(max-width: 300px) 100vw, 300px\">\n\t\t\t\t<\/picture>\n\t\t\t\t<div class=\"spectra-image-gallery__media-thumbnail-blurrer\"><\/div>\n\t\t\t\t\t\t\t\t\t\t\t<div class=\"spectra-image-gallery__media-thumbnail-caption-wrapper spectra-image-gallery__media-thumbnail-caption-wrapper--bar-inside\">\n\t\t\t\t\t\t\t\t\t\t\t<div class=\"spectra-image-gallery__media-thumbnail-caption spectra-image-gallery__media-thumbnail-caption--bar-inside\">\n\t\t\t\t\tCelebrations in 2025: 200 years of the Stelvio\t\t\t\t<\/div>\n\t\t\t\t\t\t\t\t\t\t<\/div>\n\t\t\t\t\t\t\t\t\t<\/div>\n\t\t\t\t\t\t<\/div>\n\t\t\t\t\t\t<div class=\"spectra-image-gallery__media-wrapper\" data-spectra-gallery-image-id=\"311007\" tabindex=\"0\">\n\t\t\t\t\t\t\t<div class=\"spectra-image-gallery__media spectra-image-gallery__media--grid\">\n\t\t\t\t<picture>\n\t\t\t\t\t<source media=\"(min-width: 1024px)\" data-srcset=\"https:\/\/b2642856.assetcdn.net\/2.0\/2642856\/wp-content\/uploads\/2024\/12\/MotorProsa-Blog-Post-Videoprojekt-Stelvio-2.jpg?lossy=1&strip=1&webp=1\">\n\t\t\t\t\t<source media=\"(min-width: 768px)\" data-srcset=\"https:\/\/b2642856.assetcdn.net\/2.0\/2642856\/wp-content\/uploads\/2024\/12\/MotorProsa-Blog-Post-Videoprojekt-Stelvio-2.jpg?lossy=1&strip=1&webp=1\">\n\t\t\t\t\t<img decoding=\"async\" class=\"spectra-image-gallery__media-thumbnail spectra-image-gallery__media-thumbnail--grid lazyload\" data-src=\"https:\/\/b2642856.assetcdn.net\/2.0\/2642856\/wp-content\/uploads\/2024\/12\/MotorProsa-Blog-Post-Videoprojekt-Stelvio-2-300x277.jpg?lossy=1&strip=1&webp=1\" alt=\"Narrow, steep, challenging ...\" title=\"\" data-srcset=\"https:\/\/b2642856.assetcdn.net\/2.0\/2642856\/wp-content\/uploads\/2024\/12\/MotorProsa-Blog-Post-Videoprojekt-Stelvio-2-300x277.jpg?lossy=1&amp;strip=1&amp;webp=1 300w, https:\/\/b2642856.assetcdn.net\/2.0\/2642856\/wp-content\/uploads\/2024\/12\/MotorProsa-Blog-Post-Videoprojekt-Stelvio-2-768x709.jpg?lossy=1&amp;strip=1&amp;webp=1 768w, https:\/\/b2642856.assetcdn.net\/2.0\/2642856\/wp-content\/uploads\/2024\/12\/MotorProsa-Blog-Post-Videoprojekt-Stelvio-2.jpg?lossy=1&amp;strip=1&amp;webp=1 1024w, https:\/\/b2642856.assetcdn.net\/2.0\/2642856\/wp-content\/uploads\/2024\/12\/MotorProsa-Blog-Post-Videoprojekt-Stelvio-2.jpg?size=240x222&amp;lossy=1&amp;strip=1&amp;webp=1 240w\" data-sizes=\"auto\" src=\"data:image\/svg+xml;base64,PHN2ZyB3aWR0aD0iMSIgaGVpZ2h0PSIxIiB4bWxucz0iaHR0cDovL3d3dy53My5vcmcvMjAwMC9zdmciPjwvc3ZnPg==\" style=\"--smush-placeholder-width: 300px; --smush-placeholder-aspect-ratio: 300\/277;\" data-original-sizes=\"(max-width: 300px) 100vw, 300px\">\n\t\t\t\t<\/picture>\n\t\t\t\t<div class=\"spectra-image-gallery__media-thumbnail-blurrer\"><\/div>\n\t\t\t\t\t\t\t\t\t\t\t<div class=\"spectra-image-gallery__media-thumbnail-caption-wrapper spectra-image-gallery__media-thumbnail-caption-wrapper--bar-inside\">\n\t\t\t\t\t\t\t\t\t\t\t<div class=\"spectra-image-gallery__media-thumbnail-caption spectra-image-gallery__media-thumbnail-caption--bar-inside\">\n\t\t\t\t\tNarrow, steep, challenging &#8230;\t\t\t\t<\/div>\n\t\t\t\t\t\t\t\t\t\t<\/div>\n\t\t\t\t\t\t\t\t\t<\/div>\n\t\t\t\t\t\t<\/div>\n\t\t\t\t\t\t<div class=\"spectra-image-gallery__media-wrapper\" data-spectra-gallery-image-id=\"311056\" tabindex=\"0\">\n\t\t\t\t\t\t\t<div class=\"spectra-image-gallery__media spectra-image-gallery__media--grid\">\n\t\t\t\t<picture>\n\t\t\t\t\t<source media=\"(min-width: 1024px)\" data-srcset=\"https:\/\/b2642856.assetcdn.net\/2.0\/2642856\/wp-content\/uploads\/2024\/12\/MotorProsa-Blog-Post-Videoprojekt-Stelvio-5.jpg?lossy=1&strip=1&webp=1\">\n\t\t\t\t\t<source media=\"(min-width: 768px)\" data-srcset=\"https:\/\/b2642856.assetcdn.net\/2.0\/2642856\/wp-content\/uploads\/2024\/12\/MotorProsa-Blog-Post-Videoprojekt-Stelvio-5.jpg?lossy=1&strip=1&webp=1\">\n\t\t\t\t\t<img decoding=\"async\" class=\"spectra-image-gallery__media-thumbnail spectra-image-gallery__media-thumbnail--grid lazyload\" data-src=\"https:\/\/b2642856.assetcdn.net\/2.0\/2642856\/wp-content\/uploads\/2024\/12\/MotorProsa-Blog-Post-Videoprojekt-Stelvio-5-300x277.jpg?lossy=1&strip=1&webp=1\" alt=\"\" title=\"\" data-srcset=\"https:\/\/b2642856.assetcdn.net\/2.0\/2642856\/wp-content\/uploads\/2024\/12\/MotorProsa-Blog-Post-Videoprojekt-Stelvio-5-300x277.jpg?lossy=1&amp;strip=1&amp;webp=1 300w, https:\/\/b2642856.assetcdn.net\/2.0\/2642856\/wp-content\/uploads\/2024\/12\/MotorProsa-Blog-Post-Videoprojekt-Stelvio-5-768x709.jpg?lossy=1&amp;strip=1&amp;webp=1 768w, https:\/\/b2642856.assetcdn.net\/2.0\/2642856\/wp-content\/uploads\/2024\/12\/MotorProsa-Blog-Post-Videoprojekt-Stelvio-5.jpg?lossy=1&amp;strip=1&amp;webp=1 1024w, https:\/\/b2642856.assetcdn.net\/2.0\/2642856\/wp-content\/uploads\/2024\/12\/MotorProsa-Blog-Post-Videoprojekt-Stelvio-5.jpg?size=240x222&amp;lossy=1&amp;strip=1&amp;webp=1 240w\" data-sizes=\"auto\" src=\"data:image\/svg+xml;base64,PHN2ZyB3aWR0aD0iMSIgaGVpZ2h0PSIxIiB4bWxucz0iaHR0cDovL3d3dy53My5vcmcvMjAwMC9zdmciPjwvc3ZnPg==\" style=\"--smush-placeholder-width: 300px; --smush-placeholder-aspect-ratio: 300\/277;\" data-original-sizes=\"(max-width: 300px) 100vw, 300px\">\n\t\t\t\t<\/picture>\n\t\t\t\t<div class=\"spectra-image-gallery__media-thumbnail-blurrer\"><\/div>\n\t\t\t\t\t\t\t\t\t\t\t<div class=\"spectra-image-gallery__media-thumbnail-caption-wrapper spectra-image-gallery__media-thumbnail-caption-wrapper--bar-inside\">\n\t\t\t\t\t\t\t\t\t\t\t<div class=\"spectra-image-gallery__media-thumbnail-caption spectra-image-gallery__media-thumbnail-caption--bar-inside\">\n\t\t\t\t\tSerpentine spectacle\t\t\t\t<\/div>\n\t\t\t\t\t\t\t\t\t\t<\/div>\n\t\t\t\t\t\t\t\t\t<\/div>\n\t\t\t\t\t\t<\/div>\n\t\t\t\t\t\t<div class=\"spectra-image-gallery__media-wrapper\" data-spectra-gallery-image-id=\"311058\" tabindex=\"0\">\n\t\t\t\t\t\t\t<div class=\"spectra-image-gallery__media spectra-image-gallery__media--grid\">\n\t\t\t\t<picture>\n\t\t\t\t\t<source media=\"(min-width: 1024px)\" data-srcset=\"https:\/\/b2642856.assetcdn.net\/2.0\/2642856\/wp-content\/uploads\/2024\/12\/MotorProsa-Blog-Post-Videoprojekt-Stelvio-4.jpg?lossy=1&strip=1&webp=1\">\n\t\t\t\t\t<source media=\"(min-width: 768px)\" data-srcset=\"https:\/\/b2642856.assetcdn.net\/2.0\/2642856\/wp-content\/uploads\/2024\/12\/MotorProsa-Blog-Post-Videoprojekt-Stelvio-4.jpg?lossy=1&strip=1&webp=1\">\n\t\t\t\t\t<img decoding=\"async\" class=\"spectra-image-gallery__media-thumbnail spectra-image-gallery__media-thumbnail--grid lazyload\" data-src=\"https:\/\/b2642856.assetcdn.net\/2.0\/2642856\/wp-content\/uploads\/2024\/12\/MotorProsa-Blog-Post-Videoprojekt-Stelvio-4-300x277.jpg?lossy=1&strip=1&webp=1\" alt=\"Framed in stone\" title=\"\" data-srcset=\"https:\/\/b2642856.assetcdn.net\/2.0\/2642856\/wp-content\/uploads\/2024\/12\/MotorProsa-Blog-Post-Videoprojekt-Stelvio-4-300x277.jpg?lossy=1&amp;strip=1&amp;webp=1 300w, https:\/\/b2642856.assetcdn.net\/2.0\/2642856\/wp-content\/uploads\/2024\/12\/MotorProsa-Blog-Post-Videoprojekt-Stelvio-4-768x709.jpg?lossy=1&amp;strip=1&amp;webp=1 768w, https:\/\/b2642856.assetcdn.net\/2.0\/2642856\/wp-content\/uploads\/2024\/12\/MotorProsa-Blog-Post-Videoprojekt-Stelvio-4.jpg?lossy=1&amp;strip=1&amp;webp=1 1024w, https:\/\/b2642856.assetcdn.net\/2.0\/2642856\/wp-content\/uploads\/2024\/12\/MotorProsa-Blog-Post-Videoprojekt-Stelvio-4.jpg?size=240x222&amp;lossy=1&amp;strip=1&amp;webp=1 240w\" data-sizes=\"auto\" src=\"data:image\/svg+xml;base64,PHN2ZyB3aWR0aD0iMSIgaGVpZ2h0PSIxIiB4bWxucz0iaHR0cDovL3d3dy53My5vcmcvMjAwMC9zdmciPjwvc3ZnPg==\" style=\"--smush-placeholder-width: 300px; --smush-placeholder-aspect-ratio: 300\/277;\" data-original-sizes=\"(max-width: 300px) 100vw, 300px\">\n\t\t\t\t<\/picture>\n\t\t\t\t<div class=\"spectra-image-gallery__media-thumbnail-blurrer\"><\/div>\n\t\t\t\t\t\t\t\t\t\t\t<div class=\"spectra-image-gallery__media-thumbnail-caption-wrapper spectra-image-gallery__media-thumbnail-caption-wrapper--bar-inside\">\n\t\t\t\t\t\t\t\t\t\t\t<div class=\"spectra-image-gallery__media-thumbnail-caption spectra-image-gallery__media-thumbnail-caption--bar-inside\">\n\t\t\t\t\tFramed in stone\t\t\t\t<\/div>\n\t\t\t\t\t\t\t\t\t\t<\/div>\n\t\t\t\t\t\t\t\t\t<\/div>\n\t\t\t\t\t\t<\/div>\n\t\t\t\t\t\t\t\t\t\t<\/div>\n\t\t\t\t\t\t\t\t\t\t\t\t\t\t\t\t\t\t<\/div>\n\t\t\t\t\t\t\t\t\t\t\t<div class='spectra-image-gallery__control-lightbox' tabindex='0'>\n\t\t\t\t\t\t\t\t\t\t\t<div class=\"swiper spectra-image-gallery__control-lightbox--main\" dir=\"\">\n\t\t\t\t\t<div class=\"swiper-wrapper\">\n\t\t\t\t\t\t\t\t\t\t\t\t\t\n\t\t\t\t\t\t\t<div class=\"swiper-slide\">\n\t\t\t\t\t\t\t\t<img class=\"swiper-lazy\" data-src=\"https:\/\/b2642856.assetcdn.net\/2.0\/2642856\/wp-content\/uploads\/2024\/12\/MotorProsa-Blog-Post-Videoprojekt-Stelvio-3.jpg?lossy=1&strip=1&webp=1\" alt=\"Celebrations in 2025: 200 years of the Stelvio\"\/>\n\t\t\t\t\t\t\t\t<div class=\"swiper-lazy-preloader swiper-lazy-preloader-white\"><\/div>\n\t\t\t\t\t\t\t\t\t\t\t\t\t\t\t<\/div>\n\t\t\t\t\t\t\t\t\t\t\t\t\t\n\t\t\t\t\t\t\t<div class=\"swiper-slide\">\n\t\t\t\t\t\t\t\t<img class=\"swiper-lazy\" data-src=\"https:\/\/b2642856.assetcdn.net\/2.0\/2642856\/wp-content\/uploads\/2024\/12\/MotorProsa-Blog-Post-Videoprojekt-Stelvio-2.jpg?lossy=1&strip=1&webp=1\" alt=\"Narrow, steep, challenging ...\"\/>\n\t\t\t\t\t\t\t\t<div class=\"swiper-lazy-preloader swiper-lazy-preloader-white\"><\/div>\n\t\t\t\t\t\t\t\t\t\t\t\t\t\t\t<\/div>\n\t\t\t\t\t\t\t\t\t\t\t\t\t\n\t\t\t\t\t\t\t<div class=\"swiper-slide\">\n\t\t\t\t\t\t\t\t<img class=\"swiper-lazy\" data-src=\"https:\/\/b2642856.assetcdn.net\/2.0\/2642856\/wp-content\/uploads\/2024\/12\/MotorProsa-Blog-Post-Videoprojekt-Stelvio-5.jpg?lossy=1&strip=1&webp=1\" alt=\"\"\/>\n\t\t\t\t\t\t\t\t<div class=\"swiper-lazy-preloader swiper-lazy-preloader-white\"><\/div>\n\t\t\t\t\t\t\t\t\t\t\t\t\t\t\t<\/div>\n\t\t\t\t\t\t\t\t\t\t\t\t\t\n\t\t\t\t\t\t\t<div class=\"swiper-slide\">\n\t\t\t\t\t\t\t\t<img class=\"swiper-lazy\" data-src=\"https:\/\/b2642856.assetcdn.net\/2.0\/2642856\/wp-content\/uploads\/2024\/12\/MotorProsa-Blog-Post-Videoprojekt-Stelvio-4.jpg?lossy=1&strip=1&webp=1\" alt=\"Framed in stone\"\/>\n\t\t\t\t\t\t\t\t<div class=\"swiper-lazy-preloader swiper-lazy-preloader-white\"><\/div>\n\t\t\t\t\t\t\t\t\t\t\t\t\t\t\t<\/div>\n\t\t\t\t\t\t\t\t\t\t\t<\/div>\n\t\t\t\t\t<div class=\"swiper-button-next\"><\/div>\n\t\t\t\t\t<div class=\"swiper-button-prev\"><\/div>\n\t\t\t\t<\/div>\t\t\t\n\t\t\t\t\t\t\t\t\t\t\t\t\t\t\t\t\t\t\t\t\t\t\t\t\t\t\t\t\t\t\t\t<button class='spectra-image-gallery__control-lightbox--close' aria-label=\"Close\">\n\t\t\t\t\t\t\t\t\t\t\t\t\t<svg xmlns=\"https:\/\/www.w3.org\/2000\/svg\" viewBox= \"0 0 320 512\"><path d=\"M310.6 361.4c12.5 12.5 12.5 32.75 0 45.25C304.4 412.9 296.2 416 288 416s-16.38-3.125-22.62-9.375L160 301.3L54.63 406.6C48.38 412.9 40.19 416 32 416S15.63 412.9 9.375 406.6c-12.5-12.5-12.5-32.75 0-45.25l105.4-105.4L9.375 150.6c-12.5-12.5-12.5-32.75 0-45.25s32.75-12.5 45.25 0L160 210.8l105.4-105.4c12.5-12.5 32.75-12.5 45.25 0s12.5 32.75 0 45.25l-105.4 105.4L310.6 361.4z\"><\/path><\/svg>\n\t\t\t\t\t\t\t\t\t\t\t\t<\/button>\n\t\t\t\t\t\t\t\t\t\t\t\t\t<\/div>\n\t\t\t\t\t\t\t\t\t\n\n\n<div style=\"height:50px\" aria-hidden=\"true\" class=\"wp-block-spacer\"><\/div>\n\n\n\n<h2 class=\"wp-block-heading has-drop-cap\">Thank<br>&nbsp;you!<\/h2>\n\n\n\n<p class=\"wp-block-paragraph\">All of the above&nbsp;\u2013 and much more&nbsp;\u2013 would not have been possible without the support of experts, friends and partners. My thanks therefore go to<\/p>\n\n\n\n<ul class=\"wp-block-list\">\n<li><strong><a href=\"https:\/\/www.vinschgau.net\/en\/prad-am-stilfserjoch.html\" target=\"_blank\" rel=\"noreferrer noopener\">Tourismusverein<\/a><a href=\"https:\/\/www.vinschgau.net\/de\/prad-am-stilfserjoch.html\" target=\"_blank\" rel=\"noreferrer noopener\"> Prad am Stilfserjoch<\/a><br><\/strong>For your appreciative support of our Stelvio project<\/li>\n\n\n\n<li><a href=\"https:\/\/www.tibet-stelvio.com\/tibet-hut.htm\" target=\"_blank\" rel=\"noreferrer noopener\"><strong>Alpine Guesthouse Tibet Hut<br><\/strong><\/a>For your always heartfelt help with every request around the Stelvio<\/li>\n\n\n\n<li><strong>Arthur Gfrei<br><\/strong>For sharing your extensive knowledge of the history of the Stelvio road<\/li>\n\n\n\n<li><a href=\"https:\/\/zeromotorcycles.com\/de-de\" target=\"_blank\" rel=\"noreferrer noopener\"><strong>Zero Motorcycles Europe<br><\/strong><\/a>For providing us with your test motorcycles<\/li>\n\n\n\n<li><strong><a href=\"https:\/\/wortwerkstatt.de\/en\/home-english\/\" target=\"_blank\" rel=\"noreferrer noopener\">Die Wortwerkstatt<\/a><br><\/strong>For the organization and provision of test motorcycles<\/li>\n\n\n\n<li><a href=\"https:\/\/www.facebook.com\/burgschaenke.schluderns\" target=\"_blank\" rel=\"noreferrer noopener\"><strong>Burgsch\u00e4nke Schluderns<br><\/strong><\/a>For your support with our film work<\/li>\n\n\n\n<li><strong>Lanfranco Sorvillo<br><\/strong>For your great driving service and your tireless patience<\/li>\n\n\n\n<li><a href=\"https:\/\/www.motorradonline.de\" target=\"_blank\" rel=\"noreferrer noopener\"><strong>Motorpresse Stuttgart \/ MOTORRAD<br><\/strong><\/a>For the trust in our work<\/li>\n\n\n\n<li><a href=\"https:\/\/www.moppetfoto.de\" target=\"_blank\" rel=\"noreferrer noopener\"><strong>Moppetfoto<br><\/strong><\/a>Without you, my friend, the year would only have been half as colorful<\/li>\n\n\n\n<li><a href=\"https:\/\/www.moho.info\" target=\"_blank\" rel=\"noreferrer noopener\"><strong>MoHo Motorradhotels<br><\/strong><\/a>For the valuable support in the production of our portraits of alpine passes<\/li>\n\n\n\n<li><a href=\"https:\/\/nolan-helmets.com\/de_DE\/\" target=\"_blank\" rel=\"noreferrer noopener\"><strong>Nolan Group Germany<br><\/strong><\/a>For your first-class helmets<\/li>\n\n\n\n<li><strong><a href=\"https:\/\/luhta.com\/de\/de\/b\/rukka-motorsport\" target=\"_blank\" rel=\"noreferrer noopener\">Rukka Motorsports<br><\/a><\/strong>Always well dressed thanks to you&nbsp;\u2013 in the heat of summer and in the cold of the high mountains<\/li>\n\n\n\n<li><a href=\"https:\/\/cardosystems.com\/de\" target=\"_blank\" rel=\"noreferrer noopener\"><strong>Cardo Systems<br><\/strong><\/a>For making communication easier during our work<\/li>\n\n\n\n<li><a href=\"https:\/\/sw-motech.com\" class=\"blc-broken-link\" data-blc-broken=\"1\"><strong>SW-Motech<br><\/strong><\/a>For your ingenious and well thought-out luggage solutions<\/li>\n<\/ul>\n\n\n\n<figure class=\"wp-block-image size-large\"><img decoding=\"async\" width=\"1024\" height=\"60\" data-src=\"https:\/\/b2642856.assetcdn.net\/2.0\/2642856\/wp-content\/uploads\/2020\/02\/Trenner-1024x60-1.png?lossy=1&strip=1&webp=1\" alt=\"Das Symbol von MotorProsa: die F\u00fcllfeder.\" class=\"wp-image-441 lazyload\" title=\"MotorProsa: Motorrad-Geschichten, geschrieben mit Passion\" data-srcset=\"https:\/\/b2642856.assetcdn.net\/2.0\/2642856\/wp-content\/uploads\/2020\/02\/Trenner-1024x60-1.png?lossy=1&strip=1&webp=1 1024w, https:\/\/b2642856.assetcdn.net\/2.0\/2642856\/wp-content\/uploads\/2020\/02\/Trenner-1024x60-1-300x18.png?lossy=1&strip=1&webp=1 300w, https:\/\/b2642856.assetcdn.net\/2.0\/2642856\/wp-content\/uploads\/2020\/02\/Trenner-1024x60-1-768x45.png?lossy=1&strip=1&webp=1 768w, https:\/\/b2642856.assetcdn.net\/2.0\/2642856\/wp-content\/uploads\/2020\/02\/Trenner-1024x60-1.png?size=240x14&lossy=1&strip=1&webp=1 240w, https:\/\/b2642856.assetcdn.net\/2.0\/2642856\/wp-content\/uploads\/2020\/02\/Trenner-1024x60-1.png?size=480x28&lossy=1&strip=1&webp=1 480w, https:\/\/b2642856.assetcdn.net\/2.0\/2642856\/wp-content\/uploads\/2020\/02\/Trenner-1024x60-1.png?size=960x56&lossy=1&strip=1&webp=1 960w\" data-sizes=\"auto\" src=\"data:image\/svg+xml;base64,PHN2ZyB3aWR0aD0iMSIgaGVpZ2h0PSIxIiB4bWxucz0iaHR0cDovL3d3dy53My5vcmcvMjAwMC9zdmciPjwvc3ZnPg==\" style=\"--smush-placeholder-width: 1024px; --smush-placeholder-aspect-ratio: 1024\/60;\" data-original-sizes=\"(max-width: 1024px) 100vw, 1024px\" \/><\/figure>\n\n\n\n<div style=\"height:50px\" aria-hidden=\"true\" class=\"wp-block-spacer\"><\/div>\n\n\n\n<h2 class=\"wp-block-heading has-drop-cap\">And now<br>&nbsp;You!<\/h2>\n\n\n\n<p class=\"wp-block-paragraph\">How have you been in 2024? Was it good to you, what was your highlight? And what are your plans? Let me know in the comments&nbsp;\u2013 I&#8217;m curious!<\/p>\n\n\n\n<div style=\"height:25px\" aria-hidden=\"true\" class=\"wp-block-spacer\"><\/div>\n\n\n<!--Yasr Visitor Votes Shortcode--><div id='yasr_visitor_votes_a1a6d641ad991' class='yasr-visitor-votes'><div class=\"yasr-custom-text-vv-before yasr-custom-text-vv-before-316217\">Bewerte diesen Beitrag \/\/ Rate this post <\/div><div id='yasr-vv-second-row-container-a1a6d641ad991'\r\n                                        class='yasr-vv-second-row-container'><div id='yasr-visitor-votes-rater-a1a6d641ad991'\r\n                                      class='yasr-rater-stars-vv'\r\n                                      data-rater-postid='316217'\r\n                                      data-rating='5'\r\n                                      data-rater-starsize='32'\r\n                                      data-rater-readonly='false'\r\n                                      data-rater-nonce='d4ca20a83d'\r\n                                      data-issingular='false'\r\n                                    ><\/div><div class=\"yasr-vv-stats-text-container\" id=\"yasr-vv-stats-text-container-a1a6d641ad991\"><svg xmlns=\"https:\/\/www.w3.org\/2000\/svg\" width=\"20\" height=\"20\"\r\n                                   class=\"yasr-dashicons-visitor-stats\"\r\n                                   data-postid=\"316217\"\r\n                                   id=\"yasr-stats-dashicon-a1a6d641ad991\">\r\n                                   <path d=\"M18 18v-16h-4v16h4zM12 18v-11h-4v11h4zM6 18v-8h-4v8h4z\"><\/path>\r\n                               <\/svg><span id=\"yasr-vv-text-container-a1a6d641ad991\" class=\"yasr-vv-text-container\"><\/span><\/div><div id='yasr-vv-loader-a1a6d641ad991' class='yasr-vv-container-loader'><\/div><\/div><div id='yasr-vv-bottom-container-a1a6d641ad991'\r\n                              class='yasr-vv-bottom-container'\r\n                              style='display:none'><\/div><\/div><!--End Yasr Visitor Votes Shortcode-->\n\n\n\n<div style=\"height:25px\" aria-hidden=\"true\" class=\"wp-block-spacer\"><\/div>\n\n\n<div class=\"ShariffSC my-image-border\"><div class=\"shariff shariff-align-left shariff-widget-align-left shariff-buttonstretch\" data-services=\"facebook\" data-url=\"https:\/\/www.motorprosa.com\/en\/2024-a-year-full-of-stories-and-curves\/\" data-timestamp=\"1736363097\" data-backendurl=\"https:\/\/www.motorprosa.com\/en\/wp-json\/shariff\/v1\/share_counts?\"><ul class=\"shariff-buttons theme-white orientation-horizontal buttonsize-medium\"><li class=\"shariff-button facebook shariff-nocustomcolor\" style=\"background-color:#4273c8\"><a href=\"https:\/\/www.facebook.com\/sharer\/sharer.php?u=https%3A%2F%2Fwww.motorprosa.com%2Fen%2F2024-a-year-full-of-stories-and-curves%2F\" title=\"Share on Facebook\" aria-label=\"Share on Facebook\" role=\"button\" rel=\"nofollow\" class=\"shariff-link\" style=\"; background-color:#3b5998; color:#3b5998\" target=\"_blank\"><span class=\"shariff-icon\" style=\"fill:#3b5998\"><svg width=\"32px\" height=\"20px\" xmlns=\"http:\/\/www.w3.org\/2000\/svg\" viewBox=\"0 0 18 32\"><path fill=\"#3b5998\" d=\"M17.1 0.2v4.7h-2.8q-1.5 0-2.1 0.6t-0.5 1.9v3.4h5.2l-0.7 5.3h-4.5v13.6h-5.5v-13.6h-4.5v-5.3h4.5v-3.9q0-3.3 1.9-5.2t5-1.8q2.6 0 4.1 0.2z\"\/><\/svg><\/span><span class=\"shariff-text\" style=\"color:#3b5998\">share<\/span>&nbsp;<\/a><\/li><li class=\"shariff-button bluesky shariff-nocustomcolor\" style=\"background-color:#84c4ff\"><a href=\"https:\/\/bsky.app\/intent\/compose?text=2024%3A%20A%20year%20full%20of%20stories%20and%20curves https%3A%2F%2Fwww.motorprosa.com%2Fen%2F2024-a-year-full-of-stories-and-curves%2F  via @motorprosa.com\" title=\"Share on Bluesky\" aria-label=\"Share on Bluesky\" role=\"button\" rel=\"noopener nofollow\" class=\"shariff-link\" style=\"; background-color:#0085ff; color:#0085ff\" target=\"_blank\"><span class=\"shariff-icon\" style=\"fill:#0085ff\"><svg width=\"20\" height=\"20\" version=\"1.1\" xmlns=\"http:\/\/www.w3.org\/2000\/svg\" viewBox=\"0 0 20 20\"><path class=\"st0\" d=\"M4.89,3.12c2.07,1.55,4.3,4.71,5.11,6.4.82-1.69,3.04-4.84,5.11-6.4,1.49-1.12,3.91-1.99,3.91.77,0,.55-.32,4.63-.5,5.3-.64,2.3-2.99,2.89-5.08,2.54,3.65.62,4.58,2.68,2.57,4.74-3.81,3.91-5.48-.98-5.9-2.23-.08-.23-.11-.34-.12-.25,0-.09-.04.02-.12.25-.43,1.25-2.09,6.14-5.9,2.23-2.01-2.06-1.08-4.12,2.57-4.74-2.09.36-4.44-.23-5.08-2.54-.19-.66-.5-4.74-.5-5.3,0-2.76,2.42-1.89,3.91-.77h0Z\"\/><\/svg><\/span><span class=\"shariff-text\" style=\"color:#0085ff\">share<\/span>&nbsp;<\/a><\/li><li class=\"shariff-button linkedin shariff-nocustomcolor\" style=\"background-color:#1488bf\"><a href=\"https:\/\/www.linkedin.com\/sharing\/share-offsite\/?url=https%3A%2F%2Fwww.motorprosa.com%2Fen%2F2024-a-year-full-of-stories-and-curves%2F\" title=\"Share on LinkedIn\" aria-label=\"Share on LinkedIn\" role=\"button\" rel=\"noopener nofollow\" class=\"shariff-link\" style=\"; background-color:#0077b5; color:#0077b5\" target=\"_blank\"><span class=\"shariff-icon\" style=\"fill:#0077b5\"><svg width=\"32px\" height=\"20px\" xmlns=\"http:\/\/www.w3.org\/2000\/svg\" viewBox=\"0 0 27 32\"><path fill=\"#0077b5\" d=\"M6.2 11.2v17.7h-5.9v-17.7h5.9zM6.6 5.7q0 1.3-0.9 2.2t-2.4 0.9h0q-1.5 0-2.4-0.9t-0.9-2.2 0.9-2.2 2.4-0.9 2.4 0.9 0.9 2.2zM27.4 18.7v10.1h-5.9v-9.5q0-1.9-0.7-2.9t-2.3-1.1q-1.1 0-1.9 0.6t-1.2 1.5q-0.2 0.5-0.2 1.4v9.9h-5.9q0-7.1 0-11.6t0-5.3l0-0.9h5.9v2.6h0q0.4-0.6 0.7-1t1-0.9 1.6-0.8 2-0.3q3 0 4.9 2t1.9 6z\"\/><\/svg><\/span><span class=\"shariff-text\" style=\"color:#0077b5\">share<\/span>&nbsp;<\/a><\/li><\/ul><\/div><\/div>\n\n\n\n<div style=\"height:50px\" aria-hidden=\"true\" class=\"wp-block-spacer\"><\/div>\n\n\n\n<h3 class=\"wp-block-heading\" id=\"bestens-dazu-passend\">Perfectly matching<\/h3>\n\n\n\n\t\t\t<div class=\"wp-block-uagb-post-grid uagb-post-grid  uagb-post__image-position-top uagb-post__image-enabled uagb-block-367b7f17     uagb-post__items uagb-post__columns-3 is-grid uagb-post__columns-tablet-2 uagb-post__columns-mobile-1 uagb-post__equal-height\" data-total=\"2\" style=\"\">\n\n\t\t\t\t\t\t\t\t\t\t\t\t<article class=\"uagb-post__inner-wrap\">\t\t\t\t\t\t\t\t<div class='uagb-post__image'>\n\t\t\t\t\t\t\t\t\t<a href=\"https:\/\/www.motorprosa.com\/en\/the-journey-to-the-water\/\" target=\"_self\" rel=\"bookmark noopener noreferrer\" class=\"uagb-image-ratio-inherit\"><img decoding=\"async\" width=\"1024\" height=\"605\" data-src=\"https:\/\/b2642856.assetcdn.net\/2.0\/2642856\/wp-content\/uploads\/2022\/01\/motorprosa-blog-header-reise-ans-wasser-1-effekt-1024x605.jpg?lossy=1&strip=1&webp=1\" class=\"attachment-large size-large lazyload\" alt=\"MotorProsa: Die Reise ans Wasser\" data-srcset=\"https:\/\/b2642856.assetcdn.net\/2.0\/2642856\/wp-content\/uploads\/2022\/01\/motorprosa-blog-header-reise-ans-wasser-1-effekt-1024x605.jpg?lossy=1&strip=1&webp=1 1024w, https:\/\/b2642856.assetcdn.net\/2.0\/2642856\/wp-content\/uploads\/2022\/01\/motorprosa-blog-header-reise-ans-wasser-1-effekt-300x177.jpg?lossy=1&strip=1&webp=1 300w, https:\/\/b2642856.assetcdn.net\/2.0\/2642856\/wp-content\/uploads\/2022\/01\/MotorProsa-Blog-Header-Reise-ans-Wasser-1-Effekt-1.jpg?lossy=1&strip=1&webp=1 1200w, https:\/\/b2642856.assetcdn.net\/2.0\/2642856\/wp-content\/uploads\/2022\/01\/MotorProsa-Blog-Header-Reise-ans-Wasser-1-Effekt-1.jpg?size=240x142&lossy=1&strip=1&webp=1 240w, https:\/\/b2642856.assetcdn.net\/2.0\/2642856\/wp-content\/uploads\/2022\/01\/MotorProsa-Blog-Header-Reise-ans-Wasser-1-Effekt-1.jpg?size=480x284&lossy=1&strip=1&webp=1 480w, https:\/\/b2642856.assetcdn.net\/2.0\/2642856\/wp-content\/uploads\/2022\/01\/MotorProsa-Blog-Header-Reise-ans-Wasser-1-Effekt-1.jpg?size=720x425&lossy=1&strip=1&webp=1 720w, https:\/\/b2642856.assetcdn.net\/2.0\/2642856\/wp-content\/uploads\/2022\/01\/MotorProsa-Blog-Header-Reise-ans-Wasser-1-Effekt-1.jpg?size=960x567&lossy=1&strip=1&webp=1 960w\" data-sizes=\"auto\" title=\"\" src=\"data:image\/svg+xml;base64,PHN2ZyB3aWR0aD0iMSIgaGVpZ2h0PSIxIiB4bWxucz0iaHR0cDovL3d3dy53My5vcmcvMjAwMC9zdmciPjwvc3ZnPg==\" style=\"--smush-placeholder-width: 1024px; --smush-placeholder-aspect-ratio: 1024\/605;\" data-original-sizes=\"(max-width: 1024px) 100vw, 1024px\">\t\t\t\t\t<\/a>\n\t\t\t\t\t\t\t<\/div>\n\t\t\t\t\t\t<h4 class=\"uagb-post__title uagb-post__text\">\n\t\t\t\t<a href=\"https:\/\/www.motorprosa.com\/en\/the-journey-to-the-water\/\" target=\"_self\" rel=\"bookmark noopener noreferrer\">The journey to the water<\/a>\n\t\t\t<\/h4>\n\t\t\t\t\t\t<div class='uagb-post__text uagb-post-grid-byline'>\n\t\t\t\t\t\t\t\t<span class=\"uagb-post__comment\">\n\t\t\t\t<span class=\"dashicons-admin-comments dashicons\"><\/span>\t\t\t\t\tNo Comments\t\t\t\t<\/span>\n\t\t\t\t\t\t<\/div>\n\t\t\t\t\t\t\t<div class='uagb-post__text uagb-post__excerpt'>\n\t\t\t\t\tTake a ride with me, let&#8217;s go to the water: you&#8217;ll stand on the coast of the &#8220;Five Worlds&#8221;, on a warm summer evening.<br>Come on!\t\t\t\t<\/div>\n\t\t\t\n\t\t\t\t\t\t\t\t\t<\/article>\n\t\t\t\t\t\t\t\t\t\t\t\t\t\t\t\t<article class=\"uagb-post__inner-wrap\">\t\t\t\t\t\t\t\t<div class='uagb-post__image'>\n\t\t\t\t\t\t\t\t\t<a href=\"https:\/\/www.motorprosa.com\/en\/ive-had-enough-im-dropping-it\/\" target=\"_self\" rel=\"bookmark noopener noreferrer\" class=\"uagb-image-ratio-inherit\"><img decoding=\"async\" width=\"1024\" height=\"575\" data-src=\"https:\/\/b2642856.assetcdn.net\/2.0\/2642856\/wp-content\/uploads\/2024\/08\/MotorProsa-Blog-Header-Mir-reicht-es-Effekt-1024x575.jpg?lossy=1&strip=1&webp=1\" class=\"attachment-large size-large lazyload\" alt=\"Eine dramatische Szene auf einer kurvigen Gebirgsstra\u00dfe. Im Vordergrund liegt ein Motorrad quer auf der Stra\u00dfe, w\u00e4hrend zwei Motorradfahrer in Schutzkleidung daneben stehen und die Situation begutachten.\" data-srcset=\"https:\/\/b2642856.assetcdn.net\/2.0\/2642856\/wp-content\/uploads\/2024\/08\/MotorProsa-Blog-Header-Mir-reicht-es-Effekt-1024x575.jpg?lossy=1&strip=1&webp=1 1024w, https:\/\/b2642856.assetcdn.net\/2.0\/2642856\/wp-content\/uploads\/2024\/08\/MotorProsa-Blog-Header-Mir-reicht-es-Effekt-300x169.jpg?lossy=1&strip=1&webp=1 300w, https:\/\/b2642856.assetcdn.net\/2.0\/2642856\/wp-content\/uploads\/2024\/08\/MotorProsa-Blog-Header-Mir-reicht-es-Effekt-768x431.jpg?lossy=1&strip=1&webp=1 768w, https:\/\/b2642856.assetcdn.net\/2.0\/2642856\/wp-content\/uploads\/2024\/08\/MotorProsa-Blog-Header-Mir-reicht-es-Effekt.jpg?lossy=1&strip=1&webp=1 1200w, https:\/\/b2642856.assetcdn.net\/2.0\/2642856\/wp-content\/uploads\/2024\/08\/MotorProsa-Blog-Header-Mir-reicht-es-Effekt.jpg?size=240x135&lossy=1&strip=1&webp=1 240w, https:\/\/b2642856.assetcdn.net\/2.0\/2642856\/wp-content\/uploads\/2024\/08\/MotorProsa-Blog-Header-Mir-reicht-es-Effekt.jpg?size=480x270&lossy=1&strip=1&webp=1 480w, https:\/\/b2642856.assetcdn.net\/2.0\/2642856\/wp-content\/uploads\/2024\/08\/MotorProsa-Blog-Header-Mir-reicht-es-Effekt.jpg?size=960x539&lossy=1&strip=1&webp=1 960w\" data-sizes=\"auto\" title=\"\" src=\"data:image\/svg+xml;base64,PHN2ZyB3aWR0aD0iMSIgaGVpZ2h0PSIxIiB4bWxucz0iaHR0cDovL3d3dy53My5vcmcvMjAwMC9zdmciPjwvc3ZnPg==\" style=\"--smush-placeholder-width: 1024px; --smush-placeholder-aspect-ratio: 1024\/575;\" data-original-sizes=\"(max-width: 1024px) 100vw, 1024px\">\t\t\t\t\t<\/a>\n\t\t\t\t\t\t\t<\/div>\n\t\t\t\t\t\t<h4 class=\"uagb-post__title uagb-post__text\">\n\t\t\t\t<a href=\"https:\/\/www.motorprosa.com\/en\/ive-had-enough-im-dropping-it\/\" target=\"_self\" rel=\"bookmark noopener noreferrer\">I&#8217;ve had enough. I&#8217;m dropping it.<\/a>\n\t\t\t<\/h4>\n\t\t\t\t\t\t<div class='uagb-post__text uagb-post-grid-byline'>\n\t\t\t\t\t\t\t\t<span class=\"uagb-post__comment\">\n\t\t\t\t<span class=\"dashicons-admin-comments dashicons\"><\/span>\t\t\t\t\tNo Comments\t\t\t\t<\/span>\n\t\t\t\t\t\t<\/div>\n\t\t\t\t\t\t\t<div class='uagb-post__text uagb-post__excerpt'>\n\t\t\t\t\tDropping the motorcycle. You know that feeling? And do you know the feeling when someone makes fun about that?\t\t\t\t<\/div>\n\t\t\t\n\t\t\t\t\t\t\t\t\t<\/article>\n\t\t\t\t\t\t\t\t\t\t\t\t\t\t\t\t<article class=\"uagb-post__inner-wrap\">\t\t\t\t\t\t\t\t<div class='uagb-post__image'>\n\t\t\t\t\t\t\t\t\t<a href=\"https:\/\/www.motorprosa.com\/en\/my-emotions-when-riding-a-motorcycle\/\" target=\"_self\" rel=\"bookmark noopener noreferrer\" class=\"uagb-image-ratio-inherit\"><img decoding=\"async\" width=\"1024\" height=\"575\" data-src=\"https:\/\/b2642856.assetcdn.net\/2.0\/2642856\/wp-content\/uploads\/2024\/03\/MotorProsa-Blog-Header-Emotionen-1-Effekt-1024x575.jpg?lossy=1&strip=1&webp=1\" class=\"attachment-large size-large lazyload\" alt=\"Ein Motorradfahrer sitzt im Gr\u00fcnen auf einer Wiese voller gelber Blumen und genie\u00dft die Aussicht. Neben ihm steht ein modernes Motorrad.\" data-srcset=\"https:\/\/b2642856.assetcdn.net\/2.0\/2642856\/wp-content\/uploads\/2024\/03\/MotorProsa-Blog-Header-Emotionen-1-Effekt-1024x575.jpg?lossy=1&strip=1&webp=1 1024w, https:\/\/b2642856.assetcdn.net\/2.0\/2642856\/wp-content\/uploads\/2024\/03\/MotorProsa-Blog-Header-Emotionen-1-Effekt-300x169.jpg?lossy=1&strip=1&webp=1 300w, https:\/\/b2642856.assetcdn.net\/2.0\/2642856\/wp-content\/uploads\/2024\/03\/MotorProsa-Blog-Header-Emotionen-1-Effekt-768x431.jpg?lossy=1&strip=1&webp=1 768w, https:\/\/b2642856.assetcdn.net\/2.0\/2642856\/wp-content\/uploads\/2024\/03\/MotorProsa-Blog-Header-Emotionen-1-Effekt.jpg?lossy=1&strip=1&webp=1 1200w, https:\/\/b2642856.assetcdn.net\/2.0\/2642856\/wp-content\/uploads\/2024\/03\/MotorProsa-Blog-Header-Emotionen-1-Effekt.jpg?size=240x135&lossy=1&strip=1&webp=1 240w, https:\/\/b2642856.assetcdn.net\/2.0\/2642856\/wp-content\/uploads\/2024\/03\/MotorProsa-Blog-Header-Emotionen-1-Effekt.jpg?size=480x270&lossy=1&strip=1&webp=1 480w, https:\/\/b2642856.assetcdn.net\/2.0\/2642856\/wp-content\/uploads\/2024\/03\/MotorProsa-Blog-Header-Emotionen-1-Effekt.jpg?size=960x539&lossy=1&strip=1&webp=1 960w\" data-sizes=\"auto\" title=\"\" src=\"data:image\/svg+xml;base64,PHN2ZyB3aWR0aD0iMSIgaGVpZ2h0PSIxIiB4bWxucz0iaHR0cDovL3d3dy53My5vcmcvMjAwMC9zdmciPjwvc3ZnPg==\" style=\"--smush-placeholder-width: 1024px; --smush-placeholder-aspect-ratio: 1024\/575;\" data-original-sizes=\"(max-width: 1024px) 100vw, 1024px\">\t\t\t\t\t<\/a>\n\t\t\t\t\t\t\t<\/div>\n\t\t\t\t\t\t<h4 class=\"uagb-post__title uagb-post__text\">\n\t\t\t\t<a href=\"https:\/\/www.motorprosa.com\/en\/my-emotions-when-riding-a-motorcycle\/\" target=\"_self\" rel=\"bookmark noopener noreferrer\">(My) Emotions when riding a motorcycle<\/a>\n\t\t\t<\/h4>\n\t\t\t\t\t\t<div class='uagb-post__text uagb-post-grid-byline'>\n\t\t\t\t\t\t\t\t<span class=\"uagb-post__comment\">\n\t\t\t\t<span class=\"dashicons-admin-comments dashicons\"><\/span>\t\t\t\t\tNo Comments\t\t\t\t<\/span>\n\t\t\t\t\t\t<\/div>\n\t\t\t\t\t\t\t<div class='uagb-post__text uagb-post__excerpt'>\n\t\t\t\t\tWill the era of electromobility go down in history as the age of emotionlessness? Emotions \u2013 what are we actually talking about?\t\t\t\t<\/div>\n\t\t\t\n\t\t\t\t\t\t\t\t\t<\/article>\n\t\t\t\t\t\t\t\t\t\t\t\t\t\t\t\t<article class=\"uagb-post__inner-wrap\">\t\t\t\t\t\t\t\t<div class='uagb-post__image'>\n\t\t\t\t\t\t\t\t\t<a href=\"https:\/\/www.motorprosa.com\/en\/thoughts-30-years-on-the-motorbike\/\" target=\"_self\" rel=\"bookmark noopener noreferrer\" class=\"uagb-image-ratio-inherit\"><img decoding=\"async\" width=\"1024\" height=\"575\" data-src=\"https:\/\/b2642856.assetcdn.net\/2.0\/2642856\/wp-content\/uploads\/2023\/10\/MotorProsa-Blog-Header-30-Jahre-Motorrad-1-Effekt-1024x575.jpg?lossy=1&strip=1&webp=1\" class=\"attachment-large size-large lazyload\" alt=\"\" data-srcset=\"https:\/\/b2642856.assetcdn.net\/2.0\/2642856\/wp-content\/uploads\/2023\/10\/MotorProsa-Blog-Header-30-Jahre-Motorrad-1-Effekt-1024x575.jpg?lossy=1&strip=1&webp=1 1024w, https:\/\/b2642856.assetcdn.net\/2.0\/2642856\/wp-content\/uploads\/2023\/10\/MotorProsa-Blog-Header-30-Jahre-Motorrad-1-Effekt-300x169.jpg?lossy=1&strip=1&webp=1 300w, https:\/\/b2642856.assetcdn.net\/2.0\/2642856\/wp-content\/uploads\/2023\/10\/MotorProsa-Blog-Header-30-Jahre-Motorrad-1-Effekt-768x431.jpg?lossy=1&strip=1&webp=1 768w, https:\/\/b2642856.assetcdn.net\/2.0\/2642856\/wp-content\/uploads\/2023\/10\/MotorProsa-Blog-Header-30-Jahre-Motorrad-1-Effekt.jpg?lossy=1&strip=1&webp=1 1200w, https:\/\/b2642856.assetcdn.net\/2.0\/2642856\/wp-content\/uploads\/2023\/10\/MotorProsa-Blog-Header-30-Jahre-Motorrad-1-Effekt.jpg?size=240x135&lossy=1&strip=1&webp=1 240w, https:\/\/b2642856.assetcdn.net\/2.0\/2642856\/wp-content\/uploads\/2023\/10\/MotorProsa-Blog-Header-30-Jahre-Motorrad-1-Effekt.jpg?size=480x270&lossy=1&strip=1&webp=1 480w, https:\/\/b2642856.assetcdn.net\/2.0\/2642856\/wp-content\/uploads\/2023\/10\/MotorProsa-Blog-Header-30-Jahre-Motorrad-1-Effekt.jpg?size=960x539&lossy=1&strip=1&webp=1 960w\" data-sizes=\"auto\" title=\"\" src=\"data:image\/svg+xml;base64,PHN2ZyB3aWR0aD0iMSIgaGVpZ2h0PSIxIiB4bWxucz0iaHR0cDovL3d3dy53My5vcmcvMjAwMC9zdmciPjwvc3ZnPg==\" style=\"--smush-placeholder-width: 1024px; --smush-placeholder-aspect-ratio: 1024\/575;\" data-original-sizes=\"(max-width: 1024px) 100vw, 1024px\">\t\t\t\t\t<\/a>\n\t\t\t\t\t\t\t<\/div>\n\t\t\t\t\t\t<h4 class=\"uagb-post__title uagb-post__text\">\n\t\t\t\t<a href=\"https:\/\/www.motorprosa.com\/en\/thoughts-30-years-on-the-motorbike\/\" target=\"_self\" rel=\"bookmark noopener noreferrer\">Thoughts \u2013 30 years on the motorbike<\/a>\n\t\t\t<\/h4>\n\t\t\t\t\t\t<div class='uagb-post__text uagb-post-grid-byline'>\n\t\t\t\t\t\t\t\t<span class=\"uagb-post__comment\">\n\t\t\t\t<span class=\"dashicons-admin-comments dashicons\"><\/span>\t\t\t\t\t3 Comments\t\t\t\t<\/span>\n\t\t\t\t\t\t<\/div>\n\t\t\t\t\t\t\t<div class='uagb-post__text uagb-post__excerpt'>\n\t\t\t\t\tThoughts of good times: Riding a motorbike for over 30 years. I take off my helmet for a moment and look back.\t\t\t\t<\/div>\n\t\t\t\n\t\t\t\t\t\t\t\t\t<\/article>\n\t\t\t\t\t\t\t\t\t\t\t\t\t\t\t\t<article class=\"uagb-post__inner-wrap\">\t\t\t\t\t\t\t\t<div class='uagb-post__image'>\n\t\t\t\t\t\t\t\t\t<a href=\"https:\/\/www.motorprosa.com\/en\/motorcycling-why\/\" target=\"_self\" rel=\"bookmark noopener noreferrer\" class=\"uagb-image-ratio-inherit\"><img decoding=\"async\" width=\"1024\" height=\"591\" data-src=\"https:\/\/b2642856.assetcdn.net\/2.0\/2642856\/wp-content\/uploads\/2021\/10\/motorprosa-blog-header-motorradfahren-warum-effekt-1024x591.jpg?lossy=1&strip=1&webp=1\" class=\"attachment-large size-large lazyload\" alt=\"MotorProsa: Motorradfahren - Warum? Der Versuch einer Antwort\" data-srcset=\"https:\/\/b2642856.assetcdn.net\/2.0\/2642856\/wp-content\/uploads\/2021\/10\/motorprosa-blog-header-motorradfahren-warum-effekt-1024x591.jpg?lossy=1&strip=1&webp=1 1024w, https:\/\/b2642856.assetcdn.net\/2.0\/2642856\/wp-content\/uploads\/2021\/10\/motorprosa-blog-header-motorradfahren-warum-effekt-300x173.jpg?lossy=1&strip=1&webp=1 300w, https:\/\/b2642856.assetcdn.net\/2.0\/2642856\/wp-content\/uploads\/2021\/10\/motorprosa-blog-header-motorradfahren-warum-effekt.jpg?lossy=1&strip=1&webp=1 1200w, https:\/\/b2642856.assetcdn.net\/2.0\/2642856\/wp-content\/uploads\/2021\/10\/motorprosa-blog-header-motorradfahren-warum-effekt.jpg?size=240x139&lossy=1&strip=1&webp=1 240w, https:\/\/b2642856.assetcdn.net\/2.0\/2642856\/wp-content\/uploads\/2021\/10\/motorprosa-blog-header-motorradfahren-warum-effekt.jpg?size=480x277&lossy=1&strip=1&webp=1 480w, https:\/\/b2642856.assetcdn.net\/2.0\/2642856\/wp-content\/uploads\/2021\/10\/motorprosa-blog-header-motorradfahren-warum-effekt.jpg?size=720x416&lossy=1&strip=1&webp=1 720w, https:\/\/b2642856.assetcdn.net\/2.0\/2642856\/wp-content\/uploads\/2021\/10\/motorprosa-blog-header-motorradfahren-warum-effekt.jpg?size=960x554&lossy=1&strip=1&webp=1 960w\" data-sizes=\"auto\" title=\"\" src=\"data:image\/svg+xml;base64,PHN2ZyB3aWR0aD0iMSIgaGVpZ2h0PSIxIiB4bWxucz0iaHR0cDovL3d3dy53My5vcmcvMjAwMC9zdmciPjwvc3ZnPg==\" style=\"--smush-placeholder-width: 1024px; --smush-placeholder-aspect-ratio: 1024\/591;\" data-original-sizes=\"(max-width: 1024px) 100vw, 1024px\">\t\t\t\t\t<\/a>\n\t\t\t\t\t\t\t<\/div>\n\t\t\t\t\t\t<h4 class=\"uagb-post__title uagb-post__text\">\n\t\t\t\t<a href=\"https:\/\/www.motorprosa.com\/en\/motorcycling-why\/\" target=\"_self\" rel=\"bookmark noopener noreferrer\">Motorcycling&nbsp;\u2013 Why? An attempt at an answer<\/a>\n\t\t\t<\/h4>\n\t\t\t\t\t\t<div class='uagb-post__text uagb-post-grid-byline'>\n\t\t\t\t\t\t\t\t<span class=\"uagb-post__comment\">\n\t\t\t\t<span class=\"dashicons-admin-comments dashicons\"><\/span>\t\t\t\t\tNo Comments\t\t\t\t<\/span>\n\t\t\t\t\t\t<\/div>\n\t\t\t\t\t\t\t<div class='uagb-post__text uagb-post__excerpt'>\n\t\t\t\t\tMotorcycling &#8211; how can you explain it to someone who doesn&#8217;t know it? Trying to sort out my thoughts, my memories and my reasons for&#8230;\t\t\t\t<\/div>\n\t\t\t\n\t\t\t\t\t\t\t\t\t<\/article>\n\t\t\t\t\t\t\t\t\t\t\t\t\t\t\t\t<article class=\"uagb-post__inner-wrap\">\t\t\t\t\t\t\t\t<div class='uagb-post__image'>\n\t\t\t\t\t\t\t\t\t<a href=\"https:\/\/www.motorprosa.com\/en\/am-i-rossi\/\" target=\"_self\" rel=\"bookmark noopener noreferrer\" class=\"uagb-image-ratio-inherit\"><img decoding=\"async\" width=\"1024\" height=\"575\" data-src=\"https:\/\/b2642856.assetcdn.net\/2.0\/2642856\/wp-content\/uploads\/2022\/02\/motorprosa-blog-header-bin-ich-rossi-1-effekt-1024x575.jpg?lossy=1&strip=1&webp=1\" class=\"attachment-large size-large lazyload\" alt=\"MotorProsa: Blog Header &quot;Bin ich Rossi&quot; (Effekt)\" data-srcset=\"https:\/\/b2642856.assetcdn.net\/2.0\/2642856\/wp-content\/uploads\/2022\/02\/motorprosa-blog-header-bin-ich-rossi-1-effekt-1024x575.jpg?lossy=1&strip=1&webp=1 1024w, https:\/\/b2642856.assetcdn.net\/2.0\/2642856\/wp-content\/uploads\/2022\/02\/motorprosa-blog-header-bin-ich-rossi-1-effekt-300x169.jpg?lossy=1&strip=1&webp=1 300w, https:\/\/b2642856.assetcdn.net\/2.0\/2642856\/wp-content\/uploads\/2022\/02\/motorprosa-blog-header-bin-ich-rossi-1-effekt.jpg?lossy=1&strip=1&webp=1 1200w, https:\/\/b2642856.assetcdn.net\/2.0\/2642856\/wp-content\/uploads\/2022\/02\/motorprosa-blog-header-bin-ich-rossi-1-effekt.jpg?size=240x135&lossy=1&strip=1&webp=1 240w, https:\/\/b2642856.assetcdn.net\/2.0\/2642856\/wp-content\/uploads\/2022\/02\/motorprosa-blog-header-bin-ich-rossi-1-effekt.jpg?size=480x270&lossy=1&strip=1&webp=1 480w, https:\/\/b2642856.assetcdn.net\/2.0\/2642856\/wp-content\/uploads\/2022\/02\/motorprosa-blog-header-bin-ich-rossi-1-effekt.jpg?size=720x404&lossy=1&strip=1&webp=1 720w, https:\/\/b2642856.assetcdn.net\/2.0\/2642856\/wp-content\/uploads\/2022\/02\/motorprosa-blog-header-bin-ich-rossi-1-effekt.jpg?size=960x539&lossy=1&strip=1&webp=1 960w\" data-sizes=\"auto\" title=\"\" src=\"data:image\/svg+xml;base64,PHN2ZyB3aWR0aD0iMSIgaGVpZ2h0PSIxIiB4bWxucz0iaHR0cDovL3d3dy53My5vcmcvMjAwMC9zdmciPjwvc3ZnPg==\" style=\"--smush-placeholder-width: 1024px; --smush-placeholder-aspect-ratio: 1024\/575;\" data-original-sizes=\"(max-width: 1024px) 100vw, 1024px\">\t\t\t\t\t<\/a>\n\t\t\t\t\t\t\t<\/div>\n\t\t\t\t\t\t<h4 class=\"uagb-post__title uagb-post__text\">\n\t\t\t\t<a href=\"https:\/\/www.motorprosa.com\/en\/am-i-rossi\/\" target=\"_self\" rel=\"bookmark noopener noreferrer\">Am I Rossi?<\/a>\n\t\t\t<\/h4>\n\t\t\t\t\t\t<div class='uagb-post__text uagb-post-grid-byline'>\n\t\t\t\t\t\t\t\t<span class=\"uagb-post__comment\">\n\t\t\t\t<span class=\"dashicons-admin-comments dashicons\"><\/span>\t\t\t\t\tNo Comments\t\t\t\t<\/span>\n\t\t\t\t\t\t<\/div>\n\t\t\t\t\t\t\t<div class='uagb-post__text uagb-post__excerpt'>\n\t\t\t\t\tOn the supermotos I experienced the craziest stories &#8211; during THIS action in the saddle of my KTM I briefly asked myself: &#8220;Am I Rossi?&#8221;\t\t\t\t<\/div>\n\t\t\t\n\t\t\t\t\t\t\t\t\t<\/article>\n\t\t\t\t\t\t\t\t\t\t\t\t\t<div class=\"uagb-post-pagination-wrap\">\n\t\t\t\t\t\t<span aria-current=\"page\" class=\"page-numbers current\">1<\/span>\n<a class=\"page-numbers\" href=\"https:\/\/www.motorprosa.com\/en\/wp-json\/wp\/v2\/posts\/316217\/page\/2\/\">2<\/a>\n<a class=\"next page-numbers\" href=\"https:\/\/www.motorprosa.com\/en\/wp-json\/wp\/v2\/posts\/316217\/page\/2\/\">\u00bb<\/a>\t\t\t\t\t<\/div>\n\t\t\t\t\t\t\t\t<\/div>\n\t\t\t","protected":false},"excerpt":{"rendered":"<p>My review of the past, eventful 2024. <\/p>\n","protected":false},"author":1,"featured_media":311033,"comment_status":"open","ping_status":"closed","sticky":false,"template":"","format":"standard","meta":{"_uag_custom_page_level_css":"","_lmt_disableupdate":"","_lmt_disable":"","yasr_overall_rating":0,"yasr_post_is_review":"","yasr_auto_insert_disabled":"","yasr_review_type":"BlogPosting","footnotes":""},"categories":[596,538],"tags":[],"class_list":["post-316217","post","type-post","status-publish","format-standard","has-post-thumbnail","hentry","category-thoughts","category-about-me","infinite-scroll-item","generate-columns","tablet-grid-50","mobile-grid-100","grid-parent","grid-50","no-featured-image-padding"],"yasr_visitor_votes":{"stars_attributes":{"read_only":false,"span_bottom":false},"number_of_votes":1,"sum_votes":5},"modified_by":"J\u00fcrgen 'JvS' Theiner","uagb_featured_image_src":{"full":["https:\/\/www.motorprosa.com\/wp-content\/uploads\/2024\/12\/MotorProsa-Blog-Header-Jahresrueckblick-2024-Effekt.jpg",1200,674,false],"thumbnail":["https:\/\/www.motorprosa.com\/wp-content\/uploads\/2024\/12\/MotorProsa-Blog-Header-Jahresrueckblick-2024-Effekt-150x150.jpg",150,150,true],"medium":["https:\/\/www.motorprosa.com\/wp-content\/uploads\/2024\/12\/MotorProsa-Blog-Header-Jahresrueckblick-2024-Effekt-300x169.jpg",300,169,true],"medium_large":["https:\/\/www.motorprosa.com\/wp-content\/uploads\/2024\/12\/MotorProsa-Blog-Header-Jahresrueckblick-2024-Effekt-768x431.jpg",768,431,true],"large":["https:\/\/www.motorprosa.com\/wp-content\/uploads\/2024\/12\/MotorProsa-Blog-Header-Jahresrueckblick-2024-Effekt-1024x575.jpg",1024,575,true],"1536x1536":["https:\/\/www.motorprosa.com\/wp-content\/uploads\/2024\/12\/MotorProsa-Blog-Header-Jahresrueckblick-2024-Effekt.jpg",1200,674,false],"2048x2048":["https:\/\/www.motorprosa.com\/wp-content\/uploads\/2024\/12\/MotorProsa-Blog-Header-Jahresrueckblick-2024-Effekt.jpg",1200,674,false],"mailpoet_newsletter_max":["https:\/\/www.motorprosa.com\/wp-content\/uploads\/2024\/12\/MotorProsa-Blog-Header-Jahresrueckblick-2024-Effekt.jpg",1200,674,false]},"uagb_author_info":{"display_name":"J\u00fcrgen 'JvS' Theiner","author_link":"https:\/\/www.motorprosa.com\/en\/author\/infomotorprosa-com\/"},"uagb_comment_info":0,"uagb_excerpt":"My review of the past, eventful 2024.","_links":{"self":[{"href":"https:\/\/www.motorprosa.com\/en\/wp-json\/wp\/v2\/posts\/316217","targetHints":{"allow":["GET"]}}],"collection":[{"href":"https:\/\/www.motorprosa.com\/en\/wp-json\/wp\/v2\/posts"}],"about":[{"href":"https:\/\/www.motorprosa.com\/en\/wp-json\/wp\/v2\/types\/post"}],"author":[{"embeddable":true,"href":"https:\/\/www.motorprosa.com\/en\/wp-json\/wp\/v2\/users\/1"}],"replies":[{"embeddable":true,"href":"https:\/\/www.motorprosa.com\/en\/wp-json\/wp\/v2\/comments?post=316217"}],"version-history":[{"count":0,"href":"https:\/\/www.motorprosa.com\/en\/wp-json\/wp\/v2\/posts\/316217\/revisions"}],"wp:featuredmedia":[{"embeddable":true,"href":"https:\/\/www.motorprosa.com\/en\/wp-json\/wp\/v2\/media\/311033"}],"wp:attachment":[{"href":"https:\/\/www.motorprosa.com\/en\/wp-json\/wp\/v2\/media?parent=316217"}],"wp:term":[{"taxonomy":"category","embeddable":true,"href":"https:\/\/www.motorprosa.com\/en\/wp-json\/wp\/v2\/categories?post=316217"},{"taxonomy":"post_tag","embeddable":true,"href":"https:\/\/www.motorprosa.com\/en\/wp-json\/wp\/v2\/tags?post=316217"}],"curies":[{"name":"wp","href":"https:\/\/api.w.org\/{rel}","templated":true}]}}