{"id":267138,"date":"2024-03-28T23:37:35","date_gmt":"2024-03-28T21:37:35","guid":{"rendered":"https:\/\/www.motorprosa.com\/?p=267138"},"modified":"2026-06-12T13:15:21","modified_gmt":"2026-06-12T11:15:21","slug":"my-emotions-when-riding-a-motorcycle","status":"publish","type":"post","link":"https:\/\/www.motorprosa.com\/en\/my-emotions-when-riding-a-motorcycle\/","title":{"rendered":"(My) Emotions when riding a motorcycle"},"content":{"rendered":"\n<figure class=\"wp-block-image alignwide size-large\"><img decoding=\"async\" width=\"1024\" height=\"544\" data-src=\"https:\/\/b2642856.assetcdn.net\/2.0\/2642856\/wp-content\/uploads\/2024\/03\/MotorProsa-Blog-Header-Emotionen-1-1-1024x544.jpg?lossy=1&strip=1&webp=1\" alt=\"\" class=\"wp-image-249228 lazyload\" title=\"\" data-srcset=\"https:\/\/b2642856.assetcdn.net\/2.0\/2642856\/wp-content\/uploads\/2024\/03\/MotorProsa-Blog-Header-Emotionen-1-1-1024x544.jpg?lossy=1&strip=1&webp=1 1024w, https:\/\/b2642856.assetcdn.net\/2.0\/2642856\/wp-content\/uploads\/2024\/03\/MotorProsa-Blog-Header-Emotionen-1-1-300x160.jpg?lossy=1&strip=1&webp=1 300w, https:\/\/b2642856.assetcdn.net\/2.0\/2642856\/wp-content\/uploads\/2024\/03\/MotorProsa-Blog-Header-Emotionen-1-1-768x408.jpg?lossy=1&strip=1&webp=1 768w, https:\/\/b2642856.assetcdn.net\/2.0\/2642856\/wp-content\/uploads\/2024\/03\/MotorProsa-Blog-Header-Emotionen-1-1.jpg?lossy=1&strip=1&webp=1 1200w, https:\/\/b2642856.assetcdn.net\/2.0\/2642856\/wp-content\/uploads\/2024\/03\/MotorProsa-Blog-Header-Emotionen-1-1.jpg?size=240x128&lossy=1&strip=1&webp=1 240w, https:\/\/b2642856.assetcdn.net\/2.0\/2642856\/wp-content\/uploads\/2024\/03\/MotorProsa-Blog-Header-Emotionen-1-1.jpg?size=480x255&lossy=1&strip=1&webp=1 480w, https:\/\/b2642856.assetcdn.net\/2.0\/2642856\/wp-content\/uploads\/2024\/03\/MotorProsa-Blog-Header-Emotionen-1-1.jpg?size=960x510&lossy=1&strip=1&webp=1 960w\" data-sizes=\"auto\" src=\"data:image\/svg+xml;base64,PHN2ZyB3aWR0aD0iMSIgaGVpZ2h0PSIxIiB4bWxucz0iaHR0cDovL3d3dy53My5vcmcvMjAwMC9zdmciPjwvc3ZnPg==\" style=\"--smush-placeholder-width: 1024px; --smush-placeholder-aspect-ratio: 1024\/544;\" data-original-sizes=\"(max-width: 1024px) 100vw, 1024px\" \/><figcaption class=\"wp-element-caption\"><span class=\"wtr-time-wrap block after-title\">Lesedauer \/\/ Reading time: <span class=\"wtr-time-number\">8<\/span> Min.<\/span><\/figcaption><\/figure>\n\n\n\n<p class=\"wp-block-paragraph\"><strong><em>Will the era of electromobility one day go down in history as the age of emotionlessness? At least on social media, electric vehicles and driving them are denied any emotion. Emotion when riding a motorcycle&nbsp;\u2013 what are we actually talking about?<\/em><\/strong><\/p>\n\n\n\n<figure class=\"wp-block-image size-large\"><img decoding=\"async\" width=\"1024\" height=\"60\" data-src=\"https:\/\/b2642856.assetcdn.net\/2.0\/2642856\/wp-content\/uploads\/2020\/02\/Trenner-1024x60-1.png?lossy=1&strip=1&webp=1\" alt=\"Das Symbol von MotorProsa: die F\u00fcllfeder.\" class=\"wp-image-441 lazyload\" title=\"MotorProsa: Motorrad-Geschichten, geschrieben mit Passion\" data-srcset=\"https:\/\/b2642856.assetcdn.net\/2.0\/2642856\/wp-content\/uploads\/2020\/02\/Trenner-1024x60-1.png?lossy=1&strip=1&webp=1 1024w, https:\/\/b2642856.assetcdn.net\/2.0\/2642856\/wp-content\/uploads\/2020\/02\/Trenner-1024x60-1-300x18.png?lossy=1&strip=1&webp=1 300w, https:\/\/b2642856.assetcdn.net\/2.0\/2642856\/wp-content\/uploads\/2020\/02\/Trenner-1024x60-1-768x45.png?lossy=1&strip=1&webp=1 768w, https:\/\/b2642856.assetcdn.net\/2.0\/2642856\/wp-content\/uploads\/2020\/02\/Trenner-1024x60-1.png?size=240x14&lossy=1&strip=1&webp=1 240w, https:\/\/b2642856.assetcdn.net\/2.0\/2642856\/wp-content\/uploads\/2020\/02\/Trenner-1024x60-1.png?size=480x28&lossy=1&strip=1&webp=1 480w, https:\/\/b2642856.assetcdn.net\/2.0\/2642856\/wp-content\/uploads\/2020\/02\/Trenner-1024x60-1.png?size=960x56&lossy=1&strip=1&webp=1 960w\" data-sizes=\"auto\" src=\"data:image\/svg+xml;base64,PHN2ZyB3aWR0aD0iMSIgaGVpZ2h0PSIxIiB4bWxucz0iaHR0cDovL3d3dy53My5vcmcvMjAwMC9zdmciPjwvc3ZnPg==\" style=\"--smush-placeholder-width: 1024px; --smush-placeholder-aspect-ratio: 1024\/60;\" data-original-sizes=\"(max-width: 1024px) 100vw, 1024px\" \/><\/figure>\n\n\n\n<div style=\"height:50px\" aria-hidden=\"true\" class=\"wp-block-spacer\"><\/div>\n\n\n\n<p class=\"has-text-align-center has-background wp-block-paragraph\" style=\"background-color:#c8e4f5\"><strong>Before you read, please note<\/strong>: this post was translated with the help of <a href=\"https:\/\/www.deepl.com\/\" target=\"_blank\" rel=\"noreferrer noopener\">Deepl<\/a>.<br>If you find any errors \u2013 please have fun first and then give me a hint.<\/p>\n\n\n\n<p class=\"wp-block-paragraph\">After a (I almost wrote \u201cemotional\u201d) discussion on <a href=\"https:\/\/www.facebook.com\/bvdm.de\/posts\/818601990309481\" target=\"_blank\" rel=\"noopener\">Facebook<\/a>, I think about the hotly debated topic in the saddle of my <a href=\"https:\/\/www.motorprosa.com\/en\/zero-sr-f-the-electric-way-of-drive\/\" data-type=\"post\" data-id=\"8078\">Zero SR\/F<\/a> while riding to the Reschen Pass. The posts of some online heroes are still glowing in my mind.<\/p>\n\n\n\n<figure class=\"wp-block-image size-full is-resized my-image-border\"><img decoding=\"async\" width=\"695\" height=\"154\" data-src=\"https:\/\/b2642856.assetcdn.net\/2.0\/2642856\/wp-content\/uploads\/2024\/03\/ScreenShot-4.jpg?lossy=1&strip=1&webp=1\" alt=\"It&#039;s not a motorcycle without a combustion engine. That&#039;s it!\" class=\"wp-image-249191 lazyload\" style=\"--smush-placeholder-width: 695px; --smush-placeholder-aspect-ratio: 695\/154;width:472px;height:auto\" title=\"\" data-srcset=\"https:\/\/b2642856.assetcdn.net\/2.0\/2642856\/wp-content\/uploads\/2024\/03\/ScreenShot-4.jpg?lossy=1&strip=1&webp=1 695w, https:\/\/b2642856.assetcdn.net\/2.0\/2642856\/wp-content\/uploads\/2024\/03\/ScreenShot-4-300x66.jpg?lossy=1&strip=1&webp=1 300w, https:\/\/b2642856.assetcdn.net\/2.0\/2642856\/wp-content\/uploads\/2024\/03\/ScreenShot-4.jpg?size=240x53&lossy=1&strip=1&webp=1 240w, https:\/\/b2642856.assetcdn.net\/2.0\/2642856\/wp-content\/uploads\/2024\/03\/ScreenShot-4.jpg?size=480x106&lossy=1&strip=1&webp=1 480w\" data-sizes=\"auto\" src=\"data:image\/svg+xml;base64,PHN2ZyB3aWR0aD0iMSIgaGVpZ2h0PSIxIiB4bWxucz0iaHR0cDovL3d3dy53My5vcmcvMjAwMC9zdmciPjwvc3ZnPg==\" data-original-sizes=\"(max-width: 695px) 100vw, 695px\" \/><figcaption class=\"wp-element-caption\"><br><h3>Translation: It&#8217;s not a motorcycle without a combustion engine. That&#8217;s it!<br><br><br>Hm&nbsp;\u2013 WHAT is it then?<\/h3><\/figcaption><\/figure>\n\n\n\n<p class=\"wp-block-paragraph\">The ride feels good. The line selection is successful, the lean angles are fine and I&#8217;m delighted with the powerful acceleration when overtaking. As always, plugging in at the charging station not far from the famous tower is no problem&nbsp;\u2013 although the experts on the web dispute this too.<\/p>\n\n\n\n<p class=\"wp-block-paragraph\">Looking out over the water, I reflect on the impressions of the last few kilometers: I neither burst into cries of joy because the Zero irresistibly swept me past the traffic, nor did I get an erection because of the footrests touching down. And: I didn&#8217;t feel sad that the speedy ride was draining a lot of energy from the battery.<\/p>\n\n\n\n<p class=\"wp-block-paragraph\">I just rode my motorcycle. It was entertaining, fun, and it was good. I know it like this and nothing else. I&#8217;ve liked it for 30 years. Liking something is emotion.<\/p>\n\n\n\n<figure class=\"wp-block-image size-large my-image-border\"><img decoding=\"async\" width=\"1024\" height=\"140\" data-src=\"https:\/\/b2642856.assetcdn.net\/2.0\/2642856\/wp-content\/uploads\/2024\/03\/ScreenShot-3-1024x140.jpg?lossy=1&strip=1&webp=1\" alt=\"I have a 2015 XJR1300 with Akra exhaust. Goosebumps every time I hit the gas\" class=\"wp-image-249189 lazyload\" title=\"\" data-srcset=\"https:\/\/b2642856.assetcdn.net\/2.0\/2642856\/wp-content\/uploads\/2024\/03\/ScreenShot-3-1024x140.jpg?lossy=1&strip=1&webp=1 1024w, https:\/\/b2642856.assetcdn.net\/2.0\/2642856\/wp-content\/uploads\/2024\/03\/ScreenShot-3-300x41.jpg?lossy=1&strip=1&webp=1 300w, https:\/\/b2642856.assetcdn.net\/2.0\/2642856\/wp-content\/uploads\/2024\/03\/ScreenShot-3-768x105.jpg?lossy=1&strip=1&webp=1 768w, https:\/\/b2642856.assetcdn.net\/2.0\/2642856\/wp-content\/uploads\/2024\/03\/ScreenShot-3.jpg?lossy=1&strip=1&webp=1 1128w, https:\/\/b2642856.assetcdn.net\/2.0\/2642856\/wp-content\/uploads\/2024\/03\/ScreenShot-3.jpg?size=240x33&lossy=1&strip=1&webp=1 240w, https:\/\/b2642856.assetcdn.net\/2.0\/2642856\/wp-content\/uploads\/2024\/03\/ScreenShot-3.jpg?size=480x66&lossy=1&strip=1&webp=1 480w, https:\/\/b2642856.assetcdn.net\/2.0\/2642856\/wp-content\/uploads\/2024\/03\/ScreenShot-3.jpg?size=960x131&lossy=1&strip=1&webp=1 960w\" data-sizes=\"auto\" src=\"data:image\/svg+xml;base64,PHN2ZyB3aWR0aD0iMSIgaGVpZ2h0PSIxIiB4bWxucz0iaHR0cDovL3d3dy53My5vcmcvMjAwMC9zdmciPjwvc3ZnPg==\" style=\"--smush-placeholder-width: 1024px; --smush-placeholder-aspect-ratio: 1024\/140;\" data-original-sizes=\"(max-width: 1024px) 100vw, 1024px\" \/><figcaption class=\"wp-element-caption\"><br><h3>Translation: I have a 2015 XJR1300 with Akra exhaust. Goosebumps every time I hit the gas<br><br><br>There are people who don&#8217;t need much&nbsp;&#8230; <\/h3><\/figcaption><\/figure>\n\n\n\n<p class=\"wp-block-paragraph\">Back home, I switch to my Ducati. Because if I follow the trains of thought of the social motorcycle heroes, a ride on it should actually be particularly emotional.<\/p>\n\n\n\n<p class=\"wp-block-paragraph\">If pain were an emotion, that would be confirmation. I have to support a lot of my weight with my hands. And I have to bend my legs a lot, because the footrests of the 748 are high. Very high. As a result, they never touch the ground, but I get my first thigh cramp in the garage.<\/p>\n\n\n\n<p class=\"wp-block-paragraph\">But pain is not an emotion.<\/p>\n\n\n\n<p class=\"wp-block-paragraph\">The cold Ducati engine rumbles and shakes the surroundings, enveloping them in a cloud of badly burnt gasoline. The gearshift foot and clutch hand try to bring revs and speed into harmony. Everything is completely different from the American electrician: more challenging, more complicated. But I&#8217;ve known it like this for 30 years. I like it. Liking something is emotion.<\/p>\n\n\n\n<p class=\"wp-block-paragraph\">In terms of performance, the Ducati is hopelessly inferior to the Zero&nbsp;\u2013 so there are no cries of joy. The Duc&#8217;s pitch changes as the revs increase, muffled intake becomes a harsh roar at some point, we switch from andante to staccato, from grumbling to hammering.<\/p>\n\n\n\n<p class=\"wp-block-paragraph\">That is definitely cool. And necessary&nbsp;\u2013 because without intensive shifting work, the 748 rolls more than it rides. If the wrong gear is selected or the engine revs are too low, fun is over. The electric motor does not have this complexity, it does everything in one gear and always with a bang. And its sound is no better or worse. It is purer, sharper. It changes and distorts depending on the load and speed. It&#8217;s different from anything that makes music with fuel.<\/p>\n\n\n\n<figure class=\"wp-block-image size-full my-image-border\"><img decoding=\"async\" width=\"945\" height=\"1024\" data-src=\"https:\/\/b2642856.assetcdn.net\/2.0\/2642856\/wp-content\/uploads\/2024\/03\/MotorProsa-Blog-Post-Emotion-1.jpg?lossy=1&strip=1&webp=1\" alt=\"Emotions - is it the motorcycle or is it the riding?\" class=\"wp-image-249244 lazyload\" title=\"\" data-srcset=\"https:\/\/b2642856.assetcdn.net\/2.0\/2642856\/wp-content\/uploads\/2024\/03\/MotorProsa-Blog-Post-Emotion-1.jpg?lossy=1&strip=1&webp=1 945w, https:\/\/b2642856.assetcdn.net\/2.0\/2642856\/wp-content\/uploads\/2024\/03\/MotorProsa-Blog-Post-Emotion-1-277x300.jpg?lossy=1&strip=1&webp=1 277w, https:\/\/b2642856.assetcdn.net\/2.0\/2642856\/wp-content\/uploads\/2024\/03\/MotorProsa-Blog-Post-Emotion-1-768x832.jpg?lossy=1&strip=1&webp=1 768w, https:\/\/b2642856.assetcdn.net\/2.0\/2642856\/wp-content\/uploads\/2024\/03\/MotorProsa-Blog-Post-Emotion-1.jpg?size=480x520&lossy=1&strip=1&webp=1 480w\" data-sizes=\"auto\" src=\"data:image\/svg+xml;base64,PHN2ZyB3aWR0aD0iMSIgaGVpZ2h0PSIxIiB4bWxucz0iaHR0cDovL3d3dy53My5vcmcvMjAwMC9zdmciPjwvc3ZnPg==\" style=\"--smush-placeholder-width: 945px; --smush-placeholder-aspect-ratio: 945\/1024;\" data-original-sizes=\"(max-width: 945px) 100vw, 945px\" \/><figcaption class=\"wp-element-caption\"><br><h3>Is it the motorcycle? Or is it the riding?<\/h3><\/figcaption><\/figure>\n\n\n\n<p class=\"wp-block-paragraph\">It&#8217;s not the pitch that takes me to Lake Reschen, but the coordination of revs, gears, line selection, lean angle and brake dosage that I have learned over many years. Bringing this to the road as desired and flawlessly is a pleasure on any motorcycle.<\/p>\n\n\n\n<p class=\"wp-block-paragraph\">It doesn&#8217;t matter to me whether it vibrates under my butt or not, whether it roars and stinks or whispers without a cloud of poisoning gas. I want to see the horizon tilt, get closer to the tarmac. I want to feel the acceleration in my arms, be pressed against the tank by the power of the brakes. I want to feel the work of the tires in my hands and be refreshed by the airstream. These are the feelings, name them emotions, I want.<\/p>\n\n\n\n<figure class=\"wp-block-image size-large my-image-border\"><img decoding=\"async\" width=\"1024\" height=\"128\" data-src=\"https:\/\/b2642856.assetcdn.net\/2.0\/2642856\/wp-content\/uploads\/2024\/03\/ScreenShot-5-1024x128.jpg?lossy=1&strip=1&webp=1\" alt=\"I drove it, it&#039;s not interesting, I don&#039;t need it, I don&#039;t want it. There&#039;s absolutely no emotion.\" class=\"wp-image-249193 lazyload\" title=\"\" data-srcset=\"https:\/\/b2642856.assetcdn.net\/2.0\/2642856\/wp-content\/uploads\/2024\/03\/ScreenShot-5-1024x128.jpg?lossy=1&strip=1&webp=1 1024w, https:\/\/b2642856.assetcdn.net\/2.0\/2642856\/wp-content\/uploads\/2024\/03\/ScreenShot-5-300x37.jpg?lossy=1&strip=1&webp=1 300w, https:\/\/b2642856.assetcdn.net\/2.0\/2642856\/wp-content\/uploads\/2024\/03\/ScreenShot-5-768x96.jpg?lossy=1&strip=1&webp=1 768w, https:\/\/b2642856.assetcdn.net\/2.0\/2642856\/wp-content\/uploads\/2024\/03\/ScreenShot-5.jpg?lossy=1&strip=1&webp=1 1202w, https:\/\/b2642856.assetcdn.net\/2.0\/2642856\/wp-content\/uploads\/2024\/03\/ScreenShot-5.jpg?size=240x30&lossy=1&strip=1&webp=1 240w, https:\/\/b2642856.assetcdn.net\/2.0\/2642856\/wp-content\/uploads\/2024\/03\/ScreenShot-5.jpg?size=480x60&lossy=1&strip=1&webp=1 480w, https:\/\/b2642856.assetcdn.net\/2.0\/2642856\/wp-content\/uploads\/2024\/03\/ScreenShot-5.jpg?size=960x120&lossy=1&strip=1&webp=1 960w\" data-sizes=\"auto\" src=\"data:image\/svg+xml;base64,PHN2ZyB3aWR0aD0iMSIgaGVpZ2h0PSIxIiB4bWxucz0iaHR0cDovL3d3dy53My5vcmcvMjAwMC9zdmciPjwvc3ZnPg==\" style=\"--smush-placeholder-width: 1024px; --smush-placeholder-aspect-ratio: 1024\/128;\" data-original-sizes=\"(max-width: 1024px) 100vw, 1024px\" \/><figcaption class=\"wp-element-caption\"><br><h3>Translation: I drove it, it&#8217;s not interesting, I don&#8217;t need it, I don&#8217;t want it. There&#8217;s absolutely no emotion.<br><br><br>Tastes are different. So do \u201cemotions\u201d, apparently.<\/h3><\/figcaption><\/figure>\n\n\n\n<h2 class=\"wp-block-heading has-drop-cap\">ChatGPT&nbsp;\u2013<br>&nbsp;Help me out!<\/h2>\n\n\n\n<p class=\"wp-block-paragraph\">I wonder what AI has learned about this topic in the meantime. Its answer:<\/p>\n\n\n\n<p class=\"wp-block-paragraph\"><em>A variety of emotions can be experienced when riding a motorcycle, which can vary from rider to rider and depending on the circumstances. Here are some of the most common:<\/em><br><\/p>\n\n\n\n<ol class=\"wp-block-list\">\n<li><em><strong>Freedom<\/strong>: The feeling of freedom is often one of the strongest emotions when riding a motorcycle. The open road ahead, the wind in your face and the ability to move without the restrictions of a car convey a feeling of boundless freedom.<\/em><br><br><\/li>\n\n\n\n<li><em><strong>Adventure<\/strong>: Riding a motorcycle can be an adventure, especially when exploring new routes or riding through scenic landscapes. The opportunity to discover new places and explore the world on two wheels can provide an exciting and adventurous feeling.<\/em><br><br><\/li>\n\n\n\n<li><em><strong>Adrenaline<\/strong>: The speed, agility and direct feeling of connection to the road can trigger an adrenaline rush. Accelerating on a straight stretch of road or cornering on winding roads can create an exhilarating feeling of adrenaline and thrills.<\/em><br><br><\/li>\n\n\n\n<li><em><strong>Relaxation<\/strong>: Although motorcycling is often associated with speed and excitement, it can also be a very relaxing experience. Many people find that riding on open roads or through nature has a calming effect and helps them to leave the stress of everyday life behind.<\/em><br><br><\/li>\n\n\n\n<li><em><strong>Euphoria<\/strong>: For many people, the feeling of happiness and euphoria is unavoidable when riding their motorcycle. The feeling of control over the vehicle, the close connection to the machine and the beauty of the surroundings can trigger a profound emotional response.<\/em><br><br><\/li>\n\n\n\n<li><em><strong>Concentration<\/strong>: Riding a motorcycle requires a high level of concentration and attentiveness. While riding, riders must constantly pay attention to the road, the traffic and their surroundings. This intense concentration can lead to a sense of mental clarity and focus.<\/em><br><br><\/li>\n\n\n\n<li><em><strong>Danger<\/strong>: Although many motorcyclists enjoy the sense of danger associated with riding, it can also cause anxiety or apprehension. The fact that riding a motorcycle is riskier than driving a car can lead to mixed emotions, including excitement about the challenge and concern for safety.<\/em><\/li>\n<\/ol>\n\n\n\n<p class=\"wp-block-paragraph\"><em>These emotions can vary depending on the circumstances and the rider&#8217;s personality, but they all contribute to making motorcycling a unique and intense experience.<\/em><\/p>\n\n\n\n<div style=\"height:50px\" aria-hidden=\"true\" class=\"wp-block-spacer\"><\/div>\n\n\n\n<p class=\"wp-block-paragraph\">Even the AI makes no mention of sound or mechanical fuss. But it doesn&#8217;t mention the new electric driving either, although this would actually suit it well. It summarizes the sum of several sensations into the intense experience of \u201cmotorcycling\u201d.<\/p>\n\n\n\n<p class=\"wp-block-paragraph\">Which it is.<\/p>\n\n\n\n<h2 class=\"wp-block-heading has-drop-cap\">But Sound!<br>&nbsp;Vibrations!!&nbsp;The smell of gasoline!!!<\/h2>\n\n\n\n<p class=\"wp-block-paragraph\">After driving home through the Lower Engadine, I get on the Road King for the last tour of the day. It stomps loudly, vibrates massively, its hot, huge V2 makes the air shimmer. Like a steam engine, a MOTORcycle by definition. The heavy Harley gives me a world-embracing riding experience, rolling along free of time pressure and hectic pace. It wouldn&#8217;t even be able to keep up with the hectic pace. But I&#8217;m sure it would also ride great with the Zero electric drive train.<\/p>\n\n\n\n<p class=\"wp-block-paragraph\">Cold wind hits my face. And THAT is the key. It blows in the same way on every motorcycle&nbsp;\u2013 regardless of whether it screams with a two-stroke engine, howls with a four-cylinder engine, stomps with a single-cylinder engine or&nbsp;\u2013 according to one particularly emotional member of the aforementioned discussion group&nbsp;\u2013 sounds like a clogged vacuum cleaner.<\/p>\n\n\n\n<p class=\"wp-block-paragraph\">I have already written down the reasons <a href=\"https:\/\/www.motorprosa.com\/en\/motorcycling-why\/\" data-type=\"post\" data-id=\"11919\">WHY I ride a motorcycle<\/a>. I&#8217;m learning that why I ride is irrelevant to my emotions. Maybe some of the so-called \u201creal\u201d bikers in the social networks realize that, too? Some day?<\/p>\n\n\n\n<div style=\"height:25px\" aria-hidden=\"true\" class=\"wp-block-spacer\"><\/div>\n\n\n<!--Yasr Visitor Votes Shortcode--><div id='yasr_visitor_votes_18dacaa596746' class='yasr-visitor-votes'><div class=\"yasr-custom-text-vv-before yasr-custom-text-vv-before-267138\">Bewerte diesen Beitrag \/\/ Rate this post <\/div><div id='yasr-vv-second-row-container-18dacaa596746'\r\n                                        class='yasr-vv-second-row-container'><div id='yasr-visitor-votes-rater-18dacaa596746'\r\n                                      class='yasr-rater-stars-vv'\r\n                                      data-rater-postid='267138'\r\n                                      data-rating='3'\r\n                                      data-rater-starsize='32'\r\n                                      data-rater-readonly='false'\r\n                                      data-rater-nonce='d4ca20a83d'\r\n                                      data-issingular='false'\r\n                                    ><\/div><div class=\"yasr-vv-stats-text-container\" id=\"yasr-vv-stats-text-container-18dacaa596746\"><svg xmlns=\"https:\/\/www.w3.org\/2000\/svg\" width=\"20\" height=\"20\"\r\n                                   class=\"yasr-dashicons-visitor-stats\"\r\n                                   data-postid=\"267138\"\r\n                                   id=\"yasr-stats-dashicon-18dacaa596746\">\r\n                                   <path d=\"M18 18v-16h-4v16h4zM12 18v-11h-4v11h4zM6 18v-8h-4v8h4z\"><\/path>\r\n                               <\/svg><span id=\"yasr-vv-text-container-18dacaa596746\" class=\"yasr-vv-text-container\"><\/span><\/div><div id='yasr-vv-loader-18dacaa596746' class='yasr-vv-container-loader'><\/div><\/div><div id='yasr-vv-bottom-container-18dacaa596746'\r\n                              class='yasr-vv-bottom-container'\r\n                              style='display:none'><\/div><\/div><!--End Yasr Visitor Votes Shortcode-->\n\n\n\n<div style=\"height:25px\" aria-hidden=\"true\" class=\"wp-block-spacer\"><\/div>\n\n\n<div class=\"ShariffSC my-image-border\"><div class=\"shariff shariff-align-left shariff-widget-align-left shariff-buttonstretch\" data-services=\"facebook\" data-url=\"https:\/\/www.motorprosa.com\/en\/my-emotions-when-riding-a-motorcycle\/\" data-timestamp=\"1781270121\" data-backendurl=\"https:\/\/www.motorprosa.com\/en\/wp-json\/shariff\/v1\/share_counts?\"><ul class=\"shariff-buttons theme-white orientation-horizontal buttonsize-medium\"><li class=\"shariff-button facebook shariff-nocustomcolor\" style=\"background-color:#4273c8\"><a href=\"https:\/\/www.facebook.com\/sharer\/sharer.php?u=https%3A%2F%2Fwww.motorprosa.com%2Fen%2Fmy-emotions-when-riding-a-motorcycle%2F\" title=\"Share on Facebook\" aria-label=\"Share on Facebook\" role=\"button\" rel=\"nofollow\" class=\"shariff-link\" style=\"; background-color:#3b5998; color:#3b5998\" target=\"_blank\"><span class=\"shariff-icon\" style=\"fill:#3b5998\"><svg width=\"32px\" height=\"20px\" xmlns=\"http:\/\/www.w3.org\/2000\/svg\" viewBox=\"0 0 18 32\"><path fill=\"#3b5998\" d=\"M17.1 0.2v4.7h-2.8q-1.5 0-2.1 0.6t-0.5 1.9v3.4h5.2l-0.7 5.3h-4.5v13.6h-5.5v-13.6h-4.5v-5.3h4.5v-3.9q0-3.3 1.9-5.2t5-1.8q2.6 0 4.1 0.2z\"\/><\/svg><\/span><span class=\"shariff-text\" style=\"color:#3b5998\">share<\/span>&nbsp;<\/a><\/li><li class=\"shariff-button bluesky shariff-nocustomcolor\" style=\"background-color:#84c4ff\"><a href=\"https:\/\/bsky.app\/intent\/compose?text=%28My%29%20Emotions%20when%20riding%20a%20motorcycle https%3A%2F%2Fwww.motorprosa.com%2Fen%2Fmy-emotions-when-riding-a-motorcycle%2F  via @motorprosa.com\" title=\"Share on Bluesky\" aria-label=\"Share on Bluesky\" role=\"button\" rel=\"noopener nofollow\" class=\"shariff-link\" style=\"; background-color:#0085ff; color:#0085ff\" target=\"_blank\"><span class=\"shariff-icon\" style=\"fill:#0085ff\"><svg width=\"20\" height=\"20\" version=\"1.1\" xmlns=\"http:\/\/www.w3.org\/2000\/svg\" viewBox=\"0 0 20 20\"><path class=\"st0\" d=\"M4.89,3.12c2.07,1.55,4.3,4.71,5.11,6.4.82-1.69,3.04-4.84,5.11-6.4,1.49-1.12,3.91-1.99,3.91.77,0,.55-.32,4.63-.5,5.3-.64,2.3-2.99,2.89-5.08,2.54,3.65.62,4.58,2.68,2.57,4.74-3.81,3.91-5.48-.98-5.9-2.23-.08-.23-.11-.34-.12-.25,0-.09-.04.02-.12.25-.43,1.25-2.09,6.14-5.9,2.23-2.01-2.06-1.08-4.12,2.57-4.74-2.09.36-4.44-.23-5.08-2.54-.19-.66-.5-4.74-.5-5.3,0-2.76,2.42-1.89,3.91-.77h0Z\"\/><\/svg><\/span><span class=\"shariff-text\" style=\"color:#0085ff\">share<\/span>&nbsp;<\/a><\/li><li class=\"shariff-button linkedin shariff-nocustomcolor\" style=\"background-color:#1488bf\"><a href=\"https:\/\/www.linkedin.com\/sharing\/share-offsite\/?url=https%3A%2F%2Fwww.motorprosa.com%2Fen%2Fmy-emotions-when-riding-a-motorcycle%2F\" title=\"Share on LinkedIn\" aria-label=\"Share on LinkedIn\" role=\"button\" rel=\"noopener nofollow\" class=\"shariff-link\" style=\"; background-color:#0077b5; color:#0077b5\" target=\"_blank\"><span class=\"shariff-icon\" style=\"fill:#0077b5\"><svg width=\"32px\" height=\"20px\" xmlns=\"http:\/\/www.w3.org\/2000\/svg\" viewBox=\"0 0 27 32\"><path fill=\"#0077b5\" d=\"M6.2 11.2v17.7h-5.9v-17.7h5.9zM6.6 5.7q0 1.3-0.9 2.2t-2.4 0.9h0q-1.5 0-2.4-0.9t-0.9-2.2 0.9-2.2 2.4-0.9 2.4 0.9 0.9 2.2zM27.4 18.7v10.1h-5.9v-9.5q0-1.9-0.7-2.9t-2.3-1.1q-1.1 0-1.9 0.6t-1.2 1.5q-0.2 0.5-0.2 1.4v9.9h-5.9q0-7.1 0-11.6t0-5.3l0-0.9h5.9v2.6h0q0.4-0.6 0.7-1t1-0.9 1.6-0.8 2-0.3q3 0 4.9 2t1.9 6z\"\/><\/svg><\/span><span class=\"shariff-text\" style=\"color:#0077b5\">share<\/span>&nbsp;<\/a><\/li><\/ul><\/div><\/div>\n\n\n\n<div style=\"height:50px\" aria-hidden=\"true\" class=\"wp-block-spacer\"><\/div>\n\n\n\n<h3 id=\"bestens-dazu-passend\" class=\"wp-block-heading\"><strong>Perfectly matching:<\/strong><\/h3>\n\n\n\n\t\t\t<div class=\"wp-block-uagb-post-grid uagb-post-grid  uagb-post__image-position-top uagb-post__image-enabled uagb-block-367b7f17     uagb-post__items uagb-post__columns-3 is-grid uagb-post__columns-tablet-2 uagb-post__columns-mobile-1 uagb-post__equal-height\" data-total=\"2\" style=\"\">\n\n\t\t\t\t\t\t\t\t\t\t\t\t<article class=\"uagb-post__inner-wrap\">\t\t\t\t\t\t\t\t<div class='uagb-post__image'>\n\t\t\t\t\t\t\t\t\t<a href=\"https:\/\/www.motorprosa.com\/en\/the-journey-to-the-water\/\" target=\"_self\" rel=\"bookmark noopener noreferrer\" class=\"uagb-image-ratio-inherit\"><img decoding=\"async\" width=\"1024\" height=\"605\" data-src=\"https:\/\/b2642856.assetcdn.net\/2.0\/2642856\/wp-content\/uploads\/2022\/01\/motorprosa-blog-header-reise-ans-wasser-1-effekt-1024x605.jpg?lossy=1&strip=1&webp=1\" class=\"attachment-large size-large lazyload\" alt=\"MotorProsa: Die Reise ans Wasser\" data-srcset=\"https:\/\/b2642856.assetcdn.net\/2.0\/2642856\/wp-content\/uploads\/2022\/01\/motorprosa-blog-header-reise-ans-wasser-1-effekt-1024x605.jpg?lossy=1&strip=1&webp=1 1024w, https:\/\/b2642856.assetcdn.net\/2.0\/2642856\/wp-content\/uploads\/2022\/01\/motorprosa-blog-header-reise-ans-wasser-1-effekt-300x177.jpg?lossy=1&strip=1&webp=1 300w, https:\/\/b2642856.assetcdn.net\/2.0\/2642856\/wp-content\/uploads\/2022\/01\/MotorProsa-Blog-Header-Reise-ans-Wasser-1-Effekt-1.jpg?lossy=1&strip=1&webp=1 1200w, https:\/\/b2642856.assetcdn.net\/2.0\/2642856\/wp-content\/uploads\/2022\/01\/MotorProsa-Blog-Header-Reise-ans-Wasser-1-Effekt-1.jpg?size=240x142&lossy=1&strip=1&webp=1 240w, https:\/\/b2642856.assetcdn.net\/2.0\/2642856\/wp-content\/uploads\/2022\/01\/MotorProsa-Blog-Header-Reise-ans-Wasser-1-Effekt-1.jpg?size=480x284&lossy=1&strip=1&webp=1 480w, https:\/\/b2642856.assetcdn.net\/2.0\/2642856\/wp-content\/uploads\/2022\/01\/MotorProsa-Blog-Header-Reise-ans-Wasser-1-Effekt-1.jpg?size=720x425&lossy=1&strip=1&webp=1 720w, https:\/\/b2642856.assetcdn.net\/2.0\/2642856\/wp-content\/uploads\/2022\/01\/MotorProsa-Blog-Header-Reise-ans-Wasser-1-Effekt-1.jpg?size=960x567&lossy=1&strip=1&webp=1 960w\" data-sizes=\"auto\" title=\"\" src=\"data:image\/svg+xml;base64,PHN2ZyB3aWR0aD0iMSIgaGVpZ2h0PSIxIiB4bWxucz0iaHR0cDovL3d3dy53My5vcmcvMjAwMC9zdmciPjwvc3ZnPg==\" style=\"--smush-placeholder-width: 1024px; --smush-placeholder-aspect-ratio: 1024\/605;\" data-original-sizes=\"(max-width: 1024px) 100vw, 1024px\">\t\t\t\t\t<\/a>\n\t\t\t\t\t\t\t<\/div>\n\t\t\t\t\t\t<h4 class=\"uagb-post__title uagb-post__text\">\n\t\t\t\t<a href=\"https:\/\/www.motorprosa.com\/en\/the-journey-to-the-water\/\" target=\"_self\" rel=\"bookmark noopener noreferrer\">The journey to the water<\/a>\n\t\t\t<\/h4>\n\t\t\t\t\t\t<div class='uagb-post__text uagb-post-grid-byline'>\n\t\t\t\t\t\t\t\t<span class=\"uagb-post__comment\">\n\t\t\t\t<span class=\"dashicons-admin-comments dashicons\"><\/span>\t\t\t\t\tNo Comments\t\t\t\t<\/span>\n\t\t\t\t\t\t<\/div>\n\t\t\t\t\t\t\t<div class='uagb-post__text uagb-post__excerpt'>\n\t\t\t\t\tTake a ride with me, let&#8217;s go to the water: you&#8217;ll stand on the coast of the &#8220;Five Worlds&#8221;, on a warm summer evening.<br>Come on!\t\t\t\t<\/div>\n\t\t\t\n\t\t\t\t\t\t\t\t\t<\/article>\n\t\t\t\t\t\t\t\t\t\t\t\t\t\t\t\t<article class=\"uagb-post__inner-wrap\">\t\t\t\t\t\t\t\t<div class='uagb-post__image'>\n\t\t\t\t\t\t\t\t\t<a href=\"https:\/\/www.motorprosa.com\/en\/ive-had-enough-im-dropping-it\/\" target=\"_self\" rel=\"bookmark noopener noreferrer\" class=\"uagb-image-ratio-inherit\"><img decoding=\"async\" width=\"1024\" height=\"575\" data-src=\"https:\/\/b2642856.assetcdn.net\/2.0\/2642856\/wp-content\/uploads\/2024\/08\/MotorProsa-Blog-Header-Mir-reicht-es-Effekt-1024x575.jpg?lossy=1&strip=1&webp=1\" class=\"attachment-large size-large lazyload\" alt=\"Eine dramatische Szene auf einer kurvigen Gebirgsstra\u00dfe. Im Vordergrund liegt ein Motorrad quer auf der Stra\u00dfe, w\u00e4hrend zwei Motorradfahrer in Schutzkleidung daneben stehen und die Situation begutachten.\" data-srcset=\"https:\/\/b2642856.assetcdn.net\/2.0\/2642856\/wp-content\/uploads\/2024\/08\/MotorProsa-Blog-Header-Mir-reicht-es-Effekt-1024x575.jpg?lossy=1&strip=1&webp=1 1024w, https:\/\/b2642856.assetcdn.net\/2.0\/2642856\/wp-content\/uploads\/2024\/08\/MotorProsa-Blog-Header-Mir-reicht-es-Effekt-300x169.jpg?lossy=1&strip=1&webp=1 300w, https:\/\/b2642856.assetcdn.net\/2.0\/2642856\/wp-content\/uploads\/2024\/08\/MotorProsa-Blog-Header-Mir-reicht-es-Effekt-768x431.jpg?lossy=1&strip=1&webp=1 768w, https:\/\/b2642856.assetcdn.net\/2.0\/2642856\/wp-content\/uploads\/2024\/08\/MotorProsa-Blog-Header-Mir-reicht-es-Effekt.jpg?lossy=1&strip=1&webp=1 1200w, https:\/\/b2642856.assetcdn.net\/2.0\/2642856\/wp-content\/uploads\/2024\/08\/MotorProsa-Blog-Header-Mir-reicht-es-Effekt.jpg?size=240x135&lossy=1&strip=1&webp=1 240w, https:\/\/b2642856.assetcdn.net\/2.0\/2642856\/wp-content\/uploads\/2024\/08\/MotorProsa-Blog-Header-Mir-reicht-es-Effekt.jpg?size=480x270&lossy=1&strip=1&webp=1 480w, https:\/\/b2642856.assetcdn.net\/2.0\/2642856\/wp-content\/uploads\/2024\/08\/MotorProsa-Blog-Header-Mir-reicht-es-Effekt.jpg?size=960x539&lossy=1&strip=1&webp=1 960w\" data-sizes=\"auto\" title=\"\" src=\"data:image\/svg+xml;base64,PHN2ZyB3aWR0aD0iMSIgaGVpZ2h0PSIxIiB4bWxucz0iaHR0cDovL3d3dy53My5vcmcvMjAwMC9zdmciPjwvc3ZnPg==\" style=\"--smush-placeholder-width: 1024px; --smush-placeholder-aspect-ratio: 1024\/575;\" data-original-sizes=\"(max-width: 1024px) 100vw, 1024px\">\t\t\t\t\t<\/a>\n\t\t\t\t\t\t\t<\/div>\n\t\t\t\t\t\t<h4 class=\"uagb-post__title uagb-post__text\">\n\t\t\t\t<a href=\"https:\/\/www.motorprosa.com\/en\/ive-had-enough-im-dropping-it\/\" target=\"_self\" rel=\"bookmark noopener noreferrer\">I&#8217;ve had enough. I&#8217;m dropping it.<\/a>\n\t\t\t<\/h4>\n\t\t\t\t\t\t<div class='uagb-post__text uagb-post-grid-byline'>\n\t\t\t\t\t\t\t\t<span class=\"uagb-post__comment\">\n\t\t\t\t<span class=\"dashicons-admin-comments dashicons\"><\/span>\t\t\t\t\tNo Comments\t\t\t\t<\/span>\n\t\t\t\t\t\t<\/div>\n\t\t\t\t\t\t\t<div class='uagb-post__text uagb-post__excerpt'>\n\t\t\t\t\tDropping the motorcycle. You know that feeling? And do you know the feeling when someone makes fun about that?\t\t\t\t<\/div>\n\t\t\t\n\t\t\t\t\t\t\t\t\t<\/article>\n\t\t\t\t\t\t\t\t\t\t\t\t\t\t\t\t<article class=\"uagb-post__inner-wrap\">\t\t\t\t\t\t\t\t<div class='uagb-post__image'>\n\t\t\t\t\t\t\t\t\t<a href=\"https:\/\/www.motorprosa.com\/en\/the-stelvio-pass-in-autumn\/\" target=\"_self\" rel=\"bookmark noopener noreferrer\" class=\"uagb-image-ratio-inherit\"><img decoding=\"async\" width=\"1024\" height=\"582\" data-src=\"https:\/\/b2642856.assetcdn.net\/2.0\/2642856\/wp-content\/uploads\/2023\/12\/MotorProsa-Blog-Header-Im-Herbst-aufs-Joch-1-Effekt-1024x582.jpg?lossy=1&strip=1&webp=1\" class=\"attachment-large size-large lazyload\" alt=\"\" data-srcset=\"https:\/\/b2642856.assetcdn.net\/2.0\/2642856\/wp-content\/uploads\/2023\/12\/MotorProsa-Blog-Header-Im-Herbst-aufs-Joch-1-Effekt-1024x582.jpg?lossy=1&strip=1&webp=1 1024w, https:\/\/b2642856.assetcdn.net\/2.0\/2642856\/wp-content\/uploads\/2023\/12\/MotorProsa-Blog-Header-Im-Herbst-aufs-Joch-1-Effekt-300x171.jpg?lossy=1&strip=1&webp=1 300w, https:\/\/b2642856.assetcdn.net\/2.0\/2642856\/wp-content\/uploads\/2023\/12\/MotorProsa-Blog-Header-Im-Herbst-aufs-Joch-1-Effekt-768x436.jpg?lossy=1&strip=1&webp=1 768w, https:\/\/b2642856.assetcdn.net\/2.0\/2642856\/wp-content\/uploads\/2023\/12\/MotorProsa-Blog-Header-Im-Herbst-aufs-Joch-1-Effekt.jpg?lossy=1&strip=1&webp=1 1200w, https:\/\/b2642856.assetcdn.net\/2.0\/2642856\/wp-content\/uploads\/2023\/12\/MotorProsa-Blog-Header-Im-Herbst-aufs-Joch-1-Effekt.jpg?size=240x136&lossy=1&strip=1&webp=1 240w, https:\/\/b2642856.assetcdn.net\/2.0\/2642856\/wp-content\/uploads\/2023\/12\/MotorProsa-Blog-Header-Im-Herbst-aufs-Joch-1-Effekt.jpg?size=480x273&lossy=1&strip=1&webp=1 480w, https:\/\/b2642856.assetcdn.net\/2.0\/2642856\/wp-content\/uploads\/2023\/12\/MotorProsa-Blog-Header-Im-Herbst-aufs-Joch-1-Effekt.jpg?size=960x546&lossy=1&strip=1&webp=1 960w\" data-sizes=\"auto\" title=\"\" src=\"data:image\/svg+xml;base64,PHN2ZyB3aWR0aD0iMSIgaGVpZ2h0PSIxIiB4bWxucz0iaHR0cDovL3d3dy53My5vcmcvMjAwMC9zdmciPjwvc3ZnPg==\" style=\"--smush-placeholder-width: 1024px; --smush-placeholder-aspect-ratio: 1024\/582;\" data-original-sizes=\"(max-width: 1024px) 100vw, 1024px\">\t\t\t\t\t<\/a>\n\t\t\t\t\t\t\t<\/div>\n\t\t\t\t\t\t<h4 class=\"uagb-post__title uagb-post__text\">\n\t\t\t\t<a href=\"https:\/\/www.motorprosa.com\/en\/the-stelvio-pass-in-autumn\/\" target=\"_self\" rel=\"bookmark noopener noreferrer\">The awesome Stelvio Pass in autumn<\/a>\n\t\t\t<\/h4>\n\t\t\t\t\t\t<div class='uagb-post__text uagb-post-grid-byline'>\n\t\t\t\t\t\t\t\t<span class=\"uagb-post__comment\">\n\t\t\t\t<span class=\"dashicons-admin-comments dashicons\"><\/span>\t\t\t\t\tNo Comments\t\t\t\t<\/span>\n\t\t\t\t\t\t<\/div>\n\t\t\t\t\t\t\t<div class='uagb-post__text uagb-post__excerpt'>\n\t\t\t\t\tAutumn is giving way, inexorably. A few days before the winter closure, I take the Road King out on the Stelvio.\t\t\t\t<\/div>\n\t\t\t\n\t\t\t\t\t\t\t\t\t<\/article>\n\t\t\t\t\t\t\t\t\t\t\t\t\t\t\t\t<article class=\"uagb-post__inner-wrap\">\t\t\t\t\t\t\t\t<div class='uagb-post__image'>\n\t\t\t\t\t\t\t\t\t<a href=\"https:\/\/www.motorprosa.com\/en\/whats-the-magic-of-a-curve\/\" target=\"_self\" rel=\"bookmark noopener noreferrer\" class=\"uagb-image-ratio-inherit\"><img decoding=\"async\" width=\"1024\" height=\"575\" data-src=\"https:\/\/b2642856.assetcdn.net\/2.0\/2642856\/wp-content\/uploads\/2022\/03\/motorprosa-blog-header-magie-der-kurve-1-effekt-1024x575.jpg?lossy=1&strip=1&webp=1\" class=\"attachment-large size-large lazyload\" alt=\"MotorProsa: Blog Header Die Magie der Kurve (Effekt)\" data-srcset=\"https:\/\/b2642856.assetcdn.net\/2.0\/2642856\/wp-content\/uploads\/2022\/03\/motorprosa-blog-header-magie-der-kurve-1-effekt-1024x575.jpg?lossy=1&strip=1&webp=1 1024w, https:\/\/b2642856.assetcdn.net\/2.0\/2642856\/wp-content\/uploads\/2022\/03\/motorprosa-blog-header-magie-der-kurve-1-effekt-300x169.jpg?lossy=1&strip=1&webp=1 300w, https:\/\/b2642856.assetcdn.net\/2.0\/2642856\/wp-content\/uploads\/2022\/03\/motorprosa-blog-header-magie-der-kurve-1-effekt-768x431.jpg?lossy=1&strip=1&webp=1 768w, https:\/\/b2642856.assetcdn.net\/2.0\/2642856\/wp-content\/uploads\/2022\/03\/motorprosa-blog-header-magie-der-kurve-1-effekt.jpg?lossy=1&strip=1&webp=1 1200w, https:\/\/b2642856.assetcdn.net\/2.0\/2642856\/wp-content\/uploads\/2022\/03\/motorprosa-blog-header-magie-der-kurve-1-effekt.jpg?size=240x135&lossy=1&strip=1&webp=1 240w, https:\/\/b2642856.assetcdn.net\/2.0\/2642856\/wp-content\/uploads\/2022\/03\/motorprosa-blog-header-magie-der-kurve-1-effekt.jpg?size=480x270&lossy=1&strip=1&webp=1 480w, https:\/\/b2642856.assetcdn.net\/2.0\/2642856\/wp-content\/uploads\/2022\/03\/motorprosa-blog-header-magie-der-kurve-1-effekt.jpg?size=960x539&lossy=1&strip=1&webp=1 960w\" data-sizes=\"auto\" title=\"\" src=\"data:image\/svg+xml;base64,PHN2ZyB3aWR0aD0iMSIgaGVpZ2h0PSIxIiB4bWxucz0iaHR0cDovL3d3dy53My5vcmcvMjAwMC9zdmciPjwvc3ZnPg==\" style=\"--smush-placeholder-width: 1024px; --smush-placeholder-aspect-ratio: 1024\/575;\" data-original-sizes=\"(max-width: 1024px) 100vw, 1024px\">\t\t\t\t\t<\/a>\n\t\t\t\t\t\t\t<\/div>\n\t\t\t\t\t\t<h4 class=\"uagb-post__title uagb-post__text\">\n\t\t\t\t<a href=\"https:\/\/www.motorprosa.com\/en\/whats-the-magic-of-a-curve\/\" target=\"_self\" rel=\"bookmark noopener noreferrer\">What&#8217;s the magic of a curve?<\/a>\n\t\t\t<\/h4>\n\t\t\t\t\t\t<div class='uagb-post__text uagb-post-grid-byline'>\n\t\t\t\t\t\t\t\t<span class=\"uagb-post__comment\">\n\t\t\t\t<span class=\"dashicons-admin-comments dashicons\"><\/span>\t\t\t\t\tNo Comments\t\t\t\t<\/span>\n\t\t\t\t\t\t<\/div>\n\t\t\t\t\t\t\t<div class='uagb-post__text uagb-post__excerpt'>\n\t\t\t\t\tThe curve &#8211; loved, feared, hated and enjoyed. To me, a nice corner is THE number one reason to ride a motorcycle. Can this magic&#8230;\t\t\t\t<\/div>\n\t\t\t\n\t\t\t\t\t\t\t\t\t<\/article>\n\t\t\t\t\t\t\t\t\t\t\t\t\t\t\t\t<article class=\"uagb-post__inner-wrap\">\t\t\t\t\t\t\t\t<div class='uagb-post__image'>\n\t\t\t\t\t\t\t\t\t<a href=\"https:\/\/www.motorprosa.com\/en\/motorcycling-why\/\" target=\"_self\" rel=\"bookmark noopener noreferrer\" class=\"uagb-image-ratio-inherit\"><img decoding=\"async\" width=\"1024\" height=\"591\" data-src=\"https:\/\/b2642856.assetcdn.net\/2.0\/2642856\/wp-content\/uploads\/2021\/10\/motorprosa-blog-header-motorradfahren-warum-effekt-1024x591.jpg?lossy=1&strip=1&webp=1\" class=\"attachment-large size-large lazyload\" alt=\"MotorProsa: Motorradfahren - Warum? Der Versuch einer Antwort\" data-srcset=\"https:\/\/b2642856.assetcdn.net\/2.0\/2642856\/wp-content\/uploads\/2021\/10\/motorprosa-blog-header-motorradfahren-warum-effekt-1024x591.jpg?lossy=1&strip=1&webp=1 1024w, https:\/\/b2642856.assetcdn.net\/2.0\/2642856\/wp-content\/uploads\/2021\/10\/motorprosa-blog-header-motorradfahren-warum-effekt-300x173.jpg?lossy=1&strip=1&webp=1 300w, https:\/\/b2642856.assetcdn.net\/2.0\/2642856\/wp-content\/uploads\/2021\/10\/motorprosa-blog-header-motorradfahren-warum-effekt.jpg?lossy=1&strip=1&webp=1 1200w, https:\/\/b2642856.assetcdn.net\/2.0\/2642856\/wp-content\/uploads\/2021\/10\/motorprosa-blog-header-motorradfahren-warum-effekt.jpg?size=240x139&lossy=1&strip=1&webp=1 240w, https:\/\/b2642856.assetcdn.net\/2.0\/2642856\/wp-content\/uploads\/2021\/10\/motorprosa-blog-header-motorradfahren-warum-effekt.jpg?size=480x277&lossy=1&strip=1&webp=1 480w, https:\/\/b2642856.assetcdn.net\/2.0\/2642856\/wp-content\/uploads\/2021\/10\/motorprosa-blog-header-motorradfahren-warum-effekt.jpg?size=720x416&lossy=1&strip=1&webp=1 720w, https:\/\/b2642856.assetcdn.net\/2.0\/2642856\/wp-content\/uploads\/2021\/10\/motorprosa-blog-header-motorradfahren-warum-effekt.jpg?size=960x554&lossy=1&strip=1&webp=1 960w\" data-sizes=\"auto\" title=\"\" src=\"data:image\/svg+xml;base64,PHN2ZyB3aWR0aD0iMSIgaGVpZ2h0PSIxIiB4bWxucz0iaHR0cDovL3d3dy53My5vcmcvMjAwMC9zdmciPjwvc3ZnPg==\" style=\"--smush-placeholder-width: 1024px; --smush-placeholder-aspect-ratio: 1024\/591;\" data-original-sizes=\"(max-width: 1024px) 100vw, 1024px\">\t\t\t\t\t<\/a>\n\t\t\t\t\t\t\t<\/div>\n\t\t\t\t\t\t<h4 class=\"uagb-post__title uagb-post__text\">\n\t\t\t\t<a href=\"https:\/\/www.motorprosa.com\/en\/motorcycling-why\/\" target=\"_self\" rel=\"bookmark noopener noreferrer\">Motorcycling&nbsp;\u2013 Why? An attempt at an answer<\/a>\n\t\t\t<\/h4>\n\t\t\t\t\t\t<div class='uagb-post__text uagb-post-grid-byline'>\n\t\t\t\t\t\t\t\t<span class=\"uagb-post__comment\">\n\t\t\t\t<span class=\"dashicons-admin-comments dashicons\"><\/span>\t\t\t\t\tNo Comments\t\t\t\t<\/span>\n\t\t\t\t\t\t<\/div>\n\t\t\t\t\t\t\t<div class='uagb-post__text uagb-post__excerpt'>\n\t\t\t\t\tMotorcycling &#8211; how can you explain it to someone who doesn&#8217;t know it? Trying to sort out my thoughts, my memories and my reasons for&#8230;\t\t\t\t<\/div>\n\t\t\t\n\t\t\t\t\t\t\t\t\t<\/article>\n\t\t\t\t\t\t\t\t\t\t\t\t\t\t\t\t<article class=\"uagb-post__inner-wrap\">\t\t\t\t\t\t\t\t<div class='uagb-post__image'>\n\t\t\t\t\t\t\t\t\t<a href=\"https:\/\/www.motorprosa.com\/en\/2024-a-year-full-of-stories-and-curves\/\" target=\"_self\" rel=\"bookmark noopener noreferrer\" class=\"uagb-image-ratio-inherit\"><img decoding=\"async\" width=\"1024\" height=\"575\" data-src=\"https:\/\/b2642856.assetcdn.net\/2.0\/2642856\/wp-content\/uploads\/2024\/12\/MotorProsa-Blog-Header-Jahresrueckblick-2024-Effekt-1024x575.jpg?lossy=1&strip=1&webp=1\" class=\"attachment-large size-large lazyload\" alt=\"Das Bild zeigt eine Strassenszene in den Alpen. Ein Motorradfahrer f\u00e4hrt in der Bildmitte eine kurvige Pass-Strasse entlang - die Strasse ist von St\u00fctzmauern aus Naturstein begrenzt. Im Hintergrund sind an den Bergh\u00e4ngen vereeinzelte Nadelb\u00e4ume zu erkennen.\" data-srcset=\"https:\/\/b2642856.assetcdn.net\/2.0\/2642856\/wp-content\/uploads\/2024\/12\/MotorProsa-Blog-Header-Jahresrueckblick-2024-Effekt-1024x575.jpg?lossy=1&strip=1&webp=1 1024w, https:\/\/b2642856.assetcdn.net\/2.0\/2642856\/wp-content\/uploads\/2024\/12\/MotorProsa-Blog-Header-Jahresrueckblick-2024-Effekt-300x169.jpg?lossy=1&strip=1&webp=1 300w, https:\/\/b2642856.assetcdn.net\/2.0\/2642856\/wp-content\/uploads\/2024\/12\/MotorProsa-Blog-Header-Jahresrueckblick-2024-Effekt-768x431.jpg?lossy=1&strip=1&webp=1 768w, https:\/\/b2642856.assetcdn.net\/2.0\/2642856\/wp-content\/uploads\/2024\/12\/MotorProsa-Blog-Header-Jahresrueckblick-2024-Effekt.jpg?lossy=1&strip=1&webp=1 1200w, https:\/\/b2642856.assetcdn.net\/2.0\/2642856\/wp-content\/uploads\/2024\/12\/MotorProsa-Blog-Header-Jahresrueckblick-2024-Effekt.jpg?size=240x135&lossy=1&strip=1&webp=1 240w, https:\/\/b2642856.assetcdn.net\/2.0\/2642856\/wp-content\/uploads\/2024\/12\/MotorProsa-Blog-Header-Jahresrueckblick-2024-Effekt.jpg?size=480x270&lossy=1&strip=1&webp=1 480w, https:\/\/b2642856.assetcdn.net\/2.0\/2642856\/wp-content\/uploads\/2024\/12\/MotorProsa-Blog-Header-Jahresrueckblick-2024-Effekt.jpg?size=960x539&lossy=1&strip=1&webp=1 960w\" data-sizes=\"auto\" title=\"\" src=\"data:image\/svg+xml;base64,PHN2ZyB3aWR0aD0iMSIgaGVpZ2h0PSIxIiB4bWxucz0iaHR0cDovL3d3dy53My5vcmcvMjAwMC9zdmciPjwvc3ZnPg==\" style=\"--smush-placeholder-width: 1024px; --smush-placeholder-aspect-ratio: 1024\/575;\" data-original-sizes=\"(max-width: 1024px) 100vw, 1024px\">\t\t\t\t\t<\/a>\n\t\t\t\t\t\t\t<\/div>\n\t\t\t\t\t\t<h4 class=\"uagb-post__title uagb-post__text\">\n\t\t\t\t<a href=\"https:\/\/www.motorprosa.com\/en\/2024-a-year-full-of-stories-and-curves\/\" target=\"_self\" rel=\"bookmark noopener noreferrer\">2024: A year full of stories and curves<\/a>\n\t\t\t<\/h4>\n\t\t\t\t\t\t<div class='uagb-post__text uagb-post-grid-byline'>\n\t\t\t\t\t\t\t\t<span class=\"uagb-post__comment\">\n\t\t\t\t<span class=\"dashicons-admin-comments dashicons\"><\/span>\t\t\t\t\tNo Comments\t\t\t\t<\/span>\n\t\t\t\t\t\t<\/div>\n\t\t\t\t\t\t\t<div class='uagb-post__text uagb-post__excerpt'>\n\t\t\t\t\tMy review of the past, eventful 2024. \t\t\t\t<\/div>\n\t\t\t\n\t\t\t\t\t\t\t\t\t<\/article>\n\t\t\t\t\t\t\t\t\t\t\t\t\t<div class=\"uagb-post-pagination-wrap\">\n\t\t\t\t\t\t<span aria-current=\"page\" class=\"page-numbers current\">1<\/span>\n<a class=\"page-numbers\" href=\"https:\/\/www.motorprosa.com\/en\/wp-json\/wp\/v2\/posts\/267138\/page\/2\/\">2<\/a>\n<a class=\"next page-numbers\" href=\"https:\/\/www.motorprosa.com\/en\/wp-json\/wp\/v2\/posts\/267138\/page\/2\/\">\u00bb<\/a>\t\t\t\t\t<\/div>\n\t\t\t\t\t\t\t\t<\/div>\n\t\t\t\n\n\n<figure class=\"wp-block-image size-large\"><img decoding=\"async\" width=\"1024\" height=\"60\" data-src=\"https:\/\/b2642856.assetcdn.net\/2.0\/2642856\/wp-content\/uploads\/2020\/02\/Trenner-1024x60-1.png?lossy=1&strip=1&webp=1\" alt=\"Das Symbol von MotorProsa: die F\u00fcllfeder.\" class=\"wp-image-441 lazyload\" title=\"MotorProsa: Motorrad-Geschichten, geschrieben mit Passion\" data-srcset=\"https:\/\/b2642856.assetcdn.net\/2.0\/2642856\/wp-content\/uploads\/2020\/02\/Trenner-1024x60-1.png?lossy=1&strip=1&webp=1 1024w, https:\/\/b2642856.assetcdn.net\/2.0\/2642856\/wp-content\/uploads\/2020\/02\/Trenner-1024x60-1-300x18.png?lossy=1&strip=1&webp=1 300w, https:\/\/b2642856.assetcdn.net\/2.0\/2642856\/wp-content\/uploads\/2020\/02\/Trenner-1024x60-1-768x45.png?lossy=1&strip=1&webp=1 768w, https:\/\/b2642856.assetcdn.net\/2.0\/2642856\/wp-content\/uploads\/2020\/02\/Trenner-1024x60-1.png?size=240x14&lossy=1&strip=1&webp=1 240w, https:\/\/b2642856.assetcdn.net\/2.0\/2642856\/wp-content\/uploads\/2020\/02\/Trenner-1024x60-1.png?size=480x28&lossy=1&strip=1&webp=1 480w, https:\/\/b2642856.assetcdn.net\/2.0\/2642856\/wp-content\/uploads\/2020\/02\/Trenner-1024x60-1.png?size=960x56&lossy=1&strip=1&webp=1 960w\" data-sizes=\"auto\" src=\"data:image\/svg+xml;base64,PHN2ZyB3aWR0aD0iMSIgaGVpZ2h0PSIxIiB4bWxucz0iaHR0cDovL3d3dy53My5vcmcvMjAwMC9zdmciPjwvc3ZnPg==\" style=\"--smush-placeholder-width: 1024px; --smush-placeholder-aspect-ratio: 1024\/60;\" data-original-sizes=\"(max-width: 1024px) 100vw, 1024px\" \/><\/figure>\n\n\n\n<div style=\"height:50px\" aria-hidden=\"true\" class=\"wp-block-spacer\"><\/div>\n","protected":false},"excerpt":{"rendered":"<p>Will the era of electromobility go down in history as the age of emotionlessness? Emotions \u2013 what are we actually talking about?<\/p>\n","protected":false},"author":1,"featured_media":249272,"comment_status":"open","ping_status":"closed","sticky":false,"template":"","format":"standard","meta":{"_uag_custom_page_level_css":"","_lmt_disableupdate":"","_lmt_disable":"","yasr_overall_rating":0,"yasr_post_is_review":"","yasr_auto_insert_disabled":"","yasr_review_type":"BlogPosting","footnotes":""},"categories":[538,530,596],"tags":[],"class_list":["post-267138","post","type-post","status-publish","format-standard","has-post-thumbnail","hentry","category-about-me","category-electromobility","category-thoughts","infinite-scroll-item","generate-columns","tablet-grid-50","mobile-grid-100","grid-parent","grid-50","no-featured-image-padding"],"yasr_visitor_votes":{"stars_attributes":{"read_only":false,"span_bottom":false},"number_of_votes":2,"sum_votes":6},"modified_by":"J\u00fcrgen 'JvS' Theiner","uagb_featured_image_src":{"full":["https:\/\/www.motorprosa.com\/wp-content\/uploads\/2024\/03\/MotorProsa-Blog-Header-Emotionen-1-Effekt.jpg",1200,674,false],"thumbnail":["https:\/\/www.motorprosa.com\/wp-content\/uploads\/2024\/03\/MotorProsa-Blog-Header-Emotionen-1-Effekt-150x150.jpg",150,150,true],"medium":["https:\/\/www.motorprosa.com\/wp-content\/uploads\/2024\/03\/MotorProsa-Blog-Header-Emotionen-1-Effekt-300x169.jpg",300,169,true],"medium_large":["https:\/\/www.motorprosa.com\/wp-content\/uploads\/2024\/03\/MotorProsa-Blog-Header-Emotionen-1-Effekt-768x431.jpg",768,431,true],"large":["https:\/\/www.motorprosa.com\/wp-content\/uploads\/2024\/03\/MotorProsa-Blog-Header-Emotionen-1-Effekt-1024x575.jpg",1024,575,true],"1536x1536":["https:\/\/www.motorprosa.com\/wp-content\/uploads\/2024\/03\/MotorProsa-Blog-Header-Emotionen-1-Effekt.jpg",1200,674,false],"2048x2048":["https:\/\/www.motorprosa.com\/wp-content\/uploads\/2024\/03\/MotorProsa-Blog-Header-Emotionen-1-Effekt.jpg",1200,674,false],"mailpoet_newsletter_max":["https:\/\/www.motorprosa.com\/wp-content\/uploads\/2024\/03\/MotorProsa-Blog-Header-Emotionen-1-Effekt.jpg",1200,674,false]},"uagb_author_info":{"display_name":"J\u00fcrgen 'JvS' Theiner","author_link":"https:\/\/www.motorprosa.com\/en\/author\/infomotorprosa-com\/"},"uagb_comment_info":0,"uagb_excerpt":"Will the era of electromobility go down in history as the age of emotionlessness? Emotions \u2013 what are we actually talking about?","_links":{"self":[{"href":"https:\/\/www.motorprosa.com\/en\/wp-json\/wp\/v2\/posts\/267138","targetHints":{"allow":["GET"]}}],"collection":[{"href":"https:\/\/www.motorprosa.com\/en\/wp-json\/wp\/v2\/posts"}],"about":[{"href":"https:\/\/www.motorprosa.com\/en\/wp-json\/wp\/v2\/types\/post"}],"author":[{"embeddable":true,"href":"https:\/\/www.motorprosa.com\/en\/wp-json\/wp\/v2\/users\/1"}],"replies":[{"embeddable":true,"href":"https:\/\/www.motorprosa.com\/en\/wp-json\/wp\/v2\/comments?post=267138"}],"version-history":[{"count":0,"href":"https:\/\/www.motorprosa.com\/en\/wp-json\/wp\/v2\/posts\/267138\/revisions"}],"wp:featuredmedia":[{"embeddable":true,"href":"https:\/\/www.motorprosa.com\/en\/wp-json\/wp\/v2\/media\/249272"}],"wp:attachment":[{"href":"https:\/\/www.motorprosa.com\/en\/wp-json\/wp\/v2\/media?parent=267138"}],"wp:term":[{"taxonomy":"category","embeddable":true,"href":"https:\/\/www.motorprosa.com\/en\/wp-json\/wp\/v2\/categories?post=267138"},{"taxonomy":"post_tag","embeddable":true,"href":"https:\/\/www.motorprosa.com\/en\/wp-json\/wp\/v2\/tags?post=267138"}],"curies":[{"name":"wp","href":"https:\/\/api.w.org\/{rel}","templated":true}]}}