{"id":26019,"date":"2022-05-08T20:17:34","date_gmt":"2022-05-08T18:17:34","guid":{"rendered":"https:\/\/www.motorprosa.com\/?p=26019"},"modified":"2023-12-19T14:50:44","modified_gmt":"2023-12-19T12:50:44","slug":"apple-blossom-in-the-vinschgau","status":"publish","type":"post","link":"https:\/\/www.motorprosa.com\/en\/apple-blossom-in-the-vinschgau\/","title":{"rendered":"Apple blossom in the Vinschgau (with picture gallery)"},"content":{"rendered":"\n<figure class=\"wp-block-image alignwide size-large\"><img decoding=\"async\" width=\"1024\" height=\"544\" data-src=\"https:\/\/b2642856.assetcdn.net\/2.0\/2642856\/wp-content\/uploads\/2022\/05\/motorprosa-blog-header-apfelbluete-1-1024x544.jpg?lossy=1&strip=1&webp=1\" alt=\"MotorProsa: Blog Header Apple blossom in the Vinschgau Valley\" class=\"wp-image-17079 lazyload\" title=\"\" data-srcset=\"https:\/\/b2642856.assetcdn.net\/2.0\/2642856\/wp-content\/uploads\/2022\/05\/motorprosa-blog-header-apfelbluete-1-1024x544.jpg?lossy=1&strip=1&webp=1 1024w, https:\/\/b2642856.assetcdn.net\/2.0\/2642856\/wp-content\/uploads\/2022\/05\/motorprosa-blog-header-apfelbluete-1-300x159.jpg?lossy=1&strip=1&webp=1 300w, https:\/\/b2642856.assetcdn.net\/2.0\/2642856\/wp-content\/uploads\/2022\/05\/motorprosa-blog-header-apfelbluete-1-768x408.jpg?lossy=1&strip=1&webp=1 768w, https:\/\/b2642856.assetcdn.net\/2.0\/2642856\/wp-content\/uploads\/2022\/05\/motorprosa-blog-header-apfelbluete-1.jpg?lossy=1&strip=1&webp=1 1200w, https:\/\/b2642856.assetcdn.net\/2.0\/2642856\/wp-content\/uploads\/2022\/05\/motorprosa-blog-header-apfelbluete-1.jpg?size=240x128&lossy=1&strip=1&webp=1 240w, https:\/\/b2642856.assetcdn.net\/2.0\/2642856\/wp-content\/uploads\/2022\/05\/motorprosa-blog-header-apfelbluete-1.jpg?size=480x255&lossy=1&strip=1&webp=1 480w, https:\/\/b2642856.assetcdn.net\/2.0\/2642856\/wp-content\/uploads\/2022\/05\/motorprosa-blog-header-apfelbluete-1.jpg?size=960x510&lossy=1&strip=1&webp=1 960w\" data-sizes=\"auto\" src=\"data:image\/svg+xml;base64,PHN2ZyB3aWR0aD0iMSIgaGVpZ2h0PSIxIiB4bWxucz0iaHR0cDovL3d3dy53My5vcmcvMjAwMC9zdmciPjwvc3ZnPg==\" style=\"--smush-placeholder-width: 1024px; --smush-placeholder-aspect-ratio: 1024\/544;\" data-original-sizes=\"(max-width: 1024px) 100vw, 1024px\" \/><\/figure>\n\n\n\n<p class=\"wp-block-paragraph\"><em style=\"font-weight: bold;\">In my home, the Vinschgau Valley in the west of South Tyrol, it rarely rains. And when it does, it is little&nbsp;\u2013 it is one of the valleys with the least rainfall in the entire Alps. This and the constantly blowing wind create the best conditions for fruit growing&nbsp;\u2013 according to <a href=\"http:\/\/www.vinschgau.net\" target=\"_blank\" rel=\"noreferrer noopener\">www.vinschgau.net<\/a> there are around 20.5 million apple trees here. Time to look for particularly beautiful blossoming specimens.<\/em><\/p>\n\n\n\n<figure class=\"wp-block-image size-large\"><img decoding=\"async\" width=\"1024\" height=\"60\" data-src=\"https:\/\/b2642856.assetcdn.net\/2.0\/2642856\/wp-content\/uploads\/2020\/02\/Trenner-1024x60-1.png?lossy=1&strip=1&webp=1\" alt=\"Das Symbol von MotorProsa: die F\u00fcllfeder.\" class=\"wp-image-441 lazyload\" title=\"MotorProsa: Motorrad-Geschichten, geschrieben mit Passion\" data-srcset=\"https:\/\/b2642856.assetcdn.net\/2.0\/2642856\/wp-content\/uploads\/2020\/02\/Trenner-1024x60-1.png?lossy=1&strip=1&webp=1 1024w, https:\/\/b2642856.assetcdn.net\/2.0\/2642856\/wp-content\/uploads\/2020\/02\/Trenner-1024x60-1-300x18.png?lossy=1&strip=1&webp=1 300w, https:\/\/b2642856.assetcdn.net\/2.0\/2642856\/wp-content\/uploads\/2020\/02\/Trenner-1024x60-1-768x45.png?lossy=1&strip=1&webp=1 768w, https:\/\/b2642856.assetcdn.net\/2.0\/2642856\/wp-content\/uploads\/2020\/02\/Trenner-1024x60-1.png?size=240x14&lossy=1&strip=1&webp=1 240w, https:\/\/b2642856.assetcdn.net\/2.0\/2642856\/wp-content\/uploads\/2020\/02\/Trenner-1024x60-1.png?size=480x28&lossy=1&strip=1&webp=1 480w, https:\/\/b2642856.assetcdn.net\/2.0\/2642856\/wp-content\/uploads\/2020\/02\/Trenner-1024x60-1.png?size=960x56&lossy=1&strip=1&webp=1 960w\" data-sizes=\"auto\" src=\"data:image\/svg+xml;base64,PHN2ZyB3aWR0aD0iMSIgaGVpZ2h0PSIxIiB4bWxucz0iaHR0cDovL3d3dy53My5vcmcvMjAwMC9zdmciPjwvc3ZnPg==\" style=\"--smush-placeholder-width: 1024px; --smush-placeholder-aspect-ratio: 1024\/60;\" data-original-sizes=\"(max-width: 1024px) 100vw, 1024px\" \/><\/figure>\n\n\n\n<div style=\"height:50px\" aria-hidden=\"true\" class=\"wp-block-spacer\"><\/div>\n\n\n\n<p class=\"has-text-align-center has-background wp-block-paragraph\" style=\"background-color:#c8e4f5\"><strong>Before you read, please note<\/strong>: this post was translated with the help of <a href=\"https:\/\/www.deepl.com\/\" target=\"_blank\" rel=\"noreferrer noopener\">Deepl<\/a>.<br>If you find any errors \u2013 please have fun first and then give me a hint.<\/p>\n\n\n\n<p class=\"wp-block-paragraph\">A large part of these millions clings to less aesthetic concrete columns and thus becomes &#8220;alberum betonicum&#8221;. The trunks, which are only centimetres thick, are at most self-supporting, it seems to me. The plump fruits of autumn thus become a problem. In addition, protective nets against hail and thin hoses for drip irrigation need to be attached&nbsp;\u2013 so there is a lot of technology involved. Anyway: today I&#8217;m looking for forgotten trees&nbsp;\u2013 those that stand free, wild and somewhere on their own. And at best, they are in blossom.<\/p>\n\n\n\n<p class=\"wp-block-paragraph\">I will no longer find such plants on the intensively cultivated valley floor. How good that with my <a href=\"https:\/\/www.motorprosa.com\/en\/zero-sr-f-the-electric-way-of-drive\/\" data-type=\"post\" data-id=\"8078\">SR\/F from Zero Motorcycles<\/a> I have an inconspicuous vehicle for the small&nbsp;\u2013 and sometimes closed&nbsp;\u2013 back roads of the mountain slopes. I start my search behind the house, ride up my MTB training slope towards Tarnell and let the Zero surf through the slippery hairpin bends of this small farm feeder road that would lead all the way into the Laas Valley. It&#8217;s a steep climb and there&#8217;s plenty to see&nbsp;\u2013 just no flowering trees. I must be too high.<\/p>\n\n\n\n<h2 class=\"has-drop-cap wp-block-heading\">Alberum betonicum&nbsp;\u2013<br>&nbsp;apple trees with support corset<\/h2>\n\n\n\n<p class=\"wp-block-paragraph\">While turning around, I discover St. Martin&#8217;s Church not far from me, standing high above Laas on a moraine hill. Until today I have only seen and photographed it from my garden. Until today. I use the momentum of the descent and ride my Zero up the opposite Sonnenberg towards Allitz. But here, too, I find no blossoms on the trees, instead numerous nests of the pine processionary moth: caterpillars with stinging hairs that can cause lasting itching and allergic reactions when touched.<\/p>\n\n\n\n<p class=\"wp-block-paragraph\">So I quickly leave again. I roll along the Vinschgau cycle path for kilometres, westwards to Tschengls. The village on the mountain, where a stream has cut its deep gorge, is said to have few hours of sunshine&nbsp;\u2013 I doubt this every time I pass it. From the castle high above the village, I look down on the biotope of the Tschengls Au, which is surrounded by extensive apple orchards.<\/p>\n\n\n\n<p class=\"wp-block-paragraph\">A gravelled farm track leads through the middle of the meadow&nbsp;\u2013 there the finely dosed SR\/F is completely in its element. I find several strong photo motifs, but no wild trees in blossom here either.<\/p>\n\n\n\n<h2 class=\"has-drop-cap wp-block-heading\">Memories of<br>&nbsp;crazy Supermoto times<\/h2>\n\n\n\n<p class=\"wp-block-paragraph\">Again, I switch to the other side of the valley, remembering the crazy actions of earlier Supermoto years, which took us up to Tanas via old, overgrown paths. It was always a bit illegal, but&nbsp;\u2013 at least for us&nbsp;\u2013 endlessly entertaining. Years later, I tried my hand at mountain biking here and failed painfully. But: I find a mighty tree in full bloom where my strength once left me on the bike. Whether it will bear apples, pears or chestnuts in autumn, my non-existent botanical knowledge unfortunately does not tell me.<\/p>\n\n\n\n<figure class=\"wp-block-image size-full my-image-border\"><img decoding=\"async\" width=\"1024\" height=\"683\" data-src=\"https:\/\/b2642856.assetcdn.net\/2.0\/2642856\/wp-content\/uploads\/2022\/05\/motorprosa-blog-post-apfelbluete-im-vinschgau-2.jpg?lossy=1&strip=1&webp=1\" alt=\"MotorProsa: Blog Wow - a really powerful fellow above Eyrs\" class=\"wp-image-17088 lazyload\" title=\"\" data-srcset=\"https:\/\/b2642856.assetcdn.net\/2.0\/2642856\/wp-content\/uploads\/2022\/05\/motorprosa-blog-post-apfelbluete-im-vinschgau-2.jpg?lossy=1&strip=1&webp=1 1024w, https:\/\/b2642856.assetcdn.net\/2.0\/2642856\/wp-content\/uploads\/2022\/05\/motorprosa-blog-post-apfelbluete-im-vinschgau-2-300x200.jpg?lossy=1&strip=1&webp=1 300w, https:\/\/b2642856.assetcdn.net\/2.0\/2642856\/wp-content\/uploads\/2022\/05\/motorprosa-blog-post-apfelbluete-im-vinschgau-2-768x512.jpg?lossy=1&strip=1&webp=1 768w, https:\/\/b2642856.assetcdn.net\/2.0\/2642856\/wp-content\/uploads\/2022\/05\/motorprosa-blog-post-apfelbluete-im-vinschgau-2.jpg?size=240x160&lossy=1&strip=1&webp=1 240w, https:\/\/b2642856.assetcdn.net\/2.0\/2642856\/wp-content\/uploads\/2022\/05\/motorprosa-blog-post-apfelbluete-im-vinschgau-2.jpg?size=480x320&lossy=1&strip=1&webp=1 480w, https:\/\/b2642856.assetcdn.net\/2.0\/2642856\/wp-content\/uploads\/2022\/05\/motorprosa-blog-post-apfelbluete-im-vinschgau-2.jpg?size=960x640&lossy=1&strip=1&webp=1 960w\" data-sizes=\"auto\" src=\"data:image\/svg+xml;base64,PHN2ZyB3aWR0aD0iMSIgaGVpZ2h0PSIxIiB4bWxucz0iaHR0cDovL3d3dy53My5vcmcvMjAwMC9zdmciPjwvc3ZnPg==\" style=\"--smush-placeholder-width: 1024px; --smush-placeholder-aspect-ratio: 1024\/683;\" data-original-sizes=\"(max-width: 1024px) 100vw, 1024px\" \/><figcaption><br><h3>Wow&nbsp;\u2013 a really powerful fellow above Eyrs<\/h3><\/figcaption><\/figure>\n\n\n\n<p class=\"wp-block-paragraph\">I come to rest on an abandoned bench in the middle of the village&nbsp;\u2013 in the shade of another blossoming tree. Not far away, on the valley floor, the long lines of the apple industry draw centimetre-precise lines&nbsp;\u2013 the tree behind me is allowed to grow as it pleases.<\/p>\n\n\n\n<p class=\"wp-block-paragraph\">I take the old road to the east; since the construction of the &#8220;Laas Straight&#8221;, it is only used by apple farmers and insiders who want to avoid the traffic jam on it. But here, too, my search is fruitless. So I take a break at the &#8220;Sp\u00f6tters\u00e4ulen&#8221;&nbsp;\u2013 a grateful photo motif.<\/p>\n\n\n\n<p class=\"wp-block-paragraph\">In the meantime, the sky has closed in and the garage at home is calling louder and louder. Still at an angle, I spot something in bloom out of the corner of my eye, at the foot of the Sisinius-Bichl in Laas. Well, I could have stopped by right at the beginning \u2026<\/p>\n\n\n\n<p class=\"wp-block-paragraph\">So they still exist, even in the highly thought-out apple country of Vinschgau: old, crippled, bent and wildly grown blossom wonders. The most beautiful one, by the way, is 10 metres from my garage&nbsp;&#8211; even if it&#8217;s a pear tree. But it doesn&#8217;t matter whether it&#8217;s an apple or a pear&nbsp;\u2013 the main thing is vegetables!<\/p>\n\n\n\n<h2 class=\"has-drop-cap wp-block-heading\">Picture<br>&nbsp;gallery<\/h2>\n\n\n<style type=\"text\/css\">\n#foogallery-gallery-26030.fg-masonry { --fg-gutter: 10px; }<\/style>\n\t\t\t<style type=\"text\/css\">\n#foogallery-gallery-26030_1.fg-masonry { --fg-gutter: 10px; }<\/style>\n\t\t\t<div class=\"foogallery foogallery-container foogallery-masonry foogallery-lightbox-none fg-center fg-masonry fg-ready fg-light fg-round-small fg-shadow-small fg-loading-default fg-loaded-fade-in fg-captions-bottom fg-hover-fade fg-hover-zoom fg-col2\" id=\"foogallery-gallery-26030_1\" data-foogallery=\"{&quot;item&quot;:{&quot;showCaptionTitle&quot;:true,&quot;showCaptionDescription&quot;:true},&quot;lazy&quot;:true,&quot;src&quot;:&quot;src&quot;,&quot;srcset&quot;:&quot;srcset&quot;}\" style=\"--fg-title-line-clamp: 0; --fg-description-line-clamp: 0;\" >\n\t\t<div class=\"fg-column-width\"><\/div>\n\t<div class=\"fg-gutter-width\"><\/div>\n\t\t<div class=\"fg-item fg-type-image fg-loading\"><figure class=\"fg-item-inner\"><a href=\"https:\/\/b2642856.assetcdn.net\/2.0\/2642856\/wp-content\/uploads\/2022\/05\/motorprosa-blog-post-apfelbluete-im-vinschgau-3.jpg?lossy=1&strip=1&webp=1\" data-caption-desc=\"The little church of St. Martin, standing free and high above Laas on a moraine hill. A wonderfully quiet place, accessible via a sensational motorbike road.\" data-caption-title=\"Apples do not blossom at this altitude\" data-attachment-id=\"17091\" data-type=\"image\" class=\"fg-thumb\"><span class=\"fg-image-wrap\"><img src=\"https:\/\/b2642856.assetcdn.net\/2.0\/2642856\/wp-content\/uploads\/2022\/05\/motorprosa-blog-post-apfelbluete-im-vinschgau-3.jpg?lossy=1&strip=1&webp=1\" alt=\"MotorProsa: Blog Post Apfelbl\u00fcte im Vinschgau 3\" width=\"1024\" height=\"945\" class=\"skip-lazy fg-image\" decoding=\"async\" loading=\"lazy\" title=\"\" srcset=\"https:\/\/b2642856.assetcdn.net\/2.0\/2642856\/wp-content\/uploads\/2022\/05\/motorprosa-blog-post-apfelbluete-im-vinschgau-3.jpg?lossy=1&amp;strip=1&amp;webp=1 1024w, https:\/\/b2642856.assetcdn.net\/2.0\/2642856\/wp-content\/uploads\/2022\/05\/motorprosa-blog-post-apfelbluete-im-vinschgau-3-300x277.jpg?lossy=1&amp;strip=1&amp;webp=1 300w, https:\/\/b2642856.assetcdn.net\/2.0\/2642856\/wp-content\/uploads\/2022\/05\/motorprosa-blog-post-apfelbluete-im-vinschgau-3-768x709.jpg?lossy=1&amp;strip=1&amp;webp=1 768w, https:\/\/b2642856.assetcdn.net\/2.0\/2642856\/wp-content\/uploads\/2022\/05\/motorprosa-blog-post-apfelbluete-im-vinschgau-3.jpg?size=240x221&amp;lossy=1&amp;strip=1&amp;webp=1 240w, https:\/\/b2642856.assetcdn.net\/2.0\/2642856\/wp-content\/uploads\/2022\/05\/motorprosa-blog-post-apfelbluete-im-vinschgau-3.jpg?size=480x443&amp;lossy=1&amp;strip=1&amp;webp=1 480w, https:\/\/b2642856.assetcdn.net\/2.0\/2642856\/wp-content\/uploads\/2022\/05\/motorprosa-blog-post-apfelbluete-im-vinschgau-3.jpg?size=960x886&amp;lossy=1&amp;strip=1&amp;webp=1 960w\" sizes=\"auto, (max-width: 1024px) 100vw, 1024px\"><\/span><span class=\"fg-image-overlay\"><\/span><\/a><figcaption class=\"fg-caption\"><div class=\"fg-caption-inner\"><div class=\"fg-caption-title\">Apples do not blossom at this altitude<\/div><div class=\"fg-caption-desc\">The little church of St. Martin, standing free and high above Laas on a moraine hill. A wonderfully quiet place, accessible via a sensational motorbike road.<\/div><\/div><\/figcaption><\/figure><div class=\"fg-loader\"><\/div><\/div><div class=\"fg-item fg-type-image fg-loading\"><figure class=\"fg-item-inner\"><a href=\"https:\/\/b2642856.assetcdn.net\/2.0\/2642856\/wp-content\/uploads\/2022\/05\/motorprosa-blog-post-apfelbluete-im-vinschgau-4.jpg?lossy=1&strip=1&webp=1\" data-caption-title=\"Too dry\" data-caption-desc=\"The trees are full of nests of pine processionary moths on the Sonnenberg, here near Allitz. It&#039;s better not to get in their way ...\" data-attachment-id=\"17093\" data-type=\"image\" class=\"fg-thumb\"><span class=\"fg-image-wrap\"><img src=\"https:\/\/b2642856.assetcdn.net\/2.0\/2642856\/wp-content\/uploads\/2022\/05\/motorprosa-blog-post-apfelbluete-im-vinschgau-4.jpg?lossy=1&strip=1&webp=1\" alt=\"MotorProsa: Blog Post Apfelbl\u00fcte im Vinschgau 4\" title=\"Beschriftung\" width=\"1024\" height=\"945\" class=\"skip-lazy fg-image\" decoding=\"async\" loading=\"lazy\" srcset=\"https:\/\/b2642856.assetcdn.net\/2.0\/2642856\/wp-content\/uploads\/2022\/05\/motorprosa-blog-post-apfelbluete-im-vinschgau-4.jpg?lossy=1&amp;strip=1&amp;webp=1 1024w, https:\/\/b2642856.assetcdn.net\/2.0\/2642856\/wp-content\/uploads\/2022\/05\/motorprosa-blog-post-apfelbluete-im-vinschgau-4-300x277.jpg?lossy=1&amp;strip=1&amp;webp=1 300w, https:\/\/b2642856.assetcdn.net\/2.0\/2642856\/wp-content\/uploads\/2022\/05\/motorprosa-blog-post-apfelbluete-im-vinschgau-4-768x709.jpg?lossy=1&amp;strip=1&amp;webp=1 768w, https:\/\/b2642856.assetcdn.net\/2.0\/2642856\/wp-content\/uploads\/2022\/05\/motorprosa-blog-post-apfelbluete-im-vinschgau-4.jpg?size=240x221&amp;lossy=1&amp;strip=1&amp;webp=1 240w, https:\/\/b2642856.assetcdn.net\/2.0\/2642856\/wp-content\/uploads\/2022\/05\/motorprosa-blog-post-apfelbluete-im-vinschgau-4.jpg?size=480x443&amp;lossy=1&amp;strip=1&amp;webp=1 480w, https:\/\/b2642856.assetcdn.net\/2.0\/2642856\/wp-content\/uploads\/2022\/05\/motorprosa-blog-post-apfelbluete-im-vinschgau-4.jpg?size=960x886&amp;lossy=1&amp;strip=1&amp;webp=1 960w\" sizes=\"auto, (max-width: 1024px) 100vw, 1024px\"><\/span><span class=\"fg-image-overlay\"><\/span><\/a><figcaption class=\"fg-caption\"><div class=\"fg-caption-inner\"><div class=\"fg-caption-title\">Too dry<\/div><div class=\"fg-caption-desc\">The trees are full of nests of pine processionary moths on the Sonnenberg, here near Allitz. It's better not to get in their way ...<\/div><\/div><\/figcaption><\/figure><div class=\"fg-loader\"><\/div><\/div><div class=\"fg-item fg-type-image fg-loading\"><figure class=\"fg-item-inner\"><a href=\"https:\/\/b2642856.assetcdn.net\/2.0\/2642856\/wp-content\/uploads\/2022\/05\/motorprosa-blog-post-apfelbluete-im-vinschgau-5.jpg?lossy=1&strip=1&webp=1\" data-caption-title=\"The Zero SR\/F off the tarmac\" data-caption-desc=\"The cycle path in the Tschenglser Au is not challenging, but fun. What can the Californian drive software do on sand and gravel?\" data-attachment-id=\"17095\" data-type=\"image\" class=\"fg-thumb\"><span class=\"fg-image-wrap\"><img src=\"https:\/\/b2642856.assetcdn.net\/2.0\/2642856\/wp-content\/uploads\/2022\/05\/motorprosa-blog-post-apfelbluete-im-vinschgau-5.jpg?lossy=1&strip=1&webp=1\" alt=\"MotorProsa: Blog Post Apfelbl\u00fcte im Vinschgau 5\" title=\"Beschriftung\" width=\"1024\" height=\"945\" class=\"skip-lazy fg-image\" decoding=\"async\" loading=\"lazy\" srcset=\"https:\/\/b2642856.assetcdn.net\/2.0\/2642856\/wp-content\/uploads\/2022\/05\/motorprosa-blog-post-apfelbluete-im-vinschgau-5.jpg?lossy=1&amp;strip=1&amp;webp=1 1024w, https:\/\/b2642856.assetcdn.net\/2.0\/2642856\/wp-content\/uploads\/2022\/05\/motorprosa-blog-post-apfelbluete-im-vinschgau-5-300x277.jpg?lossy=1&amp;strip=1&amp;webp=1 300w, https:\/\/b2642856.assetcdn.net\/2.0\/2642856\/wp-content\/uploads\/2022\/05\/motorprosa-blog-post-apfelbluete-im-vinschgau-5-768x709.jpg?lossy=1&amp;strip=1&amp;webp=1 768w, https:\/\/b2642856.assetcdn.net\/2.0\/2642856\/wp-content\/uploads\/2022\/05\/motorprosa-blog-post-apfelbluete-im-vinschgau-5.jpg?size=240x221&amp;lossy=1&amp;strip=1&amp;webp=1 240w, https:\/\/b2642856.assetcdn.net\/2.0\/2642856\/wp-content\/uploads\/2022\/05\/motorprosa-blog-post-apfelbluete-im-vinschgau-5.jpg?size=480x443&amp;lossy=1&amp;strip=1&amp;webp=1 480w, https:\/\/b2642856.assetcdn.net\/2.0\/2642856\/wp-content\/uploads\/2022\/05\/motorprosa-blog-post-apfelbluete-im-vinschgau-5.jpg?size=960x886&amp;lossy=1&amp;strip=1&amp;webp=1 960w\" sizes=\"auto, (max-width: 1024px) 100vw, 1024px\"><\/span><span class=\"fg-image-overlay\"><\/span><\/a><figcaption class=\"fg-caption\"><div class=\"fg-caption-inner\"><div class=\"fg-caption-title\">The Zero SR\/F off the tarmac<\/div><div class=\"fg-caption-desc\">The cycle path in the Tschenglser Au is not challenging, but fun. What can the Californian drive software do on sand and gravel?<\/div><\/div><\/figcaption><\/figure><div class=\"fg-loader\"><\/div><\/div><div class=\"fg-item fg-type-image fg-loading\"><figure class=\"fg-item-inner\"><a href=\"https:\/\/b2642856.assetcdn.net\/2.0\/2642856\/wp-content\/uploads\/2022\/05\/motorprosa-blog-post-apfelbluete-im-vinschgau-16.jpg?lossy=1&strip=1&webp=1\" data-caption-desc=\"This blossom still needs a moment\" data-caption-title=\"Here it is not yet ready\" data-attachment-id=\"17160\" data-type=\"image\" class=\"fg-thumb\"><span class=\"fg-image-wrap\"><img src=\"https:\/\/b2642856.assetcdn.net\/2.0\/2642856\/wp-content\/uploads\/2022\/05\/motorprosa-blog-post-apfelbluete-im-vinschgau-16.jpg?lossy=1&strip=1&webp=1\" alt=\"MotorProsa: Blog Post Apfelbl\u00fcte im Vinschgau 15\" width=\"1024\" height=\"945\" class=\"skip-lazy fg-image\" decoding=\"async\" loading=\"lazy\" title=\"\" srcset=\"https:\/\/b2642856.assetcdn.net\/2.0\/2642856\/wp-content\/uploads\/2022\/05\/motorprosa-blog-post-apfelbluete-im-vinschgau-16.jpg?lossy=1&amp;strip=1&amp;webp=1 1024w, https:\/\/b2642856.assetcdn.net\/2.0\/2642856\/wp-content\/uploads\/2022\/05\/motorprosa-blog-post-apfelbluete-im-vinschgau-16-300x277.jpg?lossy=1&amp;strip=1&amp;webp=1 300w, https:\/\/b2642856.assetcdn.net\/2.0\/2642856\/wp-content\/uploads\/2022\/05\/motorprosa-blog-post-apfelbluete-im-vinschgau-16-768x709.jpg?lossy=1&amp;strip=1&amp;webp=1 768w, https:\/\/b2642856.assetcdn.net\/2.0\/2642856\/wp-content\/uploads\/2022\/05\/motorprosa-blog-post-apfelbluete-im-vinschgau-16.jpg?size=240x221&amp;lossy=1&amp;strip=1&amp;webp=1 240w, https:\/\/b2642856.assetcdn.net\/2.0\/2642856\/wp-content\/uploads\/2022\/05\/motorprosa-blog-post-apfelbluete-im-vinschgau-16.jpg?size=480x443&amp;lossy=1&amp;strip=1&amp;webp=1 480w, https:\/\/b2642856.assetcdn.net\/2.0\/2642856\/wp-content\/uploads\/2022\/05\/motorprosa-blog-post-apfelbluete-im-vinschgau-16.jpg?size=960x886&amp;lossy=1&amp;strip=1&amp;webp=1 960w\" sizes=\"auto, (max-width: 1024px) 100vw, 1024px\"><\/span><span class=\"fg-image-overlay\"><\/span><\/a><figcaption class=\"fg-caption\"><div class=\"fg-caption-inner\"><div class=\"fg-caption-title\">Here it is not yet ready<\/div><div class=\"fg-caption-desc\">This blossom still needs a moment<\/div><\/div><\/figcaption><\/figure><div class=\"fg-loader\"><\/div><\/div><div class=\"fg-item fg-type-image fg-loading\"><figure class=\"fg-item-inner\"><a href=\"https:\/\/b2642856.assetcdn.net\/2.0\/2642856\/wp-content\/uploads\/2022\/05\/motorprosa-blog-post-apfelbluete-im-vinschgau-7.jpg?lossy=1&strip=1&webp=1\" data-caption-desc=\"This is what an apple orchard looks like without apple trees. There is a lot of technology and work involved.\" data-caption-title=\"Alberum Betonicum\" data-attachment-id=\"17099\" data-type=\"image\" class=\"fg-thumb\"><span class=\"fg-image-wrap\"><img src=\"https:\/\/b2642856.assetcdn.net\/2.0\/2642856\/wp-content\/uploads\/2022\/05\/motorprosa-blog-post-apfelbluete-im-vinschgau-7.jpg?lossy=1&strip=1&webp=1\" alt=\"MotorProsa: Blog Post Apfelbl\u00fcte im Vinschgau 7\" width=\"1024\" height=\"945\" class=\"skip-lazy fg-image\" decoding=\"async\" loading=\"lazy\" title=\"\" srcset=\"https:\/\/b2642856.assetcdn.net\/2.0\/2642856\/wp-content\/uploads\/2022\/05\/motorprosa-blog-post-apfelbluete-im-vinschgau-7.jpg?lossy=1&amp;strip=1&amp;webp=1 1024w, https:\/\/b2642856.assetcdn.net\/2.0\/2642856\/wp-content\/uploads\/2022\/05\/motorprosa-blog-post-apfelbluete-im-vinschgau-7-300x277.jpg?lossy=1&amp;strip=1&amp;webp=1 300w, https:\/\/b2642856.assetcdn.net\/2.0\/2642856\/wp-content\/uploads\/2022\/05\/motorprosa-blog-post-apfelbluete-im-vinschgau-7-768x709.jpg?lossy=1&amp;strip=1&amp;webp=1 768w, https:\/\/b2642856.assetcdn.net\/2.0\/2642856\/wp-content\/uploads\/2022\/05\/motorprosa-blog-post-apfelbluete-im-vinschgau-7.jpg?size=240x221&amp;lossy=1&amp;strip=1&amp;webp=1 240w, https:\/\/b2642856.assetcdn.net\/2.0\/2642856\/wp-content\/uploads\/2022\/05\/motorprosa-blog-post-apfelbluete-im-vinschgau-7.jpg?size=480x443&amp;lossy=1&amp;strip=1&amp;webp=1 480w, https:\/\/b2642856.assetcdn.net\/2.0\/2642856\/wp-content\/uploads\/2022\/05\/motorprosa-blog-post-apfelbluete-im-vinschgau-7.jpg?size=960x886&amp;lossy=1&amp;strip=1&amp;webp=1 960w\" sizes=\"auto, (max-width: 1024px) 100vw, 1024px\"><\/span><span class=\"fg-image-overlay\"><\/span><\/a><figcaption class=\"fg-caption\"><div class=\"fg-caption-inner\"><div class=\"fg-caption-title\">Alberum Betonicum<\/div><div class=\"fg-caption-desc\">This is what an apple orchard looks like without apple trees. There is a lot of technology and work involved.<\/div><\/div><\/figcaption><\/figure><div class=\"fg-loader\"><\/div><\/div><div class=\"fg-item fg-type-image fg-loading\"><figure class=\"fg-item-inner\"><a href=\"https:\/\/b2642856.assetcdn.net\/2.0\/2642856\/wp-content\/uploads\/2022\/05\/motorprosa-blog-post-apfelbluete-im-vinschgau-12.jpg?lossy=1&strip=1&webp=1\" data-attachment-id=\"17134\" data-type=\"image\" class=\"fg-thumb\"><span class=\"fg-image-wrap\"><img src=\"https:\/\/b2642856.assetcdn.net\/2.0\/2642856\/wp-content\/uploads\/2022\/05\/motorprosa-blog-post-apfelbluete-im-vinschgau-12.jpg?lossy=1&strip=1&webp=1\" alt=\"MotorProsa: Blog Post Apfelbl\u00fcte im Vinschgau 12\" width=\"1024\" height=\"945\" class=\"skip-lazy fg-image\" decoding=\"async\" loading=\"lazy\" title=\"\" srcset=\"https:\/\/b2642856.assetcdn.net\/2.0\/2642856\/wp-content\/uploads\/2022\/05\/motorprosa-blog-post-apfelbluete-im-vinschgau-12.jpg?lossy=1&amp;strip=1&amp;webp=1 1024w, https:\/\/b2642856.assetcdn.net\/2.0\/2642856\/wp-content\/uploads\/2022\/05\/motorprosa-blog-post-apfelbluete-im-vinschgau-12-300x277.jpg?lossy=1&amp;strip=1&amp;webp=1 300w, https:\/\/b2642856.assetcdn.net\/2.0\/2642856\/wp-content\/uploads\/2022\/05\/motorprosa-blog-post-apfelbluete-im-vinschgau-12-768x709.jpg?lossy=1&amp;strip=1&amp;webp=1 768w, https:\/\/b2642856.assetcdn.net\/2.0\/2642856\/wp-content\/uploads\/2022\/05\/motorprosa-blog-post-apfelbluete-im-vinschgau-12.jpg?size=240x221&amp;lossy=1&amp;strip=1&amp;webp=1 240w, https:\/\/b2642856.assetcdn.net\/2.0\/2642856\/wp-content\/uploads\/2022\/05\/motorprosa-blog-post-apfelbluete-im-vinschgau-12.jpg?size=480x443&amp;lossy=1&amp;strip=1&amp;webp=1 480w, https:\/\/b2642856.assetcdn.net\/2.0\/2642856\/wp-content\/uploads\/2022\/05\/motorprosa-blog-post-apfelbluete-im-vinschgau-12.jpg?size=960x886&amp;lossy=1&amp;strip=1&amp;webp=1 960w\" sizes=\"auto, (max-width: 1024px) 100vw, 1024px\"><\/span><span class=\"fg-image-overlay\"><\/span><\/a><\/figure><div class=\"fg-loader\"><\/div><\/div><div class=\"fg-item fg-type-image fg-loading\"><figure class=\"fg-item-inner\"><a href=\"https:\/\/b2642856.assetcdn.net\/2.0\/2642856\/wp-content\/uploads\/2022\/05\/motorprosa-blog-post-apfelbluete-im-vinschgau-6.jpg?lossy=1&strip=1&webp=1\" data-caption-desc=\"Four glass columns can be found in the middle of the huge apple orchards. An absolute eye-catcher, with a hidden message. Visit and discover!\" data-caption-title=\"Photo spot at Tschengls\" data-attachment-id=\"17097\" data-type=\"image\" class=\"fg-thumb\"><span class=\"fg-image-wrap\"><img src=\"https:\/\/b2642856.assetcdn.net\/2.0\/2642856\/wp-content\/uploads\/2022\/05\/motorprosa-blog-post-apfelbluete-im-vinschgau-6.jpg?lossy=1&strip=1&webp=1\" alt=\"MotorProsa: Blog Post Apfelbl\u00fcte im Vinschgau 6\" width=\"1024\" height=\"945\" class=\"skip-lazy fg-image\" decoding=\"async\" loading=\"lazy\" title=\"\" srcset=\"https:\/\/b2642856.assetcdn.net\/2.0\/2642856\/wp-content\/uploads\/2022\/05\/motorprosa-blog-post-apfelbluete-im-vinschgau-6.jpg?lossy=1&amp;strip=1&amp;webp=1 1024w, https:\/\/b2642856.assetcdn.net\/2.0\/2642856\/wp-content\/uploads\/2022\/05\/motorprosa-blog-post-apfelbluete-im-vinschgau-6-300x277.jpg?lossy=1&amp;strip=1&amp;webp=1 300w, https:\/\/b2642856.assetcdn.net\/2.0\/2642856\/wp-content\/uploads\/2022\/05\/motorprosa-blog-post-apfelbluete-im-vinschgau-6-768x709.jpg?lossy=1&amp;strip=1&amp;webp=1 768w, https:\/\/b2642856.assetcdn.net\/2.0\/2642856\/wp-content\/uploads\/2022\/05\/motorprosa-blog-post-apfelbluete-im-vinschgau-6.jpg?size=240x221&amp;lossy=1&amp;strip=1&amp;webp=1 240w, https:\/\/b2642856.assetcdn.net\/2.0\/2642856\/wp-content\/uploads\/2022\/05\/motorprosa-blog-post-apfelbluete-im-vinschgau-6.jpg?size=480x443&amp;lossy=1&amp;strip=1&amp;webp=1 480w, https:\/\/b2642856.assetcdn.net\/2.0\/2642856\/wp-content\/uploads\/2022\/05\/motorprosa-blog-post-apfelbluete-im-vinschgau-6.jpg?size=960x886&amp;lossy=1&amp;strip=1&amp;webp=1 960w\" sizes=\"auto, (max-width: 1024px) 100vw, 1024px\"><\/span><span class=\"fg-image-overlay\"><\/span><\/a><figcaption class=\"fg-caption\"><div class=\"fg-caption-inner\"><div class=\"fg-caption-title\">Photo spot at Tschengls<\/div><div class=\"fg-caption-desc\">Four glass columns can be found in the middle of the huge apple orchards. An absolute eye-catcher, with a hidden message. Visit and discover!<\/div><\/div><\/figcaption><\/figure><div class=\"fg-loader\"><\/div><\/div><div class=\"fg-item fg-type-image fg-loading\"><figure class=\"fg-item-inner\"><a href=\"https:\/\/b2642856.assetcdn.net\/2.0\/2642856\/wp-content\/uploads\/2022\/05\/motorprosa-blog-post-apfelbluete-im-vinschgau-9.jpg?lossy=1&strip=1&webp=1\" data-caption-desc=\"It is not possible to say for sure at the moment. But the tree is in blossom, and the Trial&#039;s number plate may be somewhere outside the picture.\" data-caption-title=\"Legal? Illegal?\" data-attachment-id=\"17101\" data-type=\"image\" class=\"fg-thumb\"><span class=\"fg-image-wrap\"><img src=\"https:\/\/b2642856.assetcdn.net\/2.0\/2642856\/wp-content\/uploads\/2022\/05\/motorprosa-blog-post-apfelbluete-im-vinschgau-9.jpg?lossy=1&strip=1&webp=1\" alt=\"MotorProsa: Blog Post Apfelbl\u00fcte im Vinschgau 9\" width=\"1024\" height=\"945\" class=\"skip-lazy fg-image\" decoding=\"async\" loading=\"lazy\" title=\"\" srcset=\"https:\/\/b2642856.assetcdn.net\/2.0\/2642856\/wp-content\/uploads\/2022\/05\/motorprosa-blog-post-apfelbluete-im-vinschgau-9.jpg?lossy=1&amp;strip=1&amp;webp=1 1024w, https:\/\/b2642856.assetcdn.net\/2.0\/2642856\/wp-content\/uploads\/2022\/05\/motorprosa-blog-post-apfelbluete-im-vinschgau-9-300x277.jpg?lossy=1&amp;strip=1&amp;webp=1 300w, https:\/\/b2642856.assetcdn.net\/2.0\/2642856\/wp-content\/uploads\/2022\/05\/motorprosa-blog-post-apfelbluete-im-vinschgau-9-768x709.jpg?lossy=1&amp;strip=1&amp;webp=1 768w, https:\/\/b2642856.assetcdn.net\/2.0\/2642856\/wp-content\/uploads\/2022\/05\/motorprosa-blog-post-apfelbluete-im-vinschgau-9.jpg?size=240x221&amp;lossy=1&amp;strip=1&amp;webp=1 240w, https:\/\/b2642856.assetcdn.net\/2.0\/2642856\/wp-content\/uploads\/2022\/05\/motorprosa-blog-post-apfelbluete-im-vinschgau-9.jpg?size=480x443&amp;lossy=1&amp;strip=1&amp;webp=1 480w, https:\/\/b2642856.assetcdn.net\/2.0\/2642856\/wp-content\/uploads\/2022\/05\/motorprosa-blog-post-apfelbluete-im-vinschgau-9.jpg?size=960x886&amp;lossy=1&amp;strip=1&amp;webp=1 960w\" sizes=\"auto, (max-width: 1024px) 100vw, 1024px\"><\/span><span class=\"fg-image-overlay\"><\/span><\/a><figcaption class=\"fg-caption\"><div class=\"fg-caption-inner\"><div class=\"fg-caption-title\">Legal? Illegal?<\/div><div class=\"fg-caption-desc\">It is not possible to say for sure at the moment. But the tree is in blossom, and the Trial's number plate may be somewhere outside the picture.<\/div><\/div><\/figcaption><\/figure><div class=\"fg-loader\"><\/div><\/div><div class=\"fg-item fg-type-image fg-loading\"><figure class=\"fg-item-inner\"><a href=\"https:\/\/b2642856.assetcdn.net\/2.0\/2642856\/wp-content\/uploads\/2022\/05\/motorprosa-blog-post-apfelbluete-im-vinschgau-10.jpg?lossy=1&strip=1&webp=1\" data-caption-desc=\"Apple trees don&#039;t grow at every sea level - on this farm feeder it went high up, but without success.\" data-caption-title=\"Searched unsuccessfully, but had fun\" data-attachment-id=\"17104\" data-type=\"image\" class=\"fg-thumb\"><span class=\"fg-image-wrap\"><img src=\"https:\/\/b2642856.assetcdn.net\/2.0\/2642856\/wp-content\/uploads\/2022\/05\/motorprosa-blog-post-apfelbluete-im-vinschgau-10.jpg?lossy=1&strip=1&webp=1\" alt=\"MotorProsa: Blog Post Apfelbl\u00fcte im Vinschgau 10\" width=\"1024\" height=\"544\" class=\"skip-lazy fg-image\" decoding=\"async\" loading=\"lazy\" title=\"\" srcset=\"https:\/\/b2642856.assetcdn.net\/2.0\/2642856\/wp-content\/uploads\/2022\/05\/motorprosa-blog-post-apfelbluete-im-vinschgau-10.jpg?lossy=1&amp;strip=1&amp;webp=1 1024w, https:\/\/b2642856.assetcdn.net\/2.0\/2642856\/wp-content\/uploads\/2022\/05\/motorprosa-blog-post-apfelbluete-im-vinschgau-10-300x159.jpg?lossy=1&amp;strip=1&amp;webp=1 300w, https:\/\/b2642856.assetcdn.net\/2.0\/2642856\/wp-content\/uploads\/2022\/05\/motorprosa-blog-post-apfelbluete-im-vinschgau-10-768x408.jpg?lossy=1&amp;strip=1&amp;webp=1 768w, https:\/\/b2642856.assetcdn.net\/2.0\/2642856\/wp-content\/uploads\/2022\/05\/motorprosa-blog-post-apfelbluete-im-vinschgau-10.jpg?size=240x128&amp;lossy=1&amp;strip=1&amp;webp=1 240w, https:\/\/b2642856.assetcdn.net\/2.0\/2642856\/wp-content\/uploads\/2022\/05\/motorprosa-blog-post-apfelbluete-im-vinschgau-10.jpg?size=480x255&amp;lossy=1&amp;strip=1&amp;webp=1 480w, https:\/\/b2642856.assetcdn.net\/2.0\/2642856\/wp-content\/uploads\/2022\/05\/motorprosa-blog-post-apfelbluete-im-vinschgau-10.jpg?size=960x510&amp;lossy=1&amp;strip=1&amp;webp=1 960w\" sizes=\"auto, (max-width: 1024px) 100vw, 1024px\"><\/span><span class=\"fg-image-overlay\"><\/span><\/a><figcaption class=\"fg-caption\"><div class=\"fg-caption-inner\"><div class=\"fg-caption-title\">Searched unsuccessfully, but had fun<\/div><div class=\"fg-caption-desc\">Apple trees don't grow at every sea level - on this farm feeder it went high up, but without success.<\/div><\/div><\/figcaption><\/figure><div class=\"fg-loader\"><\/div><\/div><div class=\"fg-item fg-type-image fg-loading\"><figure class=\"fg-item-inner\"><a href=\"https:\/\/b2642856.assetcdn.net\/2.0\/2642856\/wp-content\/uploads\/2022\/05\/motorprosa-blog-post-apfelbluete-im-vinschgau-8.jpg?lossy=1&strip=1&webp=1\" data-caption-desc=\"From high above Eyrs, a view of a fiercely blossoming tree and the endless apple orchards of the Vinschgau Valley.\" data-caption-title=\"View over the Vinschgau Valley\" data-attachment-id=\"17111\" data-type=\"image\" class=\"fg-thumb\"><span class=\"fg-image-wrap\"><img src=\"https:\/\/b2642856.assetcdn.net\/2.0\/2642856\/wp-content\/uploads\/2022\/05\/motorprosa-blog-post-apfelbluete-im-vinschgau-8.jpg?lossy=1&strip=1&webp=1\" alt=\"MotorProsa: Blog Post Apfelbl\u00fcte im Vinschgau 8\" width=\"1024\" height=\"945\" class=\"skip-lazy fg-image\" decoding=\"async\" loading=\"lazy\" title=\"\" srcset=\"https:\/\/b2642856.assetcdn.net\/2.0\/2642856\/wp-content\/uploads\/2022\/05\/motorprosa-blog-post-apfelbluete-im-vinschgau-8.jpg?lossy=1&amp;strip=1&amp;webp=1 1024w, https:\/\/b2642856.assetcdn.net\/2.0\/2642856\/wp-content\/uploads\/2022\/05\/motorprosa-blog-post-apfelbluete-im-vinschgau-8-300x277.jpg?lossy=1&amp;strip=1&amp;webp=1 300w, https:\/\/b2642856.assetcdn.net\/2.0\/2642856\/wp-content\/uploads\/2022\/05\/motorprosa-blog-post-apfelbluete-im-vinschgau-8-768x709.jpg?lossy=1&amp;strip=1&amp;webp=1 768w, https:\/\/b2642856.assetcdn.net\/2.0\/2642856\/wp-content\/uploads\/2022\/05\/motorprosa-blog-post-apfelbluete-im-vinschgau-8.jpg?size=240x221&amp;lossy=1&amp;strip=1&amp;webp=1 240w, https:\/\/b2642856.assetcdn.net\/2.0\/2642856\/wp-content\/uploads\/2022\/05\/motorprosa-blog-post-apfelbluete-im-vinschgau-8.jpg?size=480x443&amp;lossy=1&amp;strip=1&amp;webp=1 480w, https:\/\/b2642856.assetcdn.net\/2.0\/2642856\/wp-content\/uploads\/2022\/05\/motorprosa-blog-post-apfelbluete-im-vinschgau-8.jpg?size=960x886&amp;lossy=1&amp;strip=1&amp;webp=1 960w\" sizes=\"auto, (max-width: 1024px) 100vw, 1024px\"><\/span><span class=\"fg-image-overlay\"><\/span><\/a><figcaption class=\"fg-caption\"><div class=\"fg-caption-inner\"><div class=\"fg-caption-title\">View over the Vinschgau Valley<\/div><div class=\"fg-caption-desc\">From high above Eyrs, a view of a fiercely blossoming tree and the endless apple orchards of the Vinschgau Valley.<\/div><\/div><\/figcaption><\/figure><div class=\"fg-loader\"><\/div><\/div><div class=\"fg-item fg-type-image fg-loading\"><figure class=\"fg-item-inner\"><a href=\"https:\/\/b2642856.assetcdn.net\/2.0\/2642856\/wp-content\/uploads\/2022\/05\/motorprosa-blog-post-apfelbluete-im-vinschgau-1.jpg?lossy=1&strip=1&webp=1\" data-caption-desc=\"In the middle of Eyrs, the street village, stands this magnificent tree. Time for a rest.\" data-caption-title=\"Rare in the Vinschgau Valley\" data-attachment-id=\"17109\" data-type=\"image\" class=\"fg-thumb\"><span class=\"fg-image-wrap\"><img src=\"https:\/\/b2642856.assetcdn.net\/2.0\/2642856\/wp-content\/uploads\/2022\/05\/motorprosa-blog-post-apfelbluete-im-vinschgau-1.jpg?lossy=1&strip=1&webp=1\" alt=\"MotorProsa: Blog Post Apfelbl\u00fcte im Vinschgau 1\" width=\"1024\" height=\"945\" class=\"skip-lazy fg-image\" decoding=\"async\" loading=\"lazy\" title=\"\" srcset=\"https:\/\/b2642856.assetcdn.net\/2.0\/2642856\/wp-content\/uploads\/2022\/05\/motorprosa-blog-post-apfelbluete-im-vinschgau-1.jpg?lossy=1&amp;strip=1&amp;webp=1 1024w, https:\/\/b2642856.assetcdn.net\/2.0\/2642856\/wp-content\/uploads\/2022\/05\/motorprosa-blog-post-apfelbluete-im-vinschgau-1-300x277.jpg?lossy=1&amp;strip=1&amp;webp=1 300w, https:\/\/b2642856.assetcdn.net\/2.0\/2642856\/wp-content\/uploads\/2022\/05\/motorprosa-blog-post-apfelbluete-im-vinschgau-1-768x709.jpg?lossy=1&amp;strip=1&amp;webp=1 768w, https:\/\/b2642856.assetcdn.net\/2.0\/2642856\/wp-content\/uploads\/2022\/05\/motorprosa-blog-post-apfelbluete-im-vinschgau-1.jpg?size=240x221&amp;lossy=1&amp;strip=1&amp;webp=1 240w, https:\/\/b2642856.assetcdn.net\/2.0\/2642856\/wp-content\/uploads\/2022\/05\/motorprosa-blog-post-apfelbluete-im-vinschgau-1.jpg?size=480x443&amp;lossy=1&amp;strip=1&amp;webp=1 480w, https:\/\/b2642856.assetcdn.net\/2.0\/2642856\/wp-content\/uploads\/2022\/05\/motorprosa-blog-post-apfelbluete-im-vinschgau-1.jpg?size=960x886&amp;lossy=1&amp;strip=1&amp;webp=1 960w\" sizes=\"auto, (max-width: 1024px) 100vw, 1024px\"><\/span><span class=\"fg-image-overlay\"><\/span><\/a><figcaption class=\"fg-caption\"><div class=\"fg-caption-inner\"><div class=\"fg-caption-title\">Rare in the Vinschgau Valley<\/div><div class=\"fg-caption-desc\">In the middle of Eyrs, the street village, stands this magnificent tree. Time for a rest.<\/div><\/div><\/figcaption><\/figure><div class=\"fg-loader\"><\/div><\/div><div class=\"fg-item fg-type-image fg-loading\"><figure class=\"fg-item-inner\"><a href=\"https:\/\/b2642856.assetcdn.net\/2.0\/2642856\/wp-content\/uploads\/2022\/05\/motorprosa-blog-post-apfelbluete-im-vinschgau-13.jpg?lossy=1&strip=1&webp=1\" data-caption-desc=\"When 20 million trees are in blossom, the Vinschgau Valley sinks into a beguiling mist of fragrance.\" data-caption-title=\"Can you smell it?\" data-attachment-id=\"17136\" data-type=\"image\" class=\"fg-thumb\"><span class=\"fg-image-wrap\"><img src=\"https:\/\/b2642856.assetcdn.net\/2.0\/2642856\/wp-content\/uploads\/2022\/05\/motorprosa-blog-post-apfelbluete-im-vinschgau-13.jpg?lossy=1&strip=1&webp=1\" alt=\"MotorProsa: Blog Post Apfelbl\u00fcte im Vinschgau 13\" width=\"1024\" height=\"945\" class=\"skip-lazy fg-image\" decoding=\"async\" loading=\"lazy\" title=\"\" srcset=\"https:\/\/b2642856.assetcdn.net\/2.0\/2642856\/wp-content\/uploads\/2022\/05\/motorprosa-blog-post-apfelbluete-im-vinschgau-13.jpg?lossy=1&amp;strip=1&amp;webp=1 1024w, https:\/\/b2642856.assetcdn.net\/2.0\/2642856\/wp-content\/uploads\/2022\/05\/motorprosa-blog-post-apfelbluete-im-vinschgau-13-300x277.jpg?lossy=1&amp;strip=1&amp;webp=1 300w, https:\/\/b2642856.assetcdn.net\/2.0\/2642856\/wp-content\/uploads\/2022\/05\/motorprosa-blog-post-apfelbluete-im-vinschgau-13-768x709.jpg?lossy=1&amp;strip=1&amp;webp=1 768w, https:\/\/b2642856.assetcdn.net\/2.0\/2642856\/wp-content\/uploads\/2022\/05\/motorprosa-blog-post-apfelbluete-im-vinschgau-13.jpg?size=240x221&amp;lossy=1&amp;strip=1&amp;webp=1 240w, https:\/\/b2642856.assetcdn.net\/2.0\/2642856\/wp-content\/uploads\/2022\/05\/motorprosa-blog-post-apfelbluete-im-vinschgau-13.jpg?size=480x443&amp;lossy=1&amp;strip=1&amp;webp=1 480w, https:\/\/b2642856.assetcdn.net\/2.0\/2642856\/wp-content\/uploads\/2022\/05\/motorprosa-blog-post-apfelbluete-im-vinschgau-13.jpg?size=960x886&amp;lossy=1&amp;strip=1&amp;webp=1 960w\" sizes=\"auto, (max-width: 1024px) 100vw, 1024px\"><\/span><span class=\"fg-image-overlay\"><\/span><\/a><figcaption class=\"fg-caption\"><div class=\"fg-caption-inner\"><div class=\"fg-caption-title\">Can you smell it?<\/div><div class=\"fg-caption-desc\">When 20 million trees are in blossom, the Vinschgau Valley sinks into a beguiling mist of fragrance.<\/div><\/div><\/figcaption><\/figure><div class=\"fg-loader\"><\/div><\/div><div class=\"fg-item fg-type-image fg-loading\"><figure class=\"fg-item-inner\"><a href=\"https:\/\/b2642856.assetcdn.net\/2.0\/2642856\/wp-content\/uploads\/2022\/05\/motorprosa-blog-post-apfelbluete-im-vinschgau-15.jpg?lossy=1&strip=1&webp=1\" data-caption-desc=\"Marble works of art that could tell a lot - but which people drive past far too often, far too quickly.\" data-caption-title=\"The mocking columns in Laas\" data-attachment-id=\"17152\" data-type=\"image\" class=\"fg-thumb\"><span class=\"fg-image-wrap\"><img src=\"https:\/\/b2642856.assetcdn.net\/2.0\/2642856\/wp-content\/uploads\/2022\/05\/motorprosa-blog-post-apfelbluete-im-vinschgau-15.jpg?lossy=1&strip=1&webp=1\" alt=\"MotorProsa: Blog Post Apfelbl\u00fcte im Vinschgau 15\" width=\"1024\" height=\"945\" class=\"skip-lazy fg-image\" decoding=\"async\" loading=\"lazy\" title=\"\" srcset=\"https:\/\/b2642856.assetcdn.net\/2.0\/2642856\/wp-content\/uploads\/2022\/05\/motorprosa-blog-post-apfelbluete-im-vinschgau-15.jpg?lossy=1&amp;strip=1&amp;webp=1 1024w, https:\/\/b2642856.assetcdn.net\/2.0\/2642856\/wp-content\/uploads\/2022\/05\/motorprosa-blog-post-apfelbluete-im-vinschgau-15-300x277.jpg?lossy=1&amp;strip=1&amp;webp=1 300w, https:\/\/b2642856.assetcdn.net\/2.0\/2642856\/wp-content\/uploads\/2022\/05\/motorprosa-blog-post-apfelbluete-im-vinschgau-15-768x709.jpg?lossy=1&amp;strip=1&amp;webp=1 768w, https:\/\/b2642856.assetcdn.net\/2.0\/2642856\/wp-content\/uploads\/2022\/05\/motorprosa-blog-post-apfelbluete-im-vinschgau-15.jpg?size=240x221&amp;lossy=1&amp;strip=1&amp;webp=1 240w, https:\/\/b2642856.assetcdn.net\/2.0\/2642856\/wp-content\/uploads\/2022\/05\/motorprosa-blog-post-apfelbluete-im-vinschgau-15.jpg?size=480x443&amp;lossy=1&amp;strip=1&amp;webp=1 480w, https:\/\/b2642856.assetcdn.net\/2.0\/2642856\/wp-content\/uploads\/2022\/05\/motorprosa-blog-post-apfelbluete-im-vinschgau-15.jpg?size=960x886&amp;lossy=1&amp;strip=1&amp;webp=1 960w\" sizes=\"auto, (max-width: 1024px) 100vw, 1024px\"><\/span><span class=\"fg-image-overlay\"><\/span><\/a><figcaption class=\"fg-caption\"><div class=\"fg-caption-inner\"><div class=\"fg-caption-title\">The mocking columns in Laas<\/div><div class=\"fg-caption-desc\">Marble works of art that could tell a lot - but which people drive past far too often, far too quickly.<\/div><\/div><\/figcaption><\/figure><div class=\"fg-loader\"><\/div><\/div><\/div>\n\n\n\n\n<div style=\"height:50px\" aria-hidden=\"true\" class=\"wp-block-spacer\"><\/div>\n\n\n\n<figure class=\"wp-block-image size-full my-image-border\"><img decoding=\"async\" width=\"1024\" height=\"945\" data-src=\"https:\/\/b2642856.assetcdn.net\/2.0\/2642856\/wp-content\/uploads\/2022\/05\/motorprosa-blog-post-apfelbluete-im-vinschgau-11.jpg?lossy=1&strip=1&webp=1\" alt=\"And then - right in front of my flat, a blossoming pear tree\" class=\"wp-image-17105 lazyload\" title=\"\" data-srcset=\"https:\/\/b2642856.assetcdn.net\/2.0\/2642856\/wp-content\/uploads\/2022\/05\/motorprosa-blog-post-apfelbluete-im-vinschgau-11.jpg?lossy=1&strip=1&webp=1 1024w, https:\/\/b2642856.assetcdn.net\/2.0\/2642856\/wp-content\/uploads\/2022\/05\/motorprosa-blog-post-apfelbluete-im-vinschgau-11-300x277.jpg?lossy=1&strip=1&webp=1 300w, https:\/\/b2642856.assetcdn.net\/2.0\/2642856\/wp-content\/uploads\/2022\/05\/motorprosa-blog-post-apfelbluete-im-vinschgau-11-768x709.jpg?lossy=1&strip=1&webp=1 768w, https:\/\/b2642856.assetcdn.net\/2.0\/2642856\/wp-content\/uploads\/2022\/05\/motorprosa-blog-post-apfelbluete-im-vinschgau-11.jpg?size=240x221&lossy=1&strip=1&webp=1 240w, https:\/\/b2642856.assetcdn.net\/2.0\/2642856\/wp-content\/uploads\/2022\/05\/motorprosa-blog-post-apfelbluete-im-vinschgau-11.jpg?size=480x443&lossy=1&strip=1&webp=1 480w, https:\/\/b2642856.assetcdn.net\/2.0\/2642856\/wp-content\/uploads\/2022\/05\/motorprosa-blog-post-apfelbluete-im-vinschgau-11.jpg?size=960x886&lossy=1&strip=1&webp=1 960w\" data-sizes=\"auto\" src=\"data:image\/svg+xml;base64,PHN2ZyB3aWR0aD0iMSIgaGVpZ2h0PSIxIiB4bWxucz0iaHR0cDovL3d3dy53My5vcmcvMjAwMC9zdmciPjwvc3ZnPg==\" style=\"--smush-placeholder-width: 1024px; --smush-placeholder-aspect-ratio: 1024\/945;\" data-original-sizes=\"(max-width: 1024px) 100vw, 1024px\" \/><figcaption><br><h3>And then \u2013 right in front of my flat, a blossoming pear tree<\/h3><\/figcaption><\/figure>\n\n\n\n<div style=\"height:50px\" aria-hidden=\"true\" class=\"wp-block-spacer\"><\/div>\n\n\n\n<figure class=\"wp-block-image size-large\"><img decoding=\"async\" width=\"1024\" height=\"60\" data-src=\"https:\/\/b2642856.assetcdn.net\/2.0\/2642856\/wp-content\/uploads\/2020\/02\/Trenner-1024x60-1.png?lossy=1&strip=1&webp=1\" alt=\"Das Symbol von MotorProsa: die F\u00fcllfeder.\" class=\"wp-image-441 lazyload\" title=\"MotorProsa: Motorrad-Geschichten, geschrieben mit Passion\" data-srcset=\"https:\/\/b2642856.assetcdn.net\/2.0\/2642856\/wp-content\/uploads\/2020\/02\/Trenner-1024x60-1.png?lossy=1&strip=1&webp=1 1024w, https:\/\/b2642856.assetcdn.net\/2.0\/2642856\/wp-content\/uploads\/2020\/02\/Trenner-1024x60-1-300x18.png?lossy=1&strip=1&webp=1 300w, https:\/\/b2642856.assetcdn.net\/2.0\/2642856\/wp-content\/uploads\/2020\/02\/Trenner-1024x60-1-768x45.png?lossy=1&strip=1&webp=1 768w, https:\/\/b2642856.assetcdn.net\/2.0\/2642856\/wp-content\/uploads\/2020\/02\/Trenner-1024x60-1.png?size=240x14&lossy=1&strip=1&webp=1 240w, https:\/\/b2642856.assetcdn.net\/2.0\/2642856\/wp-content\/uploads\/2020\/02\/Trenner-1024x60-1.png?size=480x28&lossy=1&strip=1&webp=1 480w, https:\/\/b2642856.assetcdn.net\/2.0\/2642856\/wp-content\/uploads\/2020\/02\/Trenner-1024x60-1.png?size=960x56&lossy=1&strip=1&webp=1 960w\" data-sizes=\"auto\" src=\"data:image\/svg+xml;base64,PHN2ZyB3aWR0aD0iMSIgaGVpZ2h0PSIxIiB4bWxucz0iaHR0cDovL3d3dy53My5vcmcvMjAwMC9zdmciPjwvc3ZnPg==\" style=\"--smush-placeholder-width: 1024px; --smush-placeholder-aspect-ratio: 1024\/60;\" data-original-sizes=\"(max-width: 1024px) 100vw, 1024px\" \/><\/figure>\n\n\n\n<div style=\"height:50px\" aria-hidden=\"true\" class=\"wp-block-spacer\"><\/div>\n\n\n\n<div style=\"height:25px\" aria-hidden=\"true\" class=\"wp-block-spacer\"><\/div>\n\n\n<!--Yasr Visitor Votes Shortcode--><div id='yasr_visitor_votes_fd9d46a8ac906' class='yasr-visitor-votes'><div class=\"yasr-custom-text-vv-before yasr-custom-text-vv-before-26019\">Bewerte diesen Beitrag \/\/ Rate this post <\/div><div id='yasr-vv-second-row-container-fd9d46a8ac906'\r\n                                        class='yasr-vv-second-row-container'><div id='yasr-visitor-votes-rater-fd9d46a8ac906'\r\n                                      class='yasr-rater-stars-vv'\r\n                                      data-rater-postid='26019'\r\n                                      data-rating='0'\r\n                                      data-rater-starsize='32'\r\n                                      data-rater-readonly='false'\r\n                                      data-rater-nonce='d4ca20a83d'\r\n                                      data-issingular='false'\r\n                                    ><\/div><div class=\"yasr-vv-stats-text-container\" id=\"yasr-vv-stats-text-container-fd9d46a8ac906\"><svg xmlns=\"https:\/\/www.w3.org\/2000\/svg\" width=\"20\" height=\"20\"\r\n                                   class=\"yasr-dashicons-visitor-stats\"\r\n                                   data-postid=\"26019\"\r\n                                   id=\"yasr-stats-dashicon-fd9d46a8ac906\">\r\n                                   <path d=\"M18 18v-16h-4v16h4zM12 18v-11h-4v11h4zM6 18v-8h-4v8h4z\"><\/path>\r\n                               <\/svg><span id=\"yasr-vv-text-container-fd9d46a8ac906\" class=\"yasr-vv-text-container\"><\/span><\/div><div id='yasr-vv-loader-fd9d46a8ac906' class='yasr-vv-container-loader'><\/div><\/div><div id='yasr-vv-bottom-container-fd9d46a8ac906'\r\n                              class='yasr-vv-bottom-container'\r\n                              style='display:none'><\/div><\/div><!--End Yasr Visitor Votes Shortcode-->\n\n\n\n<div style=\"height:25px\" aria-hidden=\"true\" class=\"wp-block-spacer\"><\/div>\n\n\n<div class=\"ShariffSC my-image-border\"><div class=\"shariff shariff-align-left shariff-widget-align-left shariff-buttonstretch\" data-services=\"facebook\" data-url=\"https:\/\/www.motorprosa.com\/en\/apple-blossom-in-the-vinschgau\/\" data-timestamp=\"1702997444\" data-backendurl=\"https:\/\/www.motorprosa.com\/en\/wp-json\/shariff\/v1\/share_counts?\"><ul class=\"shariff-buttons theme-white orientation-horizontal buttonsize-medium\"><li class=\"shariff-button facebook shariff-nocustomcolor\" style=\"background-color:#4273c8\"><a href=\"https:\/\/www.facebook.com\/sharer\/sharer.php?u=https%3A%2F%2Fwww.motorprosa.com%2Fen%2Fapple-blossom-in-the-vinschgau%2F\" title=\"Share on Facebook\" aria-label=\"Share on Facebook\" role=\"button\" rel=\"nofollow\" class=\"shariff-link\" style=\"; background-color:#3b5998; color:#3b5998\" target=\"_blank\"><span class=\"shariff-icon\" style=\"fill:#3b5998\"><svg width=\"32px\" height=\"20px\" xmlns=\"http:\/\/www.w3.org\/2000\/svg\" viewBox=\"0 0 18 32\"><path fill=\"#3b5998\" d=\"M17.1 0.2v4.7h-2.8q-1.5 0-2.1 0.6t-0.5 1.9v3.4h5.2l-0.7 5.3h-4.5v13.6h-5.5v-13.6h-4.5v-5.3h4.5v-3.9q0-3.3 1.9-5.2t5-1.8q2.6 0 4.1 0.2z\"\/><\/svg><\/span><span class=\"shariff-text\" style=\"color:#3b5998\">share<\/span>&nbsp;<\/a><\/li><li class=\"shariff-button bluesky shariff-nocustomcolor\" style=\"background-color:#84c4ff\"><a href=\"https:\/\/bsky.app\/intent\/compose?text=Apple%20blossom%20in%20the%20Vinschgau%20%28with%20picture%20gallery%29 https%3A%2F%2Fwww.motorprosa.com%2Fen%2Fapple-blossom-in-the-vinschgau%2F  via @motorprosa.com\" title=\"Share on Bluesky\" aria-label=\"Share on Bluesky\" role=\"button\" rel=\"noopener nofollow\" class=\"shariff-link\" style=\"; background-color:#0085ff; color:#0085ff\" target=\"_blank\"><span class=\"shariff-icon\" style=\"fill:#0085ff\"><svg width=\"20\" height=\"20\" version=\"1.1\" xmlns=\"http:\/\/www.w3.org\/2000\/svg\" viewBox=\"0 0 20 20\"><path class=\"st0\" d=\"M4.89,3.12c2.07,1.55,4.3,4.71,5.11,6.4.82-1.69,3.04-4.84,5.11-6.4,1.49-1.12,3.91-1.99,3.91.77,0,.55-.32,4.63-.5,5.3-.64,2.3-2.99,2.89-5.08,2.54,3.65.62,4.58,2.68,2.57,4.74-3.81,3.91-5.48-.98-5.9-2.23-.08-.23-.11-.34-.12-.25,0-.09-.04.02-.12.25-.43,1.25-2.09,6.14-5.9,2.23-2.01-2.06-1.08-4.12,2.57-4.74-2.09.36-4.44-.23-5.08-2.54-.19-.66-.5-4.74-.5-5.3,0-2.76,2.42-1.89,3.91-.77h0Z\"\/><\/svg><\/span><span class=\"shariff-text\" style=\"color:#0085ff\">share<\/span>&nbsp;<\/a><\/li><li class=\"shariff-button linkedin shariff-nocustomcolor\" style=\"background-color:#1488bf\"><a href=\"https:\/\/www.linkedin.com\/sharing\/share-offsite\/?url=https%3A%2F%2Fwww.motorprosa.com%2Fen%2Fapple-blossom-in-the-vinschgau%2F\" title=\"Share on LinkedIn\" aria-label=\"Share on LinkedIn\" role=\"button\" rel=\"noopener nofollow\" class=\"shariff-link\" style=\"; background-color:#0077b5; color:#0077b5\" target=\"_blank\"><span class=\"shariff-icon\" style=\"fill:#0077b5\"><svg width=\"32px\" height=\"20px\" xmlns=\"http:\/\/www.w3.org\/2000\/svg\" viewBox=\"0 0 27 32\"><path fill=\"#0077b5\" d=\"M6.2 11.2v17.7h-5.9v-17.7h5.9zM6.6 5.7q0 1.3-0.9 2.2t-2.4 0.9h0q-1.5 0-2.4-0.9t-0.9-2.2 0.9-2.2 2.4-0.9 2.4 0.9 0.9 2.2zM27.4 18.7v10.1h-5.9v-9.5q0-1.9-0.7-2.9t-2.3-1.1q-1.1 0-1.9 0.6t-1.2 1.5q-0.2 0.5-0.2 1.4v9.9h-5.9q0-7.1 0-11.6t0-5.3l0-0.9h5.9v2.6h0q0.4-0.6 0.7-1t1-0.9 1.6-0.8 2-0.3q3 0 4.9 2t1.9 6z\"\/><\/svg><\/span><span class=\"shariff-text\" style=\"color:#0077b5\">share<\/span>&nbsp;<\/a><\/li><\/ul><\/div><\/div>\n\n\n\n<div style=\"height:50px\" aria-hidden=\"true\" class=\"wp-block-spacer\"><\/div>\n\n\n\n<h3 class=\"wp-block-heading\"><strong>Perfectly matching:<\/strong><\/h3>\n\n\n\n\t\t\t<div class=\"wp-block-uagb-post-grid uagb-post-grid  uagb-post__image-position-top uagb-post__image-enabled uagb-block-05f10430     uagb-post__items uagb-post__columns-3 is-grid uagb-post__columns-tablet-2 uagb-post__columns-mobile-1 uagb-post__equal-height\" data-total=\"1\" style=\"\">\n\n\t\t\t\t\t\t\t\t\t\t\t\t<article class=\"uagb-post__inner-wrap\">\t\t\t\t\t\t\t\t<div class='uagb-post__image'>\n\t\t\t\t\t\t\t\t\t<a href=\"https:\/\/www.motorprosa.com\/en\/photo-parade-my-best-photos-of-2023\/\" target=\"_self\" rel=\"bookmark noopener noreferrer\" class=\"uagb-image-ratio-inherit\"><img decoding=\"async\" width=\"1024\" height=\"575\" data-src=\"https:\/\/b2642856.assetcdn.net\/2.0\/2642856\/wp-content\/uploads\/2023\/11\/MotorProsa-Blog-Header-Fotoparade-2023-Effekt-1024x575.jpg?lossy=1&strip=1&webp=1\" class=\"attachment-large size-large lazyload\" alt=\"MotorProsa BlogPost: Fotoparade 2023 (Header)\" data-srcset=\"https:\/\/b2642856.assetcdn.net\/2.0\/2642856\/wp-content\/uploads\/2023\/11\/MotorProsa-Blog-Header-Fotoparade-2023-Effekt-1024x575.jpg?lossy=1&strip=1&webp=1 1024w, https:\/\/b2642856.assetcdn.net\/2.0\/2642856\/wp-content\/uploads\/2023\/11\/MotorProsa-Blog-Header-Fotoparade-2023-Effekt-300x169.jpg?lossy=1&strip=1&webp=1 300w, https:\/\/b2642856.assetcdn.net\/2.0\/2642856\/wp-content\/uploads\/2023\/11\/MotorProsa-Blog-Header-Fotoparade-2023-Effekt-768x431.jpg?lossy=1&strip=1&webp=1 768w, https:\/\/b2642856.assetcdn.net\/2.0\/2642856\/wp-content\/uploads\/2023\/11\/MotorProsa-Blog-Header-Fotoparade-2023-Effekt.jpg?lossy=1&strip=1&webp=1 1200w, https:\/\/b2642856.assetcdn.net\/2.0\/2642856\/wp-content\/uploads\/2023\/11\/MotorProsa-Blog-Header-Fotoparade-2023-Effekt.jpg?size=240x135&lossy=1&strip=1&webp=1 240w, https:\/\/b2642856.assetcdn.net\/2.0\/2642856\/wp-content\/uploads\/2023\/11\/MotorProsa-Blog-Header-Fotoparade-2023-Effekt.jpg?size=480x270&lossy=1&strip=1&webp=1 480w, https:\/\/b2642856.assetcdn.net\/2.0\/2642856\/wp-content\/uploads\/2023\/11\/MotorProsa-Blog-Header-Fotoparade-2023-Effekt.jpg?size=960x539&lossy=1&strip=1&webp=1 960w\" data-sizes=\"auto\" title=\"\" src=\"data:image\/svg+xml;base64,PHN2ZyB3aWR0aD0iMSIgaGVpZ2h0PSIxIiB4bWxucz0iaHR0cDovL3d3dy53My5vcmcvMjAwMC9zdmciPjwvc3ZnPg==\" style=\"--smush-placeholder-width: 1024px; --smush-placeholder-aspect-ratio: 1024\/575;\" data-original-sizes=\"(max-width: 1024px) 100vw, 1024px\">\t\t\t\t\t<\/a>\n\t\t\t\t\t\t\t<\/div>\n\t\t\t\t\t\t<h4 class=\"uagb-post__title uagb-post__text\">\n\t\t\t\t<a href=\"https:\/\/www.motorprosa.com\/en\/photo-parade-my-best-photos-of-2023\/\" target=\"_self\" rel=\"bookmark noopener noreferrer\">Photo parade: My best photos of 2023<\/a>\n\t\t\t<\/h4>\n\t\t\t\t\t\t<div class='uagb-post__text uagb-post-grid-byline'>\n\t\t\t\t\t\t\t\t<span class=\"uagb-post__comment\">\n\t\t\t\t<span class=\"dashicons-admin-comments dashicons\"><\/span>\t\t\t\t\tNo Comments\t\t\t\t<\/span>\n\t\t\t\t\t\t<\/div>\n\t\t\t\t\t\t\t<div class='uagb-post__text uagb-post__excerpt'>\n\t\t\t\t\tMichael from the travel and photography blog \u201eErkunde die Welt\u201c is once again inviting to his photo parade &#8211; now in its 13th year. This&#8230;\t\t\t\t<\/div>\n\t\t\t\n\t\t\t\t\t\t\t\t\t<\/article>\n\t\t\t\t\t\t\t\t\t\t\t\t\t\t\t\t<article class=\"uagb-post__inner-wrap\">\t\t\t\t\t\t\t\t<div class='uagb-post__image'>\n\t\t\t\t\t\t\t\t\t<a href=\"https:\/\/www.motorprosa.com\/en\/100-years-moto-guzzi-history-technology\/\" target=\"_self\" rel=\"bookmark noopener noreferrer\" class=\"uagb-image-ratio-inherit\"><img decoding=\"async\" width=\"1024\" height=\"575\" data-src=\"https:\/\/b2642856.assetcdn.net\/2.0\/2642856\/wp-content\/uploads\/2020\/02\/motorprosa-blog-header-moto-guzzi-1-effekt-1024x575.jpg?lossy=1&strip=1&webp=1\" class=\"attachment-large size-large lazyload\" alt=\"MotorProsa Blog Header: 100 Jahre Moto Guzzi (Effekt)\" data-srcset=\"https:\/\/b2642856.assetcdn.net\/2.0\/2642856\/wp-content\/uploads\/2020\/02\/motorprosa-blog-header-moto-guzzi-1-effekt-1024x575.jpg?lossy=1&strip=1&webp=1 1024w, https:\/\/b2642856.assetcdn.net\/2.0\/2642856\/wp-content\/uploads\/2020\/02\/motorprosa-blog-header-moto-guzzi-1-effekt-300x169.jpg?lossy=1&strip=1&webp=1 300w, https:\/\/b2642856.assetcdn.net\/2.0\/2642856\/wp-content\/uploads\/2020\/02\/motorprosa-blog-header-moto-guzzi-1-effekt-768x431.jpg?lossy=1&strip=1&webp=1 768w, https:\/\/b2642856.assetcdn.net\/2.0\/2642856\/wp-content\/uploads\/2020\/02\/motorprosa-blog-header-moto-guzzi-1-effekt.jpg?lossy=1&strip=1&webp=1 1200w, https:\/\/b2642856.assetcdn.net\/2.0\/2642856\/wp-content\/uploads\/2020\/02\/motorprosa-blog-header-moto-guzzi-1-effekt.jpg?size=240x135&lossy=1&strip=1&webp=1 240w, https:\/\/b2642856.assetcdn.net\/2.0\/2642856\/wp-content\/uploads\/2020\/02\/motorprosa-blog-header-moto-guzzi-1-effekt.jpg?size=480x270&lossy=1&strip=1&webp=1 480w, https:\/\/b2642856.assetcdn.net\/2.0\/2642856\/wp-content\/uploads\/2020\/02\/motorprosa-blog-header-moto-guzzi-1-effekt.jpg?size=960x539&lossy=1&strip=1&webp=1 960w\" data-sizes=\"auto\" title=\"\" src=\"data:image\/svg+xml;base64,PHN2ZyB3aWR0aD0iMSIgaGVpZ2h0PSIxIiB4bWxucz0iaHR0cDovL3d3dy53My5vcmcvMjAwMC9zdmciPjwvc3ZnPg==\" style=\"--smush-placeholder-width: 1024px; --smush-placeholder-aspect-ratio: 1024\/575;\" data-original-sizes=\"(max-width: 1024px) 100vw, 1024px\">\t\t\t\t\t<\/a>\n\t\t\t\t\t\t\t<\/div>\n\t\t\t\t\t\t<h4 class=\"uagb-post__title uagb-post__text\">\n\t\t\t\t<a href=\"https:\/\/www.motorprosa.com\/en\/100-years-moto-guzzi-history-technology\/\" target=\"_self\" rel=\"bookmark noopener noreferrer\">100 years Moto Guzzi \u2013 Patina, history, technology<\/a>\n\t\t\t<\/h4>\n\t\t\t\t\t\t<div class='uagb-post__text uagb-post-grid-byline'>\n\t\t\t\t\t\t\t\t<span class=\"uagb-post__comment\">\n\t\t\t\t<span class=\"dashicons-admin-comments dashicons\"><\/span>\t\t\t\t\tNo Comments\t\t\t\t<\/span>\n\t\t\t\t\t\t<\/div>\n\t\t\t\t\t\t\t<div class='uagb-post__text uagb-post__excerpt'>\n\t\t\t\t\tA visit to the Moto Guzzi factory &#8211; the exhibits in the Museum are fascinating!\t\t\t\t<\/div>\n\t\t\t\n\t\t\t\t\t\t\t\t\t<\/article>\n\t\t\t\t\t\t\t\t\t\t\t\t\t\t\t\t<article class=\"uagb-post__inner-wrap\">\t\t\t\t\t\t\t\t<div class='uagb-post__image'>\n\t\t\t\t\t\t\t\t\t<a href=\"https:\/\/www.motorprosa.com\/en\/photo-parade-travel-photos-2024\/\" target=\"_self\" rel=\"bookmark noopener noreferrer\" class=\"uagb-image-ratio-inherit\"><img decoding=\"async\" width=\"1024\" height=\"575\" data-src=\"https:\/\/b2642856.assetcdn.net\/2.0\/2642856\/wp-content\/uploads\/2024\/10\/MotorProsa-Blog-Header-Fotoparade-2024-Effekt-1024x575.jpg?lossy=1&strip=1&webp=1\" class=\"attachment-large size-large lazyload\" alt=\"**ALT-Text:** Eine malerische, von der Abendsonne beleuchtete Felsformation erhebt sich \u00fcber einem kleinen Dorf, das sich entlang eines Flusses erstreckt. Eine historische Steinbr\u00fccke f\u00fchrt \u00fcber das Wasser und verbindet die beiden Ufer. Die H\u00e4user des Dorfes schmiegen sich an den Fu\u00df des Felsens, w\u00e4hrend im Hintergrund gr\u00fcne H\u00fcgel und B\u00e4ume die Szenerie abrunden. Der Himmel ist von sanften Wolken bedeckt, die das warme Licht des Sonnenuntergangs reflektieren.\" data-srcset=\"https:\/\/b2642856.assetcdn.net\/2.0\/2642856\/wp-content\/uploads\/2024\/10\/MotorProsa-Blog-Header-Fotoparade-2024-Effekt-1024x575.jpg?lossy=1&strip=1&webp=1 1024w, https:\/\/b2642856.assetcdn.net\/2.0\/2642856\/wp-content\/uploads\/2024\/10\/MotorProsa-Blog-Header-Fotoparade-2024-Effekt-300x169.jpg?lossy=1&strip=1&webp=1 300w, https:\/\/b2642856.assetcdn.net\/2.0\/2642856\/wp-content\/uploads\/2024\/10\/MotorProsa-Blog-Header-Fotoparade-2024-Effekt-768x431.jpg?lossy=1&strip=1&webp=1 768w, https:\/\/b2642856.assetcdn.net\/2.0\/2642856\/wp-content\/uploads\/2024\/10\/MotorProsa-Blog-Header-Fotoparade-2024-Effekt.jpg?lossy=1&strip=1&webp=1 1200w, https:\/\/b2642856.assetcdn.net\/2.0\/2642856\/wp-content\/uploads\/2024\/10\/MotorProsa-Blog-Header-Fotoparade-2024-Effekt.jpg?size=240x135&lossy=1&strip=1&webp=1 240w, https:\/\/b2642856.assetcdn.net\/2.0\/2642856\/wp-content\/uploads\/2024\/10\/MotorProsa-Blog-Header-Fotoparade-2024-Effekt.jpg?size=480x270&lossy=1&strip=1&webp=1 480w, https:\/\/b2642856.assetcdn.net\/2.0\/2642856\/wp-content\/uploads\/2024\/10\/MotorProsa-Blog-Header-Fotoparade-2024-Effekt.jpg?size=960x539&lossy=1&strip=1&webp=1 960w\" data-sizes=\"auto\" title=\"\" src=\"data:image\/svg+xml;base64,PHN2ZyB3aWR0aD0iMSIgaGVpZ2h0PSIxIiB4bWxucz0iaHR0cDovL3d3dy53My5vcmcvMjAwMC9zdmciPjwvc3ZnPg==\" style=\"--smush-placeholder-width: 1024px; --smush-placeholder-aspect-ratio: 1024\/575;\" data-original-sizes=\"(max-width: 1024px) 100vw, 1024px\">\t\t\t\t\t<\/a>\n\t\t\t\t\t\t\t<\/div>\n\t\t\t\t\t\t<h4 class=\"uagb-post__title uagb-post__text\">\n\t\t\t\t<a href=\"https:\/\/www.motorprosa.com\/en\/photo-parade-travel-photos-2024\/\" target=\"_self\" rel=\"bookmark noopener noreferrer\">Photo parade: My most beautiful travel photos 2024<\/a>\n\t\t\t<\/h4>\n\t\t\t\t\t\t<div class='uagb-post__text uagb-post-grid-byline'>\n\t\t\t\t\t\t\t\t<span class=\"uagb-post__comment\">\n\t\t\t\t<span class=\"dashicons-admin-comments dashicons\"><\/span>\t\t\t\t\tNo Comments\t\t\t\t<\/span>\n\t\t\t\t\t\t<\/div>\n\t\t\t\t\t\t\t<div class='uagb-post__text uagb-post__excerpt'>\n\t\t\t\t\tMichael from the travel and photography blog \u2018Erkunde die Welt&#8221; invites to the next edition of his photo parade.\t\t\t\t<\/div>\n\t\t\t\n\t\t\t\t\t\t\t\t\t<\/article>\n\t\t\t\t\t\t\t\t\t\t\t\t\t<div class=\"uagb-post-pagination-wrap\">\n\t\t\t\t\t\t\t\t\t\t\t<\/div>\n\t\t\t\t\t\t\t\t<\/div>\n\t\t\t","protected":false},"excerpt":{"rendered":"<p>The Vinschgau Valley in the west of South Tyrol is one of the largest apple-growing areas in Europe.  Time to look for blossoming trees.<\/p>\n","protected":false},"author":1,"featured_media":17168,"comment_status":"open","ping_status":"closed","sticky":false,"template":"","format":"standard","meta":{"_uag_custom_page_level_css":"","_lmt_disableupdate":"","_lmt_disable":"","yasr_overall_rating":0,"yasr_post_is_review":"","yasr_auto_insert_disabled":"","yasr_review_type":"","footnotes":""},"categories":[539,635],"tags":[],"class_list":["post-26019","post","type-post","status-publish","format-standard","has-post-thumbnail","hentry","category-on-the-road","category-picture-gallery","infinite-scroll-item","generate-columns","tablet-grid-50","mobile-grid-100","grid-parent","grid-50","no-featured-image-padding"],"yasr_visitor_votes":{"stars_attributes":{"read_only":false,"span_bottom":false},"number_of_votes":0,"sum_votes":0},"modified_by":"J\u00fcrgen 'JvS' Theiner","uagb_featured_image_src":{"full":["https:\/\/www.motorprosa.com\/wp-content\/uploads\/2022\/05\/MotorProsa-Blog-Header-Apfelbluete-Effekt.jpg",1200,674,false],"thumbnail":["https:\/\/www.motorprosa.com\/wp-content\/uploads\/2022\/05\/MotorProsa-Blog-Header-Apfelbluete-Effekt-150x150.jpg",150,150,true],"medium":["https:\/\/www.motorprosa.com\/wp-content\/uploads\/2022\/05\/MotorProsa-Blog-Header-Apfelbluete-Effekt-300x169.jpg",300,169,true],"medium_large":["https:\/\/www.motorprosa.com\/wp-content\/uploads\/2022\/05\/MotorProsa-Blog-Header-Apfelbluete-Effekt-768x431.jpg",768,431,true],"large":["https:\/\/www.motorprosa.com\/wp-content\/uploads\/2022\/05\/MotorProsa-Blog-Header-Apfelbluete-Effekt-1024x575.jpg",1024,575,true],"1536x1536":["https:\/\/www.motorprosa.com\/wp-content\/uploads\/2022\/05\/MotorProsa-Blog-Header-Apfelbluete-Effekt.jpg",1200,674,false],"2048x2048":["https:\/\/www.motorprosa.com\/wp-content\/uploads\/2022\/05\/MotorProsa-Blog-Header-Apfelbluete-Effekt.jpg",1200,674,false],"mailpoet_newsletter_max":["https:\/\/www.motorprosa.com\/wp-content\/uploads\/2022\/05\/MotorProsa-Blog-Header-Apfelbluete-Effekt.jpg",1200,674,false]},"uagb_author_info":{"display_name":"J\u00fcrgen 'JvS' Theiner","author_link":"https:\/\/www.motorprosa.com\/en\/author\/infomotorprosa-com\/"},"uagb_comment_info":0,"uagb_excerpt":"The Vinschgau Valley in the west of South Tyrol is one of the largest apple-growing areas in Europe. Time to look for blossoming trees.","_links":{"self":[{"href":"https:\/\/www.motorprosa.com\/en\/wp-json\/wp\/v2\/posts\/26019","targetHints":{"allow":["GET"]}}],"collection":[{"href":"https:\/\/www.motorprosa.com\/en\/wp-json\/wp\/v2\/posts"}],"about":[{"href":"https:\/\/www.motorprosa.com\/en\/wp-json\/wp\/v2\/types\/post"}],"author":[{"embeddable":true,"href":"https:\/\/www.motorprosa.com\/en\/wp-json\/wp\/v2\/users\/1"}],"replies":[{"embeddable":true,"href":"https:\/\/www.motorprosa.com\/en\/wp-json\/wp\/v2\/comments?post=26019"}],"version-history":[{"count":0,"href":"https:\/\/www.motorprosa.com\/en\/wp-json\/wp\/v2\/posts\/26019\/revisions"}],"wp:featuredmedia":[{"embeddable":true,"href":"https:\/\/www.motorprosa.com\/en\/wp-json\/wp\/v2\/media\/17168"}],"wp:attachment":[{"href":"https:\/\/www.motorprosa.com\/en\/wp-json\/wp\/v2\/media?parent=26019"}],"wp:term":[{"taxonomy":"category","embeddable":true,"href":"https:\/\/www.motorprosa.com\/en\/wp-json\/wp\/v2\/categories?post=26019"},{"taxonomy":"post_tag","embeddable":true,"href":"https:\/\/www.motorprosa.com\/en\/wp-json\/wp\/v2\/tags?post=26019"}],"curies":[{"name":"wp","href":"https:\/\/api.w.org\/{rel}","templated":true}]}}