{"id":229311,"date":"2023-08-09T20:00:28","date_gmt":"2023-08-09T19:00:28","guid":{"rendered":"https:\/\/www.motorprosa.com\/?p=229311"},"modified":"2024-01-30T23:35:35","modified_gmt":"2024-01-30T21:35:35","slug":"dream-roads-the-col-du-galibier-2642-m","status":"publish","type":"post","link":"https:\/\/www.motorprosa.com\/en\/dream-roads-the-col-du-galibier-2642-m\/","title":{"rendered":"Dream Roads: The Col du Galibier (2642 m)"},"content":{"rendered":"\n<figure class=\"wp-block-image alignwide size-large\"><img decoding=\"async\" width=\"1024\" height=\"544\" data-src=\"https:\/\/b2642856.assetcdn.net\/2.0\/2642856\/wp-content\/uploads\/2023\/07\/MotorProsa-Blog-Header-Col-du-Galibier-1-1024x544.jpg?lossy=1&strip=1&webp=1\" alt=\"Traumstra\u00dfe in Frankreich: Der 2642 m hohe Col du Galibier\" class=\"wp-image-119407 lazyload\" title=\"\" data-srcset=\"https:\/\/b2642856.assetcdn.net\/2.0\/2642856\/wp-content\/uploads\/2023\/07\/MotorProsa-Blog-Header-Col-du-Galibier-1-1024x544.jpg?lossy=1&strip=1&webp=1 1024w, https:\/\/b2642856.assetcdn.net\/2.0\/2642856\/wp-content\/uploads\/2023\/07\/MotorProsa-Blog-Header-Col-du-Galibier-1-300x160.jpg?lossy=1&strip=1&webp=1 300w, https:\/\/b2642856.assetcdn.net\/2.0\/2642856\/wp-content\/uploads\/2023\/07\/MotorProsa-Blog-Header-Col-du-Galibier-1-768x408.jpg?lossy=1&strip=1&webp=1 768w, https:\/\/b2642856.assetcdn.net\/2.0\/2642856\/wp-content\/uploads\/2023\/07\/MotorProsa-Blog-Header-Col-du-Galibier-1.jpg?lossy=1&strip=1&webp=1 1200w, https:\/\/b2642856.assetcdn.net\/2.0\/2642856\/wp-content\/uploads\/2023\/07\/MotorProsa-Blog-Header-Col-du-Galibier-1.jpg?size=240x128&lossy=1&strip=1&webp=1 240w, https:\/\/b2642856.assetcdn.net\/2.0\/2642856\/wp-content\/uploads\/2023\/07\/MotorProsa-Blog-Header-Col-du-Galibier-1.jpg?size=480x255&lossy=1&strip=1&webp=1 480w, https:\/\/b2642856.assetcdn.net\/2.0\/2642856\/wp-content\/uploads\/2023\/07\/MotorProsa-Blog-Header-Col-du-Galibier-1.jpg?size=960x510&lossy=1&strip=1&webp=1 960w\" data-sizes=\"auto\" src=\"data:image\/svg+xml;base64,PHN2ZyB3aWR0aD0iMSIgaGVpZ2h0PSIxIiB4bWxucz0iaHR0cDovL3d3dy53My5vcmcvMjAwMC9zdmciPjwvc3ZnPg==\" style=\"--smush-placeholder-width: 1024px; --smush-placeholder-aspect-ratio: 1024\/544;\" data-original-sizes=\"(max-width: 1024px) 100vw, 1024px\" \/><\/figure>\n\n\n\n<p class=\"wp-block-paragraph\"><strong><em>The Col du Galibier&nbsp;\u2013 we visited this French giant in summer 2022. An impressive landscape experience. A motorcycle story by Moppetprosa&nbsp;\u2013 photos by Uli (<a href=\"http:\/\/www.moppetfoto.de\" target=\"_blank\" rel=\"noreferrer noopener\">moppetfoto.de<\/a>), text by me, special guest: Julia from <a href=\"https:\/\/maedchenmotorrad.de\" target=\"_blank\" rel=\"noreferrer noopener\">maedchenmotorrad.de<\/a>.<\/em><\/strong><\/p>\n\n\n\n<figure class=\"wp-block-image size-large\"><img decoding=\"async\" width=\"1024\" height=\"60\" data-src=\"https:\/\/b2642856.assetcdn.net\/2.0\/2642856\/wp-content\/uploads\/2020\/02\/Trenner-1024x60-1.png?lossy=1&strip=1&webp=1\" alt=\"Das Symbol von MotorProsa: die F\u00fcllfeder.\" class=\"wp-image-441 lazyload\" title=\"MotorProsa: Motorrad-Geschichten, geschrieben mit Passion\" data-srcset=\"https:\/\/b2642856.assetcdn.net\/2.0\/2642856\/wp-content\/uploads\/2020\/02\/Trenner-1024x60-1.png?lossy=1&strip=1&webp=1 1024w, https:\/\/b2642856.assetcdn.net\/2.0\/2642856\/wp-content\/uploads\/2020\/02\/Trenner-1024x60-1-300x18.png?lossy=1&strip=1&webp=1 300w, https:\/\/b2642856.assetcdn.net\/2.0\/2642856\/wp-content\/uploads\/2020\/02\/Trenner-1024x60-1-768x45.png?lossy=1&strip=1&webp=1 768w, https:\/\/b2642856.assetcdn.net\/2.0\/2642856\/wp-content\/uploads\/2020\/02\/Trenner-1024x60-1.png?size=240x14&lossy=1&strip=1&webp=1 240w, https:\/\/b2642856.assetcdn.net\/2.0\/2642856\/wp-content\/uploads\/2020\/02\/Trenner-1024x60-1.png?size=480x28&lossy=1&strip=1&webp=1 480w, https:\/\/b2642856.assetcdn.net\/2.0\/2642856\/wp-content\/uploads\/2020\/02\/Trenner-1024x60-1.png?size=960x56&lossy=1&strip=1&webp=1 960w\" data-sizes=\"auto\" src=\"data:image\/svg+xml;base64,PHN2ZyB3aWR0aD0iMSIgaGVpZ2h0PSIxIiB4bWxucz0iaHR0cDovL3d3dy53My5vcmcvMjAwMC9zdmciPjwvc3ZnPg==\" style=\"--smush-placeholder-width: 1024px; --smush-placeholder-aspect-ratio: 1024\/60;\" data-original-sizes=\"(max-width: 1024px) 100vw, 1024px\" \/><\/figure>\n\n\n\n<div style=\"height:50px\" aria-hidden=\"true\" class=\"wp-block-spacer\"><\/div>\n\n\n\n<hr class=\"wp-block-separator has-css-opacity\"\/>\n\n\n\n<p class=\"wp-block-paragraph\">This story about the Col du Galibier appeared in the \u201ePassportrait\u201c series in <a href=\"https:\/\/www.motorradonline.de\" target=\"_blank\" rel=\"noreferrer noopener\"><strong>MOTORRAD<\/strong><\/a>, Europe&#8217;s largest motorbike magazine, issue <a href=\"https:\/\/shop.motorpresse.de\/zeitschriften\/motorrad\/motorrad\/einzelhefte\/digital\/motorrad-10-2023-download.html\" target=\"_blank\" rel=\"noreferrer noopener\">10.2023<\/a> (April). The Passportrait is a collaboration between Uli from <a href=\"http:\/\/www.moppetfoto.de\" target=\"_blank\" rel=\"noreferrer noopener\">www.moppetfoto.de<\/a> and myself.<\/p>\n\n\n\n<hr class=\"wp-block-separator has-css-opacity\"\/>\n\n\n\n<p class=\"has-text-align-center has-background wp-block-paragraph\" style=\"background-color:#c8e4f5\"><strong>Before you read, please note<\/strong>: this post was translated with the help of <a href=\"https:\/\/www.deepl.com\/\" target=\"_blank\" rel=\"noreferrer noopener\">Deepl<\/a>.<br>If you find any errors \u2013 please have fun first and then give me a hint.<\/p>\n\n\n\n<p class=\"wp-block-paragraph\">It is the fifth highest Alpine pass, the second highest pass on the Route des Grandes Alpes after the Col de l&#8217;Iseran and a classic of the Tour de France: the Col du Galibier, 2642 metre high. It runs north-south and not only separates the two d\u00e9partements of Savoie (N) and Hautes-Alpes (S), but also acts as a weather divide between the wetter northern Alpine climate and the drier Mediterranean climate.<\/p>\n\n\n\n<p class=\"wp-block-paragraph\">The historic mule track was extended in 1876, making it the first motorable pass road between the Brian\u00e7onnais and the Maurienne. A short time later, a 365-metre-long crest tunnel was added around 100 metres below the Col in order to bypass the difficult road section at the summit.<\/p>\n\n\n\n<figure class=\"wp-block-image size-full my-image-border\"><img decoding=\"async\" data-src=\"https:\/\/b2642856.assetcdn.net\/2.0\/2642856\/wp-content\/uploads\/2023\/07\/MotorProsa-Blog-Post-Col-du-Galibier-5.jpg?lossy=1&strip=1&webp=1\" alt=\"Col du Galibier: a compulsory pass for motorcyclists (Foto: www.moppetfoto.de)\" class=\"wp-image-119429 lazyload\" title=\"\" data-srcset=\"https:\/\/b2642856.assetcdn.net\/2.0\/2642856\/wp-content\/uploads\/2023\/07\/MotorProsa-Blog-Post-Col-du-Galibier-5.jpg?lossy=1&amp;strip=1&amp;webp=1 1024w, https:\/\/b2642856.assetcdn.net\/2.0\/2642856\/wp-content\/uploads\/2023\/07\/MotorProsa-Blog-Post-Col-du-Galibier-5-300x277.jpg?lossy=1&amp;strip=1&amp;webp=1 300w, https:\/\/b2642856.assetcdn.net\/2.0\/2642856\/wp-content\/uploads\/2023\/07\/MotorProsa-Blog-Post-Col-du-Galibier-5-768x709.jpg?lossy=1&amp;strip=1&amp;webp=1 768w, https:\/\/b2642856.assetcdn.net\/2.0\/2642856\/wp-content\/uploads\/2023\/07\/MotorProsa-Blog-Post-Col-du-Galibier-5.jpg?size=240x221&amp;lossy=1&amp;strip=1&amp;webp=1 240w, https:\/\/b2642856.assetcdn.net\/2.0\/2642856\/wp-content\/uploads\/2023\/07\/MotorProsa-Blog-Post-Col-du-Galibier-5.jpg?size=480x443&amp;lossy=1&amp;strip=1&amp;webp=1 480w, https:\/\/b2642856.assetcdn.net\/2.0\/2642856\/wp-content\/uploads\/2023\/07\/MotorProsa-Blog-Post-Col-du-Galibier-5.jpg?size=960x886&amp;lossy=1&amp;strip=1&amp;webp=1 960w\" data-sizes=\"auto\" src=\"data:image\/svg+xml;base64,PHN2ZyB3aWR0aD0iMSIgaGVpZ2h0PSIxIiB4bWxucz0iaHR0cDovL3d3dy53My5vcmcvMjAwMC9zdmciPjwvc3ZnPg==\" style=\"--smush-placeholder-width: 1024px; --smush-placeholder-aspect-ratio: 1024\/945;\" data-original-sizes=\"(max-width: 1024px) 100vw, 1024px\"><figcaption class=\"wp-element-caption\"><br><h3>Col du Galibier: a compulsory pass for motorcyclists<br>Photo: www.moppetfoto.de<\/h3><\/figcaption><\/figure>\n\n\n\n<p class=\"wp-block-paragraph\">In the 1970s, the dilapidated tunnel forced the reactivation of the original road, which was impressively steep and narrow on both ramps. Part of the former crossing was removed and a plateau with parking facilities was created. This reduced the height of the pass by 16 metres. The lunar landscape in the upper section is fascinating, the panorama of the surrounding Alpine scenery is magnificent&nbsp;\u2013 in the north, Mont Blanc can be seen on a clear day, while the southernmost four-thousand-metre peak in the Alps, the Barre des \u00c9crins, rises into the sky in the south.<\/p>\n\n\n\n<p class=\"wp-block-paragraph\">The 17 km long northern ramp starts in the mountain and ski village of Valloire, which in turn can only be reached via the Col du T\u00e9l\u00e9graphe (1566 m). The 8 km long southern ramp is preceded by the 2025 m high Col du Lautaret. From there, the D902, which cuts diagonally through the mountainside up to the Col du Galibier, is already clearly recognisable. It initially climbs in gentle curves and is greeted by the last trees of the &#8220;Jardin du Lautaret&#8221;, a botanical garden, before yellow-flowering mullein plants become the largest and at some point the only plants along the way.<\/p>\n\n\n\n<figure class=\"wp-block-image size-full my-image-border\"><img decoding=\"async\" data-src=\"https:\/\/b2642856.assetcdn.net\/2.0\/2642856\/wp-content\/uploads\/2023\/07\/MotorProsa-Blog-Post-Col-du-Galibier-3.jpg?lossy=1&strip=1&webp=1\" alt=\"A course made for motorcyclists (Photo: www.moppetfoto.de)\" class=\"wp-image-119429 lazyload\" title=\"\" data-srcset=\"https:\/\/b2642856.assetcdn.net\/2.0\/2642856\/wp-content\/uploads\/2023\/07\/MotorProsa-Blog-Post-Col-du-Galibier-3.jpg?lossy=1&amp;strip=1&amp;webp=1 1024w, https:\/\/b2642856.assetcdn.net\/2.0\/2642856\/wp-content\/uploads\/2023\/07\/MotorProsa-Blog-Post-Col-du-Galibier-3-300x277.jpg?lossy=1&amp;strip=1&amp;webp=1 300w, https:\/\/b2642856.assetcdn.net\/2.0\/2642856\/wp-content\/uploads\/2023\/07\/MotorProsa-Blog-Post-Col-du-Galibier-3-768x709.jpg?lossy=1&amp;strip=1&amp;webp=1 768w, https:\/\/b2642856.assetcdn.net\/2.0\/2642856\/wp-content\/uploads\/2023\/07\/MotorProsa-Blog-Post-Col-du-Galibier-3.jpg?size=240x221&amp;lossy=1&amp;strip=1&amp;webp=1 240w, https:\/\/b2642856.assetcdn.net\/2.0\/2642856\/wp-content\/uploads\/2023\/07\/MotorProsa-Blog-Post-Col-du-Galibier-3.jpg?size=480x443&amp;lossy=1&amp;strip=1&amp;webp=1 480w, https:\/\/b2642856.assetcdn.net\/2.0\/2642856\/wp-content\/uploads\/2023\/07\/MotorProsa-Blog-Post-Col-du-Galibier-3.jpg?size=960x886&amp;lossy=1&amp;strip=1&amp;webp=1 960w\" data-sizes=\"auto\" src=\"data:image\/svg+xml;base64,PHN2ZyB3aWR0aD0iMSIgaGVpZ2h0PSIxIiB4bWxucz0iaHR0cDovL3d3dy53My5vcmcvMjAwMC9zdmciPjwvc3ZnPg==\" style=\"--smush-placeholder-width: 1024px; --smush-placeholder-aspect-ratio: 1024\/945;\" data-original-sizes=\"(max-width: 1024px) 100vw, 1024px\"><figcaption class=\"wp-element-caption\"><br><h3>A course made for motorcyclists<br>Photo: www.moppetfoto.de<\/h3><\/figcaption><\/figure>\n\n\n\n<p class=\"wp-block-paragraph\">Due to its altitude, the Galibier is only open for a few months of the year, but then experiences a veritable rush on two and four wheels, whether motorised or powered by burning muscles. They are all drawn to the Col: Cyclists and motorcyclists and dedicated sports car drivers. French moped riders don&#8217;t miss the opportunity. So there is a constant photo rush at the border stone.<\/p>\n\n\n\n<figure class=\"wp-block-image size-full my-image-border\"><img decoding=\"async\" data-src=\"https:\/\/b2642856.assetcdn.net\/2.0\/2642856\/wp-content\/uploads\/2023\/07\/MotorProsa-Blog-Post-Col-du-Galibier-8.jpg?lossy=1&strip=1&webp=1\" alt=\"Classic picture: The pass sign on the Col du Galibier (Photo: www.moppetfoto.de)\" class=\"wp-image-119429 lazyload\" title=\"\" data-srcset=\"https:\/\/b2642856.assetcdn.net\/2.0\/2642856\/wp-content\/uploads\/2023\/07\/MotorProsa-Blog-Post-Col-du-Galibier-8.jpg?lossy=1&amp;strip=1&amp;webp=1 1024w, https:\/\/b2642856.assetcdn.net\/2.0\/2642856\/wp-content\/uploads\/2023\/07\/MotorProsa-Blog-Post-Col-du-Galibier-8-300x277.jpg?lossy=1&amp;strip=1&amp;webp=1 300w, https:\/\/b2642856.assetcdn.net\/2.0\/2642856\/wp-content\/uploads\/2023\/07\/MotorProsa-Blog-Post-Col-du-Galibier-8-768x709.jpg?lossy=1&amp;strip=1&amp;webp=1 768w, https:\/\/b2642856.assetcdn.net\/2.0\/2642856\/wp-content\/uploads\/2023\/07\/MotorProsa-Blog-Post-Col-du-Galibier-8.jpg?size=240x221&amp;lossy=1&amp;strip=1&amp;webp=1 240w, https:\/\/b2642856.assetcdn.net\/2.0\/2642856\/wp-content\/uploads\/2023\/07\/MotorProsa-Blog-Post-Col-du-Galibier-8.jpg?size=480x443&amp;lossy=1&amp;strip=1&amp;webp=1 480w, https:\/\/b2642856.assetcdn.net\/2.0\/2642856\/wp-content\/uploads\/2023\/07\/MotorProsa-Blog-Post-Col-du-Galibier-8.jpg?size=960x886&amp;lossy=1&amp;strip=1&amp;webp=1 960w\" data-sizes=\"auto\" src=\"data:image\/svg+xml;base64,PHN2ZyB3aWR0aD0iMSIgaGVpZ2h0PSIxIiB4bWxucz0iaHR0cDovL3d3dy53My5vcmcvMjAwMC9zdmciPjwvc3ZnPg==\" style=\"--smush-placeholder-width: 1024px; --smush-placeholder-aspect-ratio: 1024\/945;\" data-original-sizes=\"(max-width: 1024px) 100vw, 1024px\"><figcaption class=\"wp-element-caption\"><br><h3>Classic picture: The pass sign on the Col du Galibier<br>Photo: www.moppetfoto.de<\/h3><\/figcaption><\/figure>\n\n\n\n<p class=\"wp-block-paragraph\">The D902 is forced into an entertaining course on its way over the Galibier. The road is bumpy despite a lot of tarmac work, but an appropriate speed allows the view over the wonderful mountains of the Massif des Cerces, the eponymous Gran Galibier and the glistening glacier mantle of the 3983 m high La Meije.<\/p>\n\n\n\n<p class=\"wp-block-paragraph\">Numerous belv\u00e9d\u00e8res, a charming term for roughly gravelled passing places that are carelessly thrown at the side of the road, invite you to pause. From the valley, lush green vegetation stretches far across the slopes of the Gran Galibier. Through the visor, which is slightly misted up in the cold of the morning, it resembles densely woven wool&nbsp;\u2013 as if the giant rock is trying to protect itself from the cold of the night.<\/p>\n\n\n\n<p class=\"wp-block-paragraph\">Horizontally stacked layers of sediment with sharp edges alternate with needles of stone jutting into the sky. The high alpine weather constantly tears massive blocks of stone to pieces, covers the landscape with coarse gravel and finally grinds it into orange-brown sand.<\/p>\n\n\n\n<p class=\"wp-block-paragraph\">Humans and their roads are at a disadvantage here. All that remains for them is the path through old crevices and stone walls standing one behind the other. There are no retaining walls or road safety barriers&nbsp;\u2013 where the tarmac ends, either bare rock begins or the abyss opens up.<\/p>\n\n\n\n<p class=\"wp-block-paragraph\">The gap that man has left in the mountain at 2556 metres above sea level, the crest tunnel at Beau Refuge, causes a disturbing feeling. A few kilometres from the Col du Lautaret, after an impressive swing through a wildly unspoilt landscape and along deep trenches, this dead straight hole in the rock, illuminated by bright blue LEDs, is confusing. Even the many grey-furred marmots whistle against this single-lane, popular concert hall for powerful motorcycles without success.<\/p>\n\n\n\n<p class=\"wp-block-paragraph\">Although the tunnel with the highest traffic lights in Europe makes the pass easier, it also makes it less eventful, as the last kilometre up to the famous boundary stone in the middle of a hairpin bend is both a thrill and an exciting highlight. We experience riding on the edge: the road, which has varying gradients but always climbs steeply and becomes very narrow at the top, disappears into the blue of the open sky. Nothing hinders the view into the infinite or into the depths. What gives those who are afraid of heights a strong adrenaline rush also ensures fascinating views towards Brian\u00e7on and the sea of peaks of the Queyras Nature Park.<\/p>\n\n\n\n<figure class=\"wp-block-image size-full my-image-border\"><img decoding=\"async\" data-src=\"https:\/\/b2642856.assetcdn.net\/2.0\/2642856\/wp-content\/uploads\/2023\/07\/MotorProsa-Blog-Post-Col-du-Galibier-4.jpg?lossy=1&strip=1&webp=1\" alt=\"French dream road: grippy, winding, without barriers (Photo: www.moppetfoto.de)\" class=\"wp-image-119429 lazyload\" title=\"\" data-srcset=\"https:\/\/b2642856.assetcdn.net\/2.0\/2642856\/wp-content\/uploads\/2023\/07\/MotorProsa-Blog-Post-Col-du-Galibier-4.jpg?lossy=1&amp;strip=1&amp;webp=1 1024w, https:\/\/b2642856.assetcdn.net\/2.0\/2642856\/wp-content\/uploads\/2023\/07\/MotorProsa-Blog-Post-Col-du-Galibier-4-300x277.jpg?lossy=1&amp;strip=1&amp;webp=1 300w, https:\/\/b2642856.assetcdn.net\/2.0\/2642856\/wp-content\/uploads\/2023\/07\/MotorProsa-Blog-Post-Col-du-Galibier-4-768x709.jpg?lossy=1&amp;strip=1&amp;webp=1 768w, https:\/\/b2642856.assetcdn.net\/2.0\/2642856\/wp-content\/uploads\/2023\/07\/MotorProsa-Blog-Post-Col-du-Galibier-4.jpg?size=240x221&amp;lossy=1&amp;strip=1&amp;webp=1 240w, https:\/\/b2642856.assetcdn.net\/2.0\/2642856\/wp-content\/uploads\/2023\/07\/MotorProsa-Blog-Post-Col-du-Galibier-4.jpg?size=480x443&amp;lossy=1&amp;strip=1&amp;webp=1 480w, https:\/\/b2642856.assetcdn.net\/2.0\/2642856\/wp-content\/uploads\/2023\/07\/MotorProsa-Blog-Post-Col-du-Galibier-4.jpg?size=960x886&amp;lossy=1&amp;strip=1&amp;webp=1 960w\" data-sizes=\"auto\" src=\"data:image\/svg+xml;base64,PHN2ZyB3aWR0aD0iMSIgaGVpZ2h0PSIxIiB4bWxucz0iaHR0cDovL3d3dy53My5vcmcvMjAwMC9zdmciPjwvc3ZnPg==\" style=\"--smush-placeholder-width: 1024px; --smush-placeholder-aspect-ratio: 1024\/945;\" data-original-sizes=\"(max-width: 1024px) 100vw, 1024px\"><figcaption class=\"wp-element-caption\"><br><h3>French dream road: grippy, winding, without barriers<br>Photo: www.moppetfoto.de<\/h3><\/figcaption><\/figure>\n\n\n\n<p class=\"wp-block-paragraph\">On the way to Valloire, the sun-drenched and heated southern slopes turn a dead grey, faded Tour de France paintings on the asphalt fight against it in vain. Piles of rubble push themselves into the depths and prevent any sprouting of vegetation. In contrast, the shady northern slopes are covered in lush greenery, interrupted by hiking trails that disappear into the high mountains. This is where a large proportion of the clouds rolling in from the north rain down, their water producing a vegetation that grows to well over 2500 metres above sea level&nbsp;\u2013 a paradise for huge herds of cattle and olfactorily challenging flocks of sheep and the basis for the region&#8217;s incomparable cheese.<\/p>\n\n\n\n<p class=\"wp-block-paragraph\">Conversely, this precipitation causes deep scars in the mountain when the soaked ground loses its grip. Rusting metal railings border small bridges, under which narrow threads of water run down into the valley. During storms, these are likely to swell into raging torrents&nbsp;\u2013 it is not without reason that the iron appears in bizarrely twisted shapes.<\/p>\n\n\n\n<figure class=\"wp-block-image size-full my-image-border\"><img decoding=\"async\" data-src=\"https:\/\/b2642856.assetcdn.net\/2.0\/2642856\/wp-content\/uploads\/2023\/07\/MotorProsa-Blog-Post-Col-du-Galibier-6.jpg?lossy=1&strip=1&webp=1\" alt=\"Magical views of the mountains. That is the Col du Galibier, too (Photo: www.moppetfoto.de)\" class=\"wp-image-119429 lazyload\" title=\"\" data-srcset=\"https:\/\/b2642856.assetcdn.net\/2.0\/2642856\/wp-content\/uploads\/2023\/07\/MotorProsa-Blog-Post-Col-du-Galibier-6.jpg?lossy=1&amp;strip=1&amp;webp=1 1024w, https:\/\/b2642856.assetcdn.net\/2.0\/2642856\/wp-content\/uploads\/2023\/07\/MotorProsa-Blog-Post-Col-du-Galibier-6-300x277.jpg?lossy=1&amp;strip=1&amp;webp=1 300w, https:\/\/b2642856.assetcdn.net\/2.0\/2642856\/wp-content\/uploads\/2023\/07\/MotorProsa-Blog-Post-Col-du-Galibier-6-768x709.jpg?lossy=1&amp;strip=1&amp;webp=1 768w, https:\/\/b2642856.assetcdn.net\/2.0\/2642856\/wp-content\/uploads\/2023\/07\/MotorProsa-Blog-Post-Col-du-Galibier-6.jpg?size=240x221&amp;lossy=1&amp;strip=1&amp;webp=1 240w, https:\/\/b2642856.assetcdn.net\/2.0\/2642856\/wp-content\/uploads\/2023\/07\/MotorProsa-Blog-Post-Col-du-Galibier-6.jpg?size=480x443&amp;lossy=1&amp;strip=1&amp;webp=1 480w, https:\/\/b2642856.assetcdn.net\/2.0\/2642856\/wp-content\/uploads\/2023\/07\/MotorProsa-Blog-Post-Col-du-Galibier-6.jpg?size=960x886&amp;lossy=1&amp;strip=1&amp;webp=1 960w\" data-sizes=\"auto\" src=\"data:image\/svg+xml;base64,PHN2ZyB3aWR0aD0iMSIgaGVpZ2h0PSIxIiB4bWxucz0iaHR0cDovL3d3dy53My5vcmcvMjAwMC9zdmciPjwvc3ZnPg==\" style=\"--smush-placeholder-width: 1024px; --smush-placeholder-aspect-ratio: 1024\/945;\" data-original-sizes=\"(max-width: 1024px) 100vw, 1024px\"><figcaption class=\"wp-element-caption\"><br><h3>Magical views. That&#8217;s the Col du Galibier<br>Photo: www.moppetfoto.de<\/h3><\/figcaption><\/figure>\n\n\n\n<p class=\"wp-block-paragraph\">The D902 makes its way through this monumental mountain arena, winding around monoliths and bizarrely fractured boulders. Eternal sculptures in yellow, grey and reddish hues captivate the eye. It&#8217;s always worth taking a break from the spa dance to indulge in this natural wonder. Creatively and uninhibitedly distributed bitumen only disturbs the ride into the valley a little, as the Galibier north ramp also offers unexpectedly good grip. Orientation markings are extremely sparse&nbsp;\u2013 and here, too, a little courage is sometimes required to tackle the unsecured stretch at an angle.<\/p>\n\n\n\n<p class=\"wp-block-paragraph\">After crossing the Pont de la Valloirette at just under 2000 metres above sea level, the D902 is relatively flat and unspectacular compared to the previous route, running alongside the Valloire stream. There is never a shortage of breathtaking scenery here either.<\/p>\n\n\n\n<p class=\"wp-block-paragraph\">Valloire, the southernmost municipality in the Savoie d\u00e9partement, is reached quickly. The winter sports infrastructure at the entrance to the village is nothing but disquisting, but the four-kilometre ascent to the Col du T\u00e9l\u00e9graphe&nbsp;\u2013 also part of the fascinating Route des Grandes Alpes&nbsp;\u2013 follows at the end of the village.<\/p>\n\n\n\n<hr class=\"wp-block-separator has-alpha-channel-opacity\"\/>\n\n\n\n<div style=\"height:50px\" aria-hidden=\"true\" class=\"wp-block-spacer\"><\/div>\n\n\n\n<h2 class=\"wp-block-heading\" id=\"h-dankesch-ns-high-fives\">Passportrait Col du Galibier: Thank-Yous, High-Fives &amp; Links<\/h2>\n\n\n\n<ul class=\"wp-block-list\">\n<li><strong><a href=\"https:\/\/luhta.com\/de\/de\/b\/rukka-motorsport\" target=\"_blank\" rel=\"noreferrer noopener sponsored\">Rukka Motorsport<br><\/a><\/strong>On the ride to and over the Col du Galibier, my <a href=\"https:\/\/www.motorprosa.com\/ausprobiert-offlane-von-rukka\/\" target=\"_blank\" rel=\"noreferrer noopener\">Rukka textile suit and gloves<\/a> served me well<\/li>\n\n\n\n<li><a href=\"https:\/\/sw-motech.com\" class=\"blc-broken-link\" data-blc-broken=\"1\"><strong>SW-Motech<br><\/strong><\/a>On this tour I was accompanied by the spacious <a href=\"https:\/\/sw-motech.com\/Produkte\/Gepaeck\/Hecktaschen\/PRO+Hecktaschen\/4052572198070.htm\" target=\"_blank\" rel=\"noreferrer noopener sponsored\">Pro Rearbag <\/a>from SW-Motech. This allowed me to transport a complete second rider&#8217;s kit on my <a href=\"https:\/\/www.motorprosa.com\/en\/harley-davidson-road-king\/\" data-type=\"post\" data-id=\"11542\">Harley<\/a>, including photographic equipment and food &#8211; great!<\/li>\n\n\n\n<li><a href=\"https:\/\/www.nolangroup.de\" class=\"blc-broken-link\" data-blc-broken=\"1\"><strong>Nolangroup Deutschland<br><\/strong><\/a>The ingenious <a href=\"https:\/\/www.nolangroup.de\/product-page\/x-lite-x-1005-ultra-carbon-cheyenne-n-com-15\" target=\"_blank\" rel=\"noreferrer noopener sponsored\">X-lite X-1005 Ultra Carbon<\/a> has proven itself once again: Top helmet, on the ride and for photography<\/li>\n\n\n\n<li><strong><a href=\"https:\/\/www.refugedugalibier.fr\/index.php\/fr\/\" target=\"_blank\" rel=\"noreferrer noopener\">Refuge du Galibier<br><\/a><\/strong>Merci beaucoup pour votre hospitalit\u00e9 !<\/li>\n\n\n\n<li><strong><a href=\"https:\/\/provence-alpes-cotedazur.com\/\" target=\"_blank\" rel=\"noreferrer noopener\">Comit\u00e9 R\u00e9gional de Tourisme Provence-Alpes-C\u00f4te d\u2019Azur<br><\/a><\/strong>Un grand merci pour votre pr\u00e9cieux soutien !<\/li>\n<\/ul>\n\n\n\n<div style=\"height:25px\" aria-hidden=\"true\" class=\"wp-block-spacer\"><\/div>\n\n\n<!--Yasr Visitor Votes Shortcode--><div id='yasr_visitor_votes_98b74aea20867' class='yasr-visitor-votes'><div class=\"yasr-custom-text-vv-before yasr-custom-text-vv-before-229311\">Bewerte diesen Beitrag \/\/ Rate this post <\/div><div id='yasr-vv-second-row-container-98b74aea20867'\r\n                                        class='yasr-vv-second-row-container'><div id='yasr-visitor-votes-rater-98b74aea20867'\r\n                                      class='yasr-rater-stars-vv'\r\n                                      data-rater-postid='229311'\r\n                                      data-rating='0'\r\n                                      data-rater-starsize='32'\r\n                                      data-rater-readonly='false'\r\n                                      data-rater-nonce='d4ca20a83d'\r\n                                      data-issingular='false'\r\n                                    ><\/div><div class=\"yasr-vv-stats-text-container\" id=\"yasr-vv-stats-text-container-98b74aea20867\"><svg xmlns=\"https:\/\/www.w3.org\/2000\/svg\" width=\"20\" height=\"20\"\r\n                                   class=\"yasr-dashicons-visitor-stats\"\r\n                                   data-postid=\"229311\"\r\n                                   id=\"yasr-stats-dashicon-98b74aea20867\">\r\n                                   <path d=\"M18 18v-16h-4v16h4zM12 18v-11h-4v11h4zM6 18v-8h-4v8h4z\"><\/path>\r\n                               <\/svg><span id=\"yasr-vv-text-container-98b74aea20867\" class=\"yasr-vv-text-container\"><\/span><\/div><div id='yasr-vv-loader-98b74aea20867' class='yasr-vv-container-loader'><\/div><\/div><div id='yasr-vv-bottom-container-98b74aea20867'\r\n                              class='yasr-vv-bottom-container'\r\n                              style='display:none'><\/div><\/div><!--End Yasr Visitor Votes Shortcode-->\n\n\n\n<div style=\"height:25px\" aria-hidden=\"true\" class=\"wp-block-spacer\"><\/div>\n\n\n<div class=\"ShariffSC my-image-border\"><div class=\"shariff shariff-align-left shariff-widget-align-left shariff-buttonstretch\" data-services=\"facebook\" data-url=\"https:\/\/www.motorprosa.com\/en\/dream-roads-the-col-du-galibier-2642-m\/\" data-timestamp=\"1706657735\" data-backendurl=\"https:\/\/www.motorprosa.com\/en\/wp-json\/shariff\/v1\/share_counts?\"><ul class=\"shariff-buttons theme-white orientation-horizontal buttonsize-medium\"><li class=\"shariff-button facebook shariff-nocustomcolor\" style=\"background-color:#4273c8\"><a href=\"https:\/\/www.facebook.com\/sharer\/sharer.php?u=https%3A%2F%2Fwww.motorprosa.com%2Fen%2Fdream-roads-the-col-du-galibier-2642-m%2F\" title=\"Share on Facebook\" aria-label=\"Share on Facebook\" role=\"button\" rel=\"nofollow\" class=\"shariff-link\" style=\"; background-color:#3b5998; color:#3b5998\" target=\"_blank\"><span class=\"shariff-icon\" style=\"fill:#3b5998\"><svg width=\"32px\" height=\"20px\" xmlns=\"http:\/\/www.w3.org\/2000\/svg\" viewBox=\"0 0 18 32\"><path fill=\"#3b5998\" d=\"M17.1 0.2v4.7h-2.8q-1.5 0-2.1 0.6t-0.5 1.9v3.4h5.2l-0.7 5.3h-4.5v13.6h-5.5v-13.6h-4.5v-5.3h4.5v-3.9q0-3.3 1.9-5.2t5-1.8q2.6 0 4.1 0.2z\"\/><\/svg><\/span><span class=\"shariff-text\" style=\"color:#3b5998\">share<\/span>&nbsp;<\/a><\/li><li class=\"shariff-button bluesky shariff-nocustomcolor\" style=\"background-color:#84c4ff\"><a href=\"https:\/\/bsky.app\/intent\/compose?text=Dream%20Roads%3A%20The%20Col%20du%20Galibier%20%282642%20m%29 https%3A%2F%2Fwww.motorprosa.com%2Fen%2Fdream-roads-the-col-du-galibier-2642-m%2F  via @motorprosa.com\" title=\"Share on Bluesky\" aria-label=\"Share on Bluesky\" role=\"button\" rel=\"noopener nofollow\" class=\"shariff-link\" style=\"; background-color:#0085ff; color:#0085ff\" target=\"_blank\"><span class=\"shariff-icon\" style=\"fill:#0085ff\"><svg width=\"20\" height=\"20\" version=\"1.1\" xmlns=\"http:\/\/www.w3.org\/2000\/svg\" viewBox=\"0 0 20 20\"><path class=\"st0\" d=\"M4.89,3.12c2.07,1.55,4.3,4.71,5.11,6.4.82-1.69,3.04-4.84,5.11-6.4,1.49-1.12,3.91-1.99,3.91.77,0,.55-.32,4.63-.5,5.3-.64,2.3-2.99,2.89-5.08,2.54,3.65.62,4.58,2.68,2.57,4.74-3.81,3.91-5.48-.98-5.9-2.23-.08-.23-.11-.34-.12-.25,0-.09-.04.02-.12.25-.43,1.25-2.09,6.14-5.9,2.23-2.01-2.06-1.08-4.12,2.57-4.74-2.09.36-4.44-.23-5.08-2.54-.19-.66-.5-4.74-.5-5.3,0-2.76,2.42-1.89,3.91-.77h0Z\"\/><\/svg><\/span><span class=\"shariff-text\" style=\"color:#0085ff\">share<\/span>&nbsp;<\/a><\/li><li class=\"shariff-button linkedin shariff-nocustomcolor\" style=\"background-color:#1488bf\"><a href=\"https:\/\/www.linkedin.com\/sharing\/share-offsite\/?url=https%3A%2F%2Fwww.motorprosa.com%2Fen%2Fdream-roads-the-col-du-galibier-2642-m%2F\" title=\"Share on LinkedIn\" aria-label=\"Share on LinkedIn\" role=\"button\" rel=\"noopener nofollow\" class=\"shariff-link\" style=\"; background-color:#0077b5; color:#0077b5\" target=\"_blank\"><span class=\"shariff-icon\" style=\"fill:#0077b5\"><svg width=\"32px\" height=\"20px\" xmlns=\"http:\/\/www.w3.org\/2000\/svg\" viewBox=\"0 0 27 32\"><path fill=\"#0077b5\" d=\"M6.2 11.2v17.7h-5.9v-17.7h5.9zM6.6 5.7q0 1.3-0.9 2.2t-2.4 0.9h0q-1.5 0-2.4-0.9t-0.9-2.2 0.9-2.2 2.4-0.9 2.4 0.9 0.9 2.2zM27.4 18.7v10.1h-5.9v-9.5q0-1.9-0.7-2.9t-2.3-1.1q-1.1 0-1.9 0.6t-1.2 1.5q-0.2 0.5-0.2 1.4v9.9h-5.9q0-7.1 0-11.6t0-5.3l0-0.9h5.9v2.6h0q0.4-0.6 0.7-1t1-0.9 1.6-0.8 2-0.3q3 0 4.9 2t1.9 6z\"\/><\/svg><\/span><span class=\"shariff-text\" style=\"color:#0077b5\">share<\/span>&nbsp;<\/a><\/li><\/ul><\/div><\/div>\n\n\n\n<div style=\"height:50px\" aria-hidden=\"true\" class=\"wp-block-spacer\"><\/div>\n\n\n\n<h3 class=\"wp-block-heading\" id=\"bestens-dazu-passend\"><strong><strong>Perfectly matching:<\/strong><\/strong><\/h3>\n\n\n\n\t\t\t<div class=\"wp-block-uagb-post-grid uagb-post-grid  uagb-post__image-position-top uagb-post__image-enabled uagb-block-7f00b32b     uagb-post__items uagb-post__columns-3 is-grid uagb-post__columns-tablet-2 uagb-post__columns-mobile-1 uagb-post__equal-height\" data-total=\"3\" style=\"\">\n\n\t\t\t\t\t\t\t\t\t\t\t\t<article class=\"uagb-post__inner-wrap\">\t\t\t\t\t\t\t\t<div class='uagb-post__image'>\n\t\t\t\t\t\t\t\t\t<a href=\"https:\/\/www.motorprosa.com\/en\/lets-climb-the-stelvio-together\/\" target=\"_self\" rel=\"bookmark noopener noreferrer\" class=\"uagb-image-ratio-inherit\"><img decoding=\"async\" width=\"1024\" height=\"559\" data-src=\"https:\/\/b2642856.assetcdn.net\/2.0\/2642856\/wp-content\/uploads\/2021\/10\/motorprosa-blog-header-gemeinsam-aufs-joch-effekt-1024x559.jpg?lossy=1&strip=1&webp=1\" class=\"attachment-large size-large lazyload\" alt=\"MotorProsa: Gemeinsam auf&#039;s Stilfser Joch\" data-srcset=\"https:\/\/b2642856.assetcdn.net\/2.0\/2642856\/wp-content\/uploads\/2021\/10\/motorprosa-blog-header-gemeinsam-aufs-joch-effekt-1024x559.jpg?lossy=1&strip=1&webp=1 1024w, https:\/\/b2642856.assetcdn.net\/2.0\/2642856\/wp-content\/uploads\/2021\/10\/motorprosa-blog-header-gemeinsam-aufs-joch-effekt-300x164.jpg?lossy=1&strip=1&webp=1 300w, https:\/\/b2642856.assetcdn.net\/2.0\/2642856\/wp-content\/uploads\/2021\/10\/motorprosa-blog-header-gemeinsam-aufs-joch-effekt.jpg?lossy=1&strip=1&webp=1 1200w, https:\/\/b2642856.assetcdn.net\/2.0\/2642856\/wp-content\/uploads\/2021\/10\/motorprosa-blog-header-gemeinsam-aufs-joch-effekt.jpg?size=240x131&lossy=1&strip=1&webp=1 240w, https:\/\/b2642856.assetcdn.net\/2.0\/2642856\/wp-content\/uploads\/2021\/10\/motorprosa-blog-header-gemeinsam-aufs-joch-effekt.jpg?size=480x262&lossy=1&strip=1&webp=1 480w, https:\/\/b2642856.assetcdn.net\/2.0\/2642856\/wp-content\/uploads\/2021\/10\/motorprosa-blog-header-gemeinsam-aufs-joch-effekt.jpg?size=720x393&lossy=1&strip=1&webp=1 720w, https:\/\/b2642856.assetcdn.net\/2.0\/2642856\/wp-content\/uploads\/2021\/10\/motorprosa-blog-header-gemeinsam-aufs-joch-effekt.jpg?size=960x524&lossy=1&strip=1&webp=1 960w\" data-sizes=\"auto\" title=\"\" src=\"data:image\/svg+xml;base64,PHN2ZyB3aWR0aD0iMSIgaGVpZ2h0PSIxIiB4bWxucz0iaHR0cDovL3d3dy53My5vcmcvMjAwMC9zdmciPjwvc3ZnPg==\" style=\"--smush-placeholder-width: 1024px; --smush-placeholder-aspect-ratio: 1024\/559;\" data-original-sizes=\"(max-width: 1024px) 100vw, 1024px\">\t\t\t\t\t<\/a>\n\t\t\t\t\t\t\t<\/div>\n\t\t\t\t\t\t<h4 class=\"uagb-post__title uagb-post__text\">\n\t\t\t\t<a href=\"https:\/\/www.motorprosa.com\/en\/lets-climb-the-stelvio-together\/\" target=\"_self\" rel=\"bookmark noopener noreferrer\">Let&#8217;s climb the Stelvio together!<\/a>\n\t\t\t<\/h4>\n\t\t\t\t\t\t<div class='uagb-post__text uagb-post-grid-byline'>\n\t\t\t\t\t\t\t\t<span class=\"uagb-post__comment\">\n\t\t\t\t<span class=\"dashicons-admin-comments dashicons\"><\/span>\t\t\t\t\tNo Comments\t\t\t\t<\/span>\n\t\t\t\t\t\t<\/div>\n\t\t\t\t\t\t\t<div class='uagb-post__text uagb-post__excerpt'>\n\t\t\t\t\tFancy playing a mind game? &#8217;cause car drivers, cyclists and motorcyclists travel together on the Stelvio \u2013 what might be going through their minds?\t\t\t\t<\/div>\n\t\t\t\n\t\t\t\t\t\t\t\t\t<\/article>\n\t\t\t\t\t\t\t\t\t\t\t\t\t\t\t\t<article class=\"uagb-post__inner-wrap\">\t\t\t\t\t\t\t\t<div class='uagb-post__image'>\n\t\t\t\t\t\t\t\t\t<a href=\"https:\/\/www.motorprosa.com\/en\/stelvio-count-from-1-to-10\/\" target=\"_self\" rel=\"bookmark noopener noreferrer\" class=\"uagb-image-ratio-inherit\"><img decoding=\"async\" width=\"1024\" height=\"559\" data-src=\"https:\/\/b2642856.assetcdn.net\/2.0\/2642856\/wp-content\/uploads\/2021\/10\/motorprosa-blog-header-zaehl-von-1-bis-10-effekt-1024x559.jpg?lossy=1&strip=1&webp=1\" class=\"attachment-large size-large lazyload\" alt=\"MotorProsa: Stilfserjoch - Z\u00e4hl von 1 bis 10\" data-srcset=\"https:\/\/b2642856.assetcdn.net\/2.0\/2642856\/wp-content\/uploads\/2021\/10\/motorprosa-blog-header-zaehl-von-1-bis-10-effekt-1024x559.jpg?lossy=1&strip=1&webp=1 1024w, https:\/\/b2642856.assetcdn.net\/2.0\/2642856\/wp-content\/uploads\/2021\/10\/motorprosa-blog-header-zaehl-von-1-bis-10-effekt-300x164.jpg?lossy=1&strip=1&webp=1 300w, https:\/\/b2642856.assetcdn.net\/2.0\/2642856\/wp-content\/uploads\/2021\/10\/motorprosa-blog-header-zaehl-von-1-bis-10-effekt.jpg?lossy=1&strip=1&webp=1 1200w, https:\/\/b2642856.assetcdn.net\/2.0\/2642856\/wp-content\/uploads\/2021\/10\/motorprosa-blog-header-zaehl-von-1-bis-10-effekt.jpg?size=240x131&lossy=1&strip=1&webp=1 240w, https:\/\/b2642856.assetcdn.net\/2.0\/2642856\/wp-content\/uploads\/2021\/10\/motorprosa-blog-header-zaehl-von-1-bis-10-effekt.jpg?size=480x262&lossy=1&strip=1&webp=1 480w, https:\/\/b2642856.assetcdn.net\/2.0\/2642856\/wp-content\/uploads\/2021\/10\/motorprosa-blog-header-zaehl-von-1-bis-10-effekt.jpg?size=720x393&lossy=1&strip=1&webp=1 720w, https:\/\/b2642856.assetcdn.net\/2.0\/2642856\/wp-content\/uploads\/2021\/10\/motorprosa-blog-header-zaehl-von-1-bis-10-effekt.jpg?size=960x524&lossy=1&strip=1&webp=1 960w\" data-sizes=\"auto\" title=\"\" src=\"data:image\/svg+xml;base64,PHN2ZyB3aWR0aD0iMSIgaGVpZ2h0PSIxIiB4bWxucz0iaHR0cDovL3d3dy53My5vcmcvMjAwMC9zdmciPjwvc3ZnPg==\" style=\"--smush-placeholder-width: 1024px; --smush-placeholder-aspect-ratio: 1024\/559;\" data-original-sizes=\"(max-width: 1024px) 100vw, 1024px\">\t\t\t\t\t<\/a>\n\t\t\t\t\t\t\t<\/div>\n\t\t\t\t\t\t<h4 class=\"uagb-post__title uagb-post__text\">\n\t\t\t\t<a href=\"https:\/\/www.motorprosa.com\/en\/stelvio-count-from-1-to-10\/\" target=\"_self\" rel=\"bookmark noopener noreferrer\">Stelvio &#8211; Count from 1 to 10!<\/a>\n\t\t\t<\/h4>\n\t\t\t\t\t\t<div class='uagb-post__text uagb-post-grid-byline'>\n\t\t\t\t\t\t\t\t<span class=\"uagb-post__comment\">\n\t\t\t\t<span class=\"dashicons-admin-comments dashicons\"><\/span>\t\t\t\t\tNo Comments\t\t\t\t<\/span>\n\t\t\t\t\t\t<\/div>\n\t\t\t\t\t\t\t<div class='uagb-post__text uagb-post__excerpt'>\n\t\t\t\t\tA picture gallery of the first 10 hairpin bends of the Stelvio, the &#8220;world wonder of road construction&#8221;. <br><br>Have fun looking at them!\t\t\t\t<\/div>\n\t\t\t\n\t\t\t\t\t\t\t\t\t<\/article>\n\t\t\t\t\t\t\t\t\t\t\t\t\t\t\t\t<article class=\"uagb-post__inner-wrap\">\t\t\t\t\t\t\t\t<div class='uagb-post__image'>\n\t\t\t\t\t\t\t\t\t<a href=\"https:\/\/www.motorprosa.com\/en\/magical-moments\/\" target=\"_self\" rel=\"bookmark noopener noreferrer\" class=\"uagb-image-ratio-inherit\"><img decoding=\"async\" width=\"1024\" height=\"559\" data-src=\"https:\/\/b2642856.assetcdn.net\/2.0\/2642856\/wp-content\/uploads\/2021\/10\/motorprosa-blog-header-magische-momente-effekt-1024x559.jpg?lossy=1&strip=1&webp=1\" class=\"attachment-large size-large lazyload\" alt=\"MotorProsa: Magische Momente\" data-srcset=\"https:\/\/b2642856.assetcdn.net\/2.0\/2642856\/wp-content\/uploads\/2021\/10\/motorprosa-blog-header-magische-momente-effekt-1024x559.jpg?lossy=1&strip=1&webp=1 1024w, https:\/\/b2642856.assetcdn.net\/2.0\/2642856\/wp-content\/uploads\/2021\/10\/motorprosa-blog-header-magische-momente-effekt-300x164.jpg?lossy=1&strip=1&webp=1 300w, https:\/\/b2642856.assetcdn.net\/2.0\/2642856\/wp-content\/uploads\/2021\/10\/motorprosa-blog-header-magische-momente-effekt.jpg?lossy=1&strip=1&webp=1 1200w, https:\/\/b2642856.assetcdn.net\/2.0\/2642856\/wp-content\/uploads\/2021\/10\/motorprosa-blog-header-magische-momente-effekt.jpg?size=240x131&lossy=1&strip=1&webp=1 240w, https:\/\/b2642856.assetcdn.net\/2.0\/2642856\/wp-content\/uploads\/2021\/10\/motorprosa-blog-header-magische-momente-effekt.jpg?size=480x262&lossy=1&strip=1&webp=1 480w, https:\/\/b2642856.assetcdn.net\/2.0\/2642856\/wp-content\/uploads\/2021\/10\/motorprosa-blog-header-magische-momente-effekt.jpg?size=720x393&lossy=1&strip=1&webp=1 720w, https:\/\/b2642856.assetcdn.net\/2.0\/2642856\/wp-content\/uploads\/2021\/10\/motorprosa-blog-header-magische-momente-effekt.jpg?size=960x524&lossy=1&strip=1&webp=1 960w\" data-sizes=\"auto\" title=\"\" src=\"data:image\/svg+xml;base64,PHN2ZyB3aWR0aD0iMSIgaGVpZ2h0PSIxIiB4bWxucz0iaHR0cDovL3d3dy53My5vcmcvMjAwMC9zdmciPjwvc3ZnPg==\" style=\"--smush-placeholder-width: 1024px; --smush-placeholder-aspect-ratio: 1024\/559;\" data-original-sizes=\"(max-width: 1024px) 100vw, 1024px\">\t\t\t\t\t<\/a>\n\t\t\t\t\t\t\t<\/div>\n\t\t\t\t\t\t<h4 class=\"uagb-post__title uagb-post__text\">\n\t\t\t\t<a href=\"https:\/\/www.motorprosa.com\/en\/magical-moments\/\" target=\"_self\" rel=\"bookmark noopener noreferrer\">Magical Moments<\/a>\n\t\t\t<\/h4>\n\t\t\t\t\t\t<div class='uagb-post__text uagb-post-grid-byline'>\n\t\t\t\t\t\t\t\t<span class=\"uagb-post__comment\">\n\t\t\t\t<span class=\"dashicons-admin-comments dashicons\"><\/span>\t\t\t\t\tNo Comments\t\t\t\t<\/span>\n\t\t\t\t\t\t<\/div>\n\t\t\t\t\t\t\t<div class='uagb-post__text uagb-post__excerpt'>\n\t\t\t\t\tSunrise at an altitude of 2,800 metres \u2013 experiencing the beginning of a new day on the Stelvio is always unique.\t\t\t\t<\/div>\n\t\t\t\n\t\t\t\t\t\t\t\t\t<\/article>\n\t\t\t\t\t\t\t\t\t\t\t\t\t\t\t\t<article class=\"uagb-post__inner-wrap\">\t\t\t\t\t\t\t\t<div class='uagb-post__image'>\n\t\t\t\t\t\t\t\t\t<a href=\"https:\/\/www.motorprosa.com\/en\/dream-roads-the-gavia-pass-2621-m\/\" target=\"_self\" rel=\"bookmark noopener noreferrer\" class=\"uagb-image-ratio-inherit\"><img decoding=\"async\" width=\"1024\" height=\"559\" data-src=\"https:\/\/b2642856.assetcdn.net\/2.0\/2642856\/wp-content\/uploads\/2021\/10\/motorprosa-portrait-einer-traumstrasse-der-gavia-1024x559.jpg?lossy=1&strip=1&webp=1\" class=\"attachment-large size-large lazyload\" alt=\"Portrait einer Traumstra\u00dfe: der Gaviapass (Effekt)\" data-srcset=\"https:\/\/b2642856.assetcdn.net\/2.0\/2642856\/wp-content\/uploads\/2021\/10\/motorprosa-portrait-einer-traumstrasse-der-gavia-1024x559.jpg?lossy=1&strip=1&webp=1 1024w, https:\/\/b2642856.assetcdn.net\/2.0\/2642856\/wp-content\/uploads\/2021\/10\/motorprosa-portrait-einer-traumstrasse-der-gavia-300x164.jpg?lossy=1&strip=1&webp=1 300w, https:\/\/b2642856.assetcdn.net\/2.0\/2642856\/wp-content\/uploads\/2021\/10\/motorprosa-portrait-einer-traumstrasse-der-gavia.jpg?lossy=1&strip=1&webp=1 1200w, https:\/\/b2642856.assetcdn.net\/2.0\/2642856\/wp-content\/uploads\/2021\/10\/motorprosa-portrait-einer-traumstrasse-der-gavia.jpg?size=240x131&lossy=1&strip=1&webp=1 240w, https:\/\/b2642856.assetcdn.net\/2.0\/2642856\/wp-content\/uploads\/2021\/10\/motorprosa-portrait-einer-traumstrasse-der-gavia.jpg?size=480x262&lossy=1&strip=1&webp=1 480w, https:\/\/b2642856.assetcdn.net\/2.0\/2642856\/wp-content\/uploads\/2021\/10\/motorprosa-portrait-einer-traumstrasse-der-gavia.jpg?size=720x393&lossy=1&strip=1&webp=1 720w, https:\/\/b2642856.assetcdn.net\/2.0\/2642856\/wp-content\/uploads\/2021\/10\/motorprosa-portrait-einer-traumstrasse-der-gavia.jpg?size=960x524&lossy=1&strip=1&webp=1 960w\" data-sizes=\"auto\" title=\"\" src=\"data:image\/svg+xml;base64,PHN2ZyB3aWR0aD0iMSIgaGVpZ2h0PSIxIiB4bWxucz0iaHR0cDovL3d3dy53My5vcmcvMjAwMC9zdmciPjwvc3ZnPg==\" style=\"--smush-placeholder-width: 1024px; --smush-placeholder-aspect-ratio: 1024\/559;\" data-original-sizes=\"(max-width: 1024px) 100vw, 1024px\">\t\t\t\t\t<\/a>\n\t\t\t\t\t\t\t<\/div>\n\t\t\t\t\t\t<h4 class=\"uagb-post__title uagb-post__text\">\n\t\t\t\t<a href=\"https:\/\/www.motorprosa.com\/en\/dream-roads-the-gavia-pass-2621-m\/\" target=\"_self\" rel=\"bookmark noopener noreferrer\">Dream Roads: The Gavia Pass (2621 m)<\/a>\n\t\t\t<\/h4>\n\t\t\t\t\t\t<div class='uagb-post__text uagb-post-grid-byline'>\n\t\t\t\t\t\t\t\t<span class=\"uagb-post__comment\">\n\t\t\t\t<span class=\"dashicons-admin-comments dashicons\"><\/span>\t\t\t\t\tNo Comments\t\t\t\t<\/span>\n\t\t\t\t\t\t<\/div>\n\t\t\t\t\t\t\t<div class='uagb-post__text uagb-post__excerpt'>\n\t\t\t\t\tNot the number 1 in terms of altitude \u2013 but definitely right up there in terms of experience: the Gavia. In the shadow of the&#8230;\t\t\t\t<\/div>\n\t\t\t\n\t\t\t\t\t\t\t\t\t<\/article>\n\t\t\t\t\t\t\t\t\t\t\t\t\t\t\t\t<article class=\"uagb-post__inner-wrap\">\t\t\t\t\t\t\t\t<div class='uagb-post__image'>\n\t\t\t\t\t\t\t\t\t<a href=\"https:\/\/www.motorprosa.com\/en\/dream-roads-the-susten-pass-2224-m\/\" target=\"_self\" rel=\"bookmark noopener noreferrer\" class=\"uagb-image-ratio-inherit\"><img decoding=\"async\" width=\"1024\" height=\"575\" data-src=\"https:\/\/b2642856.assetcdn.net\/2.0\/2642856\/wp-content\/uploads\/2022\/01\/motorprosa-blog-header-traumstrasse-sustenpass-effekt-1-1024x575.jpg?lossy=1&strip=1&webp=1\" class=\"attachment-large size-large lazyload\" alt=\"MotorProsa: Traumstrasse Sustenpass (Effekt)\" data-srcset=\"https:\/\/b2642856.assetcdn.net\/2.0\/2642856\/wp-content\/uploads\/2022\/01\/motorprosa-blog-header-traumstrasse-sustenpass-effekt-1-1024x575.jpg?lossy=1&strip=1&webp=1 1024w, https:\/\/b2642856.assetcdn.net\/2.0\/2642856\/wp-content\/uploads\/2022\/01\/motorprosa-blog-header-traumstrasse-sustenpass-effekt-1-300x169.jpg?lossy=1&strip=1&webp=1 300w, https:\/\/b2642856.assetcdn.net\/2.0\/2642856\/wp-content\/uploads\/2022\/01\/motorprosa-blog-header-traumstrasse-sustenpass-effekt-1.jpg?lossy=1&strip=1&webp=1 1200w, https:\/\/b2642856.assetcdn.net\/2.0\/2642856\/wp-content\/uploads\/2022\/01\/motorprosa-blog-header-traumstrasse-sustenpass-effekt-1.jpg?size=240x135&lossy=1&strip=1&webp=1 240w, https:\/\/b2642856.assetcdn.net\/2.0\/2642856\/wp-content\/uploads\/2022\/01\/motorprosa-blog-header-traumstrasse-sustenpass-effekt-1.jpg?size=480x270&lossy=1&strip=1&webp=1 480w, https:\/\/b2642856.assetcdn.net\/2.0\/2642856\/wp-content\/uploads\/2022\/01\/motorprosa-blog-header-traumstrasse-sustenpass-effekt-1.jpg?size=720x404&lossy=1&strip=1&webp=1 720w, https:\/\/b2642856.assetcdn.net\/2.0\/2642856\/wp-content\/uploads\/2022\/01\/motorprosa-blog-header-traumstrasse-sustenpass-effekt-1.jpg?size=960x539&lossy=1&strip=1&webp=1 960w\" data-sizes=\"auto\" title=\"\" src=\"data:image\/svg+xml;base64,PHN2ZyB3aWR0aD0iMSIgaGVpZ2h0PSIxIiB4bWxucz0iaHR0cDovL3d3dy53My5vcmcvMjAwMC9zdmciPjwvc3ZnPg==\" style=\"--smush-placeholder-width: 1024px; --smush-placeholder-aspect-ratio: 1024\/575;\" data-original-sizes=\"(max-width: 1024px) 100vw, 1024px\">\t\t\t\t\t<\/a>\n\t\t\t\t\t\t\t<\/div>\n\t\t\t\t\t\t<h4 class=\"uagb-post__title uagb-post__text\">\n\t\t\t\t<a href=\"https:\/\/www.motorprosa.com\/en\/dream-roads-the-susten-pass-2224-m\/\" target=\"_self\" rel=\"bookmark noopener noreferrer\">Dream Roads: The Susten Pass (2224 m)<\/a>\n\t\t\t<\/h4>\n\t\t\t\t\t\t<div class='uagb-post__text uagb-post-grid-byline'>\n\t\t\t\t\t\t\t\t<span class=\"uagb-post__comment\">\n\t\t\t\t<span class=\"dashicons-admin-comments dashicons\"><\/span>\t\t\t\t\tNo Comments\t\t\t\t<\/span>\n\t\t\t\t\t\t<\/div>\n\t\t\t\t\t\t\t<div class='uagb-post__text uagb-post__excerpt'>\n\t\t\t\t\tImagine if someone came up with the idea of building a road in the middle of the Alps just for tourist pleasure. <br>Unimaginable?\t\t\t\t<\/div>\n\t\t\t\n\t\t\t\t\t\t\t\t\t<\/article>\n\t\t\t\t\t\t\t\t\t\t\t\t\t\t\t\t<article class=\"uagb-post__inner-wrap\">\t\t\t\t\t\t\t\t<div class='uagb-post__image'>\n\t\t\t\t\t\t\t\t\t<a href=\"https:\/\/www.motorprosa.com\/en\/dream-roads-the-furka-pass-2429-m\/\" target=\"_self\" rel=\"bookmark noopener noreferrer\" class=\"uagb-image-ratio-inherit\"><img decoding=\"async\" width=\"1024\" height=\"575\" data-src=\"https:\/\/b2642856.assetcdn.net\/2.0\/2642856\/wp-content\/uploads\/2022\/09\/motorprosa-blog-header-furkapass-1-effekt-1024x575.jpg?lossy=1&strip=1&webp=1\" class=\"attachment-large size-large lazyload\" alt=\"MotorProsa Blog: Header (Effekt) Furkapass\" data-srcset=\"https:\/\/b2642856.assetcdn.net\/2.0\/2642856\/wp-content\/uploads\/2022\/09\/motorprosa-blog-header-furkapass-1-effekt-1024x575.jpg?lossy=1&strip=1&webp=1 1024w, https:\/\/b2642856.assetcdn.net\/2.0\/2642856\/wp-content\/uploads\/2022\/09\/motorprosa-blog-header-furkapass-1-effekt-300x169.jpg?lossy=1&strip=1&webp=1 300w, https:\/\/b2642856.assetcdn.net\/2.0\/2642856\/wp-content\/uploads\/2022\/09\/motorprosa-blog-header-furkapass-1-effekt-768x431.jpg?lossy=1&strip=1&webp=1 768w, https:\/\/b2642856.assetcdn.net\/2.0\/2642856\/wp-content\/uploads\/2022\/09\/motorprosa-blog-header-furkapass-1-effekt.jpg?lossy=1&strip=1&webp=1 1200w, https:\/\/b2642856.assetcdn.net\/2.0\/2642856\/wp-content\/uploads\/2022\/09\/motorprosa-blog-header-furkapass-1-effekt.jpg?size=240x135&lossy=1&strip=1&webp=1 240w, https:\/\/b2642856.assetcdn.net\/2.0\/2642856\/wp-content\/uploads\/2022\/09\/motorprosa-blog-header-furkapass-1-effekt.jpg?size=480x270&lossy=1&strip=1&webp=1 480w, https:\/\/b2642856.assetcdn.net\/2.0\/2642856\/wp-content\/uploads\/2022\/09\/motorprosa-blog-header-furkapass-1-effekt.jpg?size=960x539&lossy=1&strip=1&webp=1 960w\" data-sizes=\"auto\" title=\"\" src=\"data:image\/svg+xml;base64,PHN2ZyB3aWR0aD0iMSIgaGVpZ2h0PSIxIiB4bWxucz0iaHR0cDovL3d3dy53My5vcmcvMjAwMC9zdmciPjwvc3ZnPg==\" style=\"--smush-placeholder-width: 1024px; --smush-placeholder-aspect-ratio: 1024\/575;\" data-original-sizes=\"(max-width: 1024px) 100vw, 1024px\">\t\t\t\t\t<\/a>\n\t\t\t\t\t\t\t<\/div>\n\t\t\t\t\t\t<h4 class=\"uagb-post__title uagb-post__text\">\n\t\t\t\t<a href=\"https:\/\/www.motorprosa.com\/en\/dream-roads-the-furka-pass-2429-m\/\" target=\"_self\" rel=\"bookmark noopener noreferrer\">Dream Roads: The Furka Pass (2429 m)<\/a>\n\t\t\t<\/h4>\n\t\t\t\t\t\t<div class='uagb-post__text uagb-post-grid-byline'>\n\t\t\t\t\t\t\t\t<span class=\"uagb-post__comment\">\n\t\t\t\t<span class=\"dashicons-admin-comments dashicons\"><\/span>\t\t\t\t\tNo Comments\t\t\t\t<\/span>\n\t\t\t\t\t\t<\/div>\n\t\t\t\t\t\t\t<div class='uagb-post__text uagb-post__excerpt'>\n\t\t\t\t\tThe Furka Pass. When I saw this epic road for the first time \u2013 from the ramp of the Grimsel Pass \u2013 only one thing&#8230;\t\t\t\t<\/div>\n\t\t\t\n\t\t\t\t\t\t\t\t\t<\/article>\n\t\t\t\t\t\t\t\t\t\t\t\t\t<div class=\"uagb-post-pagination-wrap\">\n\t\t\t\t\t\t<span aria-current=\"page\" class=\"page-numbers current\">1<\/span>\n<a class=\"page-numbers\" href=\"https:\/\/www.motorprosa.com\/en\/wp-json\/wp\/v2\/posts\/229311\/page\/2\/\">2<\/a>\n<a class=\"page-numbers\" href=\"https:\/\/www.motorprosa.com\/en\/wp-json\/wp\/v2\/posts\/229311\/page\/3\/\">3<\/a>\n<a class=\"next page-numbers\" href=\"https:\/\/www.motorprosa.com\/en\/wp-json\/wp\/v2\/posts\/229311\/page\/2\/\">\u00bb<\/a>\t\t\t\t\t<\/div>\n\t\t\t\t\t\t\t\t<\/div>\n\t\t\t","protected":false},"excerpt":{"rendered":"<p>The Col du Galibier\u00a0\u2013 we visited this French giant in summer 2022. An impressive landscape experience.<\/p>\n","protected":false},"author":1,"featured_media":129999,"comment_status":"open","ping_status":"closed","sticky":false,"template":"","format":"standard","meta":{"_uag_custom_page_level_css":"","_lmt_disableupdate":"","_lmt_disable":"","yasr_overall_rating":0,"yasr_post_is_review":"","yasr_auto_insert_disabled":"","yasr_review_type":"","footnotes":""},"categories":[536,535],"tags":[],"class_list":["post-229311","post","type-post","status-publish","format-standard","has-post-thumbnail","hentry","category-dream-roads","category-publications","infinite-scroll-item","generate-columns","tablet-grid-50","mobile-grid-100","grid-parent","grid-50","no-featured-image-padding"],"yasr_visitor_votes":{"stars_attributes":{"read_only":false,"span_bottom":false},"number_of_votes":0,"sum_votes":0},"modified_by":"J\u00fcrgen 'JvS' Theiner","uagb_featured_image_src":{"full":["https:\/\/www.motorprosa.com\/wp-content\/uploads\/2023\/08\/MotorProsa-Blog-Header-Col-du-Galibier-1-Effekt.jpg",1200,674,false],"thumbnail":["https:\/\/www.motorprosa.com\/wp-content\/uploads\/2023\/08\/MotorProsa-Blog-Header-Col-du-Galibier-1-Effekt-150x150.jpg",150,150,true],"medium":["https:\/\/www.motorprosa.com\/wp-content\/uploads\/2023\/08\/MotorProsa-Blog-Header-Col-du-Galibier-1-Effekt-300x169.jpg",300,169,true],"medium_large":["https:\/\/www.motorprosa.com\/wp-content\/uploads\/2023\/08\/MotorProsa-Blog-Header-Col-du-Galibier-1-Effekt-768x431.jpg",768,431,true],"large":["https:\/\/www.motorprosa.com\/wp-content\/uploads\/2023\/08\/MotorProsa-Blog-Header-Col-du-Galibier-1-Effekt-1024x575.jpg",1024,575,true],"1536x1536":["https:\/\/www.motorprosa.com\/wp-content\/uploads\/2023\/08\/MotorProsa-Blog-Header-Col-du-Galibier-1-Effekt.jpg",1200,674,false],"2048x2048":["https:\/\/www.motorprosa.com\/wp-content\/uploads\/2023\/08\/MotorProsa-Blog-Header-Col-du-Galibier-1-Effekt.jpg",1200,674,false],"mailpoet_newsletter_max":["https:\/\/www.motorprosa.com\/wp-content\/uploads\/2023\/08\/MotorProsa-Blog-Header-Col-du-Galibier-1-Effekt.jpg",1200,674,false]},"uagb_author_info":{"display_name":"J\u00fcrgen 'JvS' Theiner","author_link":"https:\/\/www.motorprosa.com\/en\/author\/infomotorprosa-com\/"},"uagb_comment_info":0,"uagb_excerpt":"The Col du Galibier\u00a0\u2013 we visited this French giant in summer 2022. An impressive landscape experience.","_links":{"self":[{"href":"https:\/\/www.motorprosa.com\/en\/wp-json\/wp\/v2\/posts\/229311","targetHints":{"allow":["GET"]}}],"collection":[{"href":"https:\/\/www.motorprosa.com\/en\/wp-json\/wp\/v2\/posts"}],"about":[{"href":"https:\/\/www.motorprosa.com\/en\/wp-json\/wp\/v2\/types\/post"}],"author":[{"embeddable":true,"href":"https:\/\/www.motorprosa.com\/en\/wp-json\/wp\/v2\/users\/1"}],"replies":[{"embeddable":true,"href":"https:\/\/www.motorprosa.com\/en\/wp-json\/wp\/v2\/comments?post=229311"}],"version-history":[{"count":0,"href":"https:\/\/www.motorprosa.com\/en\/wp-json\/wp\/v2\/posts\/229311\/revisions"}],"wp:featuredmedia":[{"embeddable":true,"href":"https:\/\/www.motorprosa.com\/en\/wp-json\/wp\/v2\/media\/129999"}],"wp:attachment":[{"href":"https:\/\/www.motorprosa.com\/en\/wp-json\/wp\/v2\/media?parent=229311"}],"wp:term":[{"taxonomy":"category","embeddable":true,"href":"https:\/\/www.motorprosa.com\/en\/wp-json\/wp\/v2\/categories?post=229311"},{"taxonomy":"post_tag","embeddable":true,"href":"https:\/\/www.motorprosa.com\/en\/wp-json\/wp\/v2\/tags?post=229311"}],"curies":[{"name":"wp","href":"https:\/\/api.w.org\/{rel}","templated":true}]}}