{"id":227139,"date":"2023-09-17T18:00:31","date_gmt":"2023-09-17T17:00:31","guid":{"rendered":"https:\/\/www.motorprosa.com\/?p=227139"},"modified":"2024-02-21T19:41:05","modified_gmt":"2024-02-21T17:41:05","slug":"dream-roads-the-col-dizoard-2360-m","status":"publish","type":"post","link":"https:\/\/www.motorprosa.com\/en\/dream-roads-the-col-dizoard-2360-m\/","title":{"rendered":"Dream Roads: The Col d\u2019Izoard (2360 m)"},"content":{"rendered":"\n<figure class=\"wp-block-image alignwide size-large\"><img decoding=\"async\" width=\"1024\" height=\"544\" data-src=\"https:\/\/b2642856.assetcdn.net\/2.0\/2642856\/wp-content\/uploads\/2023\/09\/MotorProsa-Blog-Header-Col-d-Izoard-1-1024x544.jpg?lossy=1&strip=1&webp=1\" alt=\"MotorProsa Blog: Header Col d&#039;Izoard\" class=\"wp-image-161888 lazyload\" title=\"\" data-srcset=\"https:\/\/b2642856.assetcdn.net\/2.0\/2642856\/wp-content\/uploads\/2023\/09\/MotorProsa-Blog-Header-Col-d-Izoard-1-1024x544.jpg?lossy=1&strip=1&webp=1 1024w, https:\/\/b2642856.assetcdn.net\/2.0\/2642856\/wp-content\/uploads\/2023\/09\/MotorProsa-Blog-Header-Col-d-Izoard-1-300x159.jpg?lossy=1&strip=1&webp=1 300w, https:\/\/b2642856.assetcdn.net\/2.0\/2642856\/wp-content\/uploads\/2023\/09\/MotorProsa-Blog-Header-Col-d-Izoard-1-768x408.jpg?lossy=1&strip=1&webp=1 768w, https:\/\/b2642856.assetcdn.net\/2.0\/2642856\/wp-content\/uploads\/2023\/09\/MotorProsa-Blog-Header-Col-d-Izoard-1.jpg?lossy=1&strip=1&webp=1 1200w, https:\/\/b2642856.assetcdn.net\/2.0\/2642856\/wp-content\/uploads\/2023\/09\/MotorProsa-Blog-Header-Col-d-Izoard-1.jpg?size=240x128&lossy=1&strip=1&webp=1 240w, https:\/\/b2642856.assetcdn.net\/2.0\/2642856\/wp-content\/uploads\/2023\/09\/MotorProsa-Blog-Header-Col-d-Izoard-1.jpg?size=480x255&lossy=1&strip=1&webp=1 480w, https:\/\/b2642856.assetcdn.net\/2.0\/2642856\/wp-content\/uploads\/2023\/09\/MotorProsa-Blog-Header-Col-d-Izoard-1.jpg?size=960x510&lossy=1&strip=1&webp=1 960w\" data-sizes=\"auto\" src=\"data:image\/svg+xml;base64,PHN2ZyB3aWR0aD0iMSIgaGVpZ2h0PSIxIiB4bWxucz0iaHR0cDovL3d3dy53My5vcmcvMjAwMC9zdmciPjwvc3ZnPg==\" style=\"--smush-placeholder-width: 1024px; --smush-placeholder-aspect-ratio: 1024\/544;\" data-original-sizes=\"(max-width: 1024px) 100vw, 1024px\" \/><\/figure>\n\n\n\n<p class=\"wp-block-paragraph\"><strong><em>The Col d&#8217;Izoard: I rode it many years ago on a Harley-Davidson as part of an extremely speedy tour group, bringing back only a single photo&nbsp;\u2013 and no memories. That&#8217;s different now: In the summer of 2022, Uli from <a href=\"http:\/\/www.moppetfoto.de\" target=\"_blank\" rel=\"noreferrer noopener\">moppetfoto.de<\/a>, Julia from <a href=\"https:\/\/maedchenmotorrad.de\" target=\"_blank\" rel=\"noreferrer noopener\">maedchenmotorrad.de<\/a> and I visited this classic of the Route des Grandes Alpes and took our time.<\/em><\/strong><\/p>\n\n\n\n<figure class=\"wp-block-image size-large\"><img decoding=\"async\" width=\"1024\" height=\"60\" data-src=\"https:\/\/b2642856.assetcdn.net\/2.0\/2642856\/wp-content\/uploads\/2020\/02\/Trenner-1024x60-1.png?lossy=1&strip=1&webp=1\" alt=\"Das Symbol von MotorProsa: die F\u00fcllfeder.\" class=\"wp-image-441 lazyload\" title=\"MotorProsa: Motorrad-Geschichten, geschrieben mit Passion\" data-srcset=\"https:\/\/b2642856.assetcdn.net\/2.0\/2642856\/wp-content\/uploads\/2020\/02\/Trenner-1024x60-1.png?lossy=1&strip=1&webp=1 1024w, https:\/\/b2642856.assetcdn.net\/2.0\/2642856\/wp-content\/uploads\/2020\/02\/Trenner-1024x60-1-300x18.png?lossy=1&strip=1&webp=1 300w, https:\/\/b2642856.assetcdn.net\/2.0\/2642856\/wp-content\/uploads\/2020\/02\/Trenner-1024x60-1-768x45.png?lossy=1&strip=1&webp=1 768w, https:\/\/b2642856.assetcdn.net\/2.0\/2642856\/wp-content\/uploads\/2020\/02\/Trenner-1024x60-1.png?size=240x14&lossy=1&strip=1&webp=1 240w, https:\/\/b2642856.assetcdn.net\/2.0\/2642856\/wp-content\/uploads\/2020\/02\/Trenner-1024x60-1.png?size=480x28&lossy=1&strip=1&webp=1 480w, https:\/\/b2642856.assetcdn.net\/2.0\/2642856\/wp-content\/uploads\/2020\/02\/Trenner-1024x60-1.png?size=960x56&lossy=1&strip=1&webp=1 960w\" data-sizes=\"auto\" src=\"data:image\/svg+xml;base64,PHN2ZyB3aWR0aD0iMSIgaGVpZ2h0PSIxIiB4bWxucz0iaHR0cDovL3d3dy53My5vcmcvMjAwMC9zdmciPjwvc3ZnPg==\" style=\"--smush-placeholder-width: 1024px; --smush-placeholder-aspect-ratio: 1024\/60;\" data-original-sizes=\"(max-width: 1024px) 100vw, 1024px\" \/><\/figure>\n\n\n\n<div style=\"height:50px\" aria-hidden=\"true\" class=\"wp-block-spacer\"><\/div>\n\n\n\n<hr class=\"wp-block-separator has-css-opacity\"\/>\n\n\n\n<p class=\"wp-block-paragraph\">This story about the Col d\u2019Izoard appeared in the &#8220;Passportrait&#8221; series in <a href=\"https:\/\/www.motorradonline.de\" target=\"_blank\" rel=\"noreferrer noopener\"><strong>MOTORRAD<\/strong><\/a>, Europe&#8217;s largest motorbike magazine, issue <a href=\"https:\/\/shop.motorpresse.de\/zeitschriften\/motorrad\/motorrad\/einzelhefte\/digital\/motorrad-15-2023-download.html\" target=\"_blank\" rel=\"noreferrer noopener\">15.2023<\/a> (July). The Passportrait is a collaboration between Uli from <a href=\"http:\/\/www.moppetfoto.de\" target=\"_blank\" rel=\"noreferrer noopener\">www.moppetfoto.de<\/a> and myself.<\/p>\n\n\n\n<hr class=\"wp-block-separator has-css-opacity\"\/>\n\n\n\n<p class=\"has-text-align-center has-background wp-block-paragraph\" style=\"background-color:#c8e4f5\"><strong>Before you read, please note<\/strong>: this post was translated with the help of <a href=\"https:\/\/www.deepl.com\/\" target=\"_blank\" rel=\"noreferrer noopener\">Deepl<\/a>.<br>If you find any errors \u2013 please have fun first and then give me a hint.<\/p>\n\n\n\n<p class=\"wp-block-paragraph\">The Col d&#8217;Izoard is located in the French department of Hautes-Alpes and connects Brian\u00e7on (1220 m) in the north-west with the Guil valley (1266 m) and the village of Guillestre (1000 m) in the south-east. It is the third highest pass on the Route des Grandes Alpes and overcomes a difference in altitude of 1141 m over a distance of approx. 35 kilometres.<\/p>\n\n\n\n<p class=\"wp-block-paragraph\">Its valley villages can be reached more easily and quickly along the Durance&nbsp;\u2013 so the Col d&#8217;Izoard is basically of no importance for transport in the region. Instead, it fascinates with its marvellous course through dense forests and along deep gorges, and especially with its desert summit area.<\/p>\n\n\n\n<p class=\"wp-block-paragraph\">At Brian\u00e7on, the D902 initially winds its way through a residential neighbourhood and only slowly gains height. Undulating, bumpy and literally a wake-up call, it follows the Cerveyrette, which has carved a mighty gorge into the rock. Otherwise, the route does not demand much: the village of Cervieres is reached without any narrow sections or hairpin bends. Behind it, a grey mountain massif rises upwards, surrounded by mighty scree slopes.<\/p>\n\n\n\n<p class=\"wp-block-paragraph\">Fittingly, the village consists of narrowly built stone houses and attracts attention as you drive past, despite the screaming winter sports adverts. The green spaces around the village are littered with piles of stones \u2013 making renovation easy.<\/p>\n\n\n\n<p class=\"wp-block-paragraph\">Up to this point, the road was of neglected design, wedged between a pressing mountain and bent crash barriers, scarred by rockfalls and torn by destructive weather. From Le Laus, however, it becomes a marvellous playground for anything that rolls.<\/p>\n\n\n\n<figure class=\"wp-block-image size-full my-image-border\"><img decoding=\"async\" width=\"1024\" height=\"683\" data-src=\"https:\/\/b2642856.assetcdn.net\/2.0\/2642856\/wp-content\/uploads\/2023\/09\/MotorProsa-Blog-Post-Col-d-Izoard-1.jpg?lossy=1&strip=1&webp=1\" alt=\"Encounters of a special kind: naturally on the Col d&#039;Izoard (Photo: www.moppetfoto.de)\" class=\"wp-image-161912 lazyload\" title=\"\" data-srcset=\"https:\/\/b2642856.assetcdn.net\/2.0\/2642856\/wp-content\/uploads\/2023\/09\/MotorProsa-Blog-Post-Col-d-Izoard-1.jpg?lossy=1&strip=1&webp=1 1024w, https:\/\/b2642856.assetcdn.net\/2.0\/2642856\/wp-content\/uploads\/2023\/09\/MotorProsa-Blog-Post-Col-d-Izoard-1-300x200.jpg?lossy=1&strip=1&webp=1 300w, https:\/\/b2642856.assetcdn.net\/2.0\/2642856\/wp-content\/uploads\/2023\/09\/MotorProsa-Blog-Post-Col-d-Izoard-1-768x512.jpg?lossy=1&strip=1&webp=1 768w, https:\/\/b2642856.assetcdn.net\/2.0\/2642856\/wp-content\/uploads\/2023\/09\/MotorProsa-Blog-Post-Col-d-Izoard-1.jpg?size=240x160&lossy=1&strip=1&webp=1 240w, https:\/\/b2642856.assetcdn.net\/2.0\/2642856\/wp-content\/uploads\/2023\/09\/MotorProsa-Blog-Post-Col-d-Izoard-1.jpg?size=480x320&lossy=1&strip=1&webp=1 480w, https:\/\/b2642856.assetcdn.net\/2.0\/2642856\/wp-content\/uploads\/2023\/09\/MotorProsa-Blog-Post-Col-d-Izoard-1.jpg?size=960x640&lossy=1&strip=1&webp=1 960w\" data-sizes=\"auto\" src=\"data:image\/svg+xml;base64,PHN2ZyB3aWR0aD0iMSIgaGVpZ2h0PSIxIiB4bWxucz0iaHR0cDovL3d3dy53My5vcmcvMjAwMC9zdmciPjwvc3ZnPg==\" style=\"--smush-placeholder-width: 1024px; --smush-placeholder-aspect-ratio: 1024\/683;\" data-original-sizes=\"(max-width: 1024px) 100vw, 1024px\" \/><figcaption class=\"wp-element-caption\"><br><h3>Encounters of a special kind: naturally on the Col d&#8217;Izoard<br>(Photo: www.moppetfoto.de)<\/h3><\/figcaption><\/figure>\n\n\n\n<p class=\"wp-block-paragraph\">A lane reserved for cyclists up to the top of the pass and steles with information on distance, altitude and the current gradient ensure shared enjoyment. The enviably beautiful tarmac is also celebrated by longboarders, some fully clad in leather, others with their hands clad only in motorbike knee sliders. Downhill, they perform crazy acrobatics and uphill, ten of them crammed into a single car, they demonstrate the laid-back French way of life.<\/p>\n\n\n\n<p class=\"wp-block-paragraph\">The finest hairpin bends, flowing and, if desired, quickly drivable, allow for a marvellous motorbike dance. Nature outdoes itself between the serpentines, which follow each other in quick succession, sometimes drifting steeply upwards and&nbsp;\u2013 naturally&nbsp;\u2013 supported by stone walls. The forest floor is covered in a rarely seen abundance of plants and the air is so densely populated with insects that it is highly recommended that you ride with your visor closed.<\/p>\n\n\n\n<p class=\"wp-block-paragraph\">This vegetation sensation extends to just below the pass, the tree line is in the immediate vicinity of the Refuge Napoleon at 2108 metres above sea level. There, from the best possible vantage point, you get your first glimpse of the characteristic Izoard summit region.<\/p>\n\n\n\n<p class=\"wp-block-paragraph\">In the middle of an arena of yellow-white stone, framed by the scars of torrents falling into the valley and crowned by dissolving limestone, which from a distance resembles the crests of waves, the last five hairpin bends wind their way up to the pass. At their apexes, photographers hunt for the perfect angled photo, numerous cairns greet you in the sparsely growing grass.<\/p>\n\n\n\n<p class=\"wp-block-paragraph\">In dark gravel fields, yellow-grey rock figures cast long shadows over the scree. Individual trees defy the rough, high alpine weather, standing proudly in the middle of the rock.<\/p>\n\n\n\n<figure class=\"wp-block-image size-full my-image-border\"><img decoding=\"async\" width=\"1024\" height=\"683\" data-src=\"https:\/\/b2642856.assetcdn.net\/2.0\/2642856\/wp-content\/uploads\/2023\/09\/MotorProsa-Blog-Post-Col-d-Izoard-6.jpg?lossy=1&strip=1&webp=1\" alt=\"Rich in stones: fun on the Col d&#039;Izoard (Photo: www.moppetfoto.de)\" class=\"wp-image-161902 lazyload\" title=\"\" data-srcset=\"https:\/\/b2642856.assetcdn.net\/2.0\/2642856\/wp-content\/uploads\/2023\/09\/MotorProsa-Blog-Post-Col-d-Izoard-6.jpg?lossy=1&strip=1&webp=1 1024w, https:\/\/b2642856.assetcdn.net\/2.0\/2642856\/wp-content\/uploads\/2023\/09\/MotorProsa-Blog-Post-Col-d-Izoard-6-300x200.jpg?lossy=1&strip=1&webp=1 300w, https:\/\/b2642856.assetcdn.net\/2.0\/2642856\/wp-content\/uploads\/2023\/09\/MotorProsa-Blog-Post-Col-d-Izoard-6-768x512.jpg?lossy=1&strip=1&webp=1 768w, https:\/\/b2642856.assetcdn.net\/2.0\/2642856\/wp-content\/uploads\/2023\/09\/MotorProsa-Blog-Post-Col-d-Izoard-6.jpg?size=240x160&lossy=1&strip=1&webp=1 240w, https:\/\/b2642856.assetcdn.net\/2.0\/2642856\/wp-content\/uploads\/2023\/09\/MotorProsa-Blog-Post-Col-d-Izoard-6.jpg?size=480x320&lossy=1&strip=1&webp=1 480w, https:\/\/b2642856.assetcdn.net\/2.0\/2642856\/wp-content\/uploads\/2023\/09\/MotorProsa-Blog-Post-Col-d-Izoard-6.jpg?size=960x640&lossy=1&strip=1&webp=1 960w\" data-sizes=\"auto\" src=\"data:image\/svg+xml;base64,PHN2ZyB3aWR0aD0iMSIgaGVpZ2h0PSIxIiB4bWxucz0iaHR0cDovL3d3dy53My5vcmcvMjAwMC9zdmciPjwvc3ZnPg==\" style=\"--smush-placeholder-width: 1024px; --smush-placeholder-aspect-ratio: 1024\/683;\" data-original-sizes=\"(max-width: 1024px) 100vw, 1024px\" \/><figcaption class=\"wp-element-caption\"><br><h3>Rich in stones: fun on the Col d&#8217;Izoard<br>(Photo: www.moppetfoto.de)<\/h3><\/figcaption><\/figure>\n\n\n\n<p class=\"wp-block-paragraph\">The Col d&#8217;Izoard pass will still be disarmingly simple in the summer of 2022, but extensive construction work will change this. An obelisk erected on the plateau in 1934 tells the story of this crossing and honours the builder General Baron Berge, who with his troops carried out the design and construction of the &#8220;Route des Alpes&#8221;. To the right is a museum with information on the history of cycling, and a paved car park will be added in place of the open area left to itself.<\/p>\n\n\n\n<p class=\"wp-block-paragraph\">The route over the plateau is short, and the road immediately descends towards Queyras. On the mountainside opposite, huge flocks of sheep provide an animalistic soundscape that easily drowns out the Torrent de l&#8217;Izoard, which has its source here.<\/p>\n\n\n\n<figure class=\"wp-block-image size-full my-image-border\"><img decoding=\"async\" width=\"1024\" height=\"683\" data-src=\"https:\/\/b2642856.assetcdn.net\/2.0\/2642856\/wp-content\/uploads\/2023\/09\/MotorProsa-Blog-Post-Col-d-Izoard-5.jpg?lossy=1&strip=1&webp=1\" alt=\"Unusual at this altitude: first-class road surface (Photo: www.moppetfoto.de)\" class=\"wp-image-161920 lazyload\" title=\"\" data-srcset=\"https:\/\/b2642856.assetcdn.net\/2.0\/2642856\/wp-content\/uploads\/2023\/09\/MotorProsa-Blog-Post-Col-d-Izoard-5.jpg?lossy=1&strip=1&webp=1 1024w, https:\/\/b2642856.assetcdn.net\/2.0\/2642856\/wp-content\/uploads\/2023\/09\/MotorProsa-Blog-Post-Col-d-Izoard-5-300x200.jpg?lossy=1&strip=1&webp=1 300w, https:\/\/b2642856.assetcdn.net\/2.0\/2642856\/wp-content\/uploads\/2023\/09\/MotorProsa-Blog-Post-Col-d-Izoard-5-768x512.jpg?lossy=1&strip=1&webp=1 768w, https:\/\/b2642856.assetcdn.net\/2.0\/2642856\/wp-content\/uploads\/2023\/09\/MotorProsa-Blog-Post-Col-d-Izoard-5.jpg?size=240x160&lossy=1&strip=1&webp=1 240w, https:\/\/b2642856.assetcdn.net\/2.0\/2642856\/wp-content\/uploads\/2023\/09\/MotorProsa-Blog-Post-Col-d-Izoard-5.jpg?size=480x320&lossy=1&strip=1&webp=1 480w, https:\/\/b2642856.assetcdn.net\/2.0\/2642856\/wp-content\/uploads\/2023\/09\/MotorProsa-Blog-Post-Col-d-Izoard-5.jpg?size=960x640&lossy=1&strip=1&webp=1 960w\" data-sizes=\"auto\" src=\"data:image\/svg+xml;base64,PHN2ZyB3aWR0aD0iMSIgaGVpZ2h0PSIxIiB4bWxucz0iaHR0cDovL3d3dy53My5vcmcvMjAwMC9zdmciPjwvc3ZnPg==\" style=\"--smush-placeholder-width: 1024px; --smush-placeholder-aspect-ratio: 1024\/683;\" data-original-sizes=\"(max-width: 1024px) 100vw, 1024px\" \/><figcaption class=\"wp-element-caption\"><br><h3>Unusual at this altitude: first-class road surface<br>(Photo: www.moppetfoto.de)<\/h3><\/figcaption><\/figure>\n\n\n\n<p class=\"wp-block-paragraph\">Three sweeping hairpin bends, garnished&nbsp;\u2013 no, littered&nbsp;\u2013 with Tour de France graffiti, lead down into the valley and merge into a narrowing carriageway. As is typical in France, this road runs unsecured along the edge of the precipice and actually demands all attention. But in the corner of your eye, a captivating landscape emerges, which you would rather have located in a distant desert.<\/p>\n\n\n\n<p class=\"wp-block-paragraph\">The Casse D\u00e9serte: Hundreds of metres wide piles of rubble tower down from the mountain ridges, probably even obstructing the road during heavy rainfall&nbsp;\u2013 traces of heavy construction machinery speak for themselves. Rugged, huge and wild rock formations protrude from the rubble, broken, torn, weathered, overgrown only by the toughest high mountain plants, changing colour depending on the position of the sun.<\/p>\n\n\n\n<figure class=\"wp-block-image size-full my-image-border\"><img decoding=\"async\" width=\"1024\" height=\"683\" data-src=\"https:\/\/b2642856.assetcdn.net\/2.0\/2642856\/wp-content\/uploads\/2023\/09\/MotorProsa-Blog-Post-Col-d-Izoard-7.jpg?lossy=1&strip=1&webp=1\" alt=\"A very special accommodation: the Refuge Napoleon on the Col d&#039;Izoard (Photo: www.moppetfoto.de)\" class=\"wp-image-161906 lazyload\" title=\"\" data-srcset=\"https:\/\/b2642856.assetcdn.net\/2.0\/2642856\/wp-content\/uploads\/2023\/09\/MotorProsa-Blog-Post-Col-d-Izoard-7.jpg?lossy=1&strip=1&webp=1 1024w, https:\/\/b2642856.assetcdn.net\/2.0\/2642856\/wp-content\/uploads\/2023\/09\/MotorProsa-Blog-Post-Col-d-Izoard-7-300x200.jpg?lossy=1&strip=1&webp=1 300w, https:\/\/b2642856.assetcdn.net\/2.0\/2642856\/wp-content\/uploads\/2023\/09\/MotorProsa-Blog-Post-Col-d-Izoard-7-768x512.jpg?lossy=1&strip=1&webp=1 768w, https:\/\/b2642856.assetcdn.net\/2.0\/2642856\/wp-content\/uploads\/2023\/09\/MotorProsa-Blog-Post-Col-d-Izoard-7.jpg?size=240x160&lossy=1&strip=1&webp=1 240w, https:\/\/b2642856.assetcdn.net\/2.0\/2642856\/wp-content\/uploads\/2023\/09\/MotorProsa-Blog-Post-Col-d-Izoard-7.jpg?size=480x320&lossy=1&strip=1&webp=1 480w, https:\/\/b2642856.assetcdn.net\/2.0\/2642856\/wp-content\/uploads\/2023\/09\/MotorProsa-Blog-Post-Col-d-Izoard-7.jpg?size=960x640&lossy=1&strip=1&webp=1 960w\" data-sizes=\"auto\" src=\"data:image\/svg+xml;base64,PHN2ZyB3aWR0aD0iMSIgaGVpZ2h0PSIxIiB4bWxucz0iaHR0cDovL3d3dy53My5vcmcvMjAwMC9zdmciPjwvc3ZnPg==\" style=\"--smush-placeholder-width: 1024px; --smush-placeholder-aspect-ratio: 1024\/683;\" data-original-sizes=\"(max-width: 1024px) 100vw, 1024px\" \/><figcaption class=\"wp-element-caption\"><br><h3>A very special accommodation: The Refuge Napoleon on the Col d&#8217;Izoard<br>(Photo: www.moppetfoto.de)<\/h3><\/figcaption><\/figure>\n\n\n\n<p class=\"wp-block-paragraph\">This spectacle lasts for half a kilometre&nbsp;\u2013 it is an overwhelming succession of impressions. Since time immemorial, once fused limestone and gypsum have been eroding here at different speeds, creating surreal effects.<\/p>\n\n\n\n<p class=\"wp-block-paragraph\">Stopping directly in the Casse D\u00e9serte is not recommended, but neither is riding too fast. This is because nature doesn&#8217;t care about astonished people during its quarry activities, constantly throwing rubble. The car park at the nearby Col de la Pl\u00e2tri\u00e8re offers the opportunity to marvel at the whole thing in peace and safety. And from a distance, no-one would probably think of building a road through it&nbsp;\u2013 lucky for us, General Berge and his men did. The impressions of the Izoard summit landscape linger long after the journey continues.<\/p>\n\n\n\n<figure class=\"wp-block-image size-full my-image-border\"><img decoding=\"async\" width=\"1024\" height=\"484\" data-src=\"https:\/\/b2642856.assetcdn.net\/2.0\/2642856\/wp-content\/uploads\/2024\/01\/MotorProsa-Blog-Post-Col-d-Izoard-1.jpg?lossy=1&strip=1&webp=1\" alt=\"Casse D\u00e9serte\" class=\"wp-image-227172 lazyload\" title=\"\" data-srcset=\"https:\/\/b2642856.assetcdn.net\/2.0\/2642856\/wp-content\/uploads\/2024\/01\/MotorProsa-Blog-Post-Col-d-Izoard-1.jpg?lossy=1&strip=1&webp=1 1024w, https:\/\/b2642856.assetcdn.net\/2.0\/2642856\/wp-content\/uploads\/2024\/01\/MotorProsa-Blog-Post-Col-d-Izoard-1-300x142.jpg?lossy=1&strip=1&webp=1 300w, https:\/\/b2642856.assetcdn.net\/2.0\/2642856\/wp-content\/uploads\/2024\/01\/MotorProsa-Blog-Post-Col-d-Izoard-1-768x363.jpg?lossy=1&strip=1&webp=1 768w, https:\/\/b2642856.assetcdn.net\/2.0\/2642856\/wp-content\/uploads\/2024\/01\/MotorProsa-Blog-Post-Col-d-Izoard-1.jpg?size=240x113&lossy=1&strip=1&webp=1 240w, https:\/\/b2642856.assetcdn.net\/2.0\/2642856\/wp-content\/uploads\/2024\/01\/MotorProsa-Blog-Post-Col-d-Izoard-1.jpg?size=480x227&lossy=1&strip=1&webp=1 480w, https:\/\/b2642856.assetcdn.net\/2.0\/2642856\/wp-content\/uploads\/2024\/01\/MotorProsa-Blog-Post-Col-d-Izoard-1.jpg?size=960x454&lossy=1&strip=1&webp=1 960w\" data-sizes=\"auto\" src=\"data:image\/svg+xml;base64,PHN2ZyB3aWR0aD0iMSIgaGVpZ2h0PSIxIiB4bWxucz0iaHR0cDovL3d3dy53My5vcmcvMjAwMC9zdmciPjwvc3ZnPg==\" style=\"--smush-placeholder-width: 1024px; --smush-placeholder-aspect-ratio: 1024\/484;\" data-original-sizes=\"(max-width: 1024px) 100vw, 1024px\" \/><figcaption class=\"wp-element-caption\"><br><h3>Casse D\u00e9serte<\/h3><\/figcaption><\/figure>\n\n\n\n<p class=\"wp-block-paragraph\">Eight partly elevated and first-class hairpin bends lie along the route to the south. A bitumen-free paradise of bends, actually ideal for getting back into the flow of bends after the captivating amazement of the summit region. However, the D902 only winds briefly through the dense forest before descending unspectacularly, evenly and without tight bends towards Arvieux.<\/p>\n\n\n\n<p class=\"wp-block-paragraph\">A few kilometres later, at Ch\u00e2teau-Queyras, the road turns off into the Guil valley and follows the river, sometimes to the left, sometimes to the right, as far as Guillestre. The character is typically French: coarsely mixed asphalt that gnaws aggressively at the tyres, bordered on the uphill side by rough-hewn rock, on the downhill side a wall, at best only knee-high, protects against the uninhibited view into the stream bed.<\/p>\n\n\n\n<p class=\"wp-block-paragraph\">Before the road winds its way high above the deeply incised, narrow Combe du Queyras through traffic-light-controlled, single-lane and unlit tunnels, the Guil greets you once again: dammed and with a penetrating green colour.<\/p>\n\n\n\n<figure class=\"wp-block-image size-full my-image-border\"><img decoding=\"async\" width=\"1024\" height=\"683\" data-src=\"https:\/\/b2642856.assetcdn.net\/2.0\/2642856\/wp-content\/uploads\/2023\/09\/MotorProsa-Blog-Post-Col-d-Izoard-3.jpg?lossy=1&strip=1&webp=1\" alt=\"Fascinating play of colours in the early morning (Photo: www.moppetfoto.de)\" class=\"wp-image-161910 lazyload\" title=\"\" data-srcset=\"https:\/\/b2642856.assetcdn.net\/2.0\/2642856\/wp-content\/uploads\/2023\/09\/MotorProsa-Blog-Post-Col-d-Izoard-3.jpg?lossy=1&strip=1&webp=1 1024w, https:\/\/b2642856.assetcdn.net\/2.0\/2642856\/wp-content\/uploads\/2023\/09\/MotorProsa-Blog-Post-Col-d-Izoard-3-300x200.jpg?lossy=1&strip=1&webp=1 300w, https:\/\/b2642856.assetcdn.net\/2.0\/2642856\/wp-content\/uploads\/2023\/09\/MotorProsa-Blog-Post-Col-d-Izoard-3-768x512.jpg?lossy=1&strip=1&webp=1 768w, https:\/\/b2642856.assetcdn.net\/2.0\/2642856\/wp-content\/uploads\/2023\/09\/MotorProsa-Blog-Post-Col-d-Izoard-3.jpg?size=240x160&lossy=1&strip=1&webp=1 240w, https:\/\/b2642856.assetcdn.net\/2.0\/2642856\/wp-content\/uploads\/2023\/09\/MotorProsa-Blog-Post-Col-d-Izoard-3.jpg?size=480x320&lossy=1&strip=1&webp=1 480w, https:\/\/b2642856.assetcdn.net\/2.0\/2642856\/wp-content\/uploads\/2023\/09\/MotorProsa-Blog-Post-Col-d-Izoard-3.jpg?size=960x640&lossy=1&strip=1&webp=1 960w\" data-sizes=\"auto\" src=\"data:image\/svg+xml;base64,PHN2ZyB3aWR0aD0iMSIgaGVpZ2h0PSIxIiB4bWxucz0iaHR0cDovL3d3dy53My5vcmcvMjAwMC9zdmciPjwvc3ZnPg==\" style=\"--smush-placeholder-width: 1024px; --smush-placeholder-aspect-ratio: 1024\/683;\" data-original-sizes=\"(max-width: 1024px) 100vw, 1024px\" \/><figcaption class=\"wp-element-caption\"><br><h3>Fascinating play of colours in the early morning<br>(Photo: www.moppetfoto.de)<\/h3><\/figcaption><\/figure>\n\n\n\n<p class=\"wp-block-paragraph\">The ride over the Col d&#8217;Izoard is a must&nbsp;\u2013 a scenic and driving treat!<\/p>\n\n\n\n<hr class=\"wp-block-separator has-alpha-channel-opacity\"\/>\n\n\n\n<div style=\"height:50px\" aria-hidden=\"true\" class=\"wp-block-spacer\"><\/div>\n\n\n\n<h2 class=\"wp-block-heading\" id=\"h-dankesch-ns-high-fives\">Passportrait Col d\u2019Izoard: Thank-Yous, High-Fives &amp; Links<\/h2>\n\n\n\n<ul class=\"wp-block-list\">\n<li><strong><a href=\"https:\/\/luhta.com\/de\/de\/b\/rukka-motorsport\" target=\"_blank\" rel=\"noreferrer noopener sponsored\">Rukka Motorsport<br><\/a><\/strong>On the ride to and over the Col d&#8217;Izoard, my <a href=\"https:\/\/www.motorprosa.com\/ausprobiert-offlane-von-rukka\/\">Rukka textile suit and gloves<\/a> once again served me well<\/li>\n\n\n\n<li><a href=\"https:\/\/sw-motech.com\" class=\"blc-broken-link\" data-blc-broken=\"1\"><strong>SW-Motech<br><\/strong><\/a>All our motorbikes were travelling with the spacious <a href=\"https:\/\/sw-motech.com\/Produkte\/Gepaeck\/Hecktaschen\/PRO+Hecktaschen\/4052572206775.htm\" target=\"_blank\" rel=\"noreferrer noopener sponsored\">Pro Travelbag<\/a> rear bag and the super-practical <a href=\"https:\/\/sw-motech.com\/Produkte\/Gepaeck\/Tankrucksack\/PRO+Tankrucksack\/4052572182291.htm\" target=\"_blank\" rel=\"noreferrer noopener sponsored\">Pro Enduro<\/a> tank bags from SW-Motech<\/li>\n\n\n\n<li><a href=\"https:\/\/www.nolangroup.de\" class=\"blc-broken-link\" data-blc-broken=\"1\"><strong>Nolangroup Deutschland<br><\/strong><\/a>The ingenious <a href=\"https:\/\/www.nolangroup.de\/product-page\/x-lite-x-1005-ultra-carbon-cheyenne-n-com-15\" target=\"_blank\" rel=\"noreferrer noopener sponsored\">X-lite X-1005 Ultra Carbon<\/a> has proven itself once again: Top helmet, on the ride and for photography<\/li>\n\n\n\n<li><a href=\"http:\/\/www.countryroad.ch\" target=\"_blank\" rel=\"noopener\"><strong>Country Road Alpnach \u2013 Zero Zentralschweiz<br><\/strong><\/a>Many thanks, Isa, for the technical support and for looking after the Zero SR and SR\/F!<\/li>\n\n\n\n<li><strong><a href=\"https:\/\/provence-alpes-cotedazur.com\/\" target=\"_blank\" rel=\"noreferrer noopener\">Comit\u00e9 R\u00e9gional de Tourisme Provence-Alpes-C\u00f4te d\u2019Azur<br><\/a><\/strong>Un grand merci pour votre pr\u00e9cieux soutien !<\/li>\n<\/ul>\n\n\n\n<div style=\"height:25px\" aria-hidden=\"true\" class=\"wp-block-spacer\"><\/div>\n\n\n<!--Yasr Visitor Votes Shortcode--><div id='yasr_visitor_votes_62fc96a42aa67' class='yasr-visitor-votes'><div class=\"yasr-custom-text-vv-before yasr-custom-text-vv-before-227139\">Bewerte diesen Beitrag \/\/ Rate this post <\/div><div id='yasr-vv-second-row-container-62fc96a42aa67'\r\n                                        class='yasr-vv-second-row-container'><div id='yasr-visitor-votes-rater-62fc96a42aa67'\r\n                                      class='yasr-rater-stars-vv'\r\n                                      data-rater-postid='227139'\r\n                                      data-rating='0'\r\n                                      data-rater-starsize='32'\r\n                                      data-rater-readonly='false'\r\n                                      data-rater-nonce='d4ca20a83d'\r\n                                      data-issingular='false'\r\n                                    ><\/div><div class=\"yasr-vv-stats-text-container\" id=\"yasr-vv-stats-text-container-62fc96a42aa67\"><svg xmlns=\"https:\/\/www.w3.org\/2000\/svg\" width=\"20\" height=\"20\"\r\n                                   class=\"yasr-dashicons-visitor-stats\"\r\n                                   data-postid=\"227139\"\r\n                                   id=\"yasr-stats-dashicon-62fc96a42aa67\">\r\n                                   <path d=\"M18 18v-16h-4v16h4zM12 18v-11h-4v11h4zM6 18v-8h-4v8h4z\"><\/path>\r\n                               <\/svg><span id=\"yasr-vv-text-container-62fc96a42aa67\" class=\"yasr-vv-text-container\"><\/span><\/div><div id='yasr-vv-loader-62fc96a42aa67' class='yasr-vv-container-loader'><\/div><\/div><div id='yasr-vv-bottom-container-62fc96a42aa67'\r\n                              class='yasr-vv-bottom-container'\r\n                              style='display:none'><\/div><\/div><!--End Yasr Visitor Votes Shortcode-->\n\n\n\n<div style=\"height:25px\" aria-hidden=\"true\" class=\"wp-block-spacer\"><\/div>\n\n\n<div class=\"ShariffSC my-image-border\"><div class=\"shariff shariff-align-left shariff-widget-align-left shariff-buttonstretch\" data-services=\"facebook\" data-url=\"https:\/\/www.motorprosa.com\/en\/dream-roads-the-col-dizoard-2360-m\/\" data-timestamp=\"1708544465\" data-backendurl=\"https:\/\/www.motorprosa.com\/en\/wp-json\/shariff\/v1\/share_counts?\"><ul class=\"shariff-buttons theme-white orientation-horizontal buttonsize-medium\"><li class=\"shariff-button facebook shariff-nocustomcolor\" style=\"background-color:#4273c8\"><a href=\"https:\/\/www.facebook.com\/sharer\/sharer.php?u=https%3A%2F%2Fwww.motorprosa.com%2Fen%2Fdream-roads-the-col-dizoard-2360-m%2F\" title=\"Share on Facebook\" aria-label=\"Share on Facebook\" role=\"button\" rel=\"nofollow\" class=\"shariff-link\" style=\"; background-color:#3b5998; color:#3b5998\" target=\"_blank\"><span class=\"shariff-icon\" style=\"fill:#3b5998\"><svg width=\"32px\" height=\"20px\" xmlns=\"http:\/\/www.w3.org\/2000\/svg\" viewBox=\"0 0 18 32\"><path fill=\"#3b5998\" d=\"M17.1 0.2v4.7h-2.8q-1.5 0-2.1 0.6t-0.5 1.9v3.4h5.2l-0.7 5.3h-4.5v13.6h-5.5v-13.6h-4.5v-5.3h4.5v-3.9q0-3.3 1.9-5.2t5-1.8q2.6 0 4.1 0.2z\"\/><\/svg><\/span><span class=\"shariff-text\" style=\"color:#3b5998\">share<\/span>&nbsp;<\/a><\/li><li class=\"shariff-button bluesky shariff-nocustomcolor\" style=\"background-color:#84c4ff\"><a href=\"https:\/\/bsky.app\/intent\/compose?text=Dream%20Roads%3A%20The%20Col%20d%E2%80%99Izoard%20%282360%20m%29 https%3A%2F%2Fwww.motorprosa.com%2Fen%2Fdream-roads-the-col-dizoard-2360-m%2F  via @motorprosa.com\" title=\"Share on Bluesky\" aria-label=\"Share on Bluesky\" role=\"button\" rel=\"noopener nofollow\" class=\"shariff-link\" style=\"; background-color:#0085ff; color:#0085ff\" target=\"_blank\"><span class=\"shariff-icon\" style=\"fill:#0085ff\"><svg width=\"20\" height=\"20\" version=\"1.1\" xmlns=\"http:\/\/www.w3.org\/2000\/svg\" viewBox=\"0 0 20 20\"><path class=\"st0\" d=\"M4.89,3.12c2.07,1.55,4.3,4.71,5.11,6.4.82-1.69,3.04-4.84,5.11-6.4,1.49-1.12,3.91-1.99,3.91.77,0,.55-.32,4.63-.5,5.3-.64,2.3-2.99,2.89-5.08,2.54,3.65.62,4.58,2.68,2.57,4.74-3.81,3.91-5.48-.98-5.9-2.23-.08-.23-.11-.34-.12-.25,0-.09-.04.02-.12.25-.43,1.25-2.09,6.14-5.9,2.23-2.01-2.06-1.08-4.12,2.57-4.74-2.09.36-4.44-.23-5.08-2.54-.19-.66-.5-4.74-.5-5.3,0-2.76,2.42-1.89,3.91-.77h0Z\"\/><\/svg><\/span><span class=\"shariff-text\" style=\"color:#0085ff\">share<\/span>&nbsp;<\/a><\/li><li class=\"shariff-button linkedin shariff-nocustomcolor\" style=\"background-color:#1488bf\"><a href=\"https:\/\/www.linkedin.com\/sharing\/share-offsite\/?url=https%3A%2F%2Fwww.motorprosa.com%2Fen%2Fdream-roads-the-col-dizoard-2360-m%2F\" title=\"Share on LinkedIn\" aria-label=\"Share on LinkedIn\" role=\"button\" rel=\"noopener nofollow\" class=\"shariff-link\" style=\"; background-color:#0077b5; color:#0077b5\" target=\"_blank\"><span class=\"shariff-icon\" style=\"fill:#0077b5\"><svg width=\"32px\" height=\"20px\" xmlns=\"http:\/\/www.w3.org\/2000\/svg\" viewBox=\"0 0 27 32\"><path fill=\"#0077b5\" d=\"M6.2 11.2v17.7h-5.9v-17.7h5.9zM6.6 5.7q0 1.3-0.9 2.2t-2.4 0.9h0q-1.5 0-2.4-0.9t-0.9-2.2 0.9-2.2 2.4-0.9 2.4 0.9 0.9 2.2zM27.4 18.7v10.1h-5.9v-9.5q0-1.9-0.7-2.9t-2.3-1.1q-1.1 0-1.9 0.6t-1.2 1.5q-0.2 0.5-0.2 1.4v9.9h-5.9q0-7.1 0-11.6t0-5.3l0-0.9h5.9v2.6h0q0.4-0.6 0.7-1t1-0.9 1.6-0.8 2-0.3q3 0 4.9 2t1.9 6z\"\/><\/svg><\/span><span class=\"shariff-text\" style=\"color:#0077b5\">share<\/span>&nbsp;<\/a><\/li><\/ul><\/div><\/div>\n\n\n\n<div style=\"height:50px\" aria-hidden=\"true\" class=\"wp-block-spacer\"><\/div>\n\n\n\n<h3 class=\"wp-block-heading\" id=\"bestens-dazu-passend\"><strong><strong>Perfectly matching:<\/strong><\/strong><\/h3>\n\n\n\n\t\t\t<div class=\"wp-block-uagb-post-grid uagb-post-grid  uagb-post__image-position-top uagb-post__image-enabled uagb-block-8cff3254     uagb-post__items uagb-post__columns-3 is-grid uagb-post__columns-tablet-2 uagb-post__columns-mobile-1 uagb-post__equal-height\" data-total=\"3\" style=\"\">\n\n\t\t\t\t\t\t\t\t\t\t\t\t<article class=\"uagb-post__inner-wrap\">\t\t\t\t\t\t\t\t<div class='uagb-post__image'>\n\t\t\t\t\t\t\t\t\t<a href=\"https:\/\/www.motorprosa.com\/en\/lets-climb-the-stelvio-together\/\" target=\"_self\" rel=\"bookmark noopener noreferrer\" class=\"uagb-image-ratio-inherit\"><img decoding=\"async\" width=\"1024\" height=\"559\" data-src=\"https:\/\/b2642856.assetcdn.net\/2.0\/2642856\/wp-content\/uploads\/2021\/10\/motorprosa-blog-header-gemeinsam-aufs-joch-effekt-1024x559.jpg?lossy=1&strip=1&webp=1\" class=\"attachment-large size-large lazyload\" alt=\"MotorProsa: Gemeinsam auf&#039;s Stilfser Joch\" data-srcset=\"https:\/\/b2642856.assetcdn.net\/2.0\/2642856\/wp-content\/uploads\/2021\/10\/motorprosa-blog-header-gemeinsam-aufs-joch-effekt-1024x559.jpg?lossy=1&strip=1&webp=1 1024w, https:\/\/b2642856.assetcdn.net\/2.0\/2642856\/wp-content\/uploads\/2021\/10\/motorprosa-blog-header-gemeinsam-aufs-joch-effekt-300x164.jpg?lossy=1&strip=1&webp=1 300w, https:\/\/b2642856.assetcdn.net\/2.0\/2642856\/wp-content\/uploads\/2021\/10\/motorprosa-blog-header-gemeinsam-aufs-joch-effekt.jpg?lossy=1&strip=1&webp=1 1200w, https:\/\/b2642856.assetcdn.net\/2.0\/2642856\/wp-content\/uploads\/2021\/10\/motorprosa-blog-header-gemeinsam-aufs-joch-effekt.jpg?size=240x131&lossy=1&strip=1&webp=1 240w, https:\/\/b2642856.assetcdn.net\/2.0\/2642856\/wp-content\/uploads\/2021\/10\/motorprosa-blog-header-gemeinsam-aufs-joch-effekt.jpg?size=480x262&lossy=1&strip=1&webp=1 480w, https:\/\/b2642856.assetcdn.net\/2.0\/2642856\/wp-content\/uploads\/2021\/10\/motorprosa-blog-header-gemeinsam-aufs-joch-effekt.jpg?size=720x393&lossy=1&strip=1&webp=1 720w, https:\/\/b2642856.assetcdn.net\/2.0\/2642856\/wp-content\/uploads\/2021\/10\/motorprosa-blog-header-gemeinsam-aufs-joch-effekt.jpg?size=960x524&lossy=1&strip=1&webp=1 960w\" data-sizes=\"auto\" title=\"\" src=\"data:image\/svg+xml;base64,PHN2ZyB3aWR0aD0iMSIgaGVpZ2h0PSIxIiB4bWxucz0iaHR0cDovL3d3dy53My5vcmcvMjAwMC9zdmciPjwvc3ZnPg==\" style=\"--smush-placeholder-width: 1024px; --smush-placeholder-aspect-ratio: 1024\/559;\" data-original-sizes=\"(max-width: 1024px) 100vw, 1024px\">\t\t\t\t\t<\/a>\n\t\t\t\t\t\t\t<\/div>\n\t\t\t\t\t\t<h4 class=\"uagb-post__title uagb-post__text\">\n\t\t\t\t<a href=\"https:\/\/www.motorprosa.com\/en\/lets-climb-the-stelvio-together\/\" target=\"_self\" rel=\"bookmark noopener noreferrer\">Let&#8217;s climb the Stelvio together!<\/a>\n\t\t\t<\/h4>\n\t\t\t\t\t\t<div class='uagb-post__text uagb-post-grid-byline'>\n\t\t\t\t\t\t\t\t<span class=\"uagb-post__comment\">\n\t\t\t\t<span class=\"dashicons-admin-comments dashicons\"><\/span>\t\t\t\t\tNo Comments\t\t\t\t<\/span>\n\t\t\t\t\t\t<\/div>\n\t\t\t\t\t\t\t<div class='uagb-post__text uagb-post__excerpt'>\n\t\t\t\t\tFancy playing a mind game? &#8217;cause car drivers, cyclists and motorcyclists travel together on the Stelvio \u2013 what might be going through their minds?\t\t\t\t<\/div>\n\t\t\t\n\t\t\t\t\t\t\t\t\t<\/article>\n\t\t\t\t\t\t\t\t\t\t\t\t\t\t\t\t<article class=\"uagb-post__inner-wrap\">\t\t\t\t\t\t\t\t<div class='uagb-post__image'>\n\t\t\t\t\t\t\t\t\t<a href=\"https:\/\/www.motorprosa.com\/en\/stelvio-count-from-1-to-10\/\" target=\"_self\" rel=\"bookmark noopener noreferrer\" class=\"uagb-image-ratio-inherit\"><img decoding=\"async\" width=\"1024\" height=\"559\" data-src=\"https:\/\/b2642856.assetcdn.net\/2.0\/2642856\/wp-content\/uploads\/2021\/10\/motorprosa-blog-header-zaehl-von-1-bis-10-effekt-1024x559.jpg?lossy=1&strip=1&webp=1\" class=\"attachment-large size-large lazyload\" alt=\"MotorProsa: Stilfserjoch - Z\u00e4hl von 1 bis 10\" data-srcset=\"https:\/\/b2642856.assetcdn.net\/2.0\/2642856\/wp-content\/uploads\/2021\/10\/motorprosa-blog-header-zaehl-von-1-bis-10-effekt-1024x559.jpg?lossy=1&strip=1&webp=1 1024w, https:\/\/b2642856.assetcdn.net\/2.0\/2642856\/wp-content\/uploads\/2021\/10\/motorprosa-blog-header-zaehl-von-1-bis-10-effekt-300x164.jpg?lossy=1&strip=1&webp=1 300w, https:\/\/b2642856.assetcdn.net\/2.0\/2642856\/wp-content\/uploads\/2021\/10\/motorprosa-blog-header-zaehl-von-1-bis-10-effekt.jpg?lossy=1&strip=1&webp=1 1200w, https:\/\/b2642856.assetcdn.net\/2.0\/2642856\/wp-content\/uploads\/2021\/10\/motorprosa-blog-header-zaehl-von-1-bis-10-effekt.jpg?size=240x131&lossy=1&strip=1&webp=1 240w, https:\/\/b2642856.assetcdn.net\/2.0\/2642856\/wp-content\/uploads\/2021\/10\/motorprosa-blog-header-zaehl-von-1-bis-10-effekt.jpg?size=480x262&lossy=1&strip=1&webp=1 480w, https:\/\/b2642856.assetcdn.net\/2.0\/2642856\/wp-content\/uploads\/2021\/10\/motorprosa-blog-header-zaehl-von-1-bis-10-effekt.jpg?size=720x393&lossy=1&strip=1&webp=1 720w, https:\/\/b2642856.assetcdn.net\/2.0\/2642856\/wp-content\/uploads\/2021\/10\/motorprosa-blog-header-zaehl-von-1-bis-10-effekt.jpg?size=960x524&lossy=1&strip=1&webp=1 960w\" data-sizes=\"auto\" title=\"\" src=\"data:image\/svg+xml;base64,PHN2ZyB3aWR0aD0iMSIgaGVpZ2h0PSIxIiB4bWxucz0iaHR0cDovL3d3dy53My5vcmcvMjAwMC9zdmciPjwvc3ZnPg==\" style=\"--smush-placeholder-width: 1024px; --smush-placeholder-aspect-ratio: 1024\/559;\" data-original-sizes=\"(max-width: 1024px) 100vw, 1024px\">\t\t\t\t\t<\/a>\n\t\t\t\t\t\t\t<\/div>\n\t\t\t\t\t\t<h4 class=\"uagb-post__title uagb-post__text\">\n\t\t\t\t<a href=\"https:\/\/www.motorprosa.com\/en\/stelvio-count-from-1-to-10\/\" target=\"_self\" rel=\"bookmark noopener noreferrer\">Stelvio &#8211; Count from 1 to 10!<\/a>\n\t\t\t<\/h4>\n\t\t\t\t\t\t<div class='uagb-post__text uagb-post-grid-byline'>\n\t\t\t\t\t\t\t\t<span class=\"uagb-post__comment\">\n\t\t\t\t<span class=\"dashicons-admin-comments dashicons\"><\/span>\t\t\t\t\tNo Comments\t\t\t\t<\/span>\n\t\t\t\t\t\t<\/div>\n\t\t\t\t\t\t\t<div class='uagb-post__text uagb-post__excerpt'>\n\t\t\t\t\tA picture gallery of the first 10 hairpin bends of the Stelvio, the &#8220;world wonder of road construction&#8221;. <br><br>Have fun looking at them!\t\t\t\t<\/div>\n\t\t\t\n\t\t\t\t\t\t\t\t\t<\/article>\n\t\t\t\t\t\t\t\t\t\t\t\t\t\t\t\t<article class=\"uagb-post__inner-wrap\">\t\t\t\t\t\t\t\t<div class='uagb-post__image'>\n\t\t\t\t\t\t\t\t\t<a href=\"https:\/\/www.motorprosa.com\/en\/magical-moments\/\" target=\"_self\" rel=\"bookmark noopener noreferrer\" class=\"uagb-image-ratio-inherit\"><img decoding=\"async\" width=\"1024\" height=\"559\" data-src=\"https:\/\/b2642856.assetcdn.net\/2.0\/2642856\/wp-content\/uploads\/2021\/10\/motorprosa-blog-header-magische-momente-effekt-1024x559.jpg?lossy=1&strip=1&webp=1\" class=\"attachment-large size-large lazyload\" alt=\"MotorProsa: Magische Momente\" data-srcset=\"https:\/\/b2642856.assetcdn.net\/2.0\/2642856\/wp-content\/uploads\/2021\/10\/motorprosa-blog-header-magische-momente-effekt-1024x559.jpg?lossy=1&strip=1&webp=1 1024w, https:\/\/b2642856.assetcdn.net\/2.0\/2642856\/wp-content\/uploads\/2021\/10\/motorprosa-blog-header-magische-momente-effekt-300x164.jpg?lossy=1&strip=1&webp=1 300w, https:\/\/b2642856.assetcdn.net\/2.0\/2642856\/wp-content\/uploads\/2021\/10\/motorprosa-blog-header-magische-momente-effekt.jpg?lossy=1&strip=1&webp=1 1200w, https:\/\/b2642856.assetcdn.net\/2.0\/2642856\/wp-content\/uploads\/2021\/10\/motorprosa-blog-header-magische-momente-effekt.jpg?size=240x131&lossy=1&strip=1&webp=1 240w, https:\/\/b2642856.assetcdn.net\/2.0\/2642856\/wp-content\/uploads\/2021\/10\/motorprosa-blog-header-magische-momente-effekt.jpg?size=480x262&lossy=1&strip=1&webp=1 480w, https:\/\/b2642856.assetcdn.net\/2.0\/2642856\/wp-content\/uploads\/2021\/10\/motorprosa-blog-header-magische-momente-effekt.jpg?size=720x393&lossy=1&strip=1&webp=1 720w, https:\/\/b2642856.assetcdn.net\/2.0\/2642856\/wp-content\/uploads\/2021\/10\/motorprosa-blog-header-magische-momente-effekt.jpg?size=960x524&lossy=1&strip=1&webp=1 960w\" data-sizes=\"auto\" title=\"\" src=\"data:image\/svg+xml;base64,PHN2ZyB3aWR0aD0iMSIgaGVpZ2h0PSIxIiB4bWxucz0iaHR0cDovL3d3dy53My5vcmcvMjAwMC9zdmciPjwvc3ZnPg==\" style=\"--smush-placeholder-width: 1024px; --smush-placeholder-aspect-ratio: 1024\/559;\" data-original-sizes=\"(max-width: 1024px) 100vw, 1024px\">\t\t\t\t\t<\/a>\n\t\t\t\t\t\t\t<\/div>\n\t\t\t\t\t\t<h4 class=\"uagb-post__title uagb-post__text\">\n\t\t\t\t<a href=\"https:\/\/www.motorprosa.com\/en\/magical-moments\/\" target=\"_self\" rel=\"bookmark noopener noreferrer\">Magical Moments<\/a>\n\t\t\t<\/h4>\n\t\t\t\t\t\t<div class='uagb-post__text uagb-post-grid-byline'>\n\t\t\t\t\t\t\t\t<span class=\"uagb-post__comment\">\n\t\t\t\t<span class=\"dashicons-admin-comments dashicons\"><\/span>\t\t\t\t\tNo Comments\t\t\t\t<\/span>\n\t\t\t\t\t\t<\/div>\n\t\t\t\t\t\t\t<div class='uagb-post__text uagb-post__excerpt'>\n\t\t\t\t\tSunrise at an altitude of 2,800 metres \u2013 experiencing the beginning of a new day on the Stelvio is always unique.\t\t\t\t<\/div>\n\t\t\t\n\t\t\t\t\t\t\t\t\t<\/article>\n\t\t\t\t\t\t\t\t\t\t\t\t\t\t\t\t<article class=\"uagb-post__inner-wrap\">\t\t\t\t\t\t\t\t<div class='uagb-post__image'>\n\t\t\t\t\t\t\t\t\t<a href=\"https:\/\/www.motorprosa.com\/en\/dream-roads-the-gavia-pass-2621-m\/\" target=\"_self\" rel=\"bookmark noopener noreferrer\" class=\"uagb-image-ratio-inherit\"><img decoding=\"async\" width=\"1024\" height=\"559\" data-src=\"https:\/\/b2642856.assetcdn.net\/2.0\/2642856\/wp-content\/uploads\/2021\/10\/motorprosa-portrait-einer-traumstrasse-der-gavia-1024x559.jpg?lossy=1&strip=1&webp=1\" class=\"attachment-large size-large lazyload\" alt=\"Portrait einer Traumstra\u00dfe: der Gaviapass (Effekt)\" data-srcset=\"https:\/\/b2642856.assetcdn.net\/2.0\/2642856\/wp-content\/uploads\/2021\/10\/motorprosa-portrait-einer-traumstrasse-der-gavia-1024x559.jpg?lossy=1&strip=1&webp=1 1024w, https:\/\/b2642856.assetcdn.net\/2.0\/2642856\/wp-content\/uploads\/2021\/10\/motorprosa-portrait-einer-traumstrasse-der-gavia-300x164.jpg?lossy=1&strip=1&webp=1 300w, https:\/\/b2642856.assetcdn.net\/2.0\/2642856\/wp-content\/uploads\/2021\/10\/motorprosa-portrait-einer-traumstrasse-der-gavia.jpg?lossy=1&strip=1&webp=1 1200w, https:\/\/b2642856.assetcdn.net\/2.0\/2642856\/wp-content\/uploads\/2021\/10\/motorprosa-portrait-einer-traumstrasse-der-gavia.jpg?size=240x131&lossy=1&strip=1&webp=1 240w, https:\/\/b2642856.assetcdn.net\/2.0\/2642856\/wp-content\/uploads\/2021\/10\/motorprosa-portrait-einer-traumstrasse-der-gavia.jpg?size=480x262&lossy=1&strip=1&webp=1 480w, https:\/\/b2642856.assetcdn.net\/2.0\/2642856\/wp-content\/uploads\/2021\/10\/motorprosa-portrait-einer-traumstrasse-der-gavia.jpg?size=720x393&lossy=1&strip=1&webp=1 720w, https:\/\/b2642856.assetcdn.net\/2.0\/2642856\/wp-content\/uploads\/2021\/10\/motorprosa-portrait-einer-traumstrasse-der-gavia.jpg?size=960x524&lossy=1&strip=1&webp=1 960w\" data-sizes=\"auto\" title=\"\" src=\"data:image\/svg+xml;base64,PHN2ZyB3aWR0aD0iMSIgaGVpZ2h0PSIxIiB4bWxucz0iaHR0cDovL3d3dy53My5vcmcvMjAwMC9zdmciPjwvc3ZnPg==\" style=\"--smush-placeholder-width: 1024px; --smush-placeholder-aspect-ratio: 1024\/559;\" data-original-sizes=\"(max-width: 1024px) 100vw, 1024px\">\t\t\t\t\t<\/a>\n\t\t\t\t\t\t\t<\/div>\n\t\t\t\t\t\t<h4 class=\"uagb-post__title uagb-post__text\">\n\t\t\t\t<a href=\"https:\/\/www.motorprosa.com\/en\/dream-roads-the-gavia-pass-2621-m\/\" target=\"_self\" rel=\"bookmark noopener noreferrer\">Dream Roads: The Gavia Pass (2621 m)<\/a>\n\t\t\t<\/h4>\n\t\t\t\t\t\t<div class='uagb-post__text uagb-post-grid-byline'>\n\t\t\t\t\t\t\t\t<span class=\"uagb-post__comment\">\n\t\t\t\t<span class=\"dashicons-admin-comments dashicons\"><\/span>\t\t\t\t\tNo Comments\t\t\t\t<\/span>\n\t\t\t\t\t\t<\/div>\n\t\t\t\t\t\t\t<div class='uagb-post__text uagb-post__excerpt'>\n\t\t\t\t\tNot the number 1 in terms of altitude \u2013 but definitely right up there in terms of experience: the Gavia. In the shadow of the&#8230;\t\t\t\t<\/div>\n\t\t\t\n\t\t\t\t\t\t\t\t\t<\/article>\n\t\t\t\t\t\t\t\t\t\t\t\t\t\t\t\t<article class=\"uagb-post__inner-wrap\">\t\t\t\t\t\t\t\t<div class='uagb-post__image'>\n\t\t\t\t\t\t\t\t\t<a href=\"https:\/\/www.motorprosa.com\/en\/dream-roads-the-susten-pass-2224-m\/\" target=\"_self\" rel=\"bookmark noopener noreferrer\" class=\"uagb-image-ratio-inherit\"><img decoding=\"async\" width=\"1024\" height=\"575\" data-src=\"https:\/\/b2642856.assetcdn.net\/2.0\/2642856\/wp-content\/uploads\/2022\/01\/motorprosa-blog-header-traumstrasse-sustenpass-effekt-1-1024x575.jpg?lossy=1&strip=1&webp=1\" class=\"attachment-large size-large lazyload\" alt=\"MotorProsa: Traumstrasse Sustenpass (Effekt)\" data-srcset=\"https:\/\/b2642856.assetcdn.net\/2.0\/2642856\/wp-content\/uploads\/2022\/01\/motorprosa-blog-header-traumstrasse-sustenpass-effekt-1-1024x575.jpg?lossy=1&strip=1&webp=1 1024w, https:\/\/b2642856.assetcdn.net\/2.0\/2642856\/wp-content\/uploads\/2022\/01\/motorprosa-blog-header-traumstrasse-sustenpass-effekt-1-300x169.jpg?lossy=1&strip=1&webp=1 300w, https:\/\/b2642856.assetcdn.net\/2.0\/2642856\/wp-content\/uploads\/2022\/01\/motorprosa-blog-header-traumstrasse-sustenpass-effekt-1.jpg?lossy=1&strip=1&webp=1 1200w, https:\/\/b2642856.assetcdn.net\/2.0\/2642856\/wp-content\/uploads\/2022\/01\/motorprosa-blog-header-traumstrasse-sustenpass-effekt-1.jpg?size=240x135&lossy=1&strip=1&webp=1 240w, https:\/\/b2642856.assetcdn.net\/2.0\/2642856\/wp-content\/uploads\/2022\/01\/motorprosa-blog-header-traumstrasse-sustenpass-effekt-1.jpg?size=480x270&lossy=1&strip=1&webp=1 480w, https:\/\/b2642856.assetcdn.net\/2.0\/2642856\/wp-content\/uploads\/2022\/01\/motorprosa-blog-header-traumstrasse-sustenpass-effekt-1.jpg?size=720x404&lossy=1&strip=1&webp=1 720w, https:\/\/b2642856.assetcdn.net\/2.0\/2642856\/wp-content\/uploads\/2022\/01\/motorprosa-blog-header-traumstrasse-sustenpass-effekt-1.jpg?size=960x539&lossy=1&strip=1&webp=1 960w\" data-sizes=\"auto\" title=\"\" src=\"data:image\/svg+xml;base64,PHN2ZyB3aWR0aD0iMSIgaGVpZ2h0PSIxIiB4bWxucz0iaHR0cDovL3d3dy53My5vcmcvMjAwMC9zdmciPjwvc3ZnPg==\" style=\"--smush-placeholder-width: 1024px; --smush-placeholder-aspect-ratio: 1024\/575;\" data-original-sizes=\"(max-width: 1024px) 100vw, 1024px\">\t\t\t\t\t<\/a>\n\t\t\t\t\t\t\t<\/div>\n\t\t\t\t\t\t<h4 class=\"uagb-post__title uagb-post__text\">\n\t\t\t\t<a href=\"https:\/\/www.motorprosa.com\/en\/dream-roads-the-susten-pass-2224-m\/\" target=\"_self\" rel=\"bookmark noopener noreferrer\">Dream Roads: The Susten Pass (2224 m)<\/a>\n\t\t\t<\/h4>\n\t\t\t\t\t\t<div class='uagb-post__text uagb-post-grid-byline'>\n\t\t\t\t\t\t\t\t<span class=\"uagb-post__comment\">\n\t\t\t\t<span class=\"dashicons-admin-comments dashicons\"><\/span>\t\t\t\t\tNo Comments\t\t\t\t<\/span>\n\t\t\t\t\t\t<\/div>\n\t\t\t\t\t\t\t<div class='uagb-post__text uagb-post__excerpt'>\n\t\t\t\t\tImagine if someone came up with the idea of building a road in the middle of the Alps just for tourist pleasure. <br>Unimaginable?\t\t\t\t<\/div>\n\t\t\t\n\t\t\t\t\t\t\t\t\t<\/article>\n\t\t\t\t\t\t\t\t\t\t\t\t\t\t\t\t<article class=\"uagb-post__inner-wrap\">\t\t\t\t\t\t\t\t<div class='uagb-post__image'>\n\t\t\t\t\t\t\t\t\t<a href=\"https:\/\/www.motorprosa.com\/en\/dream-roads-the-furka-pass-2429-m\/\" target=\"_self\" rel=\"bookmark noopener noreferrer\" class=\"uagb-image-ratio-inherit\"><img decoding=\"async\" width=\"1024\" height=\"575\" data-src=\"https:\/\/b2642856.assetcdn.net\/2.0\/2642856\/wp-content\/uploads\/2022\/09\/motorprosa-blog-header-furkapass-1-effekt-1024x575.jpg?lossy=1&strip=1&webp=1\" class=\"attachment-large size-large lazyload\" alt=\"MotorProsa Blog: Header (Effekt) Furkapass\" data-srcset=\"https:\/\/b2642856.assetcdn.net\/2.0\/2642856\/wp-content\/uploads\/2022\/09\/motorprosa-blog-header-furkapass-1-effekt-1024x575.jpg?lossy=1&strip=1&webp=1 1024w, https:\/\/b2642856.assetcdn.net\/2.0\/2642856\/wp-content\/uploads\/2022\/09\/motorprosa-blog-header-furkapass-1-effekt-300x169.jpg?lossy=1&strip=1&webp=1 300w, https:\/\/b2642856.assetcdn.net\/2.0\/2642856\/wp-content\/uploads\/2022\/09\/motorprosa-blog-header-furkapass-1-effekt-768x431.jpg?lossy=1&strip=1&webp=1 768w, https:\/\/b2642856.assetcdn.net\/2.0\/2642856\/wp-content\/uploads\/2022\/09\/motorprosa-blog-header-furkapass-1-effekt.jpg?lossy=1&strip=1&webp=1 1200w, https:\/\/b2642856.assetcdn.net\/2.0\/2642856\/wp-content\/uploads\/2022\/09\/motorprosa-blog-header-furkapass-1-effekt.jpg?size=240x135&lossy=1&strip=1&webp=1 240w, https:\/\/b2642856.assetcdn.net\/2.0\/2642856\/wp-content\/uploads\/2022\/09\/motorprosa-blog-header-furkapass-1-effekt.jpg?size=480x270&lossy=1&strip=1&webp=1 480w, https:\/\/b2642856.assetcdn.net\/2.0\/2642856\/wp-content\/uploads\/2022\/09\/motorprosa-blog-header-furkapass-1-effekt.jpg?size=960x539&lossy=1&strip=1&webp=1 960w\" data-sizes=\"auto\" title=\"\" src=\"data:image\/svg+xml;base64,PHN2ZyB3aWR0aD0iMSIgaGVpZ2h0PSIxIiB4bWxucz0iaHR0cDovL3d3dy53My5vcmcvMjAwMC9zdmciPjwvc3ZnPg==\" style=\"--smush-placeholder-width: 1024px; --smush-placeholder-aspect-ratio: 1024\/575;\" data-original-sizes=\"(max-width: 1024px) 100vw, 1024px\">\t\t\t\t\t<\/a>\n\t\t\t\t\t\t\t<\/div>\n\t\t\t\t\t\t<h4 class=\"uagb-post__title uagb-post__text\">\n\t\t\t\t<a href=\"https:\/\/www.motorprosa.com\/en\/dream-roads-the-furka-pass-2429-m\/\" target=\"_self\" rel=\"bookmark noopener noreferrer\">Dream Roads: The Furka Pass (2429 m)<\/a>\n\t\t\t<\/h4>\n\t\t\t\t\t\t<div class='uagb-post__text uagb-post-grid-byline'>\n\t\t\t\t\t\t\t\t<span class=\"uagb-post__comment\">\n\t\t\t\t<span class=\"dashicons-admin-comments dashicons\"><\/span>\t\t\t\t\tNo Comments\t\t\t\t<\/span>\n\t\t\t\t\t\t<\/div>\n\t\t\t\t\t\t\t<div class='uagb-post__text uagb-post__excerpt'>\n\t\t\t\t\tThe Furka Pass. When I saw this epic road for the first time \u2013 from the ramp of the Grimsel Pass \u2013 only one thing&#8230;\t\t\t\t<\/div>\n\t\t\t\n\t\t\t\t\t\t\t\t\t<\/article>\n\t\t\t\t\t\t\t\t\t\t\t\t\t<div class=\"uagb-post-pagination-wrap\">\n\t\t\t\t\t\t<span aria-current=\"page\" class=\"page-numbers current\">1<\/span>\n<a class=\"page-numbers\" href=\"https:\/\/www.motorprosa.com\/en\/wp-json\/wp\/v2\/posts\/227139\/page\/2\/\">2<\/a>\n<a class=\"page-numbers\" href=\"https:\/\/www.motorprosa.com\/en\/wp-json\/wp\/v2\/posts\/227139\/page\/3\/\">3<\/a>\n<a class=\"next page-numbers\" href=\"https:\/\/www.motorprosa.com\/en\/wp-json\/wp\/v2\/posts\/227139\/page\/2\/\">\u00bb<\/a>\t\t\t\t\t<\/div>\n\t\t\t\t\t\t\t\t<\/div>\n\t\t\t","protected":false},"excerpt":{"rendered":"<p>The Col d&#8217;Izoard: I rode it many years ago on a Harley-Davidson as part of an extremely speedy tour group, bringing back only a single photo \u2013 and no memories. That&#8217;s different now.<\/p>\n","protected":false},"author":1,"featured_media":161940,"comment_status":"open","ping_status":"closed","sticky":false,"template":"","format":"standard","meta":{"_uag_custom_page_level_css":"","_lmt_disableupdate":"","_lmt_disable":"","yasr_overall_rating":0,"yasr_post_is_review":"","yasr_auto_insert_disabled":"","yasr_review_type":"","footnotes":""},"categories":[536,535],"tags":[],"class_list":["post-227139","post","type-post","status-publish","format-standard","has-post-thumbnail","hentry","category-dream-roads","category-publications","infinite-scroll-item","generate-columns","tablet-grid-50","mobile-grid-100","grid-parent","grid-50","no-featured-image-padding"],"yasr_visitor_votes":{"stars_attributes":{"read_only":false,"span_bottom":false},"number_of_votes":0,"sum_votes":0},"modified_by":"J\u00fcrgen 'JvS' Theiner","uagb_featured_image_src":{"full":["https:\/\/www.motorprosa.com\/wp-content\/uploads\/2023\/09\/MotorProsa-Blog-Header-Col-d-Izoard-Effekt.jpg",1200,674,false],"thumbnail":["https:\/\/www.motorprosa.com\/wp-content\/uploads\/2023\/09\/MotorProsa-Blog-Header-Col-d-Izoard-Effekt-150x150.jpg",150,150,true],"medium":["https:\/\/www.motorprosa.com\/wp-content\/uploads\/2023\/09\/MotorProsa-Blog-Header-Col-d-Izoard-Effekt-300x169.jpg",300,169,true],"medium_large":["https:\/\/www.motorprosa.com\/wp-content\/uploads\/2023\/09\/MotorProsa-Blog-Header-Col-d-Izoard-Effekt-768x431.jpg",768,431,true],"large":["https:\/\/www.motorprosa.com\/wp-content\/uploads\/2023\/09\/MotorProsa-Blog-Header-Col-d-Izoard-Effekt-1024x575.jpg",1024,575,true],"1536x1536":["https:\/\/www.motorprosa.com\/wp-content\/uploads\/2023\/09\/MotorProsa-Blog-Header-Col-d-Izoard-Effekt.jpg",1200,674,false],"2048x2048":["https:\/\/www.motorprosa.com\/wp-content\/uploads\/2023\/09\/MotorProsa-Blog-Header-Col-d-Izoard-Effekt.jpg",1200,674,false],"mailpoet_newsletter_max":["https:\/\/www.motorprosa.com\/wp-content\/uploads\/2023\/09\/MotorProsa-Blog-Header-Col-d-Izoard-Effekt.jpg",1200,674,false]},"uagb_author_info":{"display_name":"J\u00fcrgen 'JvS' Theiner","author_link":"https:\/\/www.motorprosa.com\/en\/author\/infomotorprosa-com\/"},"uagb_comment_info":0,"uagb_excerpt":"The Col d'Izoard: I rode it many years ago on a Harley-Davidson as part of an extremely speedy tour group, bringing back only a single photo \u2013 and no memories. That's different now.","_links":{"self":[{"href":"https:\/\/www.motorprosa.com\/en\/wp-json\/wp\/v2\/posts\/227139","targetHints":{"allow":["GET"]}}],"collection":[{"href":"https:\/\/www.motorprosa.com\/en\/wp-json\/wp\/v2\/posts"}],"about":[{"href":"https:\/\/www.motorprosa.com\/en\/wp-json\/wp\/v2\/types\/post"}],"author":[{"embeddable":true,"href":"https:\/\/www.motorprosa.com\/en\/wp-json\/wp\/v2\/users\/1"}],"replies":[{"embeddable":true,"href":"https:\/\/www.motorprosa.com\/en\/wp-json\/wp\/v2\/comments?post=227139"}],"version-history":[{"count":0,"href":"https:\/\/www.motorprosa.com\/en\/wp-json\/wp\/v2\/posts\/227139\/revisions"}],"wp:featuredmedia":[{"embeddable":true,"href":"https:\/\/www.motorprosa.com\/en\/wp-json\/wp\/v2\/media\/161940"}],"wp:attachment":[{"href":"https:\/\/www.motorprosa.com\/en\/wp-json\/wp\/v2\/media?parent=227139"}],"wp:term":[{"taxonomy":"category","embeddable":true,"href":"https:\/\/www.motorprosa.com\/en\/wp-json\/wp\/v2\/categories?post=227139"},{"taxonomy":"post_tag","embeddable":true,"href":"https:\/\/www.motorprosa.com\/en\/wp-json\/wp\/v2\/tags?post=227139"}],"curies":[{"name":"wp","href":"https:\/\/api.w.org\/{rel}","templated":true}]}}