{"id":213269,"date":"2023-11-20T00:00:55","date_gmt":"2023-11-19T22:00:55","guid":{"rendered":"https:\/\/www.motorprosa.com\/?p=213269"},"modified":"2023-12-17T23:29:51","modified_gmt":"2023-12-17T21:29:51","slug":"photo-parade-my-best-photos-of-2023","status":"publish","type":"post","link":"https:\/\/www.motorprosa.com\/en\/photo-parade-my-best-photos-of-2023\/","title":{"rendered":"Photo parade: My best photos of 2023"},"content":{"rendered":"\n<figure class=\"wp-block-image alignwide size-large\"><img decoding=\"async\" width=\"1024\" height=\"544\" data-src=\"https:\/\/b2642856.assetcdn.net\/2.0\/2642856\/wp-content\/uploads\/2023\/11\/MotorProsa-Blog-Header-Fotoparade-2023-1-1024x544.jpg?lossy=1&strip=1&webp=1\" alt=\"Fotoparade: Meine sch\u00f6nsten Fotos 2023\" class=\"wp-image-200073 lazyload\" title=\"\" data-srcset=\"https:\/\/b2642856.assetcdn.net\/2.0\/2642856\/wp-content\/uploads\/2023\/11\/MotorProsa-Blog-Header-Fotoparade-2023-1-1024x544.jpg?lossy=1&strip=1&webp=1 1024w, https:\/\/b2642856.assetcdn.net\/2.0\/2642856\/wp-content\/uploads\/2023\/11\/MotorProsa-Blog-Header-Fotoparade-2023-1-300x160.jpg?lossy=1&strip=1&webp=1 300w, https:\/\/b2642856.assetcdn.net\/2.0\/2642856\/wp-content\/uploads\/2023\/11\/MotorProsa-Blog-Header-Fotoparade-2023-1-768x408.jpg?lossy=1&strip=1&webp=1 768w, https:\/\/b2642856.assetcdn.net\/2.0\/2642856\/wp-content\/uploads\/2023\/11\/MotorProsa-Blog-Header-Fotoparade-2023-1.jpg?lossy=1&strip=1&webp=1 1200w, https:\/\/b2642856.assetcdn.net\/2.0\/2642856\/wp-content\/uploads\/2023\/11\/MotorProsa-Blog-Header-Fotoparade-2023-1.jpg?size=240x128&lossy=1&strip=1&webp=1 240w, https:\/\/b2642856.assetcdn.net\/2.0\/2642856\/wp-content\/uploads\/2023\/11\/MotorProsa-Blog-Header-Fotoparade-2023-1.jpg?size=480x255&lossy=1&strip=1&webp=1 480w, https:\/\/b2642856.assetcdn.net\/2.0\/2642856\/wp-content\/uploads\/2023\/11\/MotorProsa-Blog-Header-Fotoparade-2023-1.jpg?size=960x510&lossy=1&strip=1&webp=1 960w\" data-sizes=\"auto\" src=\"data:image\/svg+xml;base64,PHN2ZyB3aWR0aD0iMSIgaGVpZ2h0PSIxIiB4bWxucz0iaHR0cDovL3d3dy53My5vcmcvMjAwMC9zdmciPjwvc3ZnPg==\" style=\"--smush-placeholder-width: 1024px; --smush-placeholder-aspect-ratio: 1024\/544;\" data-original-sizes=\"(max-width: 1024px) 100vw, 1024px\" \/><\/figure>\n\n\n\n<p class=\"wp-block-paragraph\"><strong><em>Michael from the travel and photography blog \u201e<a href=\"https:\/\/www.erkunde-die-welt.de\" target=\"_blank\" rel=\"noreferrer noopener\">Erkunde die Welt<\/a>\u201c is once again inviting to his photo parade &#8211; now in its 13th year. This year&#8217;s theme: \u201eThe best photos of 2023\u201c. I&#8217;m happy to take part with impressions from the south of France.<\/em><\/strong><\/p>\n\n\n\n<figure class=\"wp-block-image size-large\"><img decoding=\"async\" width=\"1024\" height=\"60\" data-src=\"https:\/\/b2642856.assetcdn.net\/2.0\/2642856\/wp-content\/uploads\/2020\/02\/Trenner-1024x60-1.png?lossy=1&strip=1&webp=1\" alt=\"Das Symbol von MotorProsa: die F\u00fcllfeder.\" class=\"wp-image-441 lazyload\" title=\"MotorProsa: Motorrad-Geschichten, geschrieben mit Passion\" data-srcset=\"https:\/\/b2642856.assetcdn.net\/2.0\/2642856\/wp-content\/uploads\/2020\/02\/Trenner-1024x60-1.png?lossy=1&strip=1&webp=1 1024w, https:\/\/b2642856.assetcdn.net\/2.0\/2642856\/wp-content\/uploads\/2020\/02\/Trenner-1024x60-1-300x18.png?lossy=1&strip=1&webp=1 300w, https:\/\/b2642856.assetcdn.net\/2.0\/2642856\/wp-content\/uploads\/2020\/02\/Trenner-1024x60-1-768x45.png?lossy=1&strip=1&webp=1 768w, https:\/\/b2642856.assetcdn.net\/2.0\/2642856\/wp-content\/uploads\/2020\/02\/Trenner-1024x60-1.png?size=240x14&lossy=1&strip=1&webp=1 240w, https:\/\/b2642856.assetcdn.net\/2.0\/2642856\/wp-content\/uploads\/2020\/02\/Trenner-1024x60-1.png?size=480x28&lossy=1&strip=1&webp=1 480w, https:\/\/b2642856.assetcdn.net\/2.0\/2642856\/wp-content\/uploads\/2020\/02\/Trenner-1024x60-1.png?size=960x56&lossy=1&strip=1&webp=1 960w\" data-sizes=\"auto\" src=\"data:image\/svg+xml;base64,PHN2ZyB3aWR0aD0iMSIgaGVpZ2h0PSIxIiB4bWxucz0iaHR0cDovL3d3dy53My5vcmcvMjAwMC9zdmciPjwvc3ZnPg==\" style=\"--smush-placeholder-width: 1024px; --smush-placeholder-aspect-ratio: 1024\/60;\" data-original-sizes=\"(max-width: 1024px) 100vw, 1024px\" \/><\/figure>\n\n\n\n<div style=\"height:50px\" aria-hidden=\"true\" class=\"wp-block-spacer\"><\/div>\n\n\n\n<p class=\"wp-block-paragraph\">What is a &#8220;blog parade&#8221; or &#8220;photo parade&#8221; about? Well, a blogger calls for content to be published &#8211; within a specified period of time and on a specified topic. The contributions are collected and published, allowing new contacts to be made between the participants. The fact that networking increases the visibility of all participating blogs is a welcome side effect.<\/p>\n\n\n\n<p class=\"wp-block-paragraph\">The rules for Michael&#8217;s <a href=\"https:\/\/www.erkunde-die-welt.de\/2023\/10\/01\/beste-fotos-2023-fotoparade\/\" target=\"_blank\" rel=\"noreferrer noopener\">Photo parade 2023<\/a> are simple: Create a nice post with your best photos from 2023 &#8211; there should be at least 6 photos &#8211; and have fun! The photos should be categorised as follows: <a href=\"#Landschaft\">Landscape<\/a>, <a href=\"#Lecker\">Delicious<\/a>, <a href=\"#Wasser\">Water<\/a>, <a href=\"#Blau\">Blue<\/a>, <a href=\"#Kalt\">Cold<\/a> and <a href=\"#SchwarzWeiss\">Black &amp; White<\/a>. There is a small additional task &#8211; Michael would also like to see photos from the categories <a href=\"#Heiss\">Hot<\/a>, <a href=\"#Ausblick\">View<\/a>, <a href=\"#Tierisch\">Animal<\/a>, <a href=\"#Bunt\">Colourful<\/a>, <a href=\"#Herz\">Heart<\/a> and <a href=\"#Modern\">Modern<\/a>.<\/p>\n\n\n\n<p class=\"wp-block-paragraph\">I have chosen pictures from the south of France for my article. One more note: Click on the pictures to open a larger version in a new browser tab.<\/p>\n\n\n\n<div style=\"height:50px\" aria-hidden=\"true\" class=\"wp-block-spacer\"><\/div>\n\n\n\n<h2 class=\"wp-block-heading has-drop-cap\" id=\"Landschaft\">Landscape<br>&nbsp;of dreams<\/h2>\n\n\n\n<p class=\"wp-block-paragraph\">Lavender fields with bories &#8211; dry stone houses, yellow soil, blue skies, bony trees and the eternal song of cicadas above it all. This is Provence for us. Not far from Sault, on the way to the Col de l&#8217;Homme Mort, we find the perfect lavender field &#8211; unfortunately it is not yet in bloom at the end of May.<\/p>\n\n\n\n<figure class=\"wp-block-image size-large my-image-border\"><a href=\"https:\/\/b2642856.assetcdn.net\/2.0\/2642856\/wp-content\/uploads\/2023\/11\/MotorProsa-Fotoparade-2023-Landschaft-2-1024x683.jpg?lossy=1&strip=1&webp=1\" target=\"_blank\" rel=\"noreferrer noopener\"><img decoding=\"async\" width=\"1024\" height=\"683\" data-src=\"https:\/\/b2642856.assetcdn.net\/2.0\/2642856\/wp-content\/uploads\/2023\/11\/MotorProsa-Fotoparade-2023-Landschaft-2-1024x683.jpg?lossy=1&strip=1&webp=1\" alt=\"Typical Provence landscape\" class=\"wp-image-199820 lazyload\" title=\"\" data-srcset=\"https:\/\/b2642856.assetcdn.net\/2.0\/2642856\/wp-content\/uploads\/2023\/11\/MotorProsa-Fotoparade-2023-Landschaft-2-1024x683.jpg?lossy=1&strip=1&webp=1 1024w, https:\/\/b2642856.assetcdn.net\/2.0\/2642856\/wp-content\/uploads\/2023\/11\/MotorProsa-Fotoparade-2023-Landschaft-2-300x200.jpg?lossy=1&strip=1&webp=1 300w, https:\/\/b2642856.assetcdn.net\/2.0\/2642856\/wp-content\/uploads\/2023\/11\/MotorProsa-Fotoparade-2023-Landschaft-2-768x512.jpg?lossy=1&strip=1&webp=1 768w, https:\/\/b2642856.assetcdn.net\/2.0\/2642856\/wp-content\/uploads\/2023\/11\/MotorProsa-Fotoparade-2023-Landschaft-2-1536x1024.jpg?lossy=1&strip=1&webp=1 1536w, https:\/\/b2642856.assetcdn.net\/2.0\/2642856\/wp-content\/uploads\/2023\/11\/MotorProsa-Fotoparade-2023-Landschaft-2-1320x880.jpg?lossy=1&strip=1&webp=1 1320w, https:\/\/b2642856.assetcdn.net\/2.0\/2642856\/wp-content\/uploads\/2023\/11\/MotorProsa-Fotoparade-2023-Landschaft-2.jpg?lossy=1&strip=1&webp=1 2048w, https:\/\/b2642856.assetcdn.net\/2.0\/2642856\/wp-content\/uploads\/2023\/11\/MotorProsa-Fotoparade-2023-Landschaft-2.jpg?size=240x160&lossy=1&strip=1&webp=1 240w, https:\/\/b2642856.assetcdn.net\/2.0\/2642856\/wp-content\/uploads\/2023\/11\/MotorProsa-Fotoparade-2023-Landschaft-2.jpg?size=480x320&lossy=1&strip=1&webp=1 480w, https:\/\/b2642856.assetcdn.net\/2.0\/2642856\/wp-content\/uploads\/2023\/11\/MotorProsa-Fotoparade-2023-Landschaft-2.jpg?size=960x640&lossy=1&strip=1&webp=1 960w\" data-sizes=\"auto\" src=\"data:image\/svg+xml;base64,PHN2ZyB3aWR0aD0iMSIgaGVpZ2h0PSIxIiB4bWxucz0iaHR0cDovL3d3dy53My5vcmcvMjAwMC9zdmciPjwvc3ZnPg==\" style=\"--smush-placeholder-width: 1024px; --smush-placeholder-aspect-ratio: 1024\/683;\" data-original-sizes=\"(max-width: 1024px) 100vw, 1024px\" \/><\/a><figcaption class=\"wp-element-caption\"><br><h3>Typical Provence landscape<\/h3><\/figcaption><\/figure>\n\n\n\n<div style=\"height:50px\" aria-hidden=\"true\" class=\"wp-block-spacer\"><\/div>\n\n\n\n<p class=\"wp-block-paragraph\">The love of the south, of colours and of one&#8217;s own culture is omnipresent in the south of France. This wonderful fa\u00e7ade is located in the village of Lanu\u00e9jols &#8211; a bright spot even in bad weather.<\/p>\n\n\n\n<figure class=\"wp-block-image size-large my-image-border\"><a href=\"https:\/\/b2642856.assetcdn.net\/2.0\/2642856\/wp-content\/uploads\/2023\/11\/MotorProsa-Fotoparade-2023-Landschaft-1-1024x768.jpg?lossy=1&strip=1&webp=1\" target=\"_blank\" rel=\"noreferrer noopener\"><img decoding=\"async\" width=\"1024\" height=\"768\" data-src=\"https:\/\/b2642856.assetcdn.net\/2.0\/2642856\/wp-content\/uploads\/2023\/11\/MotorProsa-Fotoparade-2023-Landschaft-1-1024x768.jpg?lossy=1&strip=1&webp=1\" alt=\"Splendid colours in the south\" class=\"wp-image-199812 lazyload\" title=\"\" data-srcset=\"https:\/\/b2642856.assetcdn.net\/2.0\/2642856\/wp-content\/uploads\/2023\/11\/MotorProsa-Fotoparade-2023-Landschaft-1-1024x768.jpg?lossy=1&strip=1&webp=1 1024w, https:\/\/b2642856.assetcdn.net\/2.0\/2642856\/wp-content\/uploads\/2023\/11\/MotorProsa-Fotoparade-2023-Landschaft-1-300x225.jpg?lossy=1&strip=1&webp=1 300w, https:\/\/b2642856.assetcdn.net\/2.0\/2642856\/wp-content\/uploads\/2023\/11\/MotorProsa-Fotoparade-2023-Landschaft-1-768x576.jpg?lossy=1&strip=1&webp=1 768w, https:\/\/b2642856.assetcdn.net\/2.0\/2642856\/wp-content\/uploads\/2023\/11\/MotorProsa-Fotoparade-2023-Landschaft-1-1536x1152.jpg?lossy=1&strip=1&webp=1 1536w, https:\/\/b2642856.assetcdn.net\/2.0\/2642856\/wp-content\/uploads\/2023\/11\/MotorProsa-Fotoparade-2023-Landschaft-1-1320x990.jpg?lossy=1&strip=1&webp=1 1320w, https:\/\/b2642856.assetcdn.net\/2.0\/2642856\/wp-content\/uploads\/2023\/11\/MotorProsa-Fotoparade-2023-Landschaft-1.jpg?lossy=1&strip=1&webp=1 2048w, https:\/\/b2642856.assetcdn.net\/2.0\/2642856\/wp-content\/uploads\/2023\/11\/MotorProsa-Fotoparade-2023-Landschaft-1.jpg?size=240x180&lossy=1&strip=1&webp=1 240w, https:\/\/b2642856.assetcdn.net\/2.0\/2642856\/wp-content\/uploads\/2023\/11\/MotorProsa-Fotoparade-2023-Landschaft-1.jpg?size=480x360&lossy=1&strip=1&webp=1 480w, https:\/\/b2642856.assetcdn.net\/2.0\/2642856\/wp-content\/uploads\/2023\/11\/MotorProsa-Fotoparade-2023-Landschaft-1.jpg?size=960x720&lossy=1&strip=1&webp=1 960w\" data-sizes=\"auto\" src=\"data:image\/svg+xml;base64,PHN2ZyB3aWR0aD0iMSIgaGVpZ2h0PSIxIiB4bWxucz0iaHR0cDovL3d3dy53My5vcmcvMjAwMC9zdmciPjwvc3ZnPg==\" style=\"--smush-placeholder-width: 1024px; --smush-placeholder-aspect-ratio: 1024\/768;\" data-original-sizes=\"(max-width: 1024px) 100vw, 1024px\" \/><\/a><figcaption class=\"wp-element-caption\"><br><h3>Splendid colours in the south<\/h3><\/figcaption><\/figure>\n\n\n\n<div style=\"height:50px\" aria-hidden=\"true\" class=\"wp-block-spacer\"><\/div>\n\n\n\n<p class=\"wp-block-paragraph\">One of the most fascinating things for us in the south of France are the many gorges, for example the Gorge de la Jonte in the Cevennes &#8211; the perfect place to watch vultures.<\/p>\n\n\n\n<figure class=\"wp-block-image size-large my-image-border\"><a href=\"https:\/\/b2642856.assetcdn.net\/2.0\/2642856\/wp-content\/uploads\/2023\/11\/MotorProsa-Fotoparade-2023-Landschaft-3-1024x683.jpg?lossy=1&strip=1&webp=1\" target=\"_blank\" rel=\"noreferrer noopener\"><img decoding=\"async\" width=\"1024\" height=\"683\" data-src=\"https:\/\/b2642856.assetcdn.net\/2.0\/2642856\/wp-content\/uploads\/2023\/11\/MotorProsa-Fotoparade-2023-Landschaft-3-1024x683.jpg?lossy=1&strip=1&webp=1\" alt=\"View into the distance - and depth\" class=\"wp-image-199810 lazyload\" title=\"\" data-srcset=\"https:\/\/b2642856.assetcdn.net\/2.0\/2642856\/wp-content\/uploads\/2023\/11\/MotorProsa-Fotoparade-2023-Landschaft-3-1024x683.jpg?lossy=1&strip=1&webp=1 1024w, https:\/\/b2642856.assetcdn.net\/2.0\/2642856\/wp-content\/uploads\/2023\/11\/MotorProsa-Fotoparade-2023-Landschaft-3-300x200.jpg?lossy=1&strip=1&webp=1 300w, https:\/\/b2642856.assetcdn.net\/2.0\/2642856\/wp-content\/uploads\/2023\/11\/MotorProsa-Fotoparade-2023-Landschaft-3-768x512.jpg?lossy=1&strip=1&webp=1 768w, https:\/\/b2642856.assetcdn.net\/2.0\/2642856\/wp-content\/uploads\/2023\/11\/MotorProsa-Fotoparade-2023-Landschaft-3-1536x1024.jpg?lossy=1&strip=1&webp=1 1536w, https:\/\/b2642856.assetcdn.net\/2.0\/2642856\/wp-content\/uploads\/2023\/11\/MotorProsa-Fotoparade-2023-Landschaft-3-1320x880.jpg?lossy=1&strip=1&webp=1 1320w, https:\/\/b2642856.assetcdn.net\/2.0\/2642856\/wp-content\/uploads\/2023\/11\/MotorProsa-Fotoparade-2023-Landschaft-3.jpg?lossy=1&strip=1&webp=1 2048w, https:\/\/b2642856.assetcdn.net\/2.0\/2642856\/wp-content\/uploads\/2023\/11\/MotorProsa-Fotoparade-2023-Landschaft-3.jpg?size=240x160&lossy=1&strip=1&webp=1 240w, https:\/\/b2642856.assetcdn.net\/2.0\/2642856\/wp-content\/uploads\/2023\/11\/MotorProsa-Fotoparade-2023-Landschaft-3.jpg?size=480x320&lossy=1&strip=1&webp=1 480w, https:\/\/b2642856.assetcdn.net\/2.0\/2642856\/wp-content\/uploads\/2023\/11\/MotorProsa-Fotoparade-2023-Landschaft-3.jpg?size=960x640&lossy=1&strip=1&webp=1 960w\" data-sizes=\"auto\" src=\"data:image\/svg+xml;base64,PHN2ZyB3aWR0aD0iMSIgaGVpZ2h0PSIxIiB4bWxucz0iaHR0cDovL3d3dy53My5vcmcvMjAwMC9zdmciPjwvc3ZnPg==\" style=\"--smush-placeholder-width: 1024px; --smush-placeholder-aspect-ratio: 1024\/683;\" data-original-sizes=\"(max-width: 1024px) 100vw, 1024px\" \/><\/a><figcaption class=\"wp-element-caption\"><br><h3>View into the distance &#8211; and depth<\/h3><\/figcaption><\/figure>\n\n\n\n<div style=\"height:50px\" aria-hidden=\"true\" class=\"wp-block-spacer\"><\/div>\n\n\n\n<h2 class=\"wp-block-heading has-drop-cap\" id=\"Lecker\">Delicious<br>&nbsp;food<\/h2>\n\n\n\n<p class=\"wp-block-paragraph\">Avignon, in the alleyways around the papal palace. Tourist traps and rip-offs on many corners, like completely overpriced white linen dresses for the standard photos in the lavender field. My eye lingers on this chopping board &#8211; it&#8217;s not needed for water, pastis or olives, but the thought of it whets the appetite.<\/p>\n\n\n\n<figure class=\"wp-block-image size-full my-image-border\"><a href=\"https:\/\/b2642856.assetcdn.net\/2.0\/2642856\/wp-content\/uploads\/2023\/11\/MotorProsa-Fotoparade-2023-2.jpg?lossy=1&strip=1&webp=1\" target=\"_blank\" rel=\"noreferrer noopener\"><img decoding=\"async\" data-src=\"https:\/\/b2642856.assetcdn.net\/2.0\/2642856\/wp-content\/uploads\/2023\/11\/MotorProsa-Fotoparade-2023-2.jpg?lossy=1&strip=1&webp=1\" alt=\"Important ingredients of Proven\u00e7al cuisine\" class=\"wp-image-199379 lazyload\" title=\"\" data-srcset=\"https:\/\/b2642856.assetcdn.net\/2.0\/2642856\/wp-content\/uploads\/2023\/11\/MotorProsa-Fotoparade-2023-2.jpg?lossy=1&amp;strip=1&amp;webp=1 2048w, https:\/\/b2642856.assetcdn.net\/2.0\/2642856\/wp-content\/uploads\/2023\/11\/MotorProsa-Fotoparade-2023-2-300x200.jpg?lossy=1&amp;strip=1&amp;webp=1 300w, https:\/\/b2642856.assetcdn.net\/2.0\/2642856\/wp-content\/uploads\/2023\/11\/MotorProsa-Fotoparade-2023-2-1024x683.jpg?lossy=1&amp;strip=1&amp;webp=1 1024w, https:\/\/b2642856.assetcdn.net\/2.0\/2642856\/wp-content\/uploads\/2023\/11\/MotorProsa-Fotoparade-2023-2-768x512.jpg?lossy=1&amp;strip=1&amp;webp=1 768w, https:\/\/b2642856.assetcdn.net\/2.0\/2642856\/wp-content\/uploads\/2023\/11\/MotorProsa-Fotoparade-2023-2-1536x1024.jpg?lossy=1&amp;strip=1&amp;webp=1 1536w, https:\/\/b2642856.assetcdn.net\/2.0\/2642856\/wp-content\/uploads\/2023\/11\/MotorProsa-Fotoparade-2023-2-1320x880.jpg?lossy=1&amp;strip=1&amp;webp=1 1320w, https:\/\/b2642856.assetcdn.net\/2.0\/2642856\/wp-content\/uploads\/2023\/11\/MotorProsa-Fotoparade-2023-2.jpg?size=240x160&amp;lossy=1&amp;strip=1&amp;webp=1 240w, https:\/\/b2642856.assetcdn.net\/2.0\/2642856\/wp-content\/uploads\/2023\/11\/MotorProsa-Fotoparade-2023-2.jpg?size=480x320&amp;lossy=1&amp;strip=1&amp;webp=1 480w, https:\/\/b2642856.assetcdn.net\/2.0\/2642856\/wp-content\/uploads\/2023\/11\/MotorProsa-Fotoparade-2023-2.jpg?size=960x640&amp;lossy=1&amp;strip=1&amp;webp=1 960w, https:\/\/b2642856.assetcdn.net\/2.0\/2642856\/wp-content\/uploads\/2023\/11\/MotorProsa-Fotoparade-2023-2.jpg?size=1200x800&amp;lossy=1&amp;strip=1&amp;webp=1 1200w, https:\/\/b2642856.assetcdn.net\/2.0\/2642856\/wp-content\/uploads\/2023\/11\/MotorProsa-Fotoparade-2023-2.jpg?size=1800x1200&amp;lossy=1&amp;strip=1&amp;webp=1 1800w\" data-sizes=\"auto\" src=\"data:image\/svg+xml;base64,PHN2ZyB3aWR0aD0iMSIgaGVpZ2h0PSIxIiB4bWxucz0iaHR0cDovL3d3dy53My5vcmcvMjAwMC9zdmciPjwvc3ZnPg==\" style=\"--smush-placeholder-width: 2048px; --smush-placeholder-aspect-ratio: 2048\/1365;\" data-original-sizes=\"(max-width: 2048px) 100vw, 2048px\"><\/a><figcaption class=\"wp-element-caption\"><br><h3>Important ingredients of Proven\u00e7al cuisine<\/h3><\/figcaption><\/figure>\n\n\n\n<p class=\"wp-block-paragraph\">Restaurant David in Roussillon shows us just how delicious Provence can taste. Over the course of a week, we savour all the dishes on the menu with a view of the magical ochre cliffs.<\/p>\n\n\n\n<figure class=\"wp-block-image size-full my-image-border\" id=\"Lecker\"><a href=\"https:\/\/b2642856.assetcdn.net\/2.0\/2642856\/wp-content\/uploads\/2023\/11\/MotorProsa-Fotoparade-2023-Lecker-3.jpg?lossy=1&strip=1&webp=1\" target=\"_blank\" rel=\"noreferrer noopener\"><img decoding=\"async\" width=\"1638\" height=\"2048\" data-src=\"https:\/\/b2642856.assetcdn.net\/2.0\/2642856\/wp-content\/uploads\/2023\/11\/MotorProsa-Fotoparade-2023-Lecker-3.jpg?lossy=1&strip=1&webp=1\" alt=\"Food at its best\" class=\"wp-image-199904 lazyload\" title=\"\" data-srcset=\"https:\/\/b2642856.assetcdn.net\/2.0\/2642856\/wp-content\/uploads\/2023\/11\/MotorProsa-Fotoparade-2023-Lecker-3.jpg?lossy=1&strip=1&webp=1 1638w, https:\/\/b2642856.assetcdn.net\/2.0\/2642856\/wp-content\/uploads\/2023\/11\/MotorProsa-Fotoparade-2023-Lecker-3-240x300.jpg?lossy=1&strip=1&webp=1 240w, https:\/\/b2642856.assetcdn.net\/2.0\/2642856\/wp-content\/uploads\/2023\/11\/MotorProsa-Fotoparade-2023-Lecker-3-819x1024.jpg?lossy=1&strip=1&webp=1 819w, https:\/\/b2642856.assetcdn.net\/2.0\/2642856\/wp-content\/uploads\/2023\/11\/MotorProsa-Fotoparade-2023-Lecker-3-768x960.jpg?lossy=1&strip=1&webp=1 768w, https:\/\/b2642856.assetcdn.net\/2.0\/2642856\/wp-content\/uploads\/2023\/11\/MotorProsa-Fotoparade-2023-Lecker-3-1229x1536.jpg?lossy=1&strip=1&webp=1 1229w, https:\/\/b2642856.assetcdn.net\/2.0\/2642856\/wp-content\/uploads\/2023\/11\/MotorProsa-Fotoparade-2023-Lecker-3-1320x1650.jpg?lossy=1&strip=1&webp=1 1320w, https:\/\/b2642856.assetcdn.net\/2.0\/2642856\/wp-content\/uploads\/2023\/11\/MotorProsa-Fotoparade-2023-Lecker-3.jpg?size=480x600&lossy=1&strip=1&webp=1 480w, https:\/\/b2642856.assetcdn.net\/2.0\/2642856\/wp-content\/uploads\/2023\/11\/MotorProsa-Fotoparade-2023-Lecker-3.jpg?size=960x1200&lossy=1&strip=1&webp=1 960w\" data-sizes=\"auto\" src=\"data:image\/svg+xml;base64,PHN2ZyB3aWR0aD0iMSIgaGVpZ2h0PSIxIiB4bWxucz0iaHR0cDovL3d3dy53My5vcmcvMjAwMC9zdmciPjwvc3ZnPg==\" style=\"--smush-placeholder-width: 1638px; --smush-placeholder-aspect-ratio: 1638\/2048;\" data-original-sizes=\"(max-width: 1638px) 100vw, 1638px\" \/><\/a><figcaption class=\"wp-element-caption\"><br><h3>Food at its best<\/h3><\/figcaption><\/figure>\n\n\n\n<div style=\"height:50px\" aria-hidden=\"true\" class=\"wp-block-spacer\"><\/div>\n\n\n\n<h2 class=\"wp-block-heading has-drop-cap\" id=\"Wasser\">Water<br>&nbsp;in the South<\/h2>\n\n\n\n<p class=\"wp-block-paragraph\">There only seems to be enough water in Provence &#8211; as soon as you enter the hinterland, you find dried-up rivers and water tanks scattered all over the landscape.<\/p>\n\n\n\n<p class=\"wp-block-paragraph\">The young man from Nice didn&#8217;t quite trust what was happening at the Fontaine Miroir d&#8217;Eau.<\/p>\n\n\n\n<figure class=\"wp-block-image size-full my-image-border\"><a href=\"https:\/\/b2642856.assetcdn.net\/2.0\/2642856\/wp-content\/uploads\/2023\/11\/MotorProsa-Fotoparade-2023-Wasser-3.jpg?lossy=1&strip=1&webp=1\" target=\"_blank\" rel=\"noreferrer noopener\"><img decoding=\"async\" width=\"2048\" height=\"1365\" data-src=\"https:\/\/b2642856.assetcdn.net\/2.0\/2642856\/wp-content\/uploads\/2023\/11\/MotorProsa-Fotoparade-2023-Wasser-3.jpg?lossy=1&strip=1&webp=1\" alt=\"Cooling - for everyone?\" class=\"wp-image-199829 lazyload\" title=\"\" data-srcset=\"https:\/\/b2642856.assetcdn.net\/2.0\/2642856\/wp-content\/uploads\/2023\/11\/MotorProsa-Fotoparade-2023-Wasser-3.jpg?lossy=1&strip=1&webp=1 2048w, https:\/\/b2642856.assetcdn.net\/2.0\/2642856\/wp-content\/uploads\/2023\/11\/MotorProsa-Fotoparade-2023-Wasser-3-300x200.jpg?lossy=1&strip=1&webp=1 300w, https:\/\/b2642856.assetcdn.net\/2.0\/2642856\/wp-content\/uploads\/2023\/11\/MotorProsa-Fotoparade-2023-Wasser-3-1024x683.jpg?lossy=1&strip=1&webp=1 1024w, https:\/\/b2642856.assetcdn.net\/2.0\/2642856\/wp-content\/uploads\/2023\/11\/MotorProsa-Fotoparade-2023-Wasser-3-768x512.jpg?lossy=1&strip=1&webp=1 768w, https:\/\/b2642856.assetcdn.net\/2.0\/2642856\/wp-content\/uploads\/2023\/11\/MotorProsa-Fotoparade-2023-Wasser-3-1536x1024.jpg?lossy=1&strip=1&webp=1 1536w, https:\/\/b2642856.assetcdn.net\/2.0\/2642856\/wp-content\/uploads\/2023\/11\/MotorProsa-Fotoparade-2023-Wasser-3-1320x880.jpg?lossy=1&strip=1&webp=1 1320w, https:\/\/b2642856.assetcdn.net\/2.0\/2642856\/wp-content\/uploads\/2023\/11\/MotorProsa-Fotoparade-2023-Wasser-3.jpg?size=240x160&lossy=1&strip=1&webp=1 240w, https:\/\/b2642856.assetcdn.net\/2.0\/2642856\/wp-content\/uploads\/2023\/11\/MotorProsa-Fotoparade-2023-Wasser-3.jpg?size=480x320&lossy=1&strip=1&webp=1 480w, https:\/\/b2642856.assetcdn.net\/2.0\/2642856\/wp-content\/uploads\/2023\/11\/MotorProsa-Fotoparade-2023-Wasser-3.jpg?size=960x640&lossy=1&strip=1&webp=1 960w, https:\/\/b2642856.assetcdn.net\/2.0\/2642856\/wp-content\/uploads\/2023\/11\/MotorProsa-Fotoparade-2023-Wasser-3.jpg?size=1200x800&lossy=1&strip=1&webp=1 1200w, https:\/\/b2642856.assetcdn.net\/2.0\/2642856\/wp-content\/uploads\/2023\/11\/MotorProsa-Fotoparade-2023-Wasser-3.jpg?size=1800x1200&lossy=1&strip=1&webp=1 1800w\" data-sizes=\"auto\" src=\"data:image\/svg+xml;base64,PHN2ZyB3aWR0aD0iMSIgaGVpZ2h0PSIxIiB4bWxucz0iaHR0cDovL3d3dy53My5vcmcvMjAwMC9zdmciPjwvc3ZnPg==\" style=\"--smush-placeholder-width: 2048px; --smush-placeholder-aspect-ratio: 2048\/1365;\" data-original-sizes=\"(max-width: 2048px) 100vw, 2048px\" \/><\/a><figcaption class=\"wp-element-caption\"><br><h3>Cooling &#8211; for everyone?<\/h3><\/figcaption><\/figure>\n\n\n\n<p class=\"wp-block-paragraph\">I have no doubts myself and sit down in the spray of the Fontaine du Soleil with its famous Apollo statue not far away without a second thought. Refreshing!<\/p>\n\n\n\n<figure class=\"wp-block-image size-full my-image-border\"><a href=\"https:\/\/b2642856.assetcdn.net\/2.0\/2642856\/wp-content\/uploads\/2023\/11\/MotorProsa-Fotoparade-2023-Wasser-2.jpg?lossy=1&strip=1&webp=1\" target=\"_blank\" rel=\"noreferrer noopener\"><img decoding=\"async\" width=\"2048\" height=\"1365\" data-src=\"https:\/\/b2642856.assetcdn.net\/2.0\/2642856\/wp-content\/uploads\/2023\/11\/MotorProsa-Fotoparade-2023-Wasser-2.jpg?lossy=1&strip=1&webp=1\" alt=\"A good mood in the spray\" class=\"wp-image-199826 lazyload\" title=\"\" data-srcset=\"https:\/\/b2642856.assetcdn.net\/2.0\/2642856\/wp-content\/uploads\/2023\/11\/MotorProsa-Fotoparade-2023-Wasser-2.jpg?lossy=1&strip=1&webp=1 2048w, https:\/\/b2642856.assetcdn.net\/2.0\/2642856\/wp-content\/uploads\/2023\/11\/MotorProsa-Fotoparade-2023-Wasser-2-300x200.jpg?lossy=1&strip=1&webp=1 300w, https:\/\/b2642856.assetcdn.net\/2.0\/2642856\/wp-content\/uploads\/2023\/11\/MotorProsa-Fotoparade-2023-Wasser-2-1024x683.jpg?lossy=1&strip=1&webp=1 1024w, https:\/\/b2642856.assetcdn.net\/2.0\/2642856\/wp-content\/uploads\/2023\/11\/MotorProsa-Fotoparade-2023-Wasser-2-768x512.jpg?lossy=1&strip=1&webp=1 768w, https:\/\/b2642856.assetcdn.net\/2.0\/2642856\/wp-content\/uploads\/2023\/11\/MotorProsa-Fotoparade-2023-Wasser-2-1536x1024.jpg?lossy=1&strip=1&webp=1 1536w, https:\/\/b2642856.assetcdn.net\/2.0\/2642856\/wp-content\/uploads\/2023\/11\/MotorProsa-Fotoparade-2023-Wasser-2-1320x880.jpg?lossy=1&strip=1&webp=1 1320w, https:\/\/b2642856.assetcdn.net\/2.0\/2642856\/wp-content\/uploads\/2023\/11\/MotorProsa-Fotoparade-2023-Wasser-2.jpg?size=240x160&lossy=1&strip=1&webp=1 240w, https:\/\/b2642856.assetcdn.net\/2.0\/2642856\/wp-content\/uploads\/2023\/11\/MotorProsa-Fotoparade-2023-Wasser-2.jpg?size=480x320&lossy=1&strip=1&webp=1 480w, https:\/\/b2642856.assetcdn.net\/2.0\/2642856\/wp-content\/uploads\/2023\/11\/MotorProsa-Fotoparade-2023-Wasser-2.jpg?size=960x640&lossy=1&strip=1&webp=1 960w, https:\/\/b2642856.assetcdn.net\/2.0\/2642856\/wp-content\/uploads\/2023\/11\/MotorProsa-Fotoparade-2023-Wasser-2.jpg?size=1200x800&lossy=1&strip=1&webp=1 1200w, https:\/\/b2642856.assetcdn.net\/2.0\/2642856\/wp-content\/uploads\/2023\/11\/MotorProsa-Fotoparade-2023-Wasser-2.jpg?size=1800x1200&lossy=1&strip=1&webp=1 1800w\" data-sizes=\"auto\" src=\"data:image\/svg+xml;base64,PHN2ZyB3aWR0aD0iMSIgaGVpZ2h0PSIxIiB4bWxucz0iaHR0cDovL3d3dy53My5vcmcvMjAwMC9zdmciPjwvc3ZnPg==\" style=\"--smush-placeholder-width: 2048px; --smush-placeholder-aspect-ratio: 2048\/1365;\" data-original-sizes=\"(max-width: 2048px) 100vw, 2048px\" \/><\/a><figcaption class=\"wp-element-caption\"><br><h3>A good mood in the spray<\/h3><\/figcaption><\/figure>\n\n\n\n<div style=\"height:50px\" aria-hidden=\"true\" class=\"wp-block-spacer\"><\/div>\n\n\n\n<p class=\"wp-block-paragraph\">We always visit the gorges of the Jonte, the Tarn and the Ardeche when we are travelling in the C\u00e9vennes. I like not only to look at the rivers flowing slowly and quietly in summer, but also to feel them. However, summer doesn&#8217;t mean that the water is particularly warm \u2026<\/p>\n\n\n\n<figure class=\"wp-block-image size-full my-image-border\"><a href=\"https:\/\/b2642856.assetcdn.net\/2.0\/2642856\/wp-content\/uploads\/2023\/11\/MotorProsa-Fotoparade-2023-3.jpg?lossy=1&strip=1&webp=1\" target=\"_blank\" rel=\"noreferrer noopener\"><img decoding=\"async\" width=\"2048\" height=\"1365\" data-src=\"https:\/\/b2642856.assetcdn.net\/2.0\/2642856\/wp-content\/uploads\/2023\/11\/MotorProsa-Fotoparade-2023-3.jpg?lossy=1&strip=1&webp=1\" alt=\"Across the icy Tarn\" class=\"wp-image-199586 lazyload\" title=\"\" data-srcset=\"https:\/\/b2642856.assetcdn.net\/2.0\/2642856\/wp-content\/uploads\/2023\/11\/MotorProsa-Fotoparade-2023-3.jpg?lossy=1&strip=1&webp=1 2048w, https:\/\/b2642856.assetcdn.net\/2.0\/2642856\/wp-content\/uploads\/2023\/11\/MotorProsa-Fotoparade-2023-3-300x200.jpg?lossy=1&strip=1&webp=1 300w, https:\/\/b2642856.assetcdn.net\/2.0\/2642856\/wp-content\/uploads\/2023\/11\/MotorProsa-Fotoparade-2023-3-1024x683.jpg?lossy=1&strip=1&webp=1 1024w, https:\/\/b2642856.assetcdn.net\/2.0\/2642856\/wp-content\/uploads\/2023\/11\/MotorProsa-Fotoparade-2023-3-768x512.jpg?lossy=1&strip=1&webp=1 768w, https:\/\/b2642856.assetcdn.net\/2.0\/2642856\/wp-content\/uploads\/2023\/11\/MotorProsa-Fotoparade-2023-3-1536x1024.jpg?lossy=1&strip=1&webp=1 1536w, https:\/\/b2642856.assetcdn.net\/2.0\/2642856\/wp-content\/uploads\/2023\/11\/MotorProsa-Fotoparade-2023-3-1320x880.jpg?lossy=1&strip=1&webp=1 1320w, https:\/\/b2642856.assetcdn.net\/2.0\/2642856\/wp-content\/uploads\/2023\/11\/MotorProsa-Fotoparade-2023-3.jpg?size=240x160&lossy=1&strip=1&webp=1 240w, https:\/\/b2642856.assetcdn.net\/2.0\/2642856\/wp-content\/uploads\/2023\/11\/MotorProsa-Fotoparade-2023-3.jpg?size=480x320&lossy=1&strip=1&webp=1 480w, https:\/\/b2642856.assetcdn.net\/2.0\/2642856\/wp-content\/uploads\/2023\/11\/MotorProsa-Fotoparade-2023-3.jpg?size=960x640&lossy=1&strip=1&webp=1 960w, https:\/\/b2642856.assetcdn.net\/2.0\/2642856\/wp-content\/uploads\/2023\/11\/MotorProsa-Fotoparade-2023-3.jpg?size=1200x800&lossy=1&strip=1&webp=1 1200w, https:\/\/b2642856.assetcdn.net\/2.0\/2642856\/wp-content\/uploads\/2023\/11\/MotorProsa-Fotoparade-2023-3.jpg?size=1800x1200&lossy=1&strip=1&webp=1 1800w\" data-sizes=\"auto\" src=\"data:image\/svg+xml;base64,PHN2ZyB3aWR0aD0iMSIgaGVpZ2h0PSIxIiB4bWxucz0iaHR0cDovL3d3dy53My5vcmcvMjAwMC9zdmciPjwvc3ZnPg==\" style=\"--smush-placeholder-width: 2048px; --smush-placeholder-aspect-ratio: 2048\/1365;\" data-original-sizes=\"(max-width: 2048px) 100vw, 2048px\" \/><\/a><figcaption class=\"wp-element-caption\"><br><h3>Across the icy Tarn<\/h3><\/figcaption><\/figure>\n\n\n\n<div style=\"height:50px\" aria-hidden=\"true\" class=\"wp-block-spacer\"><\/div>\n\n\n\n<h2 class=\"wp-block-heading has-drop-cap\" id=\"Blau\">Blue<br>&nbsp;by the coast<\/h2>\n\n\n\n<p class=\"wp-block-paragraph\">At the end of May, we are travelling from Mandelieu-La-Napoule to Saint-Rapha\u00eblle. In previous years, we always travelled inland, but in 2023 the time, destination and weather were perfect for us to choose the route along the coast &#8211; and enjoy this magnificent view.<\/p>\n\n\n\n<figure class=\"wp-block-image my-image-border\"><a href=\"https:\/\/b2642856.assetcdn.net\/2.0\/2642856\/wp-content\/uploads\/2023\/11\/MotorProsa-Fotoparade-2023-1.jpg?lossy=1&strip=1&webp=1\" target=\"_blank\" rel=\"noreferrer noopener\"><img decoding=\"async\" data-src=\"https:\/\/b2642856.assetcdn.net\/2.0\/2642856\/wp-content\/uploads\/2023\/11\/MotorProsa-Fotoparade-2023-1.jpg?lossy=1&strip=1&webp=1\" alt=\"Blau:\u00a0C\u00f4te d\u2019Azur\" class=\"wp-image-199345 lazyload\" title=\"\" data-srcset=\"https:\/\/b2642856.assetcdn.net\/2.0\/2642856\/wp-content\/uploads\/2023\/11\/MotorProsa-Fotoparade-2023-1.jpg?lossy=1&amp;strip=1&amp;webp=1 2048w, https:\/\/b2642856.assetcdn.net\/2.0\/2642856\/wp-content\/uploads\/2023\/11\/MotorProsa-Fotoparade-2023-1-300x155.jpg?lossy=1&amp;strip=1&amp;webp=1 300w, https:\/\/b2642856.assetcdn.net\/2.0\/2642856\/wp-content\/uploads\/2023\/11\/MotorProsa-Fotoparade-2023-1-1024x529.jpg?lossy=1&amp;strip=1&amp;webp=1 1024w, https:\/\/b2642856.assetcdn.net\/2.0\/2642856\/wp-content\/uploads\/2023\/11\/MotorProsa-Fotoparade-2023-1-768x397.jpg?lossy=1&amp;strip=1&amp;webp=1 768w, https:\/\/b2642856.assetcdn.net\/2.0\/2642856\/wp-content\/uploads\/2023\/11\/MotorProsa-Fotoparade-2023-1-1536x794.jpg?lossy=1&amp;strip=1&amp;webp=1 1536w, https:\/\/b2642856.assetcdn.net\/2.0\/2642856\/wp-content\/uploads\/2023\/11\/MotorProsa-Fotoparade-2023-1-1320x682.jpg?lossy=1&amp;strip=1&amp;webp=1 1320w, https:\/\/b2642856.assetcdn.net\/2.0\/2642856\/wp-content\/uploads\/2023\/11\/MotorProsa-Fotoparade-2023-1.jpg?size=240x124&amp;lossy=1&amp;strip=1&amp;webp=1 240w, https:\/\/b2642856.assetcdn.net\/2.0\/2642856\/wp-content\/uploads\/2023\/11\/MotorProsa-Fotoparade-2023-1.jpg?size=480x248&amp;lossy=1&amp;strip=1&amp;webp=1 480w, https:\/\/b2642856.assetcdn.net\/2.0\/2642856\/wp-content\/uploads\/2023\/11\/MotorProsa-Fotoparade-2023-1.jpg?size=960x496&amp;lossy=1&amp;strip=1&amp;webp=1 960w, https:\/\/b2642856.assetcdn.net\/2.0\/2642856\/wp-content\/uploads\/2023\/11\/MotorProsa-Fotoparade-2023-1.jpg?size=1200x620&amp;lossy=1&amp;strip=1&amp;webp=1 1200w, https:\/\/b2642856.assetcdn.net\/2.0\/2642856\/wp-content\/uploads\/2023\/11\/MotorProsa-Fotoparade-2023-1.jpg?size=1800x930&amp;lossy=1&amp;strip=1&amp;webp=1 1800w\" data-sizes=\"auto\" src=\"data:image\/svg+xml;base64,PHN2ZyB3aWR0aD0iMSIgaGVpZ2h0PSIxIiB4bWxucz0iaHR0cDovL3d3dy53My5vcmcvMjAwMC9zdmciPjwvc3ZnPg==\" style=\"--smush-placeholder-width: 2048px; --smush-placeholder-aspect-ratio: 2048\/1058;\" data-original-sizes=\"(max-width: 2048px) 100vw, 2048px\"><\/a><figcaption class=\"wp-element-caption\"><br><h3>C\u00f4te d\u2019Azur<\/h3><\/figcaption><\/figure>\n\n\n\n<div style=\"height:50px\" aria-hidden=\"true\" class=\"wp-block-spacer\"><\/div>\n\n\n\n<h2 class=\"wp-block-heading has-drop-cap\" id=\"Kalt\">Cold<br>&nbsp;in Cannes<\/h2>\n\n\n\n<p class=\"wp-block-paragraph\">Travel planning is not my strong point. However, if I had planned it, it probably wouldn&#8217;t have worked out. Unexpectedly, we find ourselves in the middle of the Cannes Film Festival. I wonder if the fine champagne is cold enough for the stars?<\/p>\n\n\n\n<figure class=\"wp-block-image size-large my-image-border\"><a href=\"https:\/\/b2642856.assetcdn.net\/2.0\/2642856\/wp-content\/uploads\/2023\/11\/MotorProsa-Fotoparade-2023-Kalt-1024x576.jpg?lossy=1&strip=1&webp=1\" target=\"_blank\" rel=\"noreferrer noopener\"><img decoding=\"async\" width=\"1024\" height=\"576\" data-src=\"https:\/\/b2642856.assetcdn.net\/2.0\/2642856\/wp-content\/uploads\/2023\/11\/MotorProsa-Fotoparade-2023-Kalt-1024x576.jpg?lossy=1&strip=1&webp=1\" alt=\"Champagne for the stars\" class=\"wp-image-199632 lazyload\" title=\"\" data-srcset=\"https:\/\/b2642856.assetcdn.net\/2.0\/2642856\/wp-content\/uploads\/2023\/11\/MotorProsa-Fotoparade-2023-Kalt-1024x576.jpg?lossy=1&strip=1&webp=1 1024w, https:\/\/b2642856.assetcdn.net\/2.0\/2642856\/wp-content\/uploads\/2023\/11\/MotorProsa-Fotoparade-2023-Kalt-300x169.jpg?lossy=1&strip=1&webp=1 300w, https:\/\/b2642856.assetcdn.net\/2.0\/2642856\/wp-content\/uploads\/2023\/11\/MotorProsa-Fotoparade-2023-Kalt-768x432.jpg?lossy=1&strip=1&webp=1 768w, https:\/\/b2642856.assetcdn.net\/2.0\/2642856\/wp-content\/uploads\/2023\/11\/MotorProsa-Fotoparade-2023-Kalt-1536x864.jpg?lossy=1&strip=1&webp=1 1536w, https:\/\/b2642856.assetcdn.net\/2.0\/2642856\/wp-content\/uploads\/2023\/11\/MotorProsa-Fotoparade-2023-Kalt-1320x743.jpg?lossy=1&strip=1&webp=1 1320w, https:\/\/b2642856.assetcdn.net\/2.0\/2642856\/wp-content\/uploads\/2023\/11\/MotorProsa-Fotoparade-2023-Kalt.jpg?lossy=1&strip=1&webp=1 2048w, https:\/\/b2642856.assetcdn.net\/2.0\/2642856\/wp-content\/uploads\/2023\/11\/MotorProsa-Fotoparade-2023-Kalt.jpg?size=240x135&lossy=1&strip=1&webp=1 240w, https:\/\/b2642856.assetcdn.net\/2.0\/2642856\/wp-content\/uploads\/2023\/11\/MotorProsa-Fotoparade-2023-Kalt.jpg?size=480x270&lossy=1&strip=1&webp=1 480w, https:\/\/b2642856.assetcdn.net\/2.0\/2642856\/wp-content\/uploads\/2023\/11\/MotorProsa-Fotoparade-2023-Kalt.jpg?size=960x540&lossy=1&strip=1&webp=1 960w\" data-sizes=\"auto\" src=\"data:image\/svg+xml;base64,PHN2ZyB3aWR0aD0iMSIgaGVpZ2h0PSIxIiB4bWxucz0iaHR0cDovL3d3dy53My5vcmcvMjAwMC9zdmciPjwvc3ZnPg==\" style=\"--smush-placeholder-width: 1024px; --smush-placeholder-aspect-ratio: 1024\/576;\" data-original-sizes=\"(max-width: 1024px) 100vw, 1024px\" \/><\/a><figcaption class=\"wp-element-caption\"><br><h3>Champagne for the stars<\/h3><\/figcaption><\/figure>\n\n\n\n<p class=\"wp-block-paragraph\">Film Festival &#8211; THE show. If you want to be seen, you have to show yourself. But naked in the rain, in a corner on the pavement. That&#8217;s probably unsuccessful, but certainly cold \u2026<\/p>\n\n\n\n<figure class=\"wp-block-image size-full my-image-border\" id=\"Kalt\"><a href=\"https:\/\/b2642856.assetcdn.net\/2.0\/2642856\/wp-content\/uploads\/2023\/11\/MotorProsa-Fotoparade-2023-Kalt-2-1.jpg?lossy=1&strip=1&webp=1\" target=\"_blank\" rel=\"noreferrer noopener\"><img decoding=\"async\" width=\"819\" height=\"1024\" data-src=\"https:\/\/b2642856.assetcdn.net\/2.0\/2642856\/wp-content\/uploads\/2023\/11\/MotorProsa-Fotoparade-2023-Kalt-2-1.jpg?lossy=1&strip=1&webp=1\" alt=\"Business can be cold ...\" class=\"wp-image-199916 lazyload\" title=\"\" data-srcset=\"https:\/\/b2642856.assetcdn.net\/2.0\/2642856\/wp-content\/uploads\/2023\/11\/MotorProsa-Fotoparade-2023-Kalt-2-1.jpg?lossy=1&strip=1&webp=1 819w, https:\/\/b2642856.assetcdn.net\/2.0\/2642856\/wp-content\/uploads\/2023\/11\/MotorProsa-Fotoparade-2023-Kalt-2-1-240x300.jpg?lossy=1&strip=1&webp=1 240w, https:\/\/b2642856.assetcdn.net\/2.0\/2642856\/wp-content\/uploads\/2023\/11\/MotorProsa-Fotoparade-2023-Kalt-2-1-768x960.jpg?lossy=1&strip=1&webp=1 768w, https:\/\/b2642856.assetcdn.net\/2.0\/2642856\/wp-content\/uploads\/2023\/11\/MotorProsa-Fotoparade-2023-Kalt-2-1.jpg?size=480x600&lossy=1&strip=1&webp=1 480w\" data-sizes=\"auto\" src=\"data:image\/svg+xml;base64,PHN2ZyB3aWR0aD0iMSIgaGVpZ2h0PSIxIiB4bWxucz0iaHR0cDovL3d3dy53My5vcmcvMjAwMC9zdmciPjwvc3ZnPg==\" style=\"--smush-placeholder-width: 819px; --smush-placeholder-aspect-ratio: 819\/1024;\" data-original-sizes=\"(max-width: 819px) 100vw, 819px\" \/><\/a><figcaption class=\"wp-element-caption\"><br><h3>Business can be cold \u2026<\/h3><\/figcaption><\/figure>\n\n\n\n<div style=\"height:50px\" aria-hidden=\"true\" class=\"wp-block-spacer\"><\/div>\n\n\n\n<h2 class=\"wp-block-heading has-drop-cap\" id=\"SchwarzWeiss\">Black and White<br>&nbsp;in Saint-Rapha\u00ebl<\/h2>\n\n\n\n<figure class=\"wp-block-image size-full my-image-border\"><a href=\"https:\/\/b2642856.assetcdn.net\/2.0\/2642856\/wp-content\/uploads\/2023\/11\/MotorProsa-Fotoparade-2023-Schwarz-Weiss.jpg?lossy=1&strip=1&webp=1\" target=\"_blank\" rel=\"noreferrer noopener\"><img decoding=\"async\" width=\"2048\" height=\"1365\" data-src=\"https:\/\/b2642856.assetcdn.net\/2.0\/2642856\/wp-content\/uploads\/2023\/11\/MotorProsa-Fotoparade-2023-Schwarz-Weiss.jpg?lossy=1&strip=1&webp=1\" alt=\"Black and White: Harley-Davidson with special parking space\" class=\"wp-image-199604 lazyload\" title=\"\" data-srcset=\"https:\/\/b2642856.assetcdn.net\/2.0\/2642856\/wp-content\/uploads\/2023\/11\/MotorProsa-Fotoparade-2023-Schwarz-Weiss.jpg?lossy=1&strip=1&webp=1 2048w, https:\/\/b2642856.assetcdn.net\/2.0\/2642856\/wp-content\/uploads\/2023\/11\/MotorProsa-Fotoparade-2023-Schwarz-Weiss-300x200.jpg?lossy=1&strip=1&webp=1 300w, https:\/\/b2642856.assetcdn.net\/2.0\/2642856\/wp-content\/uploads\/2023\/11\/MotorProsa-Fotoparade-2023-Schwarz-Weiss-1024x683.jpg?lossy=1&strip=1&webp=1 1024w, https:\/\/b2642856.assetcdn.net\/2.0\/2642856\/wp-content\/uploads\/2023\/11\/MotorProsa-Fotoparade-2023-Schwarz-Weiss-768x512.jpg?lossy=1&strip=1&webp=1 768w, https:\/\/b2642856.assetcdn.net\/2.0\/2642856\/wp-content\/uploads\/2023\/11\/MotorProsa-Fotoparade-2023-Schwarz-Weiss-1536x1024.jpg?lossy=1&strip=1&webp=1 1536w, https:\/\/b2642856.assetcdn.net\/2.0\/2642856\/wp-content\/uploads\/2023\/11\/MotorProsa-Fotoparade-2023-Schwarz-Weiss-1320x880.jpg?lossy=1&strip=1&webp=1 1320w, https:\/\/b2642856.assetcdn.net\/2.0\/2642856\/wp-content\/uploads\/2023\/11\/MotorProsa-Fotoparade-2023-Schwarz-Weiss.jpg?size=240x160&lossy=1&strip=1&webp=1 240w, https:\/\/b2642856.assetcdn.net\/2.0\/2642856\/wp-content\/uploads\/2023\/11\/MotorProsa-Fotoparade-2023-Schwarz-Weiss.jpg?size=480x320&lossy=1&strip=1&webp=1 480w, https:\/\/b2642856.assetcdn.net\/2.0\/2642856\/wp-content\/uploads\/2023\/11\/MotorProsa-Fotoparade-2023-Schwarz-Weiss.jpg?size=960x640&lossy=1&strip=1&webp=1 960w, https:\/\/b2642856.assetcdn.net\/2.0\/2642856\/wp-content\/uploads\/2023\/11\/MotorProsa-Fotoparade-2023-Schwarz-Weiss.jpg?size=1200x800&lossy=1&strip=1&webp=1 1200w, https:\/\/b2642856.assetcdn.net\/2.0\/2642856\/wp-content\/uploads\/2023\/11\/MotorProsa-Fotoparade-2023-Schwarz-Weiss.jpg?size=1800x1200&lossy=1&strip=1&webp=1 1800w\" data-sizes=\"auto\" src=\"data:image\/svg+xml;base64,PHN2ZyB3aWR0aD0iMSIgaGVpZ2h0PSIxIiB4bWxucz0iaHR0cDovL3d3dy53My5vcmcvMjAwMC9zdmciPjwvc3ZnPg==\" style=\"--smush-placeholder-width: 2048px; --smush-placeholder-aspect-ratio: 2048\/1365;\" data-original-sizes=\"(max-width: 2048px) 100vw, 2048px\" \/><\/a><figcaption class=\"wp-element-caption\"><br><h3>Black and White: Harley-Davidson with special parking space<\/h3><\/figcaption><\/figure>\n\n\n\n<p class=\"wp-block-paragraph\">Most of the yachts on the C\u00f4te d&#8217;Azur are white, a few are grey, the super-expensive ones wear high-gloss black. In the harbour of Saint-Rapha\u00ebl, I notice this special combination: a black Harley on a white yacht. I wonder how the motorbike gets on the road?<\/p>\n\n\n\n<hr class=\"wp-block-separator has-alpha-channel-opacity\"\/>\n\n\n\n<h2 class=\"wp-block-heading has-drop-cap\">Photo Parade 2023:<br>&nbsp;Additional task<\/h2>\n\n\n\n<div style=\"height:50px\" aria-hidden=\"true\" class=\"wp-block-spacer\"><\/div>\n\n\n\n<h2 class=\"wp-block-heading has-drop-cap\" id=\"Heiss\">Hot<br>&nbsp;in Vaison-la-Romaine<\/h2>\n\n\n\n<p class=\"wp-block-paragraph\">As I get out of the pool in Vaison-la-Romaine, a huge insect buzzes past me and lands unerringly in a puddle I&#8217;ve left on the hot stones. I trust that the water is more interesting than me and pull out my smartphone:<\/p>\n\n\n\n<figure class=\"wp-block-image size-full my-image-border\"><a href=\"https:\/\/b2642856.assetcdn.net\/2.0\/2642856\/wp-content\/uploads\/2023\/11\/MotorProsa-Fotoparade-2023-Heiss-2.jpg?lossy=1&strip=1&webp=1\" target=\"_blank\" rel=\"noreferrer noopener\"><img decoding=\"async\" width=\"1024\" height=\"768\" data-src=\"https:\/\/b2642856.assetcdn.net\/2.0\/2642856\/wp-content\/uploads\/2023\/11\/MotorProsa-Fotoparade-2023-Heiss-2.jpg?lossy=1&strip=1&webp=1\" alt=\"Hornet with thirst\" class=\"wp-image-199975 lazyload\" title=\"\" data-srcset=\"https:\/\/b2642856.assetcdn.net\/2.0\/2642856\/wp-content\/uploads\/2023\/11\/MotorProsa-Fotoparade-2023-Heiss-2.jpg?lossy=1&strip=1&webp=1 1024w, https:\/\/b2642856.assetcdn.net\/2.0\/2642856\/wp-content\/uploads\/2023\/11\/MotorProsa-Fotoparade-2023-Heiss-2-300x225.jpg?lossy=1&strip=1&webp=1 300w, https:\/\/b2642856.assetcdn.net\/2.0\/2642856\/wp-content\/uploads\/2023\/11\/MotorProsa-Fotoparade-2023-Heiss-2-768x576.jpg?lossy=1&strip=1&webp=1 768w, https:\/\/b2642856.assetcdn.net\/2.0\/2642856\/wp-content\/uploads\/2023\/11\/MotorProsa-Fotoparade-2023-Heiss-2.jpg?size=240x180&lossy=1&strip=1&webp=1 240w, https:\/\/b2642856.assetcdn.net\/2.0\/2642856\/wp-content\/uploads\/2023\/11\/MotorProsa-Fotoparade-2023-Heiss-2.jpg?size=480x360&lossy=1&strip=1&webp=1 480w, https:\/\/b2642856.assetcdn.net\/2.0\/2642856\/wp-content\/uploads\/2023\/11\/MotorProsa-Fotoparade-2023-Heiss-2.jpg?size=960x720&lossy=1&strip=1&webp=1 960w\" data-sizes=\"auto\" src=\"data:image\/svg+xml;base64,PHN2ZyB3aWR0aD0iMSIgaGVpZ2h0PSIxIiB4bWxucz0iaHR0cDovL3d3dy53My5vcmcvMjAwMC9zdmciPjwvc3ZnPg==\" style=\"--smush-placeholder-width: 1024px; --smush-placeholder-aspect-ratio: 1024\/768;\" data-original-sizes=\"(max-width: 1024px) 100vw, 1024px\" \/><\/a><figcaption class=\"wp-element-caption\"><br><h3>Hornet with thirst<\/h3><\/figcaption><\/figure>\n\n\n\n<div style=\"height:50px\" aria-hidden=\"true\" class=\"wp-block-spacer\"><\/div>\n\n\n\n<h2 class=\"wp-block-heading has-drop-cap\" id=\"Ausblick\">Outlook<br>&nbsp;in Avignon<\/h2>\n\n\n\n<p class=\"wp-block-paragraph\">Inside, the huge papal palace in Avignon is largely plain, empty and unadorned; there is not much left of the former splendour from the time of the antipopes. This does not detract from the magnificent view over Avignon when you approach one of the beautiful windows.<\/p>\n\n\n\n<figure class=\"wp-block-image size-full my-image-border\"><a href=\"https:\/\/b2642856.assetcdn.net\/2.0\/2642856\/wp-content\/uploads\/2023\/11\/MotorProsa-Fotoparade-2023-Ausblick-3.jpg?lossy=1&strip=1&webp=1\" target=\"_blank\" rel=\"noreferrer noopener\"><img decoding=\"async\" width=\"819\" height=\"1024\" data-src=\"https:\/\/b2642856.assetcdn.net\/2.0\/2642856\/wp-content\/uploads\/2023\/11\/MotorProsa-Fotoparade-2023-Ausblick-3.jpg?lossy=1&strip=1&webp=1\" alt=\"Papal view of Avignon\" class=\"wp-image-199985 lazyload\" title=\"\" data-srcset=\"https:\/\/b2642856.assetcdn.net\/2.0\/2642856\/wp-content\/uploads\/2023\/11\/MotorProsa-Fotoparade-2023-Ausblick-3.jpg?lossy=1&strip=1&webp=1 819w, https:\/\/b2642856.assetcdn.net\/2.0\/2642856\/wp-content\/uploads\/2023\/11\/MotorProsa-Fotoparade-2023-Ausblick-3-240x300.jpg?lossy=1&strip=1&webp=1 240w, https:\/\/b2642856.assetcdn.net\/2.0\/2642856\/wp-content\/uploads\/2023\/11\/MotorProsa-Fotoparade-2023-Ausblick-3-768x960.jpg?lossy=1&strip=1&webp=1 768w, https:\/\/b2642856.assetcdn.net\/2.0\/2642856\/wp-content\/uploads\/2023\/11\/MotorProsa-Fotoparade-2023-Ausblick-3.jpg?size=480x600&lossy=1&strip=1&webp=1 480w\" data-sizes=\"auto\" src=\"data:image\/svg+xml;base64,PHN2ZyB3aWR0aD0iMSIgaGVpZ2h0PSIxIiB4bWxucz0iaHR0cDovL3d3dy53My5vcmcvMjAwMC9zdmciPjwvc3ZnPg==\" style=\"--smush-placeholder-width: 819px; --smush-placeholder-aspect-ratio: 819\/1024;\" data-original-sizes=\"(max-width: 819px) 100vw, 819px\" \/><\/a><figcaption class=\"wp-element-caption\"><br><h3>Papal view of Avignon<\/h3><\/figcaption><\/figure>\n\n\n\n<div style=\"height:50px\" aria-hidden=\"true\" class=\"wp-block-spacer\"><\/div>\n\n\n\n<h2 class=\"wp-block-heading has-drop-cap\" id=\"Tierisch\">Animals<br>\u00a0are watching<\/h2>\n\n\n\n<p class=\"wp-block-paragraph\">On the way towards Vallon-Pont-d&#8217;Arc, we visit the village of Boisson. We want to take a look at the church tower with the striking statue at the top. We are watched closely as we stroll through the shimmering alleyways.<\/p>\n\n\n\n<figure class=\"wp-block-image size-large my-image-border\"><a href=\"https:\/\/b2642856.assetcdn.net\/2.0\/2642856\/wp-content\/uploads\/2023\/11\/MotorProsa-Fotoparade-2023-Tierisch-1-1-1024x683.jpg?lossy=1&strip=1&webp=1\" target=\"_blank\" rel=\"noreferrer noopener\"><img decoding=\"async\" width=\"1024\" height=\"683\" data-src=\"https:\/\/b2642856.assetcdn.net\/2.0\/2642856\/wp-content\/uploads\/2023\/11\/MotorProsa-Fotoparade-2023-Tierisch-1-1-1024x683.jpg?lossy=1&strip=1&webp=1\" alt=\"An attentive observer\" class=\"wp-image-199981 lazyload\" title=\"\" data-srcset=\"https:\/\/b2642856.assetcdn.net\/2.0\/2642856\/wp-content\/uploads\/2023\/11\/MotorProsa-Fotoparade-2023-Tierisch-1-1-1024x683.jpg?lossy=1&strip=1&webp=1 1024w, https:\/\/b2642856.assetcdn.net\/2.0\/2642856\/wp-content\/uploads\/2023\/11\/MotorProsa-Fotoparade-2023-Tierisch-1-1-300x200.jpg?lossy=1&strip=1&webp=1 300w, https:\/\/b2642856.assetcdn.net\/2.0\/2642856\/wp-content\/uploads\/2023\/11\/MotorProsa-Fotoparade-2023-Tierisch-1-1-768x512.jpg?lossy=1&strip=1&webp=1 768w, https:\/\/b2642856.assetcdn.net\/2.0\/2642856\/wp-content\/uploads\/2023\/11\/MotorProsa-Fotoparade-2023-Tierisch-1-1-1536x1024.jpg?lossy=1&strip=1&webp=1 1536w, https:\/\/b2642856.assetcdn.net\/2.0\/2642856\/wp-content\/uploads\/2023\/11\/MotorProsa-Fotoparade-2023-Tierisch-1-1-1320x880.jpg?lossy=1&strip=1&webp=1 1320w, https:\/\/b2642856.assetcdn.net\/2.0\/2642856\/wp-content\/uploads\/2023\/11\/MotorProsa-Fotoparade-2023-Tierisch-1-1.jpg?lossy=1&strip=1&webp=1 2048w, https:\/\/b2642856.assetcdn.net\/2.0\/2642856\/wp-content\/uploads\/2023\/11\/MotorProsa-Fotoparade-2023-Tierisch-1-1.jpg?size=240x160&lossy=1&strip=1&webp=1 240w, https:\/\/b2642856.assetcdn.net\/2.0\/2642856\/wp-content\/uploads\/2023\/11\/MotorProsa-Fotoparade-2023-Tierisch-1-1.jpg?size=480x320&lossy=1&strip=1&webp=1 480w, https:\/\/b2642856.assetcdn.net\/2.0\/2642856\/wp-content\/uploads\/2023\/11\/MotorProsa-Fotoparade-2023-Tierisch-1-1.jpg?size=960x640&lossy=1&strip=1&webp=1 960w\" data-sizes=\"auto\" src=\"data:image\/svg+xml;base64,PHN2ZyB3aWR0aD0iMSIgaGVpZ2h0PSIxIiB4bWxucz0iaHR0cDovL3d3dy53My5vcmcvMjAwMC9zdmciPjwvc3ZnPg==\" style=\"--smush-placeholder-width: 1024px; --smush-placeholder-aspect-ratio: 1024\/683;\" data-original-sizes=\"(max-width: 1024px) 100vw, 1024px\" \/><\/a><figcaption class=\"wp-element-caption\"><br><h3>An attentive observer<\/h3><\/figcaption><\/figure>\n\n\n\n<div style=\"height:50px\" aria-hidden=\"true\" class=\"wp-block-spacer\"><\/div>\n\n\n\n<h2 class=\"wp-block-heading has-drop-cap\" id=\"Bunt\">Colorful<br>&nbsp;on grey stone<\/h2>\n\n\n\n<p class=\"wp-block-paragraph\">Looking down from the Ch\u00e2teau d&#8217;eau du Peyrou in Montpellier, I notice a colourful spot on the stone slabs below me: I have to take a closer look.<\/p>\n\n\n\n<figure class=\"wp-block-image size-full my-image-border\"><a href=\"https:\/\/b2642856.assetcdn.net\/2.0\/2642856\/wp-content\/uploads\/2023\/11\/MotorProsa-Fotoparade-2023-Bunt-3.jpg?lossy=1&strip=1&webp=1\" target=\"_blank\" rel=\"noreferrer noopener\"><img decoding=\"async\" width=\"1024\" height=\"683\" data-src=\"https:\/\/b2642856.assetcdn.net\/2.0\/2642856\/wp-content\/uploads\/2023\/11\/MotorProsa-Fotoparade-2023-Bunt-3.jpg?lossy=1&strip=1&webp=1\" alt=\"Greetings from Africa\" class=\"wp-image-199977 lazyload\" title=\"\" data-srcset=\"https:\/\/b2642856.assetcdn.net\/2.0\/2642856\/wp-content\/uploads\/2023\/11\/MotorProsa-Fotoparade-2023-Bunt-3.jpg?lossy=1&strip=1&webp=1 1024w, https:\/\/b2642856.assetcdn.net\/2.0\/2642856\/wp-content\/uploads\/2023\/11\/MotorProsa-Fotoparade-2023-Bunt-3-300x200.jpg?lossy=1&strip=1&webp=1 300w, https:\/\/b2642856.assetcdn.net\/2.0\/2642856\/wp-content\/uploads\/2023\/11\/MotorProsa-Fotoparade-2023-Bunt-3-768x512.jpg?lossy=1&strip=1&webp=1 768w, https:\/\/b2642856.assetcdn.net\/2.0\/2642856\/wp-content\/uploads\/2023\/11\/MotorProsa-Fotoparade-2023-Bunt-3.jpg?size=240x160&lossy=1&strip=1&webp=1 240w, https:\/\/b2642856.assetcdn.net\/2.0\/2642856\/wp-content\/uploads\/2023\/11\/MotorProsa-Fotoparade-2023-Bunt-3.jpg?size=480x320&lossy=1&strip=1&webp=1 480w, https:\/\/b2642856.assetcdn.net\/2.0\/2642856\/wp-content\/uploads\/2023\/11\/MotorProsa-Fotoparade-2023-Bunt-3.jpg?size=960x640&lossy=1&strip=1&webp=1 960w\" data-sizes=\"auto\" src=\"data:image\/svg+xml;base64,PHN2ZyB3aWR0aD0iMSIgaGVpZ2h0PSIxIiB4bWxucz0iaHR0cDovL3d3dy53My5vcmcvMjAwMC9zdmciPjwvc3ZnPg==\" style=\"--smush-placeholder-width: 1024px; --smush-placeholder-aspect-ratio: 1024\/683;\" data-original-sizes=\"(max-width: 1024px) 100vw, 1024px\" \/><\/a><figcaption class=\"wp-element-caption\"><br><h3>Greetings from Africa<\/h3><\/figcaption><\/figure>\n\n\n\n<div style=\"height:50px\" aria-hidden=\"true\" class=\"wp-block-spacer\"><\/div>\n\n\n\n<h2 class=\"wp-block-heading has-drop-cap\" id=\"Herz\">Hearth<br>&nbsp;is triumph<\/h2>\n\n\n\n<p class=\"wp-block-paragraph\">The remains of a party, perhaps even a wedding? Small hearts made of thin metal foil and paper, found in a hidden alleyway in Nice.<\/p>\n\n\n\n<figure class=\"wp-block-image size-full my-image-border\"><a href=\"https:\/\/b2642856.assetcdn.net\/2.0\/2642856\/wp-content\/uploads\/2023\/11\/MotorProsa-Fotoparade-2023-Herz-1.jpg?lossy=1&strip=1&webp=1\" target=\"_blank\" rel=\"noreferrer noopener\"><img decoding=\"async\" width=\"1024\" height=\"945\" data-src=\"https:\/\/b2642856.assetcdn.net\/2.0\/2642856\/wp-content\/uploads\/2023\/11\/MotorProsa-Fotoparade-2023-Herz-1.jpg?lossy=1&strip=1&webp=1\" alt=\"Almost stepped on\" class=\"wp-image-199979 lazyload\" title=\"\" data-srcset=\"https:\/\/b2642856.assetcdn.net\/2.0\/2642856\/wp-content\/uploads\/2023\/11\/MotorProsa-Fotoparade-2023-Herz-1.jpg?lossy=1&strip=1&webp=1 1024w, https:\/\/b2642856.assetcdn.net\/2.0\/2642856\/wp-content\/uploads\/2023\/11\/MotorProsa-Fotoparade-2023-Herz-1-300x277.jpg?lossy=1&strip=1&webp=1 300w, https:\/\/b2642856.assetcdn.net\/2.0\/2642856\/wp-content\/uploads\/2023\/11\/MotorProsa-Fotoparade-2023-Herz-1-768x709.jpg?lossy=1&strip=1&webp=1 768w, https:\/\/b2642856.assetcdn.net\/2.0\/2642856\/wp-content\/uploads\/2023\/11\/MotorProsa-Fotoparade-2023-Herz-1.jpg?size=240x221&lossy=1&strip=1&webp=1 240w, https:\/\/b2642856.assetcdn.net\/2.0\/2642856\/wp-content\/uploads\/2023\/11\/MotorProsa-Fotoparade-2023-Herz-1.jpg?size=480x443&lossy=1&strip=1&webp=1 480w, https:\/\/b2642856.assetcdn.net\/2.0\/2642856\/wp-content\/uploads\/2023\/11\/MotorProsa-Fotoparade-2023-Herz-1.jpg?size=960x886&lossy=1&strip=1&webp=1 960w\" data-sizes=\"auto\" src=\"data:image\/svg+xml;base64,PHN2ZyB3aWR0aD0iMSIgaGVpZ2h0PSIxIiB4bWxucz0iaHR0cDovL3d3dy53My5vcmcvMjAwMC9zdmciPjwvc3ZnPg==\" style=\"--smush-placeholder-width: 1024px; --smush-placeholder-aspect-ratio: 1024\/945;\" data-original-sizes=\"(max-width: 1024px) 100vw, 1024px\" \/><\/a><figcaption class=\"wp-element-caption\"><br><h3>Almost stepped on<\/h3><\/figcaption><\/figure>\n\n\n\n<div style=\"height:50px\" aria-hidden=\"true\" class=\"wp-block-spacer\"><\/div>\n\n\n\n<h2 class=\"wp-block-heading has-drop-cap\" id=\"Modern\">Modern ways<br>\u00a0through the Middle Ages<\/h2>\n\n\n\n<p class=\"wp-block-paragraph\">The visit to the papal palace in Avignon had been on the agenda for a long time and was definitely impressive. Especially thanks to the modern concept of the guided tour using tablets and augmented reality. We don&#8217;t use them, but children in particular find it difficult to part with their digital devices \u2026<\/p>\n\n\n\n<figure class=\"wp-block-image size-full my-image-border\"><a href=\"https:\/\/b2642856.assetcdn.net\/2.0\/2642856\/wp-content\/uploads\/2023\/11\/MotorProsa-Fotoparade-2023-Modern.jpg?lossy=1&strip=1&webp=1\" target=\"_blank\" rel=\"noreferrer noopener\"><img decoding=\"async\" width=\"1024\" height=\"683\" data-src=\"https:\/\/b2642856.assetcdn.net\/2.0\/2642856\/wp-content\/uploads\/2023\/11\/MotorProsa-Fotoparade-2023-Modern.jpg?lossy=1&strip=1&webp=1\" alt=\"Digitally through ancient walls\" class=\"wp-image-199987 lazyload\" title=\"\" data-srcset=\"https:\/\/b2642856.assetcdn.net\/2.0\/2642856\/wp-content\/uploads\/2023\/11\/MotorProsa-Fotoparade-2023-Modern.jpg?lossy=1&strip=1&webp=1 1024w, https:\/\/b2642856.assetcdn.net\/2.0\/2642856\/wp-content\/uploads\/2023\/11\/MotorProsa-Fotoparade-2023-Modern-300x200.jpg?lossy=1&strip=1&webp=1 300w, https:\/\/b2642856.assetcdn.net\/2.0\/2642856\/wp-content\/uploads\/2023\/11\/MotorProsa-Fotoparade-2023-Modern-768x512.jpg?lossy=1&strip=1&webp=1 768w, https:\/\/b2642856.assetcdn.net\/2.0\/2642856\/wp-content\/uploads\/2023\/11\/MotorProsa-Fotoparade-2023-Modern.jpg?size=240x160&lossy=1&strip=1&webp=1 240w, https:\/\/b2642856.assetcdn.net\/2.0\/2642856\/wp-content\/uploads\/2023\/11\/MotorProsa-Fotoparade-2023-Modern.jpg?size=480x320&lossy=1&strip=1&webp=1 480w, https:\/\/b2642856.assetcdn.net\/2.0\/2642856\/wp-content\/uploads\/2023\/11\/MotorProsa-Fotoparade-2023-Modern.jpg?size=960x640&lossy=1&strip=1&webp=1 960w\" data-sizes=\"auto\" src=\"data:image\/svg+xml;base64,PHN2ZyB3aWR0aD0iMSIgaGVpZ2h0PSIxIiB4bWxucz0iaHR0cDovL3d3dy53My5vcmcvMjAwMC9zdmciPjwvc3ZnPg==\" style=\"--smush-placeholder-width: 1024px; --smush-placeholder-aspect-ratio: 1024\/683;\" data-original-sizes=\"(max-width: 1024px) 100vw, 1024px\" \/><\/a><figcaption class=\"wp-element-caption\"><br><h3>Digitally through ancient walls<\/h3><\/figcaption><\/figure>\n\n\n\n<div style=\"height:50px\" aria-hidden=\"true\" class=\"wp-block-spacer\"><\/div>\n\n\n\n<h2 class=\"wp-block-heading has-drop-cap\" id=\"Modern\">And finally:<br>\u00a0my best photo 2023<\/h2>\n\n\n\n<p class=\"wp-block-paragraph\">When you think of Provence, many people think of endless, blooming and fragrant lavender fields. We did too, for a long time. In 2023, however, we find a huge field of poppies. My most beautiful photo was taken in 2023.<\/p>\n\n\n\n<figure class=\"wp-block-image size-full my-image-border\"><a href=\"https:\/\/b2642856.assetcdn.net\/2.0\/2642856\/wp-content\/uploads\/2023\/11\/MotorProsa-Fotoparade-2023-Lensball.jpg?lossy=1&strip=1&webp=1\" target=\"_blank\" rel=\"noreferrer noopener\"><img decoding=\"async\" width=\"2048\" height=\"1365\" data-src=\"https:\/\/b2642856.assetcdn.net\/2.0\/2642856\/wp-content\/uploads\/2023\/11\/MotorProsa-Fotoparade-2023-Lensball.jpg?lossy=1&strip=1&webp=1\" alt=\"Colourful and magical Provence\" class=\"wp-image-200078 lazyload\" title=\"\" data-srcset=\"https:\/\/b2642856.assetcdn.net\/2.0\/2642856\/wp-content\/uploads\/2023\/11\/MotorProsa-Fotoparade-2023-Lensball.jpg?lossy=1&strip=1&webp=1 2048w, https:\/\/b2642856.assetcdn.net\/2.0\/2642856\/wp-content\/uploads\/2023\/11\/MotorProsa-Fotoparade-2023-Lensball-300x200.jpg?lossy=1&strip=1&webp=1 300w, https:\/\/b2642856.assetcdn.net\/2.0\/2642856\/wp-content\/uploads\/2023\/11\/MotorProsa-Fotoparade-2023-Lensball-1024x683.jpg?lossy=1&strip=1&webp=1 1024w, https:\/\/b2642856.assetcdn.net\/2.0\/2642856\/wp-content\/uploads\/2023\/11\/MotorProsa-Fotoparade-2023-Lensball-768x512.jpg?lossy=1&strip=1&webp=1 768w, https:\/\/b2642856.assetcdn.net\/2.0\/2642856\/wp-content\/uploads\/2023\/11\/MotorProsa-Fotoparade-2023-Lensball-1536x1024.jpg?lossy=1&strip=1&webp=1 1536w, https:\/\/b2642856.assetcdn.net\/2.0\/2642856\/wp-content\/uploads\/2023\/11\/MotorProsa-Fotoparade-2023-Lensball-1320x880.jpg?lossy=1&strip=1&webp=1 1320w, https:\/\/b2642856.assetcdn.net\/2.0\/2642856\/wp-content\/uploads\/2023\/11\/MotorProsa-Fotoparade-2023-Lensball.jpg?size=240x160&lossy=1&strip=1&webp=1 240w, https:\/\/b2642856.assetcdn.net\/2.0\/2642856\/wp-content\/uploads\/2023\/11\/MotorProsa-Fotoparade-2023-Lensball.jpg?size=480x320&lossy=1&strip=1&webp=1 480w, https:\/\/b2642856.assetcdn.net\/2.0\/2642856\/wp-content\/uploads\/2023\/11\/MotorProsa-Fotoparade-2023-Lensball.jpg?size=960x640&lossy=1&strip=1&webp=1 960w, https:\/\/b2642856.assetcdn.net\/2.0\/2642856\/wp-content\/uploads\/2023\/11\/MotorProsa-Fotoparade-2023-Lensball.jpg?size=1200x800&lossy=1&strip=1&webp=1 1200w, https:\/\/b2642856.assetcdn.net\/2.0\/2642856\/wp-content\/uploads\/2023\/11\/MotorProsa-Fotoparade-2023-Lensball.jpg?size=1800x1200&lossy=1&strip=1&webp=1 1800w\" data-sizes=\"auto\" src=\"data:image\/svg+xml;base64,PHN2ZyB3aWR0aD0iMSIgaGVpZ2h0PSIxIiB4bWxucz0iaHR0cDovL3d3dy53My5vcmcvMjAwMC9zdmciPjwvc3ZnPg==\" style=\"--smush-placeholder-width: 2048px; --smush-placeholder-aspect-ratio: 2048\/1365;\" data-original-sizes=\"(max-width: 2048px) 100vw, 2048px\" \/><\/a><figcaption class=\"wp-element-caption\"><br><h3>Colourful and magical Provence<\/h3><\/figcaption><\/figure>\n\n\n\n<figure class=\"wp-block-image size-large\"><img decoding=\"async\" width=\"1024\" height=\"60\" data-src=\"https:\/\/b2642856.assetcdn.net\/2.0\/2642856\/wp-content\/uploads\/2020\/02\/Trenner-1024x60-1.png?lossy=1&strip=1&webp=1\" alt=\"Das Symbol von MotorProsa: die F\u00fcllfeder.\" class=\"wp-image-441 lazyload\" title=\"MotorProsa: Motorrad-Geschichten, geschrieben mit Passion\" data-srcset=\"https:\/\/b2642856.assetcdn.net\/2.0\/2642856\/wp-content\/uploads\/2020\/02\/Trenner-1024x60-1.png?lossy=1&strip=1&webp=1 1024w, https:\/\/b2642856.assetcdn.net\/2.0\/2642856\/wp-content\/uploads\/2020\/02\/Trenner-1024x60-1-300x18.png?lossy=1&strip=1&webp=1 300w, https:\/\/b2642856.assetcdn.net\/2.0\/2642856\/wp-content\/uploads\/2020\/02\/Trenner-1024x60-1-768x45.png?lossy=1&strip=1&webp=1 768w, https:\/\/b2642856.assetcdn.net\/2.0\/2642856\/wp-content\/uploads\/2020\/02\/Trenner-1024x60-1.png?size=240x14&lossy=1&strip=1&webp=1 240w, https:\/\/b2642856.assetcdn.net\/2.0\/2642856\/wp-content\/uploads\/2020\/02\/Trenner-1024x60-1.png?size=480x28&lossy=1&strip=1&webp=1 480w, https:\/\/b2642856.assetcdn.net\/2.0\/2642856\/wp-content\/uploads\/2020\/02\/Trenner-1024x60-1.png?size=960x56&lossy=1&strip=1&webp=1 960w\" data-sizes=\"auto\" src=\"data:image\/svg+xml;base64,PHN2ZyB3aWR0aD0iMSIgaGVpZ2h0PSIxIiB4bWxucz0iaHR0cDovL3d3dy53My5vcmcvMjAwMC9zdmciPjwvc3ZnPg==\" style=\"--smush-placeholder-width: 1024px; --smush-placeholder-aspect-ratio: 1024\/60;\" data-original-sizes=\"(max-width: 1024px) 100vw, 1024px\" \/><\/figure>\n\n\n\n<div style=\"height:50px\" aria-hidden=\"true\" class=\"wp-block-spacer\"><\/div>\n\n\n\n<p class=\"wp-block-paragraph\">About my pictures: I take pictures with whatever is available at the moment &#8211; smartphone, compact camera, action cam or with the big kit. I manage my photos with Adobe Lightroom, and I also use it for most of my image editing. PhotoShop is now only used for very special shots.<\/p>\n\n\n\n<p class=\"wp-block-paragraph\">And now &#8211; click over to the photo parade of \u201e<strong><a href=\"https:\/\/www.erkunde-die-welt.de\/2023\/10\/01\/beste-fotos-2023-fotoparade\/\" target=\"_blank\" rel=\"noreferrer noopener\">Erkunde die Welt<\/a><\/strong>\u201c&nbsp;\u2013 it&#8217;s worth it!<\/p>\n\n\n\n<div style=\"height:50px\" aria-hidden=\"true\" class=\"wp-block-spacer\"><\/div>\n\n\n<!--Yasr Visitor Votes Shortcode--><div id='yasr_visitor_votes_db3e9aa866a0b' class='yasr-visitor-votes'><div class=\"yasr-custom-text-vv-before yasr-custom-text-vv-before-213269\">Bewerte diesen Beitrag \/\/ Rate this post <\/div><div id='yasr-vv-second-row-container-db3e9aa866a0b'\r\n                                        class='yasr-vv-second-row-container'><div id='yasr-visitor-votes-rater-db3e9aa866a0b'\r\n                                      class='yasr-rater-stars-vv'\r\n                                      data-rater-postid='213269'\r\n                                      data-rating='0'\r\n                                      data-rater-starsize='32'\r\n                                      data-rater-readonly='false'\r\n                                      data-rater-nonce='d4ca20a83d'\r\n                                      data-issingular='false'\r\n                                    ><\/div><div class=\"yasr-vv-stats-text-container\" id=\"yasr-vv-stats-text-container-db3e9aa866a0b\"><svg xmlns=\"https:\/\/www.w3.org\/2000\/svg\" width=\"20\" height=\"20\"\r\n                                   class=\"yasr-dashicons-visitor-stats\"\r\n                                   data-postid=\"213269\"\r\n                                   id=\"yasr-stats-dashicon-db3e9aa866a0b\">\r\n                                   <path d=\"M18 18v-16h-4v16h4zM12 18v-11h-4v11h4zM6 18v-8h-4v8h4z\"><\/path>\r\n                               <\/svg><span id=\"yasr-vv-text-container-db3e9aa866a0b\" class=\"yasr-vv-text-container\"><\/span><\/div><div id='yasr-vv-loader-db3e9aa866a0b' class='yasr-vv-container-loader'><\/div><\/div><div id='yasr-vv-bottom-container-db3e9aa866a0b'\r\n                              class='yasr-vv-bottom-container'\r\n                              style='display:none'><\/div><\/div><!--End Yasr Visitor Votes Shortcode-->\n\n\n\n<div style=\"height:25px\" aria-hidden=\"true\" class=\"wp-block-spacer\"><\/div>\n\n\n<div class=\"ShariffSC my-image-border\"><div class=\"shariff shariff-align-left shariff-widget-align-left shariff-buttonstretch\" data-services=\"facebook\" data-url=\"https:\/\/www.motorprosa.com\/en\/photo-parade-my-best-photos-of-2023\/\" data-timestamp=\"1702855791\" data-backendurl=\"https:\/\/www.motorprosa.com\/en\/wp-json\/shariff\/v1\/share_counts?\"><ul class=\"shariff-buttons theme-white orientation-horizontal buttonsize-medium\"><li class=\"shariff-button facebook shariff-nocustomcolor\" style=\"background-color:#4273c8\"><a href=\"https:\/\/www.facebook.com\/sharer\/sharer.php?u=https%3A%2F%2Fwww.motorprosa.com%2Fen%2Fphoto-parade-my-best-photos-of-2023%2F\" title=\"Share on Facebook\" aria-label=\"Share on Facebook\" role=\"button\" rel=\"nofollow\" class=\"shariff-link\" style=\"; background-color:#3b5998; color:#3b5998\" target=\"_blank\"><span class=\"shariff-icon\" style=\"fill:#3b5998\"><svg width=\"32px\" height=\"20px\" xmlns=\"http:\/\/www.w3.org\/2000\/svg\" viewBox=\"0 0 18 32\"><path fill=\"#3b5998\" d=\"M17.1 0.2v4.7h-2.8q-1.5 0-2.1 0.6t-0.5 1.9v3.4h5.2l-0.7 5.3h-4.5v13.6h-5.5v-13.6h-4.5v-5.3h4.5v-3.9q0-3.3 1.9-5.2t5-1.8q2.6 0 4.1 0.2z\"\/><\/svg><\/span><span class=\"shariff-text\" style=\"color:#3b5998\">share<\/span>&nbsp;<\/a><\/li><li class=\"shariff-button bluesky shariff-nocustomcolor\" style=\"background-color:#84c4ff\"><a href=\"https:\/\/bsky.app\/intent\/compose?text=Photo%20parade%3A%20My%20best%20photos%20of%202023 https%3A%2F%2Fwww.motorprosa.com%2Fen%2Fphoto-parade-my-best-photos-of-2023%2F  via @motorprosa.com\" title=\"Share on Bluesky\" aria-label=\"Share on Bluesky\" role=\"button\" rel=\"noopener nofollow\" class=\"shariff-link\" style=\"; background-color:#0085ff; color:#0085ff\" target=\"_blank\"><span class=\"shariff-icon\" style=\"fill:#0085ff\"><svg width=\"20\" height=\"20\" version=\"1.1\" xmlns=\"http:\/\/www.w3.org\/2000\/svg\" viewBox=\"0 0 20 20\"><path class=\"st0\" d=\"M4.89,3.12c2.07,1.55,4.3,4.71,5.11,6.4.82-1.69,3.04-4.84,5.11-6.4,1.49-1.12,3.91-1.99,3.91.77,0,.55-.32,4.63-.5,5.3-.64,2.3-2.99,2.89-5.08,2.54,3.65.62,4.58,2.68,2.57,4.74-3.81,3.91-5.48-.98-5.9-2.23-.08-.23-.11-.34-.12-.25,0-.09-.04.02-.12.25-.43,1.25-2.09,6.14-5.9,2.23-2.01-2.06-1.08-4.12,2.57-4.74-2.09.36-4.44-.23-5.08-2.54-.19-.66-.5-4.74-.5-5.3,0-2.76,2.42-1.89,3.91-.77h0Z\"\/><\/svg><\/span><span class=\"shariff-text\" style=\"color:#0085ff\">share<\/span>&nbsp;<\/a><\/li><li class=\"shariff-button linkedin shariff-nocustomcolor\" style=\"background-color:#1488bf\"><a href=\"https:\/\/www.linkedin.com\/sharing\/share-offsite\/?url=https%3A%2F%2Fwww.motorprosa.com%2Fen%2Fphoto-parade-my-best-photos-of-2023%2F\" title=\"Share on LinkedIn\" aria-label=\"Share on LinkedIn\" role=\"button\" rel=\"noopener nofollow\" class=\"shariff-link\" style=\"; background-color:#0077b5; color:#0077b5\" target=\"_blank\"><span class=\"shariff-icon\" style=\"fill:#0077b5\"><svg width=\"32px\" height=\"20px\" xmlns=\"http:\/\/www.w3.org\/2000\/svg\" viewBox=\"0 0 27 32\"><path fill=\"#0077b5\" d=\"M6.2 11.2v17.7h-5.9v-17.7h5.9zM6.6 5.7q0 1.3-0.9 2.2t-2.4 0.9h0q-1.5 0-2.4-0.9t-0.9-2.2 0.9-2.2 2.4-0.9 2.4 0.9 0.9 2.2zM27.4 18.7v10.1h-5.9v-9.5q0-1.9-0.7-2.9t-2.3-1.1q-1.1 0-1.9 0.6t-1.2 1.5q-0.2 0.5-0.2 1.4v9.9h-5.9q0-7.1 0-11.6t0-5.3l0-0.9h5.9v2.6h0q0.4-0.6 0.7-1t1-0.9 1.6-0.8 2-0.3q3 0 4.9 2t1.9 6z\"\/><\/svg><\/span><span class=\"shariff-text\" style=\"color:#0077b5\">share<\/span>&nbsp;<\/a><\/li><\/ul><\/div><\/div>\n\n\n\n<div style=\"height:50px\" aria-hidden=\"true\" class=\"wp-block-spacer\"><\/div>\n\n\n\n<h3 class=\"wp-block-heading\" id=\"bestens-dazu-passend\"><strong>Perfectly matching:<\/strong><\/h3>\n\n\n\n\t\t\t<div class=\"wp-block-uagb-post-grid uagb-post-grid  uagb-post__image-position-top uagb-post__image-enabled uagb-block-8f875af8     uagb-post__items uagb-post__columns-3 is-grid uagb-post__columns-tablet-2 uagb-post__columns-mobile-1 uagb-post__equal-height\" data-total=\"1\" style=\"\">\n\n\t\t\t\t\t\t\t\t\t\t\t\t<article class=\"uagb-post__inner-wrap\">\t\t\t\t\t\t\t\t<div class='uagb-post__image'>\n\t\t\t\t\t\t\t\t\t<a href=\"https:\/\/www.motorprosa.com\/en\/stelvio-count-from-1-to-10\/\" target=\"_self\" rel=\"bookmark noopener noreferrer\" class=\"uagb-image-ratio-inherit\"><img decoding=\"async\" width=\"1024\" height=\"559\" data-src=\"https:\/\/b2642856.assetcdn.net\/2.0\/2642856\/wp-content\/uploads\/2021\/10\/motorprosa-blog-header-zaehl-von-1-bis-10-effekt-1024x559.jpg?lossy=1&strip=1&webp=1\" class=\"attachment-large size-large lazyload\" alt=\"MotorProsa: Stilfserjoch - Z\u00e4hl von 1 bis 10\" data-srcset=\"https:\/\/b2642856.assetcdn.net\/2.0\/2642856\/wp-content\/uploads\/2021\/10\/motorprosa-blog-header-zaehl-von-1-bis-10-effekt-1024x559.jpg?lossy=1&strip=1&webp=1 1024w, https:\/\/b2642856.assetcdn.net\/2.0\/2642856\/wp-content\/uploads\/2021\/10\/motorprosa-blog-header-zaehl-von-1-bis-10-effekt-300x164.jpg?lossy=1&strip=1&webp=1 300w, https:\/\/b2642856.assetcdn.net\/2.0\/2642856\/wp-content\/uploads\/2021\/10\/motorprosa-blog-header-zaehl-von-1-bis-10-effekt.jpg?lossy=1&strip=1&webp=1 1200w, https:\/\/b2642856.assetcdn.net\/2.0\/2642856\/wp-content\/uploads\/2021\/10\/motorprosa-blog-header-zaehl-von-1-bis-10-effekt.jpg?size=240x131&lossy=1&strip=1&webp=1 240w, https:\/\/b2642856.assetcdn.net\/2.0\/2642856\/wp-content\/uploads\/2021\/10\/motorprosa-blog-header-zaehl-von-1-bis-10-effekt.jpg?size=480x262&lossy=1&strip=1&webp=1 480w, https:\/\/b2642856.assetcdn.net\/2.0\/2642856\/wp-content\/uploads\/2021\/10\/motorprosa-blog-header-zaehl-von-1-bis-10-effekt.jpg?size=720x393&lossy=1&strip=1&webp=1 720w, https:\/\/b2642856.assetcdn.net\/2.0\/2642856\/wp-content\/uploads\/2021\/10\/motorprosa-blog-header-zaehl-von-1-bis-10-effekt.jpg?size=960x524&lossy=1&strip=1&webp=1 960w\" data-sizes=\"auto\" title=\"\" src=\"data:image\/svg+xml;base64,PHN2ZyB3aWR0aD0iMSIgaGVpZ2h0PSIxIiB4bWxucz0iaHR0cDovL3d3dy53My5vcmcvMjAwMC9zdmciPjwvc3ZnPg==\" style=\"--smush-placeholder-width: 1024px; --smush-placeholder-aspect-ratio: 1024\/559;\" data-original-sizes=\"(max-width: 1024px) 100vw, 1024px\">\t\t\t\t\t<\/a>\n\t\t\t\t\t\t\t<\/div>\n\t\t\t\t\t\t<h4 class=\"uagb-post__title uagb-post__text\">\n\t\t\t\t<a href=\"https:\/\/www.motorprosa.com\/en\/stelvio-count-from-1-to-10\/\" target=\"_self\" rel=\"bookmark noopener noreferrer\">Stelvio &#8211; Count from 1 to 10!<\/a>\n\t\t\t<\/h4>\n\t\t\t\t\t\t<div class='uagb-post__text uagb-post-grid-byline'>\n\t\t\t\t\t\t\t\t<span class=\"uagb-post__comment\">\n\t\t\t\t<span class=\"dashicons-admin-comments dashicons\"><\/span>\t\t\t\t\tNo Comments\t\t\t\t<\/span>\n\t\t\t\t\t\t<\/div>\n\t\t\t\t\t\t\t<div class='uagb-post__text uagb-post__excerpt'>\n\t\t\t\t\tA picture gallery of the first 10 hairpin bends of the Stelvio, the &#8220;world wonder of road construction&#8221;. <br><br>Have fun looking at them!\t\t\t\t<\/div>\n\t\t\t\n\t\t\t\t\t\t\t\t\t<\/article>\n\t\t\t\t\t\t\t\t\t\t\t\t\t\t\t\t<article class=\"uagb-post__inner-wrap\">\t\t\t\t\t\t\t\t<div class='uagb-post__image'>\n\t\t\t\t\t\t\t\t\t<a href=\"https:\/\/www.motorprosa.com\/en\/the-light-painter-uli-biggemann-a-portrait\/\" target=\"_self\" rel=\"bookmark noopener noreferrer\" class=\"uagb-image-ratio-inherit\"><img decoding=\"async\" width=\"1024\" height=\"575\" data-src=\"https:\/\/b2642856.assetcdn.net\/2.0\/2642856\/wp-content\/uploads\/2022\/02\/motorprosa-blog-header-der-lichtmaler-1-effekt-1024x575.jpg?lossy=1&strip=1&webp=1\" class=\"attachment-large size-large lazyload\" alt=\"MotorProsa: Blog Portrait Uli Biggemann (Effekt)\" data-srcset=\"https:\/\/b2642856.assetcdn.net\/2.0\/2642856\/wp-content\/uploads\/2022\/02\/motorprosa-blog-header-der-lichtmaler-1-effekt-1024x575.jpg?lossy=1&strip=1&webp=1 1024w, https:\/\/b2642856.assetcdn.net\/2.0\/2642856\/wp-content\/uploads\/2022\/02\/motorprosa-blog-header-der-lichtmaler-1-effekt-300x169.jpg?lossy=1&strip=1&webp=1 300w, https:\/\/b2642856.assetcdn.net\/2.0\/2642856\/wp-content\/uploads\/2022\/02\/motorprosa-blog-header-der-lichtmaler-1-effekt.jpg?lossy=1&strip=1&webp=1 1200w, https:\/\/b2642856.assetcdn.net\/2.0\/2642856\/wp-content\/uploads\/2022\/02\/motorprosa-blog-header-der-lichtmaler-1-effekt.jpg?size=240x135&lossy=1&strip=1&webp=1 240w, https:\/\/b2642856.assetcdn.net\/2.0\/2642856\/wp-content\/uploads\/2022\/02\/motorprosa-blog-header-der-lichtmaler-1-effekt.jpg?size=480x270&lossy=1&strip=1&webp=1 480w, https:\/\/b2642856.assetcdn.net\/2.0\/2642856\/wp-content\/uploads\/2022\/02\/motorprosa-blog-header-der-lichtmaler-1-effekt.jpg?size=720x404&lossy=1&strip=1&webp=1 720w, https:\/\/b2642856.assetcdn.net\/2.0\/2642856\/wp-content\/uploads\/2022\/02\/motorprosa-blog-header-der-lichtmaler-1-effekt.jpg?size=960x539&lossy=1&strip=1&webp=1 960w\" data-sizes=\"auto\" title=\"\" src=\"data:image\/svg+xml;base64,PHN2ZyB3aWR0aD0iMSIgaGVpZ2h0PSIxIiB4bWxucz0iaHR0cDovL3d3dy53My5vcmcvMjAwMC9zdmciPjwvc3ZnPg==\" style=\"--smush-placeholder-width: 1024px; --smush-placeholder-aspect-ratio: 1024\/575;\" data-original-sizes=\"(max-width: 1024px) 100vw, 1024px\">\t\t\t\t\t<\/a>\n\t\t\t\t\t\t\t<\/div>\n\t\t\t\t\t\t<h4 class=\"uagb-post__title uagb-post__text\">\n\t\t\t\t<a href=\"https:\/\/www.motorprosa.com\/en\/the-light-painter-uli-biggemann-a-portrait\/\" target=\"_self\" rel=\"bookmark noopener noreferrer\">The &#8220;Light painter&#8221; Uli Biggemann: a portrait<\/a>\n\t\t\t<\/h4>\n\t\t\t\t\t\t<div class='uagb-post__text uagb-post-grid-byline'>\n\t\t\t\t\t\t\t\t<span class=\"uagb-post__comment\">\n\t\t\t\t<span class=\"dashicons-admin-comments dashicons\"><\/span>\t\t\t\t\tNo Comments\t\t\t\t<\/span>\n\t\t\t\t\t\t<\/div>\n\t\t\t\t\t\t\t<div class='uagb-post__text uagb-post__excerpt'>\n\t\t\t\t\tUli Biggemann, the man behind moppetfoto.de, is a master of his craft. I got to know him during a special experience. A Portrait.\t\t\t\t<\/div>\n\t\t\t\n\t\t\t\t\t\t\t\t\t<\/article>\n\t\t\t\t\t\t\t\t\t\t\t\t\t\t\t\t<article class=\"uagb-post__inner-wrap\">\t\t\t\t\t\t\t\t<div class='uagb-post__image'>\n\t\t\t\t\t\t\t\t\t<a href=\"https:\/\/www.motorprosa.com\/en\/professional-line-photobook-saal-digital\/\" target=\"_self\" rel=\"bookmark noopener noreferrer\" class=\"uagb-image-ratio-inherit\"><img decoding=\"async\" width=\"1024\" height=\"575\" data-src=\"https:\/\/b2642856.assetcdn.net\/2.0\/2642856\/wp-content\/uploads\/2023\/09\/MotorProsa-Blog-Header-Fotobuch-Saal-Digital-Effekt-1024x575.jpg?lossy=1&strip=1&webp=1\" class=\"attachment-large size-large lazyload\" alt=\"\" data-srcset=\"https:\/\/b2642856.assetcdn.net\/2.0\/2642856\/wp-content\/uploads\/2023\/09\/MotorProsa-Blog-Header-Fotobuch-Saal-Digital-Effekt-1024x575.jpg?lossy=1&strip=1&webp=1 1024w, https:\/\/b2642856.assetcdn.net\/2.0\/2642856\/wp-content\/uploads\/2023\/09\/MotorProsa-Blog-Header-Fotobuch-Saal-Digital-Effekt-300x169.jpg?lossy=1&strip=1&webp=1 300w, https:\/\/b2642856.assetcdn.net\/2.0\/2642856\/wp-content\/uploads\/2023\/09\/MotorProsa-Blog-Header-Fotobuch-Saal-Digital-Effekt-768x431.jpg?lossy=1&strip=1&webp=1 768w, https:\/\/b2642856.assetcdn.net\/2.0\/2642856\/wp-content\/uploads\/2023\/09\/MotorProsa-Blog-Header-Fotobuch-Saal-Digital-Effekt.jpg?lossy=1&strip=1&webp=1 1200w, https:\/\/b2642856.assetcdn.net\/2.0\/2642856\/wp-content\/uploads\/2023\/09\/MotorProsa-Blog-Header-Fotobuch-Saal-Digital-Effekt.jpg?size=240x135&lossy=1&strip=1&webp=1 240w, https:\/\/b2642856.assetcdn.net\/2.0\/2642856\/wp-content\/uploads\/2023\/09\/MotorProsa-Blog-Header-Fotobuch-Saal-Digital-Effekt.jpg?size=480x270&lossy=1&strip=1&webp=1 480w, https:\/\/b2642856.assetcdn.net\/2.0\/2642856\/wp-content\/uploads\/2023\/09\/MotorProsa-Blog-Header-Fotobuch-Saal-Digital-Effekt.jpg?size=960x539&lossy=1&strip=1&webp=1 960w\" data-sizes=\"auto\" title=\"\" src=\"data:image\/svg+xml;base64,PHN2ZyB3aWR0aD0iMSIgaGVpZ2h0PSIxIiB4bWxucz0iaHR0cDovL3d3dy53My5vcmcvMjAwMC9zdmciPjwvc3ZnPg==\" style=\"--smush-placeholder-width: 1024px; --smush-placeholder-aspect-ratio: 1024\/575;\" data-original-sizes=\"(max-width: 1024px) 100vw, 1024px\">\t\t\t\t\t<\/a>\n\t\t\t\t\t\t\t<\/div>\n\t\t\t\t\t\t<h4 class=\"uagb-post__title uagb-post__text\">\n\t\t\t\t<a href=\"https:\/\/www.motorprosa.com\/en\/professional-line-photobook-saal-digital\/\" target=\"_self\" rel=\"bookmark noopener noreferrer\">Tried it out: Professional Line photo book from Saal Digital<\/a>\n\t\t\t<\/h4>\n\t\t\t\t\t\t<div class='uagb-post__text uagb-post-grid-byline'>\n\t\t\t\t\t\t\t\t<span class=\"uagb-post__comment\">\n\t\t\t\t<span class=\"dashicons-admin-comments dashicons\"><\/span>\t\t\t\t\tNo Comments\t\t\t\t<\/span>\n\t\t\t\t\t\t<\/div>\n\t\t\t\t\t\t\t<div class='uagb-post__text uagb-post__excerpt'>\n\t\t\t\t\tField report on MotorProsa: Creation of a photo book from Saal Digital&#8217;s Professional Line.\t\t\t\t<\/div>\n\t\t\t\n\t\t\t\t\t\t\t\t\t<\/article>\n\t\t\t\t\t\t\t\t\t\t\t\t\t\t\t\t<article class=\"uagb-post__inner-wrap\">\t\t\t\t\t\t\t\t<div class='uagb-post__image'>\n\t\t\t\t\t\t\t\t\t<a href=\"https:\/\/www.motorprosa.com\/en\/photo-parade-travel-photos-2024\/\" target=\"_self\" rel=\"bookmark noopener noreferrer\" class=\"uagb-image-ratio-inherit\"><img decoding=\"async\" width=\"1024\" height=\"575\" data-src=\"https:\/\/b2642856.assetcdn.net\/2.0\/2642856\/wp-content\/uploads\/2024\/10\/MotorProsa-Blog-Header-Fotoparade-2024-Effekt-1024x575.jpg?lossy=1&strip=1&webp=1\" class=\"attachment-large size-large lazyload\" alt=\"**ALT-Text:** Eine malerische, von der Abendsonne beleuchtete Felsformation erhebt sich \u00fcber einem kleinen Dorf, das sich entlang eines Flusses erstreckt. Eine historische Steinbr\u00fccke f\u00fchrt \u00fcber das Wasser und verbindet die beiden Ufer. Die H\u00e4user des Dorfes schmiegen sich an den Fu\u00df des Felsens, w\u00e4hrend im Hintergrund gr\u00fcne H\u00fcgel und B\u00e4ume die Szenerie abrunden. Der Himmel ist von sanften Wolken bedeckt, die das warme Licht des Sonnenuntergangs reflektieren.\" data-srcset=\"https:\/\/b2642856.assetcdn.net\/2.0\/2642856\/wp-content\/uploads\/2024\/10\/MotorProsa-Blog-Header-Fotoparade-2024-Effekt-1024x575.jpg?lossy=1&strip=1&webp=1 1024w, https:\/\/b2642856.assetcdn.net\/2.0\/2642856\/wp-content\/uploads\/2024\/10\/MotorProsa-Blog-Header-Fotoparade-2024-Effekt-300x169.jpg?lossy=1&strip=1&webp=1 300w, https:\/\/b2642856.assetcdn.net\/2.0\/2642856\/wp-content\/uploads\/2024\/10\/MotorProsa-Blog-Header-Fotoparade-2024-Effekt-768x431.jpg?lossy=1&strip=1&webp=1 768w, https:\/\/b2642856.assetcdn.net\/2.0\/2642856\/wp-content\/uploads\/2024\/10\/MotorProsa-Blog-Header-Fotoparade-2024-Effekt.jpg?lossy=1&strip=1&webp=1 1200w, https:\/\/b2642856.assetcdn.net\/2.0\/2642856\/wp-content\/uploads\/2024\/10\/MotorProsa-Blog-Header-Fotoparade-2024-Effekt.jpg?size=240x135&lossy=1&strip=1&webp=1 240w, https:\/\/b2642856.assetcdn.net\/2.0\/2642856\/wp-content\/uploads\/2024\/10\/MotorProsa-Blog-Header-Fotoparade-2024-Effekt.jpg?size=480x270&lossy=1&strip=1&webp=1 480w, https:\/\/b2642856.assetcdn.net\/2.0\/2642856\/wp-content\/uploads\/2024\/10\/MotorProsa-Blog-Header-Fotoparade-2024-Effekt.jpg?size=960x539&lossy=1&strip=1&webp=1 960w\" data-sizes=\"auto\" title=\"\" src=\"data:image\/svg+xml;base64,PHN2ZyB3aWR0aD0iMSIgaGVpZ2h0PSIxIiB4bWxucz0iaHR0cDovL3d3dy53My5vcmcvMjAwMC9zdmciPjwvc3ZnPg==\" style=\"--smush-placeholder-width: 1024px; --smush-placeholder-aspect-ratio: 1024\/575;\" data-original-sizes=\"(max-width: 1024px) 100vw, 1024px\">\t\t\t\t\t<\/a>\n\t\t\t\t\t\t\t<\/div>\n\t\t\t\t\t\t<h4 class=\"uagb-post__title uagb-post__text\">\n\t\t\t\t<a href=\"https:\/\/www.motorprosa.com\/en\/photo-parade-travel-photos-2024\/\" target=\"_self\" rel=\"bookmark noopener noreferrer\">Photo parade: My most beautiful travel photos 2024<\/a>\n\t\t\t<\/h4>\n\t\t\t\t\t\t<div class='uagb-post__text uagb-post-grid-byline'>\n\t\t\t\t\t\t\t\t<span class=\"uagb-post__comment\">\n\t\t\t\t<span class=\"dashicons-admin-comments dashicons\"><\/span>\t\t\t\t\tNo Comments\t\t\t\t<\/span>\n\t\t\t\t\t\t<\/div>\n\t\t\t\t\t\t\t<div class='uagb-post__text uagb-post__excerpt'>\n\t\t\t\t\tMichael from the travel and photography blog \u2018Erkunde die Welt&#8221; invites to the next edition of his photo parade.\t\t\t\t<\/div>\n\t\t\t\n\t\t\t\t\t\t\t\t\t<\/article>\n\t\t\t\t\t\t\t\t\t\t\t\t\t<div class=\"uagb-post-pagination-wrap\">\n\t\t\t\t\t\t\t\t\t\t\t<\/div>\n\t\t\t\t\t\t\t\t<\/div>\n\t\t\t","protected":false},"excerpt":{"rendered":"<p>Michael from the travel and photography blog \u201eErkunde die Welt\u201c is once again inviting to his photo parade &#8211; now in its 13th year. This year&#8217;s theme: \u201eThe best photos of 2023\u201c.<\/p>\n","protected":false},"author":1,"featured_media":200083,"comment_status":"open","ping_status":"closed","sticky":false,"template":"","format":"standard","meta":{"_uag_custom_page_level_css":"","_lmt_disableupdate":"","_lmt_disable":"","yasr_overall_rating":0,"yasr_post_is_review":"","yasr_auto_insert_disabled":"","yasr_review_type":"","footnotes":""},"categories":[532,635],"tags":[],"class_list":["post-213269","post","type-post","status-publish","format-standard","has-post-thumbnail","hentry","category-photography","category-picture-gallery","infinite-scroll-item","generate-columns","tablet-grid-50","mobile-grid-100","grid-parent","grid-50","no-featured-image-padding"],"yasr_visitor_votes":{"stars_attributes":{"read_only":false,"span_bottom":false},"number_of_votes":0,"sum_votes":0},"modified_by":"J\u00fcrgen 'JvS' Theiner","uagb_featured_image_src":{"full":["https:\/\/www.motorprosa.com\/wp-content\/uploads\/2023\/11\/MotorProsa-Blog-Header-Fotoparade-2023-Effekt.jpg",1200,674,false],"thumbnail":["https:\/\/www.motorprosa.com\/wp-content\/uploads\/2023\/11\/MotorProsa-Blog-Header-Fotoparade-2023-Effekt-150x150.jpg",150,150,true],"medium":["https:\/\/www.motorprosa.com\/wp-content\/uploads\/2023\/11\/MotorProsa-Blog-Header-Fotoparade-2023-Effekt-300x169.jpg",300,169,true],"medium_large":["https:\/\/www.motorprosa.com\/wp-content\/uploads\/2023\/11\/MotorProsa-Blog-Header-Fotoparade-2023-Effekt-768x431.jpg",768,431,true],"large":["https:\/\/www.motorprosa.com\/wp-content\/uploads\/2023\/11\/MotorProsa-Blog-Header-Fotoparade-2023-Effekt-1024x575.jpg",1024,575,true],"1536x1536":["https:\/\/www.motorprosa.com\/wp-content\/uploads\/2023\/11\/MotorProsa-Blog-Header-Fotoparade-2023-Effekt.jpg",1200,674,false],"2048x2048":["https:\/\/www.motorprosa.com\/wp-content\/uploads\/2023\/11\/MotorProsa-Blog-Header-Fotoparade-2023-Effekt.jpg",1200,674,false],"mailpoet_newsletter_max":["https:\/\/www.motorprosa.com\/wp-content\/uploads\/2023\/11\/MotorProsa-Blog-Header-Fotoparade-2023-Effekt.jpg",1200,674,false]},"uagb_author_info":{"display_name":"J\u00fcrgen 'JvS' Theiner","author_link":"https:\/\/www.motorprosa.com\/en\/author\/infomotorprosa-com\/"},"uagb_comment_info":0,"uagb_excerpt":"Michael from the travel and photography blog \u201eErkunde die Welt\u201c is once again inviting to his photo parade - now in its 13th year. This year's theme: \u201eThe best photos of 2023\u201c.","_links":{"self":[{"href":"https:\/\/www.motorprosa.com\/en\/wp-json\/wp\/v2\/posts\/213269","targetHints":{"allow":["GET"]}}],"collection":[{"href":"https:\/\/www.motorprosa.com\/en\/wp-json\/wp\/v2\/posts"}],"about":[{"href":"https:\/\/www.motorprosa.com\/en\/wp-json\/wp\/v2\/types\/post"}],"author":[{"embeddable":true,"href":"https:\/\/www.motorprosa.com\/en\/wp-json\/wp\/v2\/users\/1"}],"replies":[{"embeddable":true,"href":"https:\/\/www.motorprosa.com\/en\/wp-json\/wp\/v2\/comments?post=213269"}],"version-history":[{"count":0,"href":"https:\/\/www.motorprosa.com\/en\/wp-json\/wp\/v2\/posts\/213269\/revisions"}],"wp:featuredmedia":[{"embeddable":true,"href":"https:\/\/www.motorprosa.com\/en\/wp-json\/wp\/v2\/media\/200083"}],"wp:attachment":[{"href":"https:\/\/www.motorprosa.com\/en\/wp-json\/wp\/v2\/media?parent=213269"}],"wp:term":[{"taxonomy":"category","embeddable":true,"href":"https:\/\/www.motorprosa.com\/en\/wp-json\/wp\/v2\/categories?post=213269"},{"taxonomy":"post_tag","embeddable":true,"href":"https:\/\/www.motorprosa.com\/en\/wp-json\/wp\/v2\/tags?post=213269"}],"curies":[{"name":"wp","href":"https:\/\/api.w.org\/{rel}","templated":true}]}}