{"id":174663,"date":"2023-10-04T22:46:42","date_gmt":"2023-10-04T20:46:42","guid":{"rendered":"https:\/\/www.motorprosa.com\/?p=174663"},"modified":"2023-12-11T20:36:37","modified_gmt":"2023-12-11T18:36:37","slug":"thoughts-30-years-on-the-motorbike","status":"publish","type":"post","link":"https:\/\/www.motorprosa.com\/en\/thoughts-30-years-on-the-motorbike\/","title":{"rendered":"Thoughts \u2013 30 years on the motorbike"},"content":{"rendered":"\n<figure class=\"wp-block-image alignwide size-large\"><img decoding=\"async\" width=\"1024\" height=\"544\" data-src=\"https:\/\/b2642856.assetcdn.net\/2.0\/2642856\/wp-content\/uploads\/2023\/09\/MotorProsa-Blog-Header-30-Jahre-Motorrad-1-1024x544.jpg?lossy=1&strip=1&webp=1\" alt=\"30 years on the motorbike \u2013 thoughts\" class=\"wp-image-169394 lazyload\" title=\"\" data-srcset=\"https:\/\/b2642856.assetcdn.net\/2.0\/2642856\/wp-content\/uploads\/2023\/09\/MotorProsa-Blog-Header-30-Jahre-Motorrad-1-1024x544.jpg?lossy=1&strip=1&webp=1 1024w, https:\/\/b2642856.assetcdn.net\/2.0\/2642856\/wp-content\/uploads\/2023\/09\/MotorProsa-Blog-Header-30-Jahre-Motorrad-1-300x159.jpg?lossy=1&strip=1&webp=1 300w, https:\/\/b2642856.assetcdn.net\/2.0\/2642856\/wp-content\/uploads\/2023\/09\/MotorProsa-Blog-Header-30-Jahre-Motorrad-1-768x408.jpg?lossy=1&strip=1&webp=1 768w, https:\/\/b2642856.assetcdn.net\/2.0\/2642856\/wp-content\/uploads\/2023\/09\/MotorProsa-Blog-Header-30-Jahre-Motorrad-1.jpg?lossy=1&strip=1&webp=1 1200w, https:\/\/b2642856.assetcdn.net\/2.0\/2642856\/wp-content\/uploads\/2023\/09\/MotorProsa-Blog-Header-30-Jahre-Motorrad-1.jpg?size=240x128&lossy=1&strip=1&webp=1 240w, https:\/\/b2642856.assetcdn.net\/2.0\/2642856\/wp-content\/uploads\/2023\/09\/MotorProsa-Blog-Header-30-Jahre-Motorrad-1.jpg?size=480x255&lossy=1&strip=1&webp=1 480w, https:\/\/b2642856.assetcdn.net\/2.0\/2642856\/wp-content\/uploads\/2023\/09\/MotorProsa-Blog-Header-30-Jahre-Motorrad-1.jpg?size=960x510&lossy=1&strip=1&webp=1 960w\" data-sizes=\"auto\" src=\"data:image\/svg+xml;base64,PHN2ZyB3aWR0aD0iMSIgaGVpZ2h0PSIxIiB4bWxucz0iaHR0cDovL3d3dy53My5vcmcvMjAwMC9zdmciPjwvc3ZnPg==\" style=\"--smush-placeholder-width: 1024px; --smush-placeholder-aspect-ratio: 1024\/544;\" data-original-sizes=\"(max-width: 1024px) 100vw, 1024px\" \/><\/figure>\n\n\n\n<p class=\"wp-block-paragraph\"><strong><em>Thoughts of good times: For over 30 years now I\u2019ve been living the one ritual&nbsp;\u2013 putting on my leathers, staggering to the motorbike in heavy boots, inserting the key, starting the engine. A thousand times exactly like this and yet different every time. I take off my helmet and look back.<\/em><\/strong><\/p>\n\n\n\n<figure class=\"wp-block-image size-large\"><img decoding=\"async\" width=\"1024\" height=\"60\" data-src=\"https:\/\/b2642856.assetcdn.net\/2.0\/2642856\/wp-content\/uploads\/2020\/02\/Trenner-1024x60-1.png?lossy=1&strip=1&webp=1\" alt=\"Das Symbol von MotorProsa: die F\u00fcllfeder.\" class=\"wp-image-441 lazyload\" title=\"MotorProsa: Motorrad-Geschichten, geschrieben mit Passion\" data-srcset=\"https:\/\/b2642856.assetcdn.net\/2.0\/2642856\/wp-content\/uploads\/2020\/02\/Trenner-1024x60-1.png?lossy=1&strip=1&webp=1 1024w, https:\/\/b2642856.assetcdn.net\/2.0\/2642856\/wp-content\/uploads\/2020\/02\/Trenner-1024x60-1-300x18.png?lossy=1&strip=1&webp=1 300w, https:\/\/b2642856.assetcdn.net\/2.0\/2642856\/wp-content\/uploads\/2020\/02\/Trenner-1024x60-1-768x45.png?lossy=1&strip=1&webp=1 768w, https:\/\/b2642856.assetcdn.net\/2.0\/2642856\/wp-content\/uploads\/2020\/02\/Trenner-1024x60-1.png?size=240x14&lossy=1&strip=1&webp=1 240w, https:\/\/b2642856.assetcdn.net\/2.0\/2642856\/wp-content\/uploads\/2020\/02\/Trenner-1024x60-1.png?size=480x28&lossy=1&strip=1&webp=1 480w, https:\/\/b2642856.assetcdn.net\/2.0\/2642856\/wp-content\/uploads\/2020\/02\/Trenner-1024x60-1.png?size=960x56&lossy=1&strip=1&webp=1 960w\" data-sizes=\"auto\" src=\"data:image\/svg+xml;base64,PHN2ZyB3aWR0aD0iMSIgaGVpZ2h0PSIxIiB4bWxucz0iaHR0cDovL3d3dy53My5vcmcvMjAwMC9zdmciPjwvc3ZnPg==\" style=\"--smush-placeholder-width: 1024px; --smush-placeholder-aspect-ratio: 1024\/60;\" data-original-sizes=\"(max-width: 1024px) 100vw, 1024px\" \/><\/figure>\n\n\n\n<div style=\"height:50px\" aria-hidden=\"true\" class=\"wp-block-spacer\"><\/div>\n\n\n\n<p class=\"has-text-align-center has-background wp-block-paragraph\" style=\"background-color:#c8e4f5\"><strong>Before you read, please note<\/strong>: this post was translated with the help of <a href=\"https:\/\/www.deepl.com\/\" target=\"_blank\" rel=\"noreferrer noopener\">Deepl<\/a>.<br>If you find any errors \u2013 please have fun first and then give me a hint.<\/p>\n\n\n\n<p class=\"wp-block-paragraph\">One of the first thoughts in the years when my motorbike had to share the parking space with my parents\u2019 car was always \u201eI hope it goes well\u201c. Not the driving, no&nbsp;\u2013 but in the narrow garage manoeuvring required centimetre work, an overturn would have been costly. An important tool back then: a piece of wood that matched the length of the side stand to keep the motorbike upright.<\/p>\n\n\n\n<p class=\"wp-block-paragraph\">What could possibly go wrong? Tugging on a motorbike, reversing through a gap only one metre wide? With the side stand folded in?<\/p>\n\n\n\n<h2 class=\"wp-block-heading has-drop-cap\">Just<br>&nbsp;don\u2019t fall over<\/h2>\n\n\n\n<p class=\"wp-block-paragraph\">The Suzuki RGV 250 Gamma, slim and light, found its way out the easiest of all. The fat Yamaha FZR 1000 Exup, however, scraped its exhaust over the frame of the garage door several times, and of course: the always unhappy Triumph Daytona T595 slipped away from me, pressing the perfect dent into the red car paint. Two days before its sale.<\/p>\n\n\n\n<p class=\"wp-block-paragraph\">Finally outdoors, the next thoughts: Where to go now? On fast tracks, with high revs, or rather into short, crisp bends that require work on the handlebars, rewarding with deep lean angles? Do I want to go into the cold of an alpine pass or into the burning heat of a city?<\/p>\n\n\n\n<p class=\"wp-block-paragraph\">The answer was almost always \u201eyes\u201c. A thousand times I flew through the hairpin bends of the local mountain passes. I laid down on one knee after hard braking manoeuvres, took a deep breath on the straights. Rewarded myself after dozens of serpentines up to the Fl\u00fcela, the Ofen, the Umbrail and of course the Stelvio with Cappuccino and later, in the hot cities, with ice cream.<\/p>\n\n\n\n<figure class=\"wp-block-image size-full my-image-border\"><img decoding=\"async\" width=\"1024\" height=\"576\" data-src=\"https:\/\/b2642856.assetcdn.net\/2.0\/2642856\/wp-content\/uploads\/2023\/09\/MotorProsa-Blog-Post-30-Jahre-Motorrad-1.jpg?lossy=1&strip=1&webp=1\" alt=\"Favourite on-the-go food, always\" class=\"wp-image-169473 lazyload\" title=\"\" data-srcset=\"https:\/\/b2642856.assetcdn.net\/2.0\/2642856\/wp-content\/uploads\/2023\/09\/MotorProsa-Blog-Post-30-Jahre-Motorrad-1.jpg?lossy=1&strip=1&webp=1 1024w, https:\/\/b2642856.assetcdn.net\/2.0\/2642856\/wp-content\/uploads\/2023\/09\/MotorProsa-Blog-Post-30-Jahre-Motorrad-1-300x169.jpg?lossy=1&strip=1&webp=1 300w, https:\/\/b2642856.assetcdn.net\/2.0\/2642856\/wp-content\/uploads\/2023\/09\/MotorProsa-Blog-Post-30-Jahre-Motorrad-1-768x432.jpg?lossy=1&strip=1&webp=1 768w, https:\/\/b2642856.assetcdn.net\/2.0\/2642856\/wp-content\/uploads\/2023\/09\/MotorProsa-Blog-Post-30-Jahre-Motorrad-1.jpg?size=240x135&lossy=1&strip=1&webp=1 240w, https:\/\/b2642856.assetcdn.net\/2.0\/2642856\/wp-content\/uploads\/2023\/09\/MotorProsa-Blog-Post-30-Jahre-Motorrad-1.jpg?size=480x270&lossy=1&strip=1&webp=1 480w, https:\/\/b2642856.assetcdn.net\/2.0\/2642856\/wp-content\/uploads\/2023\/09\/MotorProsa-Blog-Post-30-Jahre-Motorrad-1.jpg?size=960x540&lossy=1&strip=1&webp=1 960w\" data-sizes=\"auto\" src=\"data:image\/svg+xml;base64,PHN2ZyB3aWR0aD0iMSIgaGVpZ2h0PSIxIiB4bWxucz0iaHR0cDovL3d3dy53My5vcmcvMjAwMC9zdmciPjwvc3ZnPg==\" style=\"--smush-placeholder-width: 1024px; --smush-placeholder-aspect-ratio: 1024\/576;\" data-original-sizes=\"(max-width: 1024px) 100vw, 1024px\" \/><figcaption class=\"wp-element-caption\"><br><h3>Favourite on-the-go food, always<\/h3><\/figcaption><\/figure>\n\n\n\n<p class=\"wp-block-paragraph\">Good days full of emotions and thoughts: Could it have been faster? Where could I have laid in deeper? How much later could I have braked? And how much earlier could I have accelerated again? And what is actually the magic of a curve that captivates me so much on every ride?<\/p>\n\n\n\n<p class=\"wp-block-paragraph\">There were also days of intense experiences&nbsp;\u2013 and questions to match: Was that a groove in the tarmac or did I slip? Is this the right playground with this amount of traffic? Do I really need to know what the tyres can do on this dirty road? Who else but me is enjoying the high revs at the moment? <a href=\"https:\/\/www.motorprosa.com\/en\/am-i-rossi\/\" data-type=\"post\" data-id=\"11222\">Do I think I\u2019m Rossi?<\/a> Or why am I riding beyond my capabilities?<\/p>\n\n\n\n<p class=\"wp-block-paragraph\">Strange side effects of coffee and ice cream.<\/p>\n\n\n\n<h2 class=\"wp-block-heading has-drop-cap\">Thoughts<br>&nbsp;on the home track<\/h2>\n\n\n\n<p class=\"wp-block-paragraph\">There is no route I have driven more often than the <a href=\"https:\/\/www.motorprosa.com\/en\/the-stelvio-pass-48-magic-turns\/\" data-type=\"page\" data-id=\"1258\">Stelvio Pass<\/a>. It may not be the most beautiful pass in terms of driving, and the amount of traffic and its side effects are undeniable. When cars, caravans, motorbikes and bicycles all want to climb the pass together, it can easily become a challenge. But the Stilfserjoch is and remains \u201emine\u201c. This serpentine paradise offers me compressed motorcycling&nbsp;\u2013 15 kilometres from home.<\/p>\n\n\n\n<p class=\"wp-block-paragraph\">The swing which never fails to captivate me also gives me time for thoughts: Of the lives that have ended here, commemorated in niches decorated with flowers in the retaining walls. Of the mighty forces of nature that cause the mountain slopes to fall into the waters of the Trafoi river and the once proud bridges to collapse like toys. The constant kneading of the subsoil on the asphalt, which is different every week.<\/p>\n\n\n\n<figure class=\"wp-block-image size-full my-image-border\"><img decoding=\"async\" width=\"1024\" height=\"945\" data-src=\"https:\/\/b2642856.assetcdn.net\/2.0\/2642856\/wp-content\/uploads\/2021\/10\/motorprosa-blog-post-stilfserjoch-3.jpg?lossy=1&strip=1&webp=1\" alt=\"MotorProsa: Kunstwerk Stilfserjoch - 48 Kehren durch den Fels\" class=\"wp-image-4283 lazyload\" title=\"\" data-srcset=\"https:\/\/b2642856.assetcdn.net\/2.0\/2642856\/wp-content\/uploads\/2021\/10\/motorprosa-blog-post-stilfserjoch-3.jpg?lossy=1&strip=1&webp=1 1024w, https:\/\/b2642856.assetcdn.net\/2.0\/2642856\/wp-content\/uploads\/2021\/10\/motorprosa-blog-post-stilfserjoch-3-300x277.jpg?lossy=1&strip=1&webp=1 300w, https:\/\/b2642856.assetcdn.net\/2.0\/2642856\/wp-content\/uploads\/2021\/10\/motorprosa-blog-post-stilfserjoch-3.jpg?size=240x221&lossy=1&strip=1&webp=1 240w, https:\/\/b2642856.assetcdn.net\/2.0\/2642856\/wp-content\/uploads\/2021\/10\/motorprosa-blog-post-stilfserjoch-3.jpg?size=480x443&lossy=1&strip=1&webp=1 480w, https:\/\/b2642856.assetcdn.net\/2.0\/2642856\/wp-content\/uploads\/2021\/10\/motorprosa-blog-post-stilfserjoch-3.jpg?size=720x664&lossy=1&strip=1&webp=1 720w, https:\/\/b2642856.assetcdn.net\/2.0\/2642856\/wp-content\/uploads\/2021\/10\/motorprosa-blog-post-stilfserjoch-3.jpg?size=960x886&lossy=1&strip=1&webp=1 960w\" data-sizes=\"auto\" src=\"data:image\/svg+xml;base64,PHN2ZyB3aWR0aD0iMSIgaGVpZ2h0PSIxIiB4bWxucz0iaHR0cDovL3d3dy53My5vcmcvMjAwMC9zdmciPjwvc3ZnPg==\" style=\"--smush-placeholder-width: 1024px; --smush-placeholder-aspect-ratio: 1024\/945;\" data-original-sizes=\"(max-width: 1024px) 100vw, 1024px\" \/><figcaption class=\"wp-element-caption\"><br><h3>Dream road and work of art: the Stelvio Pass<\/h3><\/figcaption><\/figure>\n\n\n\n<p class=\"wp-block-paragraph\">Dancing through the tornanti, I think of the insane effort it must have taken to cut a path into the Valtellina in the shadow of the Ortles. How difficult it must have been to find the flattest possible course in the forest and later in the rock. I think of the years of toil our ancestors must have endured to finally complete a masterpiece that few of them will have used. Today, we ride up the 2000 metres of altitude in just under half an hour, effortlessly and very well entertained.<\/p>\n\n\n\n<p class=\"wp-block-paragraph\">Just thinking about the stop and go between 48 bends will never do the Stelvio justice. It can cover just about any riding situation, and for me it is much more than that.<\/p>\n\n\n\n<h2 class=\"wp-block-heading has-drop-cap\">Just<br>&nbsp;don\u2019t show any weakness!<\/h2>\n\n\n\n<p class=\"wp-block-paragraph\">On the Stelvio, even dark thoughts came over me. One particular hairpin bend is marked for me forever. For a long time I didn\u2019t think it was possible, but even with the favourite hobby, even on the favourite route and under the most glorious sunshine, there is something that cannot be surpassed in darkness.<\/p>\n\n\n\n<figure class=\"wp-block-image size-full my-image-border\"><img decoding=\"async\" width=\"1024\" height=\"945\" data-src=\"https:\/\/b2642856.assetcdn.net\/2.0\/2642856\/wp-content\/uploads\/2021\/10\/motorprosa-blog-post-depression-1.jpg?lossy=1&strip=1&webp=1\" alt=\"MotorProsa: Leben mit meiner Depression: .. es geht nur noch abw\u00e4rts ..\" class=\"wp-image-4406 lazyload\" title=\"\" data-srcset=\"https:\/\/b2642856.assetcdn.net\/2.0\/2642856\/wp-content\/uploads\/2021\/10\/motorprosa-blog-post-depression-1.jpg?lossy=1&strip=1&webp=1 1024w, https:\/\/b2642856.assetcdn.net\/2.0\/2642856\/wp-content\/uploads\/2021\/10\/motorprosa-blog-post-depression-1-300x277.jpg?lossy=1&strip=1&webp=1 300w, https:\/\/b2642856.assetcdn.net\/2.0\/2642856\/wp-content\/uploads\/2021\/10\/motorprosa-blog-post-depression-1.jpg?size=240x221&lossy=1&strip=1&webp=1 240w, https:\/\/b2642856.assetcdn.net\/2.0\/2642856\/wp-content\/uploads\/2021\/10\/motorprosa-blog-post-depression-1.jpg?size=480x443&lossy=1&strip=1&webp=1 480w, https:\/\/b2642856.assetcdn.net\/2.0\/2642856\/wp-content\/uploads\/2021\/10\/motorprosa-blog-post-depression-1.jpg?size=720x664&lossy=1&strip=1&webp=1 720w, https:\/\/b2642856.assetcdn.net\/2.0\/2642856\/wp-content\/uploads\/2021\/10\/motorprosa-blog-post-depression-1.jpg?size=960x886&lossy=1&strip=1&webp=1 960w\" data-sizes=\"auto\" src=\"data:image\/svg+xml;base64,PHN2ZyB3aWR0aD0iMSIgaGVpZ2h0PSIxIiB4bWxucz0iaHR0cDovL3d3dy53My5vcmcvMjAwMC9zdmciPjwvc3ZnPg==\" style=\"--smush-placeholder-width: 1024px; --smush-placeholder-aspect-ratio: 1024\/945;\" data-original-sizes=\"(max-width: 1024px) 100vw, 1024px\" \/><figcaption class=\"wp-element-caption\"><br><h3>.. down ..<\/h3><\/figcaption><\/figure>\n\n\n\n<p class=\"wp-block-paragraph\">Motorcyclists were heroes to me in my youth: they were tamers of noisy and fire-breathing machines, masters of heavy apparatus with levers and switches whose function I didn\u2019t know. Leather-wearing, cool-looking guys who were somewhere outside society. With the helmet visor closed, the baker, the carpenter or the farmer became outlaws with power over a heavy bike. I wanted to be like that, too, \u201esomeday when I grow up\u201c. Also because the coolest women always flocked around them.<\/p>\n\n\n\n<h2 class=\"wp-block-heading has-drop-cap\">Alone?<br>&nbsp;Or as a couple?<\/h2>\n\n\n\n<p class=\"wp-block-paragraph\">Cool women, yes. I met some of them&nbsp;\u2013 and invited them to ride with me. More than the possible eroticism of braking I was fascinated by the necessary smooth, jerk-free and \u201ecorrect\u201c riding without changing load, to avoid the collision of two helmets. A satisfied smile from my companion at the end of a ride&nbsp;\u2013 a gift for me.<\/p>\n\n\n\n<p class=\"wp-block-paragraph\">I always liked riding with a passenger: even on the Suzuki RGV 250, which then had to work hard. Also on the weak LS 650, which was already overtaxed when stationary <strong><em>\u2013<\/em><\/strong> but due to the lack of a car, I never had a choice. With it I took my partner to Liguria, snowstorm and torrential rain included. I conquered the steep walls at Lake Garda with company <strong><em>\u2013<\/em><\/strong> an adventure on the fall-addicted, unmanoeuvrable Yamaha FZR. I crossed the whole of Germany on a Ducati 748 with a passenger, and rode my first wheelie on the Triumph Daytona thanks to a weighty passenger. Involuntarily, of course.<\/p>\n\n\n\n<figure class=\"wp-block-image size-large my-image-border\"><img decoding=\"async\" width=\"1024\" height=\"683\" data-src=\"https:\/\/b2642856.assetcdn.net\/2.0\/2642856\/wp-content\/uploads\/2023\/09\/293662229_549485556837475_5905042432687376708_n-1024x683.jpg?lossy=1&strip=1&webp=1\" alt=\"\" class=\"wp-image-169463 lazyload\" title=\"\" data-srcset=\"https:\/\/b2642856.assetcdn.net\/2.0\/2642856\/wp-content\/uploads\/2023\/09\/293662229_549485556837475_5905042432687376708_n-1024x683.jpg?lossy=1&strip=1&webp=1 1024w, https:\/\/b2642856.assetcdn.net\/2.0\/2642856\/wp-content\/uploads\/2023\/09\/293662229_549485556837475_5905042432687376708_n-300x200.jpg?lossy=1&strip=1&webp=1 300w, https:\/\/b2642856.assetcdn.net\/2.0\/2642856\/wp-content\/uploads\/2023\/09\/293662229_549485556837475_5905042432687376708_n-768x512.jpg?lossy=1&strip=1&webp=1 768w, https:\/\/b2642856.assetcdn.net\/2.0\/2642856\/wp-content\/uploads\/2023\/09\/293662229_549485556837475_5905042432687376708_n-1536x1025.jpg?lossy=1&strip=1&webp=1 1536w, https:\/\/b2642856.assetcdn.net\/2.0\/2642856\/wp-content\/uploads\/2023\/09\/293662229_549485556837475_5905042432687376708_n-1320x881.jpg?lossy=1&strip=1&webp=1 1320w, https:\/\/b2642856.assetcdn.net\/2.0\/2642856\/wp-content\/uploads\/2023\/09\/293662229_549485556837475_5905042432687376708_n.jpg?lossy=1&strip=1&webp=1 1727w, https:\/\/b2642856.assetcdn.net\/2.0\/2642856\/wp-content\/uploads\/2023\/09\/293662229_549485556837475_5905042432687376708_n.jpg?size=240x160&lossy=1&strip=1&webp=1 240w, https:\/\/b2642856.assetcdn.net\/2.0\/2642856\/wp-content\/uploads\/2023\/09\/293662229_549485556837475_5905042432687376708_n.jpg?size=480x320&lossy=1&strip=1&webp=1 480w, https:\/\/b2642856.assetcdn.net\/2.0\/2642856\/wp-content\/uploads\/2023\/09\/293662229_549485556837475_5905042432687376708_n.jpg?size=960x640&lossy=1&strip=1&webp=1 960w\" data-sizes=\"auto\" src=\"data:image\/svg+xml;base64,PHN2ZyB3aWR0aD0iMSIgaGVpZ2h0PSIxIiB4bWxucz0iaHR0cDovL3d3dy53My5vcmcvMjAwMC9zdmciPjwvc3ZnPg==\" style=\"--smush-placeholder-width: 1024px; --smush-placeholder-aspect-ratio: 1024\/683;\" data-original-sizes=\"(max-width: 1024px) 100vw, 1024px\" \/><figcaption class=\"wp-element-caption\"><br><h3>Happy to travel as a couple<\/h3><\/figcaption><\/figure>\n\n\n\n<p class=\"wp-block-paragraph\">I was also a passenger myself, of course. For example, on the <a href=\"https:\/\/www.motorprosa.com\/en\/once-i-had-a-flat-tyre\/\" data-type=\"post\" data-id=\"8837\">KTM LC4 Supermoto<\/a>. I then learned that certain pains remain forever, burn into the bones. I would like to take this opportunity to thank all my passengers for their courage, trust and perseverance!<\/p>\n\n\n\n<h2 class=\"wp-block-heading has-drop-cap\">Only for me?<br>&nbsp;Or also for others?<\/h2>\n\n\n\n<p class=\"wp-block-paragraph\">Riding a motorbike is great fun. Even the smallest machines offer great dynamics, but \u201ebig\u201c motorbikes open up new worlds, not only in terms of acceleration and speed. Anyone who has ever turned the throttle on a litre bike can tell you about emotions that other road users can\u2019t even dream of.<\/p>\n\n\n\n<p class=\"wp-block-paragraph\">Get on your bike, ride your favourite route <strong><em>\u2013<\/em><\/strong> you may not feel better afterwards, but you will definitely feel different.<\/p>\n\n\n\n<p class=\"wp-block-paragraph\">Since the first few metres, I have tried to put the fascination of motorbikes into words. In the beginning, I kept a simple logbook with notes. With my first own PC, I then did this digitally, and when I eventually found my way onto the Internet, I told people about it in forums. As a newly trained media designer, I set up my first website in 2000: theiner.net. Because I wanted to use my own pictures for it, I got a digital camera.<\/p>\n\n\n\n<p class=\"wp-block-paragraph\">In the meantime, this has resulted in thousands of posts in forums and social media channels, over 30,000 motorbike photos and a handful of website relaunches. I published my book with memories of 25 weird years on the motorbike. MotorProsa.com generates six-figure hits a year and my dream road portraits are printed in Europe\u2019s biggest motorbike magazine.<\/p>\n\n\n\n<figure class=\"wp-block-image size-large my-image-border\"><img decoding=\"async\" width=\"1024\" height=\"544\" data-src=\"https:\/\/b2642856.assetcdn.net\/2.0\/2642856\/wp-content\/uploads\/2022\/02\/motorprosa-blog-header-buch-1-1024x544.jpg?lossy=1&strip=1&webp=1\" alt=\"Geschichten aus der Kurve \u2013 The book\" class=\"wp-image-10534 lazyload\" title=\"\" data-srcset=\"https:\/\/b2642856.assetcdn.net\/2.0\/2642856\/wp-content\/uploads\/2022\/02\/motorprosa-blog-header-buch-1-1024x544.jpg?lossy=1&strip=1&webp=1 1024w, https:\/\/b2642856.assetcdn.net\/2.0\/2642856\/wp-content\/uploads\/2022\/02\/motorprosa-blog-header-buch-1-300x160.jpg?lossy=1&strip=1&webp=1 300w, https:\/\/b2642856.assetcdn.net\/2.0\/2642856\/wp-content\/uploads\/2022\/02\/motorprosa-blog-header-buch-1.jpg?lossy=1&strip=1&webp=1 1200w, https:\/\/b2642856.assetcdn.net\/2.0\/2642856\/wp-content\/uploads\/2022\/02\/motorprosa-blog-header-buch-1.jpg?size=240x128&lossy=1&strip=1&webp=1 240w, https:\/\/b2642856.assetcdn.net\/2.0\/2642856\/wp-content\/uploads\/2022\/02\/motorprosa-blog-header-buch-1.jpg?size=480x255&lossy=1&strip=1&webp=1 480w, https:\/\/b2642856.assetcdn.net\/2.0\/2642856\/wp-content\/uploads\/2022\/02\/motorprosa-blog-header-buch-1.jpg?size=720x383&lossy=1&strip=1&webp=1 720w, https:\/\/b2642856.assetcdn.net\/2.0\/2642856\/wp-content\/uploads\/2022\/02\/motorprosa-blog-header-buch-1.jpg?size=960x510&lossy=1&strip=1&webp=1 960w\" data-sizes=\"auto\" src=\"data:image\/svg+xml;base64,PHN2ZyB3aWR0aD0iMSIgaGVpZ2h0PSIxIiB4bWxucz0iaHR0cDovL3d3dy53My5vcmcvMjAwMC9zdmciPjwvc3ZnPg==\" style=\"--smush-placeholder-width: 1024px; --smush-placeholder-aspect-ratio: 1024\/544;\" data-original-sizes=\"(max-width: 1024px) 100vw, 1024px\" \/><figcaption class=\"wp-element-caption\"><br><h3>Geschichten aus der Kurve \u2013 The book<\/h3><\/figcaption><\/figure>\n\n\n\n<p class=\"wp-block-paragraph\">So even though I\u2019m usually alone on one of my bikes, I\u2019m always riding for others too. I like that.<\/p>\n\n\n\n<h2 class=\"wp-block-heading has-drop-cap\">Dramas,<br>&nbsp;Bad Luck &amp; Mishaps<\/h2>\n\n\n\n<p class=\"wp-block-paragraph\">When the desire for a motorbike burned hottest and the dream machine was up for sale, I didn\u2019t have the money for it. Surely my bank, where I had been a customer since birth, would help me without complications? Spoiler: No, it wouldn\u2019t.<\/p>\n\n\n\n<p class=\"wp-block-paragraph\">I learned to exercise a lot of patience. For the basically ridiculous purchase price, I had to take an oath of disclosure in front of two drunken dignitaries in the credit department and declare my death wish (?). Although I had a permanent employment contract and two more than well-paid part-time jobs, the guys also demanded a guarantee <strong><em>\u2013<\/em><\/strong> because I would immediately drive myself to death. In the end, I spent more time obtaining financing than repaying the loan.<\/p>\n\n\n\n<p class=\"wp-block-paragraph\">Well,  I could have waited two months and paid for the bike in cash. But I wanted to buy it <strong>immediately <\/strong>and, above all, ride it. Consequence: After transferring the last payment, I changed banks and only greeted the lending village greeks with my middle finger.<\/p>\n\n\n\n<p class=\"wp-block-paragraph\">Not surprisingly, this beautiful bike did me no good financially: I crashed after half a year, destroying a lot of expensive plastic and cracking my ego. Two engine failures made deep inroads into the account. Apart from that <strong><em>\u2013<\/em><\/strong> the petrol station attendant became my best friend: 12 litres of petrol per 100 kilometres were quite normal. In addition, the bike burned two litres of two-stroke oil per 1000 kilometres. It was always a bit more expensive \u2013 but in retrospect worth every cent.<\/p>\n\n\n\n<h2 class=\"wp-block-heading has-drop-cap\">Technology<br>&nbsp;once and today<\/h2>\n\n\n\n<p class=\"wp-block-paragraph\">When I rode the Suzuki RGV home almost 30 years ago, it was a small (sic!) sensation: Made with the Grand Prix spirit. An aluminium frame like something out of a showcase, a brake like a concrete wall, aerodynamics at its best. Reduced to the essentials, with wonderful details like the clutch lever clearance adjustment screw milled from the solid.<\/p>\n\n\n\n<p class=\"wp-block-paragraph\">It didn\u2019t have an electric starter, but could be started by hand. Driving modes? Electronics? Fuel injection? None of that had been thought up at the time <strong><em>\u2013<\/em><\/strong> only automatically controlled exhaust slides ensured some driveability. It was these slides that caused the two expensive engine failures.<\/p>\n\n\n\n<p class=\"wp-block-paragraph\">Its successor <strong><em>\u2013<\/em><\/strong> the Yamaha FZR 1000 Exup <strong><em>\u2013<\/em><\/strong> was very similar, but two sizes bigger and much more powerful. And it was the same: it still had real dials and lights in the cockpit, my right hand controlled the traction control and ABS. Accordingly, it too went down at some point.<\/p>\n\n\n\n<figure class=\"wp-block-image size-full my-image-border\"><img decoding=\"async\" width=\"1024\" height=\"945\" data-src=\"https:\/\/b2642856.assetcdn.net\/2.0\/2642856\/wp-content\/uploads\/2023\/10\/MotorProsa-Blog-Post-30-Jahre-Motorrad-4-1.jpg?lossy=1&strip=1&webp=1\" alt=\"Beloved in spite of everything: Triumph Daytona T595\" class=\"wp-image-174176 lazyload\" title=\"\" data-srcset=\"https:\/\/b2642856.assetcdn.net\/2.0\/2642856\/wp-content\/uploads\/2023\/10\/MotorProsa-Blog-Post-30-Jahre-Motorrad-4-1.jpg?lossy=1&strip=1&webp=1 1024w, https:\/\/b2642856.assetcdn.net\/2.0\/2642856\/wp-content\/uploads\/2023\/10\/MotorProsa-Blog-Post-30-Jahre-Motorrad-4-1-300x277.jpg?lossy=1&strip=1&webp=1 300w, https:\/\/b2642856.assetcdn.net\/2.0\/2642856\/wp-content\/uploads\/2023\/10\/MotorProsa-Blog-Post-30-Jahre-Motorrad-4-1-768x709.jpg?lossy=1&strip=1&webp=1 768w, https:\/\/b2642856.assetcdn.net\/2.0\/2642856\/wp-content\/uploads\/2023\/10\/MotorProsa-Blog-Post-30-Jahre-Motorrad-4-1.jpg?size=240x221&lossy=1&strip=1&webp=1 240w, https:\/\/b2642856.assetcdn.net\/2.0\/2642856\/wp-content\/uploads\/2023\/10\/MotorProsa-Blog-Post-30-Jahre-Motorrad-4-1.jpg?size=480x443&lossy=1&strip=1&webp=1 480w, https:\/\/b2642856.assetcdn.net\/2.0\/2642856\/wp-content\/uploads\/2023\/10\/MotorProsa-Blog-Post-30-Jahre-Motorrad-4-1.jpg?size=960x886&lossy=1&strip=1&webp=1 960w\" data-sizes=\"auto\" src=\"data:image\/svg+xml;base64,PHN2ZyB3aWR0aD0iMSIgaGVpZ2h0PSIxIiB4bWxucz0iaHR0cDovL3d3dy53My5vcmcvMjAwMC9zdmciPjwvc3ZnPg==\" style=\"--smush-placeholder-width: 1024px; --smush-placeholder-aspect-ratio: 1024\/945;\" data-original-sizes=\"(max-width: 1024px) 100vw, 1024px\" \/><figcaption class=\"wp-element-caption\"><br><h3>Beloved in spite of everything: Triumph Daytona T595<\/h3><\/figcaption><\/figure>\n\n\n\n<p class=\"wp-block-paragraph\">The Daytona T595 ventured a step too far into the future with its multisensory fuel injection system. In 1998 I rode one of these sound machines &#8211; unfortunately more bad than good, but that wasn\u2019t down to me. The British couldn\u2019t get the programming of the injection software right: Smooth driving without constant jerking was never possible. My T595 was so screwed up in terms of engine running that Triumph Italy finally changed it.<\/p>\n\n\n\n<p class=\"wp-block-paragraph\">The replacement 955i then ran much better. But when, at 15,000 kilometres, it threw off the timing chain tensioner at full speed and soaked me in engine oil, I finally decided to buy the original: appearance Ducati 748s.<\/p>\n\n\n\n<p class=\"wp-block-paragraph\">Now, with over 90,000 kilometres on the clock, without any troubles, it stands next to the new generation of motorbikes in my garage. No, not next to a V4 Panigale with over 200 hp and MotoGP software that plays all the parts with and without a rider. But next to Alessandro Volta, the all-electric roadster from California: Zero SR\/F.<\/p>\n\n\n\n<figure class=\"wp-block-image size-full my-image-border\"><img decoding=\"async\" width=\"1024\" height=\"945\" data-src=\"https:\/\/b2642856.assetcdn.net\/2.0\/2642856\/wp-content\/uploads\/2023\/10\/MotorProsa-Blog-Post-30-Jahre-Motorrad-3-1.jpg?lossy=1&strip=1&webp=1\" alt=\"Motorcycling: Classic ...\" class=\"wp-image-174179 lazyload\" title=\"\" data-srcset=\"https:\/\/b2642856.assetcdn.net\/2.0\/2642856\/wp-content\/uploads\/2023\/10\/MotorProsa-Blog-Post-30-Jahre-Motorrad-3-1.jpg?lossy=1&strip=1&webp=1 1024w, https:\/\/b2642856.assetcdn.net\/2.0\/2642856\/wp-content\/uploads\/2023\/10\/MotorProsa-Blog-Post-30-Jahre-Motorrad-3-1-300x277.jpg?lossy=1&strip=1&webp=1 300w, https:\/\/b2642856.assetcdn.net\/2.0\/2642856\/wp-content\/uploads\/2023\/10\/MotorProsa-Blog-Post-30-Jahre-Motorrad-3-1-768x709.jpg?lossy=1&strip=1&webp=1 768w, https:\/\/b2642856.assetcdn.net\/2.0\/2642856\/wp-content\/uploads\/2023\/10\/MotorProsa-Blog-Post-30-Jahre-Motorrad-3-1.jpg?size=240x221&lossy=1&strip=1&webp=1 240w, https:\/\/b2642856.assetcdn.net\/2.0\/2642856\/wp-content\/uploads\/2023\/10\/MotorProsa-Blog-Post-30-Jahre-Motorrad-3-1.jpg?size=480x443&lossy=1&strip=1&webp=1 480w, https:\/\/b2642856.assetcdn.net\/2.0\/2642856\/wp-content\/uploads\/2023\/10\/MotorProsa-Blog-Post-30-Jahre-Motorrad-3-1.jpg?size=960x886&lossy=1&strip=1&webp=1 960w\" data-sizes=\"auto\" src=\"data:image\/svg+xml;base64,PHN2ZyB3aWR0aD0iMSIgaGVpZ2h0PSIxIiB4bWxucz0iaHR0cDovL3d3dy53My5vcmcvMjAwMC9zdmciPjwvc3ZnPg==\" style=\"--smush-placeholder-width: 1024px; --smush-placeholder-aspect-ratio: 1024\/945;\" data-original-sizes=\"(max-width: 1024px) 100vw, 1024px\" \/><figcaption class=\"wp-element-caption\"><br><h3>Motorcycling: Classic &#8230;<\/h3><\/figcaption><\/figure>\n\n\n\n<p class=\"wp-block-paragraph\">He does everything differently: Alessandro no longer has a clutch and does not need expensive two-stroke oil. It no longer needs any oil at all. It never has to be checked for emissions and does not even require periodic maintenance. All you have to do is put the &#8220;ignition&#8221; key in the lock and let it boot up (in fact, the software has to boot up first), then the power of 190 incredibly powerful Newton metres of torque is available.<\/p>\n\n\n\n<figure class=\"wp-block-image size-full my-image-border\"><img decoding=\"async\" width=\"1024\" height=\"945\" data-src=\"https:\/\/b2642856.assetcdn.net\/2.0\/2642856\/wp-content\/uploads\/2023\/10\/MotorProsa-Blog-Post-30-Jahre-Motorrad-2-1.jpg?lossy=1&strip=1&webp=1\" alt=\"\" class=\"wp-image-174181 lazyload\" title=\"\" data-srcset=\"https:\/\/b2642856.assetcdn.net\/2.0\/2642856\/wp-content\/uploads\/2023\/10\/MotorProsa-Blog-Post-30-Jahre-Motorrad-2-1.jpg?lossy=1&strip=1&webp=1 1024w, https:\/\/b2642856.assetcdn.net\/2.0\/2642856\/wp-content\/uploads\/2023\/10\/MotorProsa-Blog-Post-30-Jahre-Motorrad-2-1-300x277.jpg?lossy=1&strip=1&webp=1 300w, https:\/\/b2642856.assetcdn.net\/2.0\/2642856\/wp-content\/uploads\/2023\/10\/MotorProsa-Blog-Post-30-Jahre-Motorrad-2-1-768x709.jpg?lossy=1&strip=1&webp=1 768w, https:\/\/b2642856.assetcdn.net\/2.0\/2642856\/wp-content\/uploads\/2023\/10\/MotorProsa-Blog-Post-30-Jahre-Motorrad-2-1.jpg?size=240x221&lossy=1&strip=1&webp=1 240w, https:\/\/b2642856.assetcdn.net\/2.0\/2642856\/wp-content\/uploads\/2023\/10\/MotorProsa-Blog-Post-30-Jahre-Motorrad-2-1.jpg?size=480x443&lossy=1&strip=1&webp=1 480w, https:\/\/b2642856.assetcdn.net\/2.0\/2642856\/wp-content\/uploads\/2023\/10\/MotorProsa-Blog-Post-30-Jahre-Motorrad-2-1.jpg?size=960x886&lossy=1&strip=1&webp=1 960w\" data-sizes=\"auto\" src=\"data:image\/svg+xml;base64,PHN2ZyB3aWR0aD0iMSIgaGVpZ2h0PSIxIiB4bWxucz0iaHR0cDovL3d3dy53My5vcmcvMjAwMC9zdmciPjwvc3ZnPg==\" style=\"--smush-placeholder-width: 1024px; --smush-placeholder-aspect-ratio: 1024\/945;\" data-original-sizes=\"(max-width: 1024px) 100vw, 1024px\" \/><figcaption class=\"wp-element-caption\"><br><h3>&#8230; and futuristic. It\u2019s nice to have the choice.<\/h3><\/figcaption><\/figure>\n\n\n\n<h2 class=\"wp-block-heading has-drop-cap\">Where<br>&nbsp;is the journey going?<\/h2>\n\n\n\n<p class=\"wp-block-paragraph\">There is another motorbike in my garage: the mighty Road King from Harley-Davidson. It\u2019s no sensation in terms of chassis, already overtaxed with the little power of its V2. So it will get a new chassis in winter 2023 and then find its way to the south of France. The plan is to rumble through the gorges of the Tarn, the Ardeche and the Verdon.<\/p>\n\n\n\n<p class=\"wp-block-paragraph\">The maximum contrast to the Ducati dynamic or the quiet Zero motorbike wandering.<\/p>\n\n\n\n<p class=\"wp-block-paragraph\">Pictures of a single-cylinder Ducati <strong><em>\u2013<\/em><\/strong> a supermoto <strong><em>\u2013<\/em><\/strong> are circulating in the motorbike press. That will be very dangerous for my money. From Canada, the <a href=\"https:\/\/damon.com\/hypersport\" target=\"_blank\" rel=\"noreferrer noopener\">Damon HyperSport<\/a> is entering the market: an electric supersport with unique features. If this machine finds its way to Italy, an appointment at my bank will definitely be necessary again. Will there be enough space in the garage?<\/p>\n\n\n\n<p class=\"wp-block-paragraph\">We will see \u2013 because<\/p>\n\n\n\n<h2 class=\"wp-block-heading has-drop-cap\">Thirty years<br>&nbsp;are not enough<\/h2>\n\n\n\n<div style=\"height:50px\" aria-hidden=\"true\" class=\"wp-block-spacer\"><\/div>\n\n\n<!--Yasr Visitor Votes Shortcode--><div id='yasr_visitor_votes_6a2a9af95636c' class='yasr-visitor-votes'><div class=\"yasr-custom-text-vv-before yasr-custom-text-vv-before-174663\">Bewerte diesen Beitrag \/\/ Rate this post <\/div><div id='yasr-vv-second-row-container-6a2a9af95636c'\r\n                                        class='yasr-vv-second-row-container'><div id='yasr-visitor-votes-rater-6a2a9af95636c'\r\n                                      class='yasr-rater-stars-vv'\r\n                                      data-rater-postid='174663'\r\n                                      data-rating='0'\r\n                                      data-rater-starsize='32'\r\n                                      data-rater-readonly='false'\r\n                                      data-rater-nonce='d4ca20a83d'\r\n                                      data-issingular='false'\r\n                                    ><\/div><div class=\"yasr-vv-stats-text-container\" id=\"yasr-vv-stats-text-container-6a2a9af95636c\"><svg xmlns=\"https:\/\/www.w3.org\/2000\/svg\" width=\"20\" height=\"20\"\r\n                                   class=\"yasr-dashicons-visitor-stats\"\r\n                                   data-postid=\"174663\"\r\n                                   id=\"yasr-stats-dashicon-6a2a9af95636c\">\r\n                                   <path d=\"M18 18v-16h-4v16h4zM12 18v-11h-4v11h4zM6 18v-8h-4v8h4z\"><\/path>\r\n                               <\/svg><span id=\"yasr-vv-text-container-6a2a9af95636c\" class=\"yasr-vv-text-container\"><\/span><\/div><div id='yasr-vv-loader-6a2a9af95636c' class='yasr-vv-container-loader'><\/div><\/div><div id='yasr-vv-bottom-container-6a2a9af95636c'\r\n                              class='yasr-vv-bottom-container'\r\n                              style='display:none'><\/div><\/div><!--End Yasr Visitor Votes Shortcode-->\n\n\n\n<div style=\"height:25px\" aria-hidden=\"true\" class=\"wp-block-spacer\"><\/div>\n\n\n<div class=\"ShariffSC my-image-border\"><div class=\"shariff shariff-align-left shariff-widget-align-left shariff-buttonstretch\" data-services=\"facebook\" data-url=\"https:\/\/www.motorprosa.com\/en\/thoughts-30-years-on-the-motorbike\/\" data-timestamp=\"1702326997\" data-backendurl=\"https:\/\/www.motorprosa.com\/en\/wp-json\/shariff\/v1\/share_counts?\"><ul class=\"shariff-buttons theme-white orientation-horizontal buttonsize-medium\"><li class=\"shariff-button facebook shariff-nocustomcolor\" style=\"background-color:#4273c8\"><a href=\"https:\/\/www.facebook.com\/sharer\/sharer.php?u=https%3A%2F%2Fwww.motorprosa.com%2Fen%2Fthoughts-30-years-on-the-motorbike%2F\" title=\"Share on Facebook\" aria-label=\"Share on Facebook\" role=\"button\" rel=\"nofollow\" class=\"shariff-link\" style=\"; background-color:#3b5998; color:#3b5998\" target=\"_blank\"><span class=\"shariff-icon\" style=\"fill:#3b5998\"><svg width=\"32px\" height=\"20px\" xmlns=\"http:\/\/www.w3.org\/2000\/svg\" viewBox=\"0 0 18 32\"><path fill=\"#3b5998\" d=\"M17.1 0.2v4.7h-2.8q-1.5 0-2.1 0.6t-0.5 1.9v3.4h5.2l-0.7 5.3h-4.5v13.6h-5.5v-13.6h-4.5v-5.3h4.5v-3.9q0-3.3 1.9-5.2t5-1.8q2.6 0 4.1 0.2z\"\/><\/svg><\/span><span class=\"shariff-text\" style=\"color:#3b5998\">share<\/span>&nbsp;<\/a><\/li><li class=\"shariff-button bluesky shariff-nocustomcolor\" style=\"background-color:#84c4ff\"><a href=\"https:\/\/bsky.app\/intent\/compose?text=Thoughts%20%E2%80%93%2030%20years%20on%20the%20motorbike https%3A%2F%2Fwww.motorprosa.com%2Fen%2Fthoughts-30-years-on-the-motorbike%2F  via @motorprosa.com\" title=\"Share on Bluesky\" aria-label=\"Share on Bluesky\" role=\"button\" rel=\"noopener nofollow\" class=\"shariff-link\" style=\"; background-color:#0085ff; color:#0085ff\" target=\"_blank\"><span class=\"shariff-icon\" style=\"fill:#0085ff\"><svg width=\"20\" height=\"20\" version=\"1.1\" xmlns=\"http:\/\/www.w3.org\/2000\/svg\" viewBox=\"0 0 20 20\"><path class=\"st0\" d=\"M4.89,3.12c2.07,1.55,4.3,4.71,5.11,6.4.82-1.69,3.04-4.84,5.11-6.4,1.49-1.12,3.91-1.99,3.91.77,0,.55-.32,4.63-.5,5.3-.64,2.3-2.99,2.89-5.08,2.54,3.65.62,4.58,2.68,2.57,4.74-3.81,3.91-5.48-.98-5.9-2.23-.08-.23-.11-.34-.12-.25,0-.09-.04.02-.12.25-.43,1.25-2.09,6.14-5.9,2.23-2.01-2.06-1.08-4.12,2.57-4.74-2.09.36-4.44-.23-5.08-2.54-.19-.66-.5-4.74-.5-5.3,0-2.76,2.42-1.89,3.91-.77h0Z\"\/><\/svg><\/span><span class=\"shariff-text\" style=\"color:#0085ff\">share<\/span>&nbsp;<\/a><\/li><li class=\"shariff-button linkedin shariff-nocustomcolor\" style=\"background-color:#1488bf\"><a href=\"https:\/\/www.linkedin.com\/sharing\/share-offsite\/?url=https%3A%2F%2Fwww.motorprosa.com%2Fen%2Fthoughts-30-years-on-the-motorbike%2F\" title=\"Share on LinkedIn\" aria-label=\"Share on LinkedIn\" role=\"button\" rel=\"noopener nofollow\" class=\"shariff-link\" style=\"; background-color:#0077b5; color:#0077b5\" target=\"_blank\"><span class=\"shariff-icon\" style=\"fill:#0077b5\"><svg width=\"32px\" height=\"20px\" xmlns=\"http:\/\/www.w3.org\/2000\/svg\" viewBox=\"0 0 27 32\"><path fill=\"#0077b5\" d=\"M6.2 11.2v17.7h-5.9v-17.7h5.9zM6.6 5.7q0 1.3-0.9 2.2t-2.4 0.9h0q-1.5 0-2.4-0.9t-0.9-2.2 0.9-2.2 2.4-0.9 2.4 0.9 0.9 2.2zM27.4 18.7v10.1h-5.9v-9.5q0-1.9-0.7-2.9t-2.3-1.1q-1.1 0-1.9 0.6t-1.2 1.5q-0.2 0.5-0.2 1.4v9.9h-5.9q0-7.1 0-11.6t0-5.3l0-0.9h5.9v2.6h0q0.4-0.6 0.7-1t1-0.9 1.6-0.8 2-0.3q3 0 4.9 2t1.9 6z\"\/><\/svg><\/span><span class=\"shariff-text\" style=\"color:#0077b5\">share<\/span>&nbsp;<\/a><\/li><\/ul><\/div><\/div>\n\n\n\n<div style=\"height:50px\" aria-hidden=\"true\" class=\"wp-block-spacer\"><\/div>\n\n\n\n<h3 class=\"wp-block-heading\" id=\"bestens-dazu-passend\"><strong>Perfectly matching:<\/strong><\/h3>\n\n\n\n\t\t\t<div class=\"wp-block-uagb-post-grid uagb-post-grid  uagb-post__image-position-top uagb-post__image-enabled uagb-block-367b7f17     uagb-post__items uagb-post__columns-3 is-grid uagb-post__columns-tablet-2 uagb-post__columns-mobile-1 uagb-post__equal-height\" data-total=\"2\" style=\"\">\n\n\t\t\t\t\t\t\t\t\t\t\t\t<article class=\"uagb-post__inner-wrap\">\t\t\t\t\t\t\t\t<div class='uagb-post__image'>\n\t\t\t\t\t\t\t\t\t<a href=\"https:\/\/www.motorprosa.com\/en\/my-emotions-when-riding-a-motorcycle\/\" target=\"_self\" rel=\"bookmark noopener noreferrer\" class=\"uagb-image-ratio-inherit\"><img decoding=\"async\" width=\"1024\" height=\"575\" data-src=\"https:\/\/b2642856.assetcdn.net\/2.0\/2642856\/wp-content\/uploads\/2024\/03\/MotorProsa-Blog-Header-Emotionen-1-Effekt-1024x575.jpg?lossy=1&strip=1&webp=1\" class=\"attachment-large size-large lazyload\" alt=\"Ein Motorradfahrer sitzt im Gr\u00fcnen auf einer Wiese voller gelber Blumen und genie\u00dft die Aussicht. Neben ihm steht ein modernes Motorrad.\" data-srcset=\"https:\/\/b2642856.assetcdn.net\/2.0\/2642856\/wp-content\/uploads\/2024\/03\/MotorProsa-Blog-Header-Emotionen-1-Effekt-1024x575.jpg?lossy=1&strip=1&webp=1 1024w, https:\/\/b2642856.assetcdn.net\/2.0\/2642856\/wp-content\/uploads\/2024\/03\/MotorProsa-Blog-Header-Emotionen-1-Effekt-300x169.jpg?lossy=1&strip=1&webp=1 300w, https:\/\/b2642856.assetcdn.net\/2.0\/2642856\/wp-content\/uploads\/2024\/03\/MotorProsa-Blog-Header-Emotionen-1-Effekt-768x431.jpg?lossy=1&strip=1&webp=1 768w, https:\/\/b2642856.assetcdn.net\/2.0\/2642856\/wp-content\/uploads\/2024\/03\/MotorProsa-Blog-Header-Emotionen-1-Effekt.jpg?lossy=1&strip=1&webp=1 1200w, https:\/\/b2642856.assetcdn.net\/2.0\/2642856\/wp-content\/uploads\/2024\/03\/MotorProsa-Blog-Header-Emotionen-1-Effekt.jpg?size=240x135&lossy=1&strip=1&webp=1 240w, https:\/\/b2642856.assetcdn.net\/2.0\/2642856\/wp-content\/uploads\/2024\/03\/MotorProsa-Blog-Header-Emotionen-1-Effekt.jpg?size=480x270&lossy=1&strip=1&webp=1 480w, https:\/\/b2642856.assetcdn.net\/2.0\/2642856\/wp-content\/uploads\/2024\/03\/MotorProsa-Blog-Header-Emotionen-1-Effekt.jpg?size=960x539&lossy=1&strip=1&webp=1 960w\" data-sizes=\"auto\" title=\"\" src=\"data:image\/svg+xml;base64,PHN2ZyB3aWR0aD0iMSIgaGVpZ2h0PSIxIiB4bWxucz0iaHR0cDovL3d3dy53My5vcmcvMjAwMC9zdmciPjwvc3ZnPg==\" style=\"--smush-placeholder-width: 1024px; --smush-placeholder-aspect-ratio: 1024\/575;\" data-original-sizes=\"(max-width: 1024px) 100vw, 1024px\">\t\t\t\t\t<\/a>\n\t\t\t\t\t\t\t<\/div>\n\t\t\t\t\t\t<h4 class=\"uagb-post__title uagb-post__text\">\n\t\t\t\t<a href=\"https:\/\/www.motorprosa.com\/en\/my-emotions-when-riding-a-motorcycle\/\" target=\"_self\" rel=\"bookmark noopener noreferrer\">(My) Emotions when riding a motorcycle<\/a>\n\t\t\t<\/h4>\n\t\t\t\t\t\t<div class='uagb-post__text uagb-post-grid-byline'>\n\t\t\t\t\t\t\t\t<span class=\"uagb-post__comment\">\n\t\t\t\t<span class=\"dashicons-admin-comments dashicons\"><\/span>\t\t\t\t\tNo Comments\t\t\t\t<\/span>\n\t\t\t\t\t\t<\/div>\n\t\t\t\t\t\t\t<div class='uagb-post__text uagb-post__excerpt'>\n\t\t\t\t\tWill the era of electromobility go down in history as the age of emotionlessness? Emotions \u2013 what are we actually talking about?\t\t\t\t<\/div>\n\t\t\t\n\t\t\t\t\t\t\t\t\t<\/article>\n\t\t\t\t\t\t\t\t\t\t\t\t\t\t\t\t<article class=\"uagb-post__inner-wrap\">\t\t\t\t\t\t\t\t<div class='uagb-post__image'>\n\t\t\t\t\t\t\t\t\t<a href=\"https:\/\/www.motorprosa.com\/en\/the-journey-to-the-water\/\" target=\"_self\" rel=\"bookmark noopener noreferrer\" class=\"uagb-image-ratio-inherit\"><img decoding=\"async\" width=\"1024\" height=\"605\" data-src=\"https:\/\/b2642856.assetcdn.net\/2.0\/2642856\/wp-content\/uploads\/2022\/01\/motorprosa-blog-header-reise-ans-wasser-1-effekt-1024x605.jpg?lossy=1&strip=1&webp=1\" class=\"attachment-large size-large lazyload\" alt=\"MotorProsa: Die Reise ans Wasser\" data-srcset=\"https:\/\/b2642856.assetcdn.net\/2.0\/2642856\/wp-content\/uploads\/2022\/01\/motorprosa-blog-header-reise-ans-wasser-1-effekt-1024x605.jpg?lossy=1&strip=1&webp=1 1024w, https:\/\/b2642856.assetcdn.net\/2.0\/2642856\/wp-content\/uploads\/2022\/01\/motorprosa-blog-header-reise-ans-wasser-1-effekt-300x177.jpg?lossy=1&strip=1&webp=1 300w, https:\/\/b2642856.assetcdn.net\/2.0\/2642856\/wp-content\/uploads\/2022\/01\/MotorProsa-Blog-Header-Reise-ans-Wasser-1-Effekt-1.jpg?lossy=1&strip=1&webp=1 1200w, https:\/\/b2642856.assetcdn.net\/2.0\/2642856\/wp-content\/uploads\/2022\/01\/MotorProsa-Blog-Header-Reise-ans-Wasser-1-Effekt-1.jpg?size=240x142&lossy=1&strip=1&webp=1 240w, https:\/\/b2642856.assetcdn.net\/2.0\/2642856\/wp-content\/uploads\/2022\/01\/MotorProsa-Blog-Header-Reise-ans-Wasser-1-Effekt-1.jpg?size=480x284&lossy=1&strip=1&webp=1 480w, https:\/\/b2642856.assetcdn.net\/2.0\/2642856\/wp-content\/uploads\/2022\/01\/MotorProsa-Blog-Header-Reise-ans-Wasser-1-Effekt-1.jpg?size=720x425&lossy=1&strip=1&webp=1 720w, https:\/\/b2642856.assetcdn.net\/2.0\/2642856\/wp-content\/uploads\/2022\/01\/MotorProsa-Blog-Header-Reise-ans-Wasser-1-Effekt-1.jpg?size=960x567&lossy=1&strip=1&webp=1 960w\" data-sizes=\"auto\" title=\"\" src=\"data:image\/svg+xml;base64,PHN2ZyB3aWR0aD0iMSIgaGVpZ2h0PSIxIiB4bWxucz0iaHR0cDovL3d3dy53My5vcmcvMjAwMC9zdmciPjwvc3ZnPg==\" style=\"--smush-placeholder-width: 1024px; --smush-placeholder-aspect-ratio: 1024\/605;\" data-original-sizes=\"(max-width: 1024px) 100vw, 1024px\">\t\t\t\t\t<\/a>\n\t\t\t\t\t\t\t<\/div>\n\t\t\t\t\t\t<h4 class=\"uagb-post__title uagb-post__text\">\n\t\t\t\t<a href=\"https:\/\/www.motorprosa.com\/en\/the-journey-to-the-water\/\" target=\"_self\" rel=\"bookmark noopener noreferrer\">The journey to the water<\/a>\n\t\t\t<\/h4>\n\t\t\t\t\t\t<div class='uagb-post__text uagb-post-grid-byline'>\n\t\t\t\t\t\t\t\t<span class=\"uagb-post__comment\">\n\t\t\t\t<span class=\"dashicons-admin-comments dashicons\"><\/span>\t\t\t\t\tNo Comments\t\t\t\t<\/span>\n\t\t\t\t\t\t<\/div>\n\t\t\t\t\t\t\t<div class='uagb-post__text uagb-post__excerpt'>\n\t\t\t\t\tTake a ride with me, let&#8217;s go to the water: you&#8217;ll stand on the coast of the &#8220;Five Worlds&#8221;, on a warm summer evening.<br>Come on!\t\t\t\t<\/div>\n\t\t\t\n\t\t\t\t\t\t\t\t\t<\/article>\n\t\t\t\t\t\t\t\t\t\t\t\t\t\t\t\t<article class=\"uagb-post__inner-wrap\">\t\t\t\t\t\t\t\t<div class='uagb-post__image'>\n\t\t\t\t\t\t\t\t\t<a href=\"https:\/\/www.motorprosa.com\/en\/ive-had-enough-im-dropping-it\/\" target=\"_self\" rel=\"bookmark noopener noreferrer\" class=\"uagb-image-ratio-inherit\"><img decoding=\"async\" width=\"1024\" height=\"575\" data-src=\"https:\/\/b2642856.assetcdn.net\/2.0\/2642856\/wp-content\/uploads\/2024\/08\/MotorProsa-Blog-Header-Mir-reicht-es-Effekt-1024x575.jpg?lossy=1&strip=1&webp=1\" class=\"attachment-large size-large lazyload\" alt=\"Eine dramatische Szene auf einer kurvigen Gebirgsstra\u00dfe. Im Vordergrund liegt ein Motorrad quer auf der Stra\u00dfe, w\u00e4hrend zwei Motorradfahrer in Schutzkleidung daneben stehen und die Situation begutachten.\" data-srcset=\"https:\/\/b2642856.assetcdn.net\/2.0\/2642856\/wp-content\/uploads\/2024\/08\/MotorProsa-Blog-Header-Mir-reicht-es-Effekt-1024x575.jpg?lossy=1&strip=1&webp=1 1024w, https:\/\/b2642856.assetcdn.net\/2.0\/2642856\/wp-content\/uploads\/2024\/08\/MotorProsa-Blog-Header-Mir-reicht-es-Effekt-300x169.jpg?lossy=1&strip=1&webp=1 300w, https:\/\/b2642856.assetcdn.net\/2.0\/2642856\/wp-content\/uploads\/2024\/08\/MotorProsa-Blog-Header-Mir-reicht-es-Effekt-768x431.jpg?lossy=1&strip=1&webp=1 768w, https:\/\/b2642856.assetcdn.net\/2.0\/2642856\/wp-content\/uploads\/2024\/08\/MotorProsa-Blog-Header-Mir-reicht-es-Effekt.jpg?lossy=1&strip=1&webp=1 1200w, https:\/\/b2642856.assetcdn.net\/2.0\/2642856\/wp-content\/uploads\/2024\/08\/MotorProsa-Blog-Header-Mir-reicht-es-Effekt.jpg?size=240x135&lossy=1&strip=1&webp=1 240w, https:\/\/b2642856.assetcdn.net\/2.0\/2642856\/wp-content\/uploads\/2024\/08\/MotorProsa-Blog-Header-Mir-reicht-es-Effekt.jpg?size=480x270&lossy=1&strip=1&webp=1 480w, https:\/\/b2642856.assetcdn.net\/2.0\/2642856\/wp-content\/uploads\/2024\/08\/MotorProsa-Blog-Header-Mir-reicht-es-Effekt.jpg?size=960x539&lossy=1&strip=1&webp=1 960w\" data-sizes=\"auto\" title=\"\" src=\"data:image\/svg+xml;base64,PHN2ZyB3aWR0aD0iMSIgaGVpZ2h0PSIxIiB4bWxucz0iaHR0cDovL3d3dy53My5vcmcvMjAwMC9zdmciPjwvc3ZnPg==\" style=\"--smush-placeholder-width: 1024px; --smush-placeholder-aspect-ratio: 1024\/575;\" data-original-sizes=\"(max-width: 1024px) 100vw, 1024px\">\t\t\t\t\t<\/a>\n\t\t\t\t\t\t\t<\/div>\n\t\t\t\t\t\t<h4 class=\"uagb-post__title uagb-post__text\">\n\t\t\t\t<a href=\"https:\/\/www.motorprosa.com\/en\/ive-had-enough-im-dropping-it\/\" target=\"_self\" rel=\"bookmark noopener noreferrer\">I&#8217;ve had enough. I&#8217;m dropping it.<\/a>\n\t\t\t<\/h4>\n\t\t\t\t\t\t<div class='uagb-post__text uagb-post-grid-byline'>\n\t\t\t\t\t\t\t\t<span class=\"uagb-post__comment\">\n\t\t\t\t<span class=\"dashicons-admin-comments dashicons\"><\/span>\t\t\t\t\tNo Comments\t\t\t\t<\/span>\n\t\t\t\t\t\t<\/div>\n\t\t\t\t\t\t\t<div class='uagb-post__text uagb-post__excerpt'>\n\t\t\t\t\tDropping the motorcycle. You know that feeling? And do you know the feeling when someone makes fun about that?\t\t\t\t<\/div>\n\t\t\t\n\t\t\t\t\t\t\t\t\t<\/article>\n\t\t\t\t\t\t\t\t\t\t\t\t\t\t\t\t<article class=\"uagb-post__inner-wrap\">\t\t\t\t\t\t\t\t<div class='uagb-post__image'>\n\t\t\t\t\t\t\t\t\t<a href=\"https:\/\/www.motorprosa.com\/en\/motorcycling-why\/\" target=\"_self\" rel=\"bookmark noopener noreferrer\" class=\"uagb-image-ratio-inherit\"><img decoding=\"async\" width=\"1024\" height=\"591\" data-src=\"https:\/\/b2642856.assetcdn.net\/2.0\/2642856\/wp-content\/uploads\/2021\/10\/motorprosa-blog-header-motorradfahren-warum-effekt-1024x591.jpg?lossy=1&strip=1&webp=1\" class=\"attachment-large size-large lazyload\" alt=\"MotorProsa: Motorradfahren - Warum? Der Versuch einer Antwort\" data-srcset=\"https:\/\/b2642856.assetcdn.net\/2.0\/2642856\/wp-content\/uploads\/2021\/10\/motorprosa-blog-header-motorradfahren-warum-effekt-1024x591.jpg?lossy=1&strip=1&webp=1 1024w, https:\/\/b2642856.assetcdn.net\/2.0\/2642856\/wp-content\/uploads\/2021\/10\/motorprosa-blog-header-motorradfahren-warum-effekt-300x173.jpg?lossy=1&strip=1&webp=1 300w, https:\/\/b2642856.assetcdn.net\/2.0\/2642856\/wp-content\/uploads\/2021\/10\/motorprosa-blog-header-motorradfahren-warum-effekt.jpg?lossy=1&strip=1&webp=1 1200w, https:\/\/b2642856.assetcdn.net\/2.0\/2642856\/wp-content\/uploads\/2021\/10\/motorprosa-blog-header-motorradfahren-warum-effekt.jpg?size=240x139&lossy=1&strip=1&webp=1 240w, https:\/\/b2642856.assetcdn.net\/2.0\/2642856\/wp-content\/uploads\/2021\/10\/motorprosa-blog-header-motorradfahren-warum-effekt.jpg?size=480x277&lossy=1&strip=1&webp=1 480w, https:\/\/b2642856.assetcdn.net\/2.0\/2642856\/wp-content\/uploads\/2021\/10\/motorprosa-blog-header-motorradfahren-warum-effekt.jpg?size=720x416&lossy=1&strip=1&webp=1 720w, https:\/\/b2642856.assetcdn.net\/2.0\/2642856\/wp-content\/uploads\/2021\/10\/motorprosa-blog-header-motorradfahren-warum-effekt.jpg?size=960x554&lossy=1&strip=1&webp=1 960w\" data-sizes=\"auto\" title=\"\" src=\"data:image\/svg+xml;base64,PHN2ZyB3aWR0aD0iMSIgaGVpZ2h0PSIxIiB4bWxucz0iaHR0cDovL3d3dy53My5vcmcvMjAwMC9zdmciPjwvc3ZnPg==\" style=\"--smush-placeholder-width: 1024px; --smush-placeholder-aspect-ratio: 1024\/591;\" data-original-sizes=\"(max-width: 1024px) 100vw, 1024px\">\t\t\t\t\t<\/a>\n\t\t\t\t\t\t\t<\/div>\n\t\t\t\t\t\t<h4 class=\"uagb-post__title uagb-post__text\">\n\t\t\t\t<a href=\"https:\/\/www.motorprosa.com\/en\/motorcycling-why\/\" target=\"_self\" rel=\"bookmark noopener noreferrer\">Motorcycling&nbsp;\u2013 Why? An attempt at an answer<\/a>\n\t\t\t<\/h4>\n\t\t\t\t\t\t<div class='uagb-post__text uagb-post-grid-byline'>\n\t\t\t\t\t\t\t\t<span class=\"uagb-post__comment\">\n\t\t\t\t<span class=\"dashicons-admin-comments dashicons\"><\/span>\t\t\t\t\tNo Comments\t\t\t\t<\/span>\n\t\t\t\t\t\t<\/div>\n\t\t\t\t\t\t\t<div class='uagb-post__text uagb-post__excerpt'>\n\t\t\t\t\tMotorcycling &#8211; how can you explain it to someone who doesn&#8217;t know it? Trying to sort out my thoughts, my memories and my reasons for&#8230;\t\t\t\t<\/div>\n\t\t\t\n\t\t\t\t\t\t\t\t\t<\/article>\n\t\t\t\t\t\t\t\t\t\t\t\t\t\t\t\t<article class=\"uagb-post__inner-wrap\">\t\t\t\t\t\t\t\t<div class='uagb-post__image'>\n\t\t\t\t\t\t\t\t\t<a href=\"https:\/\/www.motorprosa.com\/en\/am-i-rossi\/\" target=\"_self\" rel=\"bookmark noopener noreferrer\" class=\"uagb-image-ratio-inherit\"><img decoding=\"async\" width=\"1024\" height=\"575\" data-src=\"https:\/\/b2642856.assetcdn.net\/2.0\/2642856\/wp-content\/uploads\/2022\/02\/motorprosa-blog-header-bin-ich-rossi-1-effekt-1024x575.jpg?lossy=1&strip=1&webp=1\" class=\"attachment-large size-large lazyload\" alt=\"MotorProsa: Blog Header &quot;Bin ich Rossi&quot; (Effekt)\" data-srcset=\"https:\/\/b2642856.assetcdn.net\/2.0\/2642856\/wp-content\/uploads\/2022\/02\/motorprosa-blog-header-bin-ich-rossi-1-effekt-1024x575.jpg?lossy=1&strip=1&webp=1 1024w, https:\/\/b2642856.assetcdn.net\/2.0\/2642856\/wp-content\/uploads\/2022\/02\/motorprosa-blog-header-bin-ich-rossi-1-effekt-300x169.jpg?lossy=1&strip=1&webp=1 300w, https:\/\/b2642856.assetcdn.net\/2.0\/2642856\/wp-content\/uploads\/2022\/02\/motorprosa-blog-header-bin-ich-rossi-1-effekt.jpg?lossy=1&strip=1&webp=1 1200w, https:\/\/b2642856.assetcdn.net\/2.0\/2642856\/wp-content\/uploads\/2022\/02\/motorprosa-blog-header-bin-ich-rossi-1-effekt.jpg?size=240x135&lossy=1&strip=1&webp=1 240w, https:\/\/b2642856.assetcdn.net\/2.0\/2642856\/wp-content\/uploads\/2022\/02\/motorprosa-blog-header-bin-ich-rossi-1-effekt.jpg?size=480x270&lossy=1&strip=1&webp=1 480w, https:\/\/b2642856.assetcdn.net\/2.0\/2642856\/wp-content\/uploads\/2022\/02\/motorprosa-blog-header-bin-ich-rossi-1-effekt.jpg?size=720x404&lossy=1&strip=1&webp=1 720w, https:\/\/b2642856.assetcdn.net\/2.0\/2642856\/wp-content\/uploads\/2022\/02\/motorprosa-blog-header-bin-ich-rossi-1-effekt.jpg?size=960x539&lossy=1&strip=1&webp=1 960w\" data-sizes=\"auto\" title=\"\" src=\"data:image\/svg+xml;base64,PHN2ZyB3aWR0aD0iMSIgaGVpZ2h0PSIxIiB4bWxucz0iaHR0cDovL3d3dy53My5vcmcvMjAwMC9zdmciPjwvc3ZnPg==\" style=\"--smush-placeholder-width: 1024px; --smush-placeholder-aspect-ratio: 1024\/575;\" data-original-sizes=\"(max-width: 1024px) 100vw, 1024px\">\t\t\t\t\t<\/a>\n\t\t\t\t\t\t\t<\/div>\n\t\t\t\t\t\t<h4 class=\"uagb-post__title uagb-post__text\">\n\t\t\t\t<a href=\"https:\/\/www.motorprosa.com\/en\/am-i-rossi\/\" target=\"_self\" rel=\"bookmark noopener noreferrer\">Am I Rossi?<\/a>\n\t\t\t<\/h4>\n\t\t\t\t\t\t<div class='uagb-post__text uagb-post-grid-byline'>\n\t\t\t\t\t\t\t\t<span class=\"uagb-post__comment\">\n\t\t\t\t<span class=\"dashicons-admin-comments dashicons\"><\/span>\t\t\t\t\tNo Comments\t\t\t\t<\/span>\n\t\t\t\t\t\t<\/div>\n\t\t\t\t\t\t\t<div class='uagb-post__text uagb-post__excerpt'>\n\t\t\t\t\tOn the supermotos I experienced the craziest stories &#8211; during THIS action in the saddle of my KTM I briefly asked myself: &#8220;Am I Rossi?&#8221;\t\t\t\t<\/div>\n\t\t\t\n\t\t\t\t\t\t\t\t\t<\/article>\n\t\t\t\t\t\t\t\t\t\t\t\t\t\t\t\t<article class=\"uagb-post__inner-wrap\">\t\t\t\t\t\t\t\t<div class='uagb-post__image'>\n\t\t\t\t\t\t\t\t\t<a href=\"https:\/\/www.motorprosa.com\/en\/2024-a-year-full-of-stories-and-curves\/\" target=\"_self\" rel=\"bookmark noopener noreferrer\" class=\"uagb-image-ratio-inherit\"><img decoding=\"async\" width=\"1024\" height=\"575\" data-src=\"https:\/\/b2642856.assetcdn.net\/2.0\/2642856\/wp-content\/uploads\/2024\/12\/MotorProsa-Blog-Header-Jahresrueckblick-2024-Effekt-1024x575.jpg?lossy=1&strip=1&webp=1\" class=\"attachment-large size-large lazyload\" alt=\"Das Bild zeigt eine Strassenszene in den Alpen. Ein Motorradfahrer f\u00e4hrt in der Bildmitte eine kurvige Pass-Strasse entlang - die Strasse ist von St\u00fctzmauern aus Naturstein begrenzt. Im Hintergrund sind an den Bergh\u00e4ngen vereeinzelte Nadelb\u00e4ume zu erkennen.\" data-srcset=\"https:\/\/b2642856.assetcdn.net\/2.0\/2642856\/wp-content\/uploads\/2024\/12\/MotorProsa-Blog-Header-Jahresrueckblick-2024-Effekt-1024x575.jpg?lossy=1&strip=1&webp=1 1024w, https:\/\/b2642856.assetcdn.net\/2.0\/2642856\/wp-content\/uploads\/2024\/12\/MotorProsa-Blog-Header-Jahresrueckblick-2024-Effekt-300x169.jpg?lossy=1&strip=1&webp=1 300w, https:\/\/b2642856.assetcdn.net\/2.0\/2642856\/wp-content\/uploads\/2024\/12\/MotorProsa-Blog-Header-Jahresrueckblick-2024-Effekt-768x431.jpg?lossy=1&strip=1&webp=1 768w, https:\/\/b2642856.assetcdn.net\/2.0\/2642856\/wp-content\/uploads\/2024\/12\/MotorProsa-Blog-Header-Jahresrueckblick-2024-Effekt.jpg?lossy=1&strip=1&webp=1 1200w, https:\/\/b2642856.assetcdn.net\/2.0\/2642856\/wp-content\/uploads\/2024\/12\/MotorProsa-Blog-Header-Jahresrueckblick-2024-Effekt.jpg?size=240x135&lossy=1&strip=1&webp=1 240w, https:\/\/b2642856.assetcdn.net\/2.0\/2642856\/wp-content\/uploads\/2024\/12\/MotorProsa-Blog-Header-Jahresrueckblick-2024-Effekt.jpg?size=480x270&lossy=1&strip=1&webp=1 480w, https:\/\/b2642856.assetcdn.net\/2.0\/2642856\/wp-content\/uploads\/2024\/12\/MotorProsa-Blog-Header-Jahresrueckblick-2024-Effekt.jpg?size=960x539&lossy=1&strip=1&webp=1 960w\" data-sizes=\"auto\" title=\"\" src=\"data:image\/svg+xml;base64,PHN2ZyB3aWR0aD0iMSIgaGVpZ2h0PSIxIiB4bWxucz0iaHR0cDovL3d3dy53My5vcmcvMjAwMC9zdmciPjwvc3ZnPg==\" style=\"--smush-placeholder-width: 1024px; --smush-placeholder-aspect-ratio: 1024\/575;\" data-original-sizes=\"(max-width: 1024px) 100vw, 1024px\">\t\t\t\t\t<\/a>\n\t\t\t\t\t\t\t<\/div>\n\t\t\t\t\t\t<h4 class=\"uagb-post__title uagb-post__text\">\n\t\t\t\t<a href=\"https:\/\/www.motorprosa.com\/en\/2024-a-year-full-of-stories-and-curves\/\" target=\"_self\" rel=\"bookmark noopener noreferrer\">2024: A year full of stories and curves<\/a>\n\t\t\t<\/h4>\n\t\t\t\t\t\t<div class='uagb-post__text uagb-post-grid-byline'>\n\t\t\t\t\t\t\t\t<span class=\"uagb-post__comment\">\n\t\t\t\t<span class=\"dashicons-admin-comments dashicons\"><\/span>\t\t\t\t\tNo Comments\t\t\t\t<\/span>\n\t\t\t\t\t\t<\/div>\n\t\t\t\t\t\t\t<div class='uagb-post__text uagb-post__excerpt'>\n\t\t\t\t\tMy review of the past, eventful 2024. \t\t\t\t<\/div>\n\t\t\t\n\t\t\t\t\t\t\t\t\t<\/article>\n\t\t\t\t\t\t\t\t\t\t\t\t\t<div class=\"uagb-post-pagination-wrap\">\n\t\t\t\t\t\t<span aria-current=\"page\" class=\"page-numbers current\">1<\/span>\n<a class=\"page-numbers\" href=\"https:\/\/www.motorprosa.com\/en\/wp-json\/wp\/v2\/posts\/174663\/page\/2\/\">2<\/a>\n<a class=\"next page-numbers\" href=\"https:\/\/www.motorprosa.com\/en\/wp-json\/wp\/v2\/posts\/174663\/page\/2\/\">\u00bb<\/a>\t\t\t\t\t<\/div>\n\t\t\t\t\t\t\t\t<\/div>\n\t\t\t","protected":false},"excerpt":{"rendered":"<p>Thoughts of good times: Riding a motorbike for over 30 years. I take off my helmet for a moment and look back.<\/p>\n","protected":false},"author":1,"featured_media":174308,"comment_status":"open","ping_status":"closed","sticky":false,"template":"","format":"standard","meta":{"_uag_custom_page_level_css":"","_lmt_disableupdate":"","_lmt_disable":"","yasr_overall_rating":0,"yasr_post_is_review":"","yasr_auto_insert_disabled":"","yasr_review_type":"","footnotes":""},"categories":[538,596],"tags":[],"class_list":["post-174663","post","type-post","status-publish","format-standard","has-post-thumbnail","hentry","category-about-me","category-thoughts","infinite-scroll-item","generate-columns","tablet-grid-50","mobile-grid-100","grid-parent","grid-50","no-featured-image-padding"],"yasr_visitor_votes":{"stars_attributes":{"read_only":false,"span_bottom":false},"number_of_votes":0,"sum_votes":0},"modified_by":"J\u00fcrgen 'JvS' Theiner","uagb_featured_image_src":{"full":["https:\/\/www.motorprosa.com\/wp-content\/uploads\/2023\/10\/MotorProsa-Blog-Header-30-Jahre-Motorrad-1-Effekt.jpg",1200,674,false],"thumbnail":["https:\/\/www.motorprosa.com\/wp-content\/uploads\/2023\/10\/MotorProsa-Blog-Header-30-Jahre-Motorrad-1-Effekt-150x150.jpg",150,150,true],"medium":["https:\/\/www.motorprosa.com\/wp-content\/uploads\/2023\/10\/MotorProsa-Blog-Header-30-Jahre-Motorrad-1-Effekt-300x169.jpg",300,169,true],"medium_large":["https:\/\/www.motorprosa.com\/wp-content\/uploads\/2023\/10\/MotorProsa-Blog-Header-30-Jahre-Motorrad-1-Effekt-768x431.jpg",768,431,true],"large":["https:\/\/www.motorprosa.com\/wp-content\/uploads\/2023\/10\/MotorProsa-Blog-Header-30-Jahre-Motorrad-1-Effekt-1024x575.jpg",1024,575,true],"1536x1536":["https:\/\/www.motorprosa.com\/wp-content\/uploads\/2023\/10\/MotorProsa-Blog-Header-30-Jahre-Motorrad-1-Effekt.jpg",1200,674,false],"2048x2048":["https:\/\/www.motorprosa.com\/wp-content\/uploads\/2023\/10\/MotorProsa-Blog-Header-30-Jahre-Motorrad-1-Effekt.jpg",1200,674,false],"mailpoet_newsletter_max":["https:\/\/www.motorprosa.com\/wp-content\/uploads\/2023\/10\/MotorProsa-Blog-Header-30-Jahre-Motorrad-1-Effekt.jpg",1200,674,false]},"uagb_author_info":{"display_name":"J\u00fcrgen 'JvS' Theiner","author_link":"https:\/\/www.motorprosa.com\/en\/author\/infomotorprosa-com\/"},"uagb_comment_info":3,"uagb_excerpt":"Thoughts of good times: Riding a motorbike for over 30 years. I take off my helmet for a moment and look back.","_links":{"self":[{"href":"https:\/\/www.motorprosa.com\/en\/wp-json\/wp\/v2\/posts\/174663","targetHints":{"allow":["GET"]}}],"collection":[{"href":"https:\/\/www.motorprosa.com\/en\/wp-json\/wp\/v2\/posts"}],"about":[{"href":"https:\/\/www.motorprosa.com\/en\/wp-json\/wp\/v2\/types\/post"}],"author":[{"embeddable":true,"href":"https:\/\/www.motorprosa.com\/en\/wp-json\/wp\/v2\/users\/1"}],"replies":[{"embeddable":true,"href":"https:\/\/www.motorprosa.com\/en\/wp-json\/wp\/v2\/comments?post=174663"}],"version-history":[{"count":0,"href":"https:\/\/www.motorprosa.com\/en\/wp-json\/wp\/v2\/posts\/174663\/revisions"}],"wp:featuredmedia":[{"embeddable":true,"href":"https:\/\/www.motorprosa.com\/en\/wp-json\/wp\/v2\/media\/174308"}],"wp:attachment":[{"href":"https:\/\/www.motorprosa.com\/en\/wp-json\/wp\/v2\/media?parent=174663"}],"wp:term":[{"taxonomy":"category","embeddable":true,"href":"https:\/\/www.motorprosa.com\/en\/wp-json\/wp\/v2\/categories?post=174663"},{"taxonomy":"post_tag","embeddable":true,"href":"https:\/\/www.motorprosa.com\/en\/wp-json\/wp\/v2\/tags?post=174663"}],"curies":[{"name":"wp","href":"https:\/\/api.w.org\/{rel}","templated":true}]}}