{"id":12096,"date":"2021-02-08T07:00:00","date_gmt":"2021-02-08T06:00:00","guid":{"rendered":"https:\/\/www.motorprosa.com\/?p=12096"},"modified":"2025-03-20T16:03:34","modified_gmt":"2025-03-20T15:03:34","slug":"the-light-painter-uli-biggemann-a-portrait","status":"publish","type":"post","link":"https:\/\/www.motorprosa.com\/en\/the-light-painter-uli-biggemann-a-portrait\/","title":{"rendered":"The &#8220;Light painter&#8221; Uli Biggemann: a portrait"},"content":{"rendered":"\n<figure class=\"wp-block-image alignwide size-large\"><img decoding=\"async\" width=\"1024\" height=\"544\" data-src=\"https:\/\/b2642856.assetcdn.net\/2.0\/2642856\/wp-content\/uploads\/2022\/02\/motorprosa-blog-header-der-lichtmaler-1-1024x544.jpg?lossy=1&strip=1&webp=1\" alt=\"MotorProsa: Blog Header Portrait Uli Biggemann\" class=\"wp-image-9200 lazyload\" title=\"\" data-srcset=\"https:\/\/b2642856.assetcdn.net\/2.0\/2642856\/wp-content\/uploads\/2022\/02\/motorprosa-blog-header-der-lichtmaler-1-1024x544.jpg?lossy=1&strip=1&webp=1 1024w, https:\/\/b2642856.assetcdn.net\/2.0\/2642856\/wp-content\/uploads\/2022\/02\/motorprosa-blog-header-der-lichtmaler-1-300x160.jpg?lossy=1&strip=1&webp=1 300w, https:\/\/b2642856.assetcdn.net\/2.0\/2642856\/wp-content\/uploads\/2022\/02\/motorprosa-blog-header-der-lichtmaler-1.jpg?lossy=1&strip=1&webp=1 1200w, https:\/\/b2642856.assetcdn.net\/2.0\/2642856\/wp-content\/uploads\/2022\/02\/motorprosa-blog-header-der-lichtmaler-1.jpg?size=240x128&lossy=1&strip=1&webp=1 240w, https:\/\/b2642856.assetcdn.net\/2.0\/2642856\/wp-content\/uploads\/2022\/02\/motorprosa-blog-header-der-lichtmaler-1.jpg?size=480x255&lossy=1&strip=1&webp=1 480w, https:\/\/b2642856.assetcdn.net\/2.0\/2642856\/wp-content\/uploads\/2022\/02\/motorprosa-blog-header-der-lichtmaler-1.jpg?size=720x383&lossy=1&strip=1&webp=1 720w, https:\/\/b2642856.assetcdn.net\/2.0\/2642856\/wp-content\/uploads\/2022\/02\/motorprosa-blog-header-der-lichtmaler-1.jpg?size=960x510&lossy=1&strip=1&webp=1 960w\" data-sizes=\"auto\" src=\"data:image\/svg+xml;base64,PHN2ZyB3aWR0aD0iMSIgaGVpZ2h0PSIxIiB4bWxucz0iaHR0cDovL3d3dy53My5vcmcvMjAwMC9zdmciPjwvc3ZnPg==\" style=\"--smush-placeholder-width: 1024px; --smush-placeholder-aspect-ratio: 1024\/544;\" data-original-sizes=\"(max-width: 1024px) 100vw, 1024px\" \/><\/figure>\n\n\n\n<p class=\"wp-block-paragraph\"><em><strong>Photography &#8211; not snapping, but painting with light. A master of his craft is Uli Biggemann, the man behind <a href=\"http:\/\/www.moppetfoto.de\" target=\"_blank\" rel=\"noreferrer noopener\">www.moppetfoto.de<\/a>. I was allowed to get to know him during a special experience &#8211; my first ride on an electric motorbike &#8211; and have been on the road with him ever since. A portrait.<\/strong><\/em><\/p>\n\n\n\n<figure class=\"wp-block-image size-large\"><img decoding=\"async\" width=\"1024\" height=\"60\" data-src=\"https:\/\/b2642856.assetcdn.net\/2.0\/2642856\/wp-content\/uploads\/2020\/02\/Trenner-1024x60-1.png?lossy=1&strip=1&webp=1\" alt=\"Das Symbol von MotorProsa: die F\u00fcllfeder.\" class=\"wp-image-441 lazyload\" title=\"MotorProsa: Motorrad-Geschichten, geschrieben mit Passion\" data-srcset=\"https:\/\/b2642856.assetcdn.net\/2.0\/2642856\/wp-content\/uploads\/2020\/02\/Trenner-1024x60-1.png?lossy=1&strip=1&webp=1 1024w, https:\/\/b2642856.assetcdn.net\/2.0\/2642856\/wp-content\/uploads\/2020\/02\/Trenner-1024x60-1-300x18.png?lossy=1&strip=1&webp=1 300w, https:\/\/b2642856.assetcdn.net\/2.0\/2642856\/wp-content\/uploads\/2020\/02\/Trenner-1024x60-1-768x45.png?lossy=1&strip=1&webp=1 768w, https:\/\/b2642856.assetcdn.net\/2.0\/2642856\/wp-content\/uploads\/2020\/02\/Trenner-1024x60-1.png?size=240x14&lossy=1&strip=1&webp=1 240w, https:\/\/b2642856.assetcdn.net\/2.0\/2642856\/wp-content\/uploads\/2020\/02\/Trenner-1024x60-1.png?size=480x28&lossy=1&strip=1&webp=1 480w, https:\/\/b2642856.assetcdn.net\/2.0\/2642856\/wp-content\/uploads\/2020\/02\/Trenner-1024x60-1.png?size=960x56&lossy=1&strip=1&webp=1 960w\" data-sizes=\"auto\" src=\"data:image\/svg+xml;base64,PHN2ZyB3aWR0aD0iMSIgaGVpZ2h0PSIxIiB4bWxucz0iaHR0cDovL3d3dy53My5vcmcvMjAwMC9zdmciPjwvc3ZnPg==\" style=\"--smush-placeholder-width: 1024px; --smush-placeholder-aspect-ratio: 1024\/60;\" data-original-sizes=\"(max-width: 1024px) 100vw, 1024px\" \/><\/figure>\n\n\n\n<div style=\"height:50px\" aria-hidden=\"true\" class=\"wp-block-spacer\"><\/div>\n\n\n\n<p class=\"wp-block-paragraph\">You know the caves of the photo studios, mostly from the necessary shoot for passport and driving licence photos every now and then. You know the guys who nobody knows at weddings, christenings and inheritance celebrations and who walk around with three loudly clicking picture-catching machines hanging around their necks, always slightly bent over so as not to be so conspicuous &#8211; or because the cameras are so weighty. You know the heavy-duty workers with their metre-long white terror lenses who bend over the fence at sporting events waiting for that one, precious and unique shot.<\/p>\n\n\n\n<h2 class=\"wp-block-heading has-drop-cap\" id=\"and-then-comes-uli\">And then<br>&nbsp;comes Uli.<\/h2>\n\n\n\n<figure class=\"wp-block-image size-full my-image-border\"><img decoding=\"async\" width=\"1024\" height=\"945\" data-src=\"https:\/\/b2642856.assetcdn.net\/2.0\/2642856\/wp-content\/uploads\/2022\/02\/motorprosa-blog-post-portrait-uli-biggemann-1.jpg?lossy=1&strip=1&webp=1\" alt=\"MotorProsa: Uli, the raging picture catcher\" class=\"wp-image-9276 lazyload\" title=\"\" data-srcset=\"https:\/\/b2642856.assetcdn.net\/2.0\/2642856\/wp-content\/uploads\/2022\/02\/motorprosa-blog-post-portrait-uli-biggemann-1.jpg?lossy=1&strip=1&webp=1 1024w, https:\/\/b2642856.assetcdn.net\/2.0\/2642856\/wp-content\/uploads\/2022\/02\/motorprosa-blog-post-portrait-uli-biggemann-1-300x277.jpg?lossy=1&strip=1&webp=1 300w, https:\/\/b2642856.assetcdn.net\/2.0\/2642856\/wp-content\/uploads\/2022\/02\/motorprosa-blog-post-portrait-uli-biggemann-1.jpg?size=240x221&lossy=1&strip=1&webp=1 240w, https:\/\/b2642856.assetcdn.net\/2.0\/2642856\/wp-content\/uploads\/2022\/02\/motorprosa-blog-post-portrait-uli-biggemann-1.jpg?size=480x443&lossy=1&strip=1&webp=1 480w, https:\/\/b2642856.assetcdn.net\/2.0\/2642856\/wp-content\/uploads\/2022\/02\/motorprosa-blog-post-portrait-uli-biggemann-1.jpg?size=720x664&lossy=1&strip=1&webp=1 720w, https:\/\/b2642856.assetcdn.net\/2.0\/2642856\/wp-content\/uploads\/2022\/02\/motorprosa-blog-post-portrait-uli-biggemann-1.jpg?size=960x886&lossy=1&strip=1&webp=1 960w\" data-sizes=\"auto\" src=\"data:image\/svg+xml;base64,PHN2ZyB3aWR0aD0iMSIgaGVpZ2h0PSIxIiB4bWxucz0iaHR0cDovL3d3dy53My5vcmcvMjAwMC9zdmciPjwvc3ZnPg==\" style=\"--smush-placeholder-width: 1024px; --smush-placeholder-aspect-ratio: 1024\/945;\" data-original-sizes=\"(max-width: 1024px) 100vw, 1024px\" \/><figcaption class=\"wp-element-caption\"><br><h3>Uli, the raging picture catcher<\/h3><\/figcaption><\/figure>\n\n\n\n<p class=\"wp-block-paragraph\">If you manage to follow him on his committed and skilfully moved motorcycle to the photo stop, you can watch fascinated as he packs a crazy conglomeration of tripods, flashes, light foils and cameras out of the tank and rear bags and spreads them around the area.<\/p>\n\n\n\n<p class=\"wp-block-paragraph\">His zest for life and work literally beams at you, his face is one big smile. Like a dervish, he whirls back and forth between the equipment and the subject to be photographed. His instructions to us models are sharp and mischievous &#8211; it&#8217;s a lot of fun to stand in front of his camera, because everything happens so fast and there&#8217;s never a moment of boredom. Brilliant shooting entertainment!<\/p>\n\n\n\n<h2 class=\"wp-block-heading has-drop-cap\" id=\"uli-paints-motorcycle-photos\">Uli paints<br>&nbsp;motorcycle photos.<\/h2>\n\n\n\n<p class=\"wp-block-paragraph\">From the very first picture that he holds up in front of your eyes, no, rather under your nose, the special composition of his photographs is fascinating: strong, rich, dark, massive. An amateur photographer like me, without much knowledge of aperture, exposure and flash, cannot easily explain the creation of such photos.<\/p>\n\n\n\n<p class=\"wp-block-paragraph\">When Uli is not taking photographs or riding his motorbike, he makes music. That&#8217;s why he also masters the right moment behind the camera and sets it. The beat and speed are right, every shot is perfect. As with a drum solo, you constantly ask yourself, &#8220;How does he do that?&#8221;<\/p>\n\n\n\n<p class=\"wp-block-paragraph\">Uli drives his models across the photo stage, operates his equipment like a drum kit, has his hands everywhere, every release of the camera is like a hit on the crash cymbal &#8211; and before you know it, the piece is over and it&#8217;s on to the next gig.<\/p>\n\n\n\n<p class=\"wp-block-paragraph\">From time to time, Uli also takes to the air &#8211; with the unusual perspectives of his drone images, he puts the crown on every photo session.<\/p>\n\n\n\n<h2 class=\"wp-block-heading has-drop-cap\" id=\"uli-is-an-artist\">Uli is<br>&nbsp;an artist.<\/h2>\n\n\n<style type=\"text\/css\">\n#foogallery-gallery-9230.fg-masonry .fg-item { width: 150px; }\n#foogallery-gallery-9230.fg-masonry { --fg-gutter: 15px; }<\/style>\n\t\t\t<style type=\"text\/css\">\n#foogallery-gallery-9230_1.fg-masonry .fg-item { width: 150px; }\n#foogallery-gallery-9230_1.fg-masonry { --fg-gutter: 15px; }<\/style>\n\t\t\t<div class=\"foogallery foogallery-container foogallery-masonry foogallery-lightbox-none fg-center fg-masonry fg-ready fg-light fg-round-small fg-shadow-small fg-loading-default fg-loaded-fade-in fg-captions-bottom fg-hover-fade fg-hover-plus fg-fixed\" id=\"foogallery-gallery-9230_1\" data-foogallery=\"{&quot;item&quot;:{&quot;showCaptionTitle&quot;:true,&quot;showCaptionDescription&quot;:true},&quot;lazy&quot;:true,&quot;src&quot;:&quot;src&quot;,&quot;srcset&quot;:&quot;srcset&quot;,&quot;template&quot;:{&quot;columnWidth&quot;:150,&quot;gutter&quot;:15}}\" style=\"--fg-title-line-clamp: 0; --fg-description-line-clamp: 0;\" >\n\t\t<div class=\"fg-item fg-type-image fg-loading\"><figure class=\"fg-item-inner\"><a href=\"https:\/\/b2642856.assetcdn.net\/2.0\/2642856\/wp-content\/uploads\/2022\/02\/motorprosa-portrait-uli-biggemann-3-of-38.jpg?lossy=1&strip=1&webp=1\" data-caption-desc=\"MotorProsa: Blog Post Portrait Uli Biggemann (Galerie)\" data-attachment-id=\"9231\" data-type=\"image\" class=\"fg-thumb\"><span class=\"fg-image-wrap\"><img src=\"https:\/\/b2642856.assetcdn.net\/2.0\/2642856\/wp-content\/uploads\/cache\/2022\/02\/motorprosa-portrait-uli-biggemann-3-of-38\/194803205.jpg?lossy=1&strip=1&webp=1\" alt=\"MotorProsa: Blog Post Portrait Uli Biggemann (Galerie)\" width=\"150\" height=\"100\" class=\"skip-lazy fg-image\" decoding=\"async\" loading=\"lazy\" title=\"\" sizes=\"(max-width: 150px) 100vw, 150px\"><\/span><span class=\"fg-image-overlay\"><\/span><\/a><\/figure><div class=\"fg-loader\"><\/div><\/div><div class=\"fg-item fg-type-image fg-loading\"><figure class=\"fg-item-inner\"><a href=\"https:\/\/b2642856.assetcdn.net\/2.0\/2642856\/wp-content\/uploads\/2022\/02\/motorprosa-portrait-uli-biggemann-37-of-38.jpg?lossy=1&strip=1&webp=1\" data-caption-desc=\"MotorProsa: Blog Post Portrait Uli Biggemann (Galerie)\" data-attachment-id=\"9233\" data-type=\"image\" class=\"fg-thumb\"><span class=\"fg-image-wrap\"><img src=\"https:\/\/b2642856.assetcdn.net\/2.0\/2642856\/wp-content\/uploads\/cache\/2022\/02\/motorprosa-portrait-uli-biggemann-37-of-38\/862735686.jpg?lossy=1&strip=1&webp=1\" alt=\"MotorProsa: Blog Post Portrait Uli Biggemann (Galerie)\" width=\"150\" height=\"104\" class=\"skip-lazy fg-image\" decoding=\"async\" loading=\"lazy\" title=\"\" sizes=\"(max-width: 150px) 100vw, 150px\"><\/span><span class=\"fg-image-overlay\"><\/span><\/a><\/figure><div class=\"fg-loader\"><\/div><\/div><div class=\"fg-item fg-type-image fg-loading\"><figure class=\"fg-item-inner\"><a href=\"https:\/\/b2642856.assetcdn.net\/2.0\/2642856\/wp-content\/uploads\/2022\/02\/motorprosa-portrait-uli-biggemann-35-of-38.jpg?lossy=1&strip=1&webp=1\" data-caption-desc=\"MotorProsa: Blog Post Portrait Uli Biggemann (Galerie)\" data-attachment-id=\"9235\" data-type=\"image\" class=\"fg-thumb\"><span class=\"fg-image-wrap\"><img src=\"https:\/\/b2642856.assetcdn.net\/2.0\/2642856\/wp-content\/uploads\/cache\/2022\/02\/motorprosa-portrait-uli-biggemann-35-of-38\/3584959720.jpg?lossy=1&strip=1&webp=1\" alt=\"MotorProsa: Blog Post Portrait Uli Biggemann (Galerie)\" width=\"150\" height=\"225\" class=\"skip-lazy fg-image\" decoding=\"async\" loading=\"lazy\" title=\"\" sizes=\"(max-width: 150px) 100vw, 150px\"><\/span><span class=\"fg-image-overlay\"><\/span><\/a><\/figure><div class=\"fg-loader\"><\/div><\/div><div class=\"fg-item fg-type-image fg-loading\"><figure class=\"fg-item-inner\"><a href=\"https:\/\/b2642856.assetcdn.net\/2.0\/2642856\/wp-content\/uploads\/2022\/02\/motorprosa-portrait-uli-biggemann-25-of-38.jpg?lossy=1&strip=1&webp=1\" data-caption-desc=\"MotorProsa: Blog Post Portrait Uli Biggemann (Galerie)\" data-attachment-id=\"9237\" data-type=\"image\" class=\"fg-thumb\"><span class=\"fg-image-wrap\"><img src=\"https:\/\/b2642856.assetcdn.net\/2.0\/2642856\/wp-content\/uploads\/cache\/2022\/02\/motorprosa-portrait-uli-biggemann-25-of-38\/1859019777.jpg?lossy=1&strip=1&webp=1\" alt=\"MotorProsa: Blog Post Portrait Uli Biggemann (Galerie)\" width=\"150\" height=\"100\" class=\"skip-lazy fg-image\" decoding=\"async\" loading=\"lazy\" title=\"\" sizes=\"(max-width: 150px) 100vw, 150px\"><\/span><span class=\"fg-image-overlay\"><\/span><\/a><\/figure><div class=\"fg-loader\"><\/div><\/div><div class=\"fg-item fg-type-image fg-loading\"><figure class=\"fg-item-inner\"><a href=\"https:\/\/b2642856.assetcdn.net\/2.0\/2642856\/wp-content\/uploads\/2022\/02\/motorprosa-portrait-uli-biggemann-26-of-38.jpg?lossy=1&strip=1&webp=1\" data-caption-desc=\"MotorProsa: Blog Post Portrait Uli Biggemann (Galerie)\" data-attachment-id=\"9239\" data-type=\"image\" class=\"fg-thumb\"><span class=\"fg-image-wrap\"><img src=\"https:\/\/b2642856.assetcdn.net\/2.0\/2642856\/wp-content\/uploads\/cache\/2022\/02\/motorprosa-portrait-uli-biggemann-26-of-38\/527270109.jpg?lossy=1&strip=1&webp=1\" alt=\"MotorProsa: Blog Post Portrait Uli Biggemann (Galerie)\" width=\"150\" height=\"100\" class=\"skip-lazy fg-image\" decoding=\"async\" loading=\"lazy\" title=\"\" sizes=\"(max-width: 150px) 100vw, 150px\"><\/span><span class=\"fg-image-overlay\"><\/span><\/a><\/figure><div class=\"fg-loader\"><\/div><\/div><div class=\"fg-item fg-type-image fg-loading\"><figure class=\"fg-item-inner\"><a href=\"https:\/\/b2642856.assetcdn.net\/2.0\/2642856\/wp-content\/uploads\/2022\/02\/motorprosa-portrait-uli-biggemann-23-of-38.jpg?lossy=1&strip=1&webp=1\" data-caption-desc=\"MotorProsa: Blog Post Portrait Uli Biggemann (Galerie)\" data-attachment-id=\"9241\" data-type=\"image\" class=\"fg-thumb\"><span class=\"fg-image-wrap\"><img src=\"https:\/\/b2642856.assetcdn.net\/2.0\/2642856\/wp-content\/uploads\/cache\/2022\/02\/motorprosa-portrait-uli-biggemann-23-of-38\/3734251781.jpg?lossy=1&strip=1&webp=1\" alt=\"MotorProsa: Blog Post Portrait Uli Biggemann (Galerie)\" width=\"150\" height=\"225\" class=\"skip-lazy fg-image\" decoding=\"async\" loading=\"lazy\" title=\"\" sizes=\"(max-width: 150px) 100vw, 150px\"><\/span><span class=\"fg-image-overlay\"><\/span><\/a><\/figure><div class=\"fg-loader\"><\/div><\/div><div class=\"fg-item fg-type-image fg-loading\"><figure class=\"fg-item-inner\"><a href=\"https:\/\/b2642856.assetcdn.net\/2.0\/2642856\/wp-content\/uploads\/2022\/02\/motorprosa-portrait-uli-biggemann-24-of-38.jpg?lossy=1&strip=1&webp=1\" data-caption-desc=\"MotorProsa: Blog Post Portrait Uli Biggemann (Galerie)\" data-attachment-id=\"9243\" data-type=\"image\" class=\"fg-thumb\"><span class=\"fg-image-wrap\"><img src=\"https:\/\/b2642856.assetcdn.net\/2.0\/2642856\/wp-content\/uploads\/cache\/2022\/02\/motorprosa-portrait-uli-biggemann-24-of-38\/3116505284.jpg?lossy=1&strip=1&webp=1\" alt=\"MotorProsa: Blog Post Portrait Uli Biggemann (Galerie)\" width=\"150\" height=\"100\" class=\"skip-lazy fg-image\" decoding=\"async\" loading=\"lazy\" title=\"\" sizes=\"(max-width: 150px) 100vw, 150px\"><\/span><span class=\"fg-image-overlay\"><\/span><\/a><\/figure><div class=\"fg-loader\"><\/div><\/div><div class=\"fg-item fg-type-image fg-loading\"><figure class=\"fg-item-inner\"><a href=\"https:\/\/b2642856.assetcdn.net\/2.0\/2642856\/wp-content\/uploads\/2022\/02\/motorprosa-portrait-uli-biggemann-18-of-38.jpg?lossy=1&strip=1&webp=1\" data-caption-desc=\"MotorProsa: Blog Post Portrait Uli Biggemann (Galerie)\" data-attachment-id=\"9245\" data-type=\"image\" class=\"fg-thumb\"><span class=\"fg-image-wrap\"><img src=\"https:\/\/b2642856.assetcdn.net\/2.0\/2642856\/wp-content\/uploads\/cache\/2022\/02\/motorprosa-portrait-uli-biggemann-18-of-38\/2246463123.jpg?lossy=1&strip=1&webp=1\" alt=\"MotorProsa: Blog Post Portrait Uli Biggemann (Galerie)\" width=\"150\" height=\"225\" class=\"skip-lazy fg-image\" decoding=\"async\" loading=\"lazy\" title=\"\" sizes=\"(max-width: 150px) 100vw, 150px\"><\/span><span class=\"fg-image-overlay\"><\/span><\/a><\/figure><div class=\"fg-loader\"><\/div><\/div><div class=\"fg-item fg-type-image fg-loading\"><figure class=\"fg-item-inner\"><a href=\"https:\/\/b2642856.assetcdn.net\/2.0\/2642856\/wp-content\/uploads\/2022\/02\/motorprosa-portrait-uli-biggemann-14-of-38.jpg?lossy=1&strip=1&webp=1\" data-caption-desc=\"MotorProsa: Blog Post Portrait Uli Biggemann (Galerie)\" data-attachment-id=\"9249\" data-type=\"image\" class=\"fg-thumb\"><span class=\"fg-image-wrap\"><img src=\"https:\/\/b2642856.assetcdn.net\/2.0\/2642856\/wp-content\/uploads\/cache\/2022\/02\/motorprosa-portrait-uli-biggemann-14-of-38\/2689238456.jpg?lossy=1&strip=1&webp=1\" alt=\"MotorProsa: Blog Post Portrait Uli Biggemann (Galerie)\" width=\"150\" height=\"100\" class=\"skip-lazy fg-image\" decoding=\"async\" loading=\"lazy\" title=\"\" sizes=\"(max-width: 150px) 100vw, 150px\"><\/span><span class=\"fg-image-overlay\"><\/span><\/a><\/figure><div class=\"fg-loader\"><\/div><\/div><div class=\"fg-item fg-type-image fg-loading\"><figure class=\"fg-item-inner\"><a href=\"https:\/\/b2642856.assetcdn.net\/2.0\/2642856\/wp-content\/uploads\/2022\/02\/motorprosa-portrait-uli-biggemann-16-of-38.jpg?lossy=1&strip=1&webp=1\" data-caption-desc=\"MotorProsa: Blog Post Portrait Uli Biggemann (Galerie)\" data-attachment-id=\"9251\" data-type=\"image\" class=\"fg-thumb\"><span class=\"fg-image-wrap\"><img src=\"https:\/\/b2642856.assetcdn.net\/2.0\/2642856\/wp-content\/uploads\/cache\/2022\/02\/motorprosa-portrait-uli-biggemann-16-of-38\/2641394615.jpg?lossy=1&strip=1&webp=1\" alt=\"MotorProsa: Blog Post Portrait Uli Biggemann (Galerie)\" width=\"150\" height=\"100\" class=\"skip-lazy fg-image\" decoding=\"async\" loading=\"lazy\" title=\"\" sizes=\"(max-width: 150px) 100vw, 150px\"><\/span><span class=\"fg-image-overlay\"><\/span><\/a><\/figure><div class=\"fg-loader\"><\/div><\/div><div class=\"fg-item fg-type-image fg-loading\"><figure class=\"fg-item-inner\"><a href=\"https:\/\/b2642856.assetcdn.net\/2.0\/2642856\/wp-content\/uploads\/2022\/02\/motorprosa-portrait-uli-biggemann-11-of-38.jpg?lossy=1&strip=1&webp=1\" data-caption-desc=\"MotorProsa: Blog Post Portrait Uli Biggemann (Galerie)\" data-attachment-id=\"9253\" data-type=\"image\" class=\"fg-thumb\"><span class=\"fg-image-wrap\"><img src=\"https:\/\/b2642856.assetcdn.net\/2.0\/2642856\/wp-content\/uploads\/cache\/2022\/02\/motorprosa-portrait-uli-biggemann-11-of-38\/4196813430.jpg?lossy=1&strip=1&webp=1\" alt=\"MotorProsa: Blog Post Portrait Uli Biggemann (Galerie)\" width=\"150\" height=\"225\" class=\"skip-lazy fg-image\" decoding=\"async\" loading=\"lazy\" title=\"\" sizes=\"(max-width: 150px) 100vw, 150px\"><\/span><span class=\"fg-image-overlay\"><\/span><\/a><\/figure><div class=\"fg-loader\"><\/div><\/div><div class=\"fg-item fg-type-image fg-loading\"><figure class=\"fg-item-inner\"><a href=\"https:\/\/b2642856.assetcdn.net\/2.0\/2642856\/wp-content\/uploads\/2022\/02\/motorprosa-portrait-uli-biggemann-4-of-38.jpg?lossy=1&strip=1&webp=1\" data-caption-desc=\"MotorProsa: Blog Post Portrait Uli Biggemann (Galerie)\" data-attachment-id=\"9255\" data-type=\"image\" class=\"fg-thumb\"><span class=\"fg-image-wrap\"><img src=\"https:\/\/b2642856.assetcdn.net\/2.0\/2642856\/wp-content\/uploads\/cache\/2022\/02\/motorprosa-portrait-uli-biggemann-4-of-38\/1587306497.jpg?lossy=1&strip=1&webp=1\" alt=\"MotorProsa: Blog Post Portrait Uli Biggemann (Galerie)\" width=\"150\" height=\"100\" class=\"skip-lazy fg-image\" decoding=\"async\" loading=\"lazy\" title=\"\" sizes=\"(max-width: 150px) 100vw, 150px\"><\/span><span class=\"fg-image-overlay\"><\/span><\/a><\/figure><div class=\"fg-loader\"><\/div><\/div><div class=\"fg-item fg-type-image fg-loading\"><figure class=\"fg-item-inner\"><a href=\"https:\/\/b2642856.assetcdn.net\/2.0\/2642856\/wp-content\/uploads\/2022\/02\/motorprosa-portrait-uli-biggemann-5-of-38.jpg?lossy=1&strip=1&webp=1\" data-caption-desc=\"MotorProsa: Blog Post Portrait Uli Biggemann (Galerie)\" data-attachment-id=\"9257\" data-type=\"image\" class=\"fg-thumb\"><span class=\"fg-image-wrap\"><img src=\"https:\/\/b2642856.assetcdn.net\/2.0\/2642856\/wp-content\/uploads\/cache\/2022\/02\/motorprosa-portrait-uli-biggemann-5-of-38\/899386036.jpg?lossy=1&strip=1&webp=1\" alt=\"MotorProsa: Blog Post Portrait Uli Biggemann (Galerie)\" width=\"150\" height=\"100\" class=\"skip-lazy fg-image\" decoding=\"async\" loading=\"lazy\" title=\"\" sizes=\"(max-width: 150px) 100vw, 150px\"><\/span><span class=\"fg-image-overlay\"><\/span><\/a><\/figure><div class=\"fg-loader\"><\/div><\/div><div class=\"fg-item fg-type-image fg-loading\"><figure class=\"fg-item-inner\"><a href=\"https:\/\/b2642856.assetcdn.net\/2.0\/2642856\/wp-content\/uploads\/2022\/02\/motorprosa-portrait-uli-biggemann-6-of-38.jpg?lossy=1&strip=1&webp=1\" data-caption-desc=\"MotorProsa: Blog Post Portrait Uli Biggemann (Galerie)\" data-attachment-id=\"9259\" data-type=\"image\" class=\"fg-thumb\"><span class=\"fg-image-wrap\"><img src=\"https:\/\/b2642856.assetcdn.net\/2.0\/2642856\/wp-content\/uploads\/cache\/2022\/02\/motorprosa-portrait-uli-biggemann-6-of-38\/3864106725.jpg?lossy=1&strip=1&webp=1\" alt=\"MotorProsa: Blog Post Portrait Uli Biggemann (Galerie)\" width=\"150\" height=\"100\" class=\"skip-lazy fg-image\" decoding=\"async\" loading=\"lazy\" title=\"\" sizes=\"(max-width: 150px) 100vw, 150px\"><\/span><span class=\"fg-image-overlay\"><\/span><\/a><\/figure><div class=\"fg-loader\"><\/div><\/div><div class=\"fg-item fg-type-image fg-loading\"><figure class=\"fg-item-inner\"><a href=\"https:\/\/b2642856.assetcdn.net\/2.0\/2642856\/wp-content\/uploads\/2022\/02\/motorprosa-portrait-uli-biggemann-8-of-38.jpg?lossy=1&strip=1&webp=1\" data-caption-desc=\"MotorProsa: Blog Post Portrait Uli Biggemann (Galerie)\" data-attachment-id=\"9261\" data-type=\"image\" class=\"fg-thumb\"><span class=\"fg-image-wrap\"><img src=\"https:\/\/b2642856.assetcdn.net\/2.0\/2642856\/wp-content\/uploads\/cache\/2022\/02\/motorprosa-portrait-uli-biggemann-8-of-38\/2909156682.jpg?lossy=1&strip=1&webp=1\" alt=\"MotorProsa: Blog Post Portrait Uli Biggemann (Galerie)\" width=\"150\" height=\"150\" class=\"skip-lazy fg-image\" decoding=\"async\" loading=\"lazy\" title=\"\" sizes=\"(max-width: 150px) 100vw, 150px\"><\/span><span class=\"fg-image-overlay\"><\/span><\/a><\/figure><div class=\"fg-loader\"><\/div><\/div><div class=\"fg-item fg-type-image fg-loading\"><figure class=\"fg-item-inner\"><a href=\"https:\/\/b2642856.assetcdn.net\/2.0\/2642856\/wp-content\/uploads\/2022\/02\/motorprosa-portrait-uli-biggemann-2-of-38.jpg?lossy=1&strip=1&webp=1\" data-caption-desc=\"MotorProsa: Blog Post Portrait Uli Biggemann (Galerie)\" data-attachment-id=\"9263\" data-type=\"image\" class=\"fg-thumb\"><span class=\"fg-image-wrap\"><img src=\"https:\/\/b2642856.assetcdn.net\/2.0\/2642856\/wp-content\/uploads\/cache\/2022\/02\/motorprosa-portrait-uli-biggemann-2-of-38\/2304369682.jpg?lossy=1&strip=1&webp=1\" alt=\"MotorProsa: Blog Post Portrait Uli Biggemann (Galerie)\" width=\"150\" height=\"100\" class=\"skip-lazy fg-image\" decoding=\"async\" loading=\"lazy\" title=\"\" sizes=\"(max-width: 150px) 100vw, 150px\"><\/span><span class=\"fg-image-overlay\"><\/span><\/a><\/figure><div class=\"fg-loader\"><\/div><\/div><\/div>\n\n\n\n\n<div style=\"height:50px\" aria-hidden=\"true\" class=\"wp-block-spacer\"><\/div>\n\n\n\n<p class=\"wp-block-paragraph\">Colours, sharpness, noise and depth, light, shadows and perspectives &#8211; he combines everything in his photos to create unique images. Light painters, in other words. Snapshots with highly professional optics, pictures that remain in the memory like this one piece of music and that you want to look at again and again, have to look at.<\/p>\n\n\n\n<h2 class=\"wp-block-heading has-drop-cap\" id=\"uli-is-a-talent\">Uli is<br>&nbsp;a talent.<\/h2>\n\n\n\n<p class=\"wp-block-paragraph\">He picked up his first &#8220;real&#8221; camera at the end of 2010, and immediately the punk went off. But not a one-hit wonder &#8211; Uli can now point to a more than impressive list of references:<\/p>\n\n\n\n<figure class=\"wp-block-table is-style-stripes my-image-border\"><table><tbody><tr><td>MOTORRAD<\/td><td>MOTORRAD NEWS<\/td><td>Motorradmagazin MO<\/td><\/tr><tr><td>Zero Motorcycles<\/td><td>Schweiz Tourismus<\/td><td>MOHO Motorrad Hotels<\/td><\/tr><tr><td>Alpentourer<\/td><td>RIDE ON Reise Motorrad<\/td><td>Motorradfreizeit<\/td><\/tr><tr><td>Motorradstrassen<\/td><td>LOUIS<\/td><td>BIKER BETTEN<\/td><\/tr><tr><td>Triumph Motorcycles<\/td><td>Let&#8217;s Bike together Motorrad Hotels<\/td><td>Rukka<\/td><\/tr><tr><td>X-Lite<\/td><td>Hepco &amp; Becker<\/td><td><\/td><\/tr><\/tbody><tfoot><tr><td>and many more ..<\/td><td><\/td><td><\/td><\/tr><\/tfoot><\/table><\/figure>\n\n\n\n<p class=\"wp-block-paragraph\">So anyone who is just a little bit into the motorbike world has surely seen one of the pictures by Uli, the light painter, somewhere.<\/p>\n\n\n\n<h2 class=\"wp-block-heading has-drop-cap\" id=\"uli-is-teamplayer\">Uli is<br>&nbsp;teamplayer.<\/h2>\n\n\n\n<p class=\"wp-block-paragraph\">I have been working with Uli since my first ride on the BMW C evolution &#8211; since 2020 under the funny name &#8220;Moppetprosa&#8221;. Together we produce extraordinary <a href=\"https:\/\/www.motorprosa.com\/en\/dream-roads-the-susten-pass-2224-m\/\" data-type=\"post\" data-id=\"6843\">motorcycle stories<\/a> and have created a new, popular format in Europe&#8217;s biggest motorbike magazine with the &#8220;Passportrait&#8221;.<\/p>\n\n\n\n<p class=\"wp-block-paragraph\">You can also book us as a documentation team for two-wheeled events. Uli has come to trust my driving skills on the motorbike, so dynamic driving shots are also possible.<\/p>\n\n\n\n<h2 class=\"wp-block-heading has-drop-cap\" id=\"click-www-moppetfoto-de\">Click! -&gt; <br>&nbsp;<a href=\"http:\/\/www.moppetfoto.de\" target=\"_blank\" rel=\"noopener noreferrer\"><strong>www.moppetfoto.de<\/strong><\/a><\/h2>\n\n\n\n<div style=\"height:25px\" aria-hidden=\"true\" class=\"wp-block-spacer\"><\/div>\n\n\n<!--Yasr Visitor Votes Shortcode--><div id='yasr_visitor_votes_a663a72d190fa' class='yasr-visitor-votes'><div class=\"yasr-custom-text-vv-before yasr-custom-text-vv-before-12096\">Bewerte diesen Beitrag \/\/ Rate this post <\/div><div id='yasr-vv-second-row-container-a663a72d190fa'\r\n                                        class='yasr-vv-second-row-container'><div id='yasr-visitor-votes-rater-a663a72d190fa'\r\n                                      class='yasr-rater-stars-vv'\r\n                                      data-rater-postid='12096'\r\n                                      data-rating='0'\r\n                                      data-rater-starsize='32'\r\n                                      data-rater-readonly='false'\r\n                                      data-rater-nonce='d4ca20a83d'\r\n                                      data-issingular='false'\r\n                                    ><\/div><div class=\"yasr-vv-stats-text-container\" id=\"yasr-vv-stats-text-container-a663a72d190fa\"><svg xmlns=\"https:\/\/www.w3.org\/2000\/svg\" width=\"20\" height=\"20\"\r\n                                   class=\"yasr-dashicons-visitor-stats\"\r\n                                   data-postid=\"12096\"\r\n                                   id=\"yasr-stats-dashicon-a663a72d190fa\">\r\n                                   <path d=\"M18 18v-16h-4v16h4zM12 18v-11h-4v11h4zM6 18v-8h-4v8h4z\"><\/path>\r\n                               <\/svg><span id=\"yasr-vv-text-container-a663a72d190fa\" class=\"yasr-vv-text-container\"><\/span><\/div><div id='yasr-vv-loader-a663a72d190fa' class='yasr-vv-container-loader'><\/div><\/div><div id='yasr-vv-bottom-container-a663a72d190fa'\r\n                              class='yasr-vv-bottom-container'\r\n                              style='display:none'><\/div><\/div><!--End Yasr Visitor Votes Shortcode-->\n\n\n\n<div style=\"height:25px\" aria-hidden=\"true\" class=\"wp-block-spacer\"><\/div>\n\n\n<div class=\"ShariffSC my-image-border\"><div class=\"shariff shariff-align-left shariff-widget-align-left shariff-buttonstretch\" data-services=\"facebook\" data-url=\"https:\/\/www.motorprosa.com\/en\/the-light-painter-uli-biggemann-a-portrait\/\" data-timestamp=\"1742486614\" data-backendurl=\"https:\/\/www.motorprosa.com\/en\/wp-json\/shariff\/v1\/share_counts?\"><ul class=\"shariff-buttons theme-white orientation-horizontal buttonsize-medium\"><li class=\"shariff-button facebook shariff-nocustomcolor\" style=\"background-color:#4273c8\"><a href=\"https:\/\/www.facebook.com\/sharer\/sharer.php?u=https%3A%2F%2Fwww.motorprosa.com%2Fen%2Fthe-light-painter-uli-biggemann-a-portrait%2F\" title=\"Share on Facebook\" aria-label=\"Share on Facebook\" role=\"button\" rel=\"nofollow\" class=\"shariff-link\" style=\"; background-color:#3b5998; color:#3b5998\" target=\"_blank\"><span class=\"shariff-icon\" style=\"fill:#3b5998\"><svg width=\"32px\" height=\"20px\" xmlns=\"http:\/\/www.w3.org\/2000\/svg\" viewBox=\"0 0 18 32\"><path fill=\"#3b5998\" d=\"M17.1 0.2v4.7h-2.8q-1.5 0-2.1 0.6t-0.5 1.9v3.4h5.2l-0.7 5.3h-4.5v13.6h-5.5v-13.6h-4.5v-5.3h4.5v-3.9q0-3.3 1.9-5.2t5-1.8q2.6 0 4.1 0.2z\"\/><\/svg><\/span><span class=\"shariff-text\" style=\"color:#3b5998\">share<\/span>&nbsp;<\/a><\/li><li class=\"shariff-button bluesky shariff-nocustomcolor\" style=\"background-color:#84c4ff\"><a href=\"https:\/\/bsky.app\/intent\/compose?text=The%20%E2%80%9CLight%20painter%E2%80%9D%20Uli%20Biggemann%3A%20a%20portrait https%3A%2F%2Fwww.motorprosa.com%2Fen%2Fthe-light-painter-uli-biggemann-a-portrait%2F  via @motorprosa.com\" title=\"Share on Bluesky\" aria-label=\"Share on Bluesky\" role=\"button\" rel=\"noopener nofollow\" class=\"shariff-link\" style=\"; background-color:#0085ff; color:#0085ff\" target=\"_blank\"><span class=\"shariff-icon\" style=\"fill:#0085ff\"><svg width=\"20\" height=\"20\" version=\"1.1\" xmlns=\"http:\/\/www.w3.org\/2000\/svg\" viewBox=\"0 0 20 20\"><path class=\"st0\" d=\"M4.89,3.12c2.07,1.55,4.3,4.71,5.11,6.4.82-1.69,3.04-4.84,5.11-6.4,1.49-1.12,3.91-1.99,3.91.77,0,.55-.32,4.63-.5,5.3-.64,2.3-2.99,2.89-5.08,2.54,3.65.62,4.58,2.68,2.57,4.74-3.81,3.91-5.48-.98-5.9-2.23-.08-.23-.11-.34-.12-.25,0-.09-.04.02-.12.25-.43,1.25-2.09,6.14-5.9,2.23-2.01-2.06-1.08-4.12,2.57-4.74-2.09.36-4.44-.23-5.08-2.54-.19-.66-.5-4.74-.5-5.3,0-2.76,2.42-1.89,3.91-.77h0Z\"\/><\/svg><\/span><span class=\"shariff-text\" style=\"color:#0085ff\">share<\/span>&nbsp;<\/a><\/li><li class=\"shariff-button linkedin shariff-nocustomcolor\" style=\"background-color:#1488bf\"><a href=\"https:\/\/www.linkedin.com\/sharing\/share-offsite\/?url=https%3A%2F%2Fwww.motorprosa.com%2Fen%2Fthe-light-painter-uli-biggemann-a-portrait%2F\" title=\"Share on LinkedIn\" aria-label=\"Share on LinkedIn\" role=\"button\" rel=\"noopener nofollow\" class=\"shariff-link\" style=\"; background-color:#0077b5; color:#0077b5\" target=\"_blank\"><span class=\"shariff-icon\" style=\"fill:#0077b5\"><svg width=\"32px\" height=\"20px\" xmlns=\"http:\/\/www.w3.org\/2000\/svg\" viewBox=\"0 0 27 32\"><path fill=\"#0077b5\" d=\"M6.2 11.2v17.7h-5.9v-17.7h5.9zM6.6 5.7q0 1.3-0.9 2.2t-2.4 0.9h0q-1.5 0-2.4-0.9t-0.9-2.2 0.9-2.2 2.4-0.9 2.4 0.9 0.9 2.2zM27.4 18.7v10.1h-5.9v-9.5q0-1.9-0.7-2.9t-2.3-1.1q-1.1 0-1.9 0.6t-1.2 1.5q-0.2 0.5-0.2 1.4v9.9h-5.9q0-7.1 0-11.6t0-5.3l0-0.9h5.9v2.6h0q0.4-0.6 0.7-1t1-0.9 1.6-0.8 2-0.3q3 0 4.9 2t1.9 6z\"\/><\/svg><\/span><span class=\"shariff-text\" style=\"color:#0077b5\">share<\/span>&nbsp;<\/a><\/li><\/ul><\/div><\/div>\n\n\n\n<div style=\"height:50px\" aria-hidden=\"true\" class=\"wp-block-spacer\"><\/div>\n\n\n\n<h3 class=\"wp-block-heading\" id=\"perfectly-matching\"><strong>Perfectly matching:<\/strong><\/h3>\n\n\n\n\t\t\t<div class=\"wp-block-uagb-post-grid uagb-post-grid  uagb-post__image-position-top uagb-post__image-enabled uagb-block-0717c226     uagb-post__items uagb-post__columns-3 is-grid uagb-post__columns-tablet-2 uagb-post__columns-mobile-1 uagb-post__equal-height\" data-total=\"1\" style=\"\">\n\n\t\t\t\t\t\t\t\t\t\t\t\t<article class=\"uagb-post__inner-wrap\">\t\t\t\t\t\t\t\t<div class='uagb-post__image'>\n\t\t\t\t\t\t\t\t\t<a href=\"https:\/\/www.motorprosa.com\/en\/stelvio-count-from-1-to-10\/\" target=\"_self\" rel=\"bookmark noopener noreferrer\" class=\"uagb-image-ratio-inherit\"><img decoding=\"async\" width=\"1024\" height=\"559\" data-src=\"https:\/\/b2642856.assetcdn.net\/2.0\/2642856\/wp-content\/uploads\/2021\/10\/motorprosa-blog-header-zaehl-von-1-bis-10-effekt-1024x559.jpg?lossy=1&strip=1&webp=1\" class=\"attachment-large size-large lazyload\" alt=\"MotorProsa: Stilfserjoch - Z\u00e4hl von 1 bis 10\" data-srcset=\"https:\/\/b2642856.assetcdn.net\/2.0\/2642856\/wp-content\/uploads\/2021\/10\/motorprosa-blog-header-zaehl-von-1-bis-10-effekt-1024x559.jpg?lossy=1&strip=1&webp=1 1024w, https:\/\/b2642856.assetcdn.net\/2.0\/2642856\/wp-content\/uploads\/2021\/10\/motorprosa-blog-header-zaehl-von-1-bis-10-effekt-300x164.jpg?lossy=1&strip=1&webp=1 300w, https:\/\/b2642856.assetcdn.net\/2.0\/2642856\/wp-content\/uploads\/2021\/10\/motorprosa-blog-header-zaehl-von-1-bis-10-effekt.jpg?lossy=1&strip=1&webp=1 1200w, https:\/\/b2642856.assetcdn.net\/2.0\/2642856\/wp-content\/uploads\/2021\/10\/motorprosa-blog-header-zaehl-von-1-bis-10-effekt.jpg?size=240x131&lossy=1&strip=1&webp=1 240w, https:\/\/b2642856.assetcdn.net\/2.0\/2642856\/wp-content\/uploads\/2021\/10\/motorprosa-blog-header-zaehl-von-1-bis-10-effekt.jpg?size=480x262&lossy=1&strip=1&webp=1 480w, https:\/\/b2642856.assetcdn.net\/2.0\/2642856\/wp-content\/uploads\/2021\/10\/motorprosa-blog-header-zaehl-von-1-bis-10-effekt.jpg?size=720x393&lossy=1&strip=1&webp=1 720w, https:\/\/b2642856.assetcdn.net\/2.0\/2642856\/wp-content\/uploads\/2021\/10\/motorprosa-blog-header-zaehl-von-1-bis-10-effekt.jpg?size=960x524&lossy=1&strip=1&webp=1 960w\" data-sizes=\"auto\" title=\"\" src=\"data:image\/svg+xml;base64,PHN2ZyB3aWR0aD0iMSIgaGVpZ2h0PSIxIiB4bWxucz0iaHR0cDovL3d3dy53My5vcmcvMjAwMC9zdmciPjwvc3ZnPg==\" style=\"--smush-placeholder-width: 1024px; --smush-placeholder-aspect-ratio: 1024\/559;\" data-original-sizes=\"(max-width: 1024px) 100vw, 1024px\">\t\t\t\t\t<\/a>\n\t\t\t\t\t\t\t<\/div>\n\t\t\t\t\t\t<h4 class=\"uagb-post__title uagb-post__text\">\n\t\t\t\t<a href=\"https:\/\/www.motorprosa.com\/en\/stelvio-count-from-1-to-10\/\" target=\"_self\" rel=\"bookmark noopener noreferrer\">Stelvio &#8211; Count from 1 to 10!<\/a>\n\t\t\t<\/h4>\n\t\t\t\t\t\t<div class='uagb-post__text uagb-post-grid-byline'>\n\t\t\t\t\t\t\t\t<span class=\"uagb-post__comment\">\n\t\t\t\t<span class=\"dashicons-admin-comments dashicons\"><\/span>\t\t\t\t\tNo Comments\t\t\t\t<\/span>\n\t\t\t\t\t\t\t<div class=\"uagb-post__text\">\n\t\t\t\t\t<span class='uagb-post__taxonomy'>\n\t\t\t\t\t\t<span class=\"dashicons-tag dashicons\"><\/span>\t\t\t\t\t\t<a href=\"https:\/\/www.motorprosa.com\/en\/category\/200-years-stelvio-pass\/\">200 years Stelvio Pass<\/a>,&nbsp;<a href=\"https:\/\/www.motorprosa.com\/en\/category\/dream-roads\/\">Dream Roads<\/a>,&nbsp;<a href=\"https:\/\/www.motorprosa.com\/en\/category\/photography\/\">Photography<\/a>\t\t\t\t\t<\/span>\n\t\t\t\t<\/div>\n\t\t\t\t\t\t\t<\/div>\n\t\t\t\t\t\t\t<div class='uagb-post__text uagb-post__excerpt'>\n\t\t\t\t\tA picture gallery of the first 10 hairpin bends of the Stelvio, the &#8220;world wonder&#8230;\t\t\t\t<\/div>\n\t\t\t\n\t\t\t\t\t\t\t\t\t<\/article>\n\t\t\t\t\t\t\t\t\t\t\t\t\t\t\t\t<article class=\"uagb-post__inner-wrap\">\t\t\t\t\t\t\t\t<div class='uagb-post__image'>\n\t\t\t\t\t\t\t\t\t<a href=\"https:\/\/www.motorprosa.com\/en\/professional-line-photobook-saal-digital\/\" target=\"_self\" rel=\"bookmark noopener noreferrer\" class=\"uagb-image-ratio-inherit\"><img decoding=\"async\" width=\"1024\" height=\"575\" data-src=\"https:\/\/b2642856.assetcdn.net\/2.0\/2642856\/wp-content\/uploads\/2023\/09\/MotorProsa-Blog-Header-Fotobuch-Saal-Digital-Effekt-1024x575.jpg?lossy=1&strip=1&webp=1\" class=\"attachment-large size-large lazyload\" alt=\"\" data-srcset=\"https:\/\/b2642856.assetcdn.net\/2.0\/2642856\/wp-content\/uploads\/2023\/09\/MotorProsa-Blog-Header-Fotobuch-Saal-Digital-Effekt-1024x575.jpg?lossy=1&strip=1&webp=1 1024w, https:\/\/b2642856.assetcdn.net\/2.0\/2642856\/wp-content\/uploads\/2023\/09\/MotorProsa-Blog-Header-Fotobuch-Saal-Digital-Effekt-300x169.jpg?lossy=1&strip=1&webp=1 300w, https:\/\/b2642856.assetcdn.net\/2.0\/2642856\/wp-content\/uploads\/2023\/09\/MotorProsa-Blog-Header-Fotobuch-Saal-Digital-Effekt-768x431.jpg?lossy=1&strip=1&webp=1 768w, https:\/\/b2642856.assetcdn.net\/2.0\/2642856\/wp-content\/uploads\/2023\/09\/MotorProsa-Blog-Header-Fotobuch-Saal-Digital-Effekt.jpg?lossy=1&strip=1&webp=1 1200w, https:\/\/b2642856.assetcdn.net\/2.0\/2642856\/wp-content\/uploads\/2023\/09\/MotorProsa-Blog-Header-Fotobuch-Saal-Digital-Effekt.jpg?size=240x135&lossy=1&strip=1&webp=1 240w, https:\/\/b2642856.assetcdn.net\/2.0\/2642856\/wp-content\/uploads\/2023\/09\/MotorProsa-Blog-Header-Fotobuch-Saal-Digital-Effekt.jpg?size=480x270&lossy=1&strip=1&webp=1 480w, https:\/\/b2642856.assetcdn.net\/2.0\/2642856\/wp-content\/uploads\/2023\/09\/MotorProsa-Blog-Header-Fotobuch-Saal-Digital-Effekt.jpg?size=960x539&lossy=1&strip=1&webp=1 960w\" data-sizes=\"auto\" title=\"\" src=\"data:image\/svg+xml;base64,PHN2ZyB3aWR0aD0iMSIgaGVpZ2h0PSIxIiB4bWxucz0iaHR0cDovL3d3dy53My5vcmcvMjAwMC9zdmciPjwvc3ZnPg==\" style=\"--smush-placeholder-width: 1024px; --smush-placeholder-aspect-ratio: 1024\/575;\" data-original-sizes=\"(max-width: 1024px) 100vw, 1024px\">\t\t\t\t\t<\/a>\n\t\t\t\t\t\t\t<\/div>\n\t\t\t\t\t\t<h4 class=\"uagb-post__title uagb-post__text\">\n\t\t\t\t<a href=\"https:\/\/www.motorprosa.com\/en\/professional-line-photobook-saal-digital\/\" target=\"_self\" rel=\"bookmark noopener noreferrer\">Tried it out: Professional Line photo book from Saal Digital<\/a>\n\t\t\t<\/h4>\n\t\t\t\t\t\t<div class='uagb-post__text uagb-post-grid-byline'>\n\t\t\t\t\t\t\t\t<span class=\"uagb-post__comment\">\n\t\t\t\t<span class=\"dashicons-admin-comments dashicons\"><\/span>\t\t\t\t\tNo Comments\t\t\t\t<\/span>\n\t\t\t\t\t\t\t<div class=\"uagb-post__text\">\n\t\t\t\t\t<span class='uagb-post__taxonomy'>\n\t\t\t\t\t\t<span class=\"dashicons-tag dashicons\"><\/span>\t\t\t\t\t\t<a href=\"https:\/\/www.motorprosa.com\/en\/category\/tested\/\">Tested<\/a>,&nbsp;<a href=\"https:\/\/www.motorprosa.com\/en\/category\/photography\/\">Photography<\/a>\t\t\t\t\t<\/span>\n\t\t\t\t<\/div>\n\t\t\t\t\t\t\t<\/div>\n\t\t\t\t\t\t\t<div class='uagb-post__text uagb-post__excerpt'>\n\t\t\t\t\tField report on MotorProsa: Creation of a photo book from Saal Digital&#8217;s Professional Line.\t\t\t\t<\/div>\n\t\t\t\n\t\t\t\t\t\t\t\t\t<\/article>\n\t\t\t\t\t\t\t\t\t\t\t\t\t\t\t\t<article class=\"uagb-post__inner-wrap\">\t\t\t\t\t\t\t\t<div class='uagb-post__image'>\n\t\t\t\t\t\t\t\t\t<a href=\"https:\/\/www.motorprosa.com\/en\/photo-parade-my-best-photos-of-2023\/\" target=\"_self\" rel=\"bookmark noopener noreferrer\" class=\"uagb-image-ratio-inherit\"><img decoding=\"async\" width=\"1024\" height=\"575\" data-src=\"https:\/\/b2642856.assetcdn.net\/2.0\/2642856\/wp-content\/uploads\/2023\/11\/MotorProsa-Blog-Header-Fotoparade-2023-Effekt-1024x575.jpg?lossy=1&strip=1&webp=1\" class=\"attachment-large size-large lazyload\" alt=\"MotorProsa BlogPost: Fotoparade 2023 (Header)\" data-srcset=\"https:\/\/b2642856.assetcdn.net\/2.0\/2642856\/wp-content\/uploads\/2023\/11\/MotorProsa-Blog-Header-Fotoparade-2023-Effekt-1024x575.jpg?lossy=1&strip=1&webp=1 1024w, https:\/\/b2642856.assetcdn.net\/2.0\/2642856\/wp-content\/uploads\/2023\/11\/MotorProsa-Blog-Header-Fotoparade-2023-Effekt-300x169.jpg?lossy=1&strip=1&webp=1 300w, https:\/\/b2642856.assetcdn.net\/2.0\/2642856\/wp-content\/uploads\/2023\/11\/MotorProsa-Blog-Header-Fotoparade-2023-Effekt-768x431.jpg?lossy=1&strip=1&webp=1 768w, https:\/\/b2642856.assetcdn.net\/2.0\/2642856\/wp-content\/uploads\/2023\/11\/MotorProsa-Blog-Header-Fotoparade-2023-Effekt.jpg?lossy=1&strip=1&webp=1 1200w, https:\/\/b2642856.assetcdn.net\/2.0\/2642856\/wp-content\/uploads\/2023\/11\/MotorProsa-Blog-Header-Fotoparade-2023-Effekt.jpg?size=240x135&lossy=1&strip=1&webp=1 240w, https:\/\/b2642856.assetcdn.net\/2.0\/2642856\/wp-content\/uploads\/2023\/11\/MotorProsa-Blog-Header-Fotoparade-2023-Effekt.jpg?size=480x270&lossy=1&strip=1&webp=1 480w, https:\/\/b2642856.assetcdn.net\/2.0\/2642856\/wp-content\/uploads\/2023\/11\/MotorProsa-Blog-Header-Fotoparade-2023-Effekt.jpg?size=960x539&lossy=1&strip=1&webp=1 960w\" data-sizes=\"auto\" title=\"\" src=\"data:image\/svg+xml;base64,PHN2ZyB3aWR0aD0iMSIgaGVpZ2h0PSIxIiB4bWxucz0iaHR0cDovL3d3dy53My5vcmcvMjAwMC9zdmciPjwvc3ZnPg==\" style=\"--smush-placeholder-width: 1024px; --smush-placeholder-aspect-ratio: 1024\/575;\" data-original-sizes=\"(max-width: 1024px) 100vw, 1024px\">\t\t\t\t\t<\/a>\n\t\t\t\t\t\t\t<\/div>\n\t\t\t\t\t\t<h4 class=\"uagb-post__title uagb-post__text\">\n\t\t\t\t<a href=\"https:\/\/www.motorprosa.com\/en\/photo-parade-my-best-photos-of-2023\/\" target=\"_self\" rel=\"bookmark noopener noreferrer\">Photo parade: My best photos of 2023<\/a>\n\t\t\t<\/h4>\n\t\t\t\t\t\t<div class='uagb-post__text uagb-post-grid-byline'>\n\t\t\t\t\t\t\t\t<span class=\"uagb-post__comment\">\n\t\t\t\t<span class=\"dashicons-admin-comments dashicons\"><\/span>\t\t\t\t\tNo Comments\t\t\t\t<\/span>\n\t\t\t\t\t\t\t<div class=\"uagb-post__text\">\n\t\t\t\t\t<span class='uagb-post__taxonomy'>\n\t\t\t\t\t\t<span class=\"dashicons-tag dashicons\"><\/span>\t\t\t\t\t\t<a href=\"https:\/\/www.motorprosa.com\/en\/category\/photography\/\">Photography<\/a>,&nbsp;<a href=\"https:\/\/www.motorprosa.com\/en\/category\/picture-gallery\/\">Picture gallery<\/a>\t\t\t\t\t<\/span>\n\t\t\t\t<\/div>\n\t\t\t\t\t\t\t<\/div>\n\t\t\t\t\t\t\t<div class='uagb-post__text uagb-post__excerpt'>\n\t\t\t\t\tMichael from the travel and photography blog \u201eErkunde die Welt\u201c is once again inviting to&#8230;\t\t\t\t<\/div>\n\t\t\t\n\t\t\t\t\t\t\t\t\t<\/article>\n\t\t\t\t\t\t\t\t\t\t\t\t\t\t\t\t<article class=\"uagb-post__inner-wrap\">\t\t\t\t\t\t\t\t<div class='uagb-post__image'>\n\t\t\t\t\t\t\t\t\t<a href=\"https:\/\/www.motorprosa.com\/en\/photo-parade-travel-photos-2024\/\" target=\"_self\" rel=\"bookmark noopener noreferrer\" class=\"uagb-image-ratio-inherit\"><img decoding=\"async\" width=\"1024\" height=\"575\" data-src=\"https:\/\/b2642856.assetcdn.net\/2.0\/2642856\/wp-content\/uploads\/2024\/10\/MotorProsa-Blog-Header-Fotoparade-2024-Effekt-1024x575.jpg?lossy=1&strip=1&webp=1\" class=\"attachment-large size-large lazyload\" alt=\"**ALT-Text:** Eine malerische, von der Abendsonne beleuchtete Felsformation erhebt sich \u00fcber einem kleinen Dorf, das sich entlang eines Flusses erstreckt. Eine historische Steinbr\u00fccke f\u00fchrt \u00fcber das Wasser und verbindet die beiden Ufer. Die H\u00e4user des Dorfes schmiegen sich an den Fu\u00df des Felsens, w\u00e4hrend im Hintergrund gr\u00fcne H\u00fcgel und B\u00e4ume die Szenerie abrunden. Der Himmel ist von sanften Wolken bedeckt, die das warme Licht des Sonnenuntergangs reflektieren.\" data-srcset=\"https:\/\/b2642856.assetcdn.net\/2.0\/2642856\/wp-content\/uploads\/2024\/10\/MotorProsa-Blog-Header-Fotoparade-2024-Effekt-1024x575.jpg?lossy=1&strip=1&webp=1 1024w, https:\/\/b2642856.assetcdn.net\/2.0\/2642856\/wp-content\/uploads\/2024\/10\/MotorProsa-Blog-Header-Fotoparade-2024-Effekt-300x169.jpg?lossy=1&strip=1&webp=1 300w, https:\/\/b2642856.assetcdn.net\/2.0\/2642856\/wp-content\/uploads\/2024\/10\/MotorProsa-Blog-Header-Fotoparade-2024-Effekt-768x431.jpg?lossy=1&strip=1&webp=1 768w, https:\/\/b2642856.assetcdn.net\/2.0\/2642856\/wp-content\/uploads\/2024\/10\/MotorProsa-Blog-Header-Fotoparade-2024-Effekt.jpg?lossy=1&strip=1&webp=1 1200w, https:\/\/b2642856.assetcdn.net\/2.0\/2642856\/wp-content\/uploads\/2024\/10\/MotorProsa-Blog-Header-Fotoparade-2024-Effekt.jpg?size=240x135&lossy=1&strip=1&webp=1 240w, https:\/\/b2642856.assetcdn.net\/2.0\/2642856\/wp-content\/uploads\/2024\/10\/MotorProsa-Blog-Header-Fotoparade-2024-Effekt.jpg?size=480x270&lossy=1&strip=1&webp=1 480w, https:\/\/b2642856.assetcdn.net\/2.0\/2642856\/wp-content\/uploads\/2024\/10\/MotorProsa-Blog-Header-Fotoparade-2024-Effekt.jpg?size=960x539&lossy=1&strip=1&webp=1 960w\" data-sizes=\"auto\" title=\"\" src=\"data:image\/svg+xml;base64,PHN2ZyB3aWR0aD0iMSIgaGVpZ2h0PSIxIiB4bWxucz0iaHR0cDovL3d3dy53My5vcmcvMjAwMC9zdmciPjwvc3ZnPg==\" style=\"--smush-placeholder-width: 1024px; --smush-placeholder-aspect-ratio: 1024\/575;\" data-original-sizes=\"(max-width: 1024px) 100vw, 1024px\">\t\t\t\t\t<\/a>\n\t\t\t\t\t\t\t<\/div>\n\t\t\t\t\t\t<h4 class=\"uagb-post__title uagb-post__text\">\n\t\t\t\t<a href=\"https:\/\/www.motorprosa.com\/en\/photo-parade-travel-photos-2024\/\" target=\"_self\" rel=\"bookmark noopener noreferrer\">Photo parade: My most beautiful travel photos 2024<\/a>\n\t\t\t<\/h4>\n\t\t\t\t\t\t<div class='uagb-post__text uagb-post-grid-byline'>\n\t\t\t\t\t\t\t\t<span class=\"uagb-post__comment\">\n\t\t\t\t<span class=\"dashicons-admin-comments dashicons\"><\/span>\t\t\t\t\tNo Comments\t\t\t\t<\/span>\n\t\t\t\t\t\t\t<div class=\"uagb-post__text\">\n\t\t\t\t\t<span class='uagb-post__taxonomy'>\n\t\t\t\t\t\t<span class=\"dashicons-tag dashicons\"><\/span>\t\t\t\t\t\t<a href=\"https:\/\/www.motorprosa.com\/en\/category\/photography\/\">Photography<\/a>,&nbsp;<a href=\"https:\/\/www.motorprosa.com\/en\/category\/picture-gallery\/\">Picture gallery<\/a>\t\t\t\t\t<\/span>\n\t\t\t\t<\/div>\n\t\t\t\t\t\t\t<\/div>\n\t\t\t\t\t\t\t<div class='uagb-post__text uagb-post__excerpt'>\n\t\t\t\t\tMichael from the travel and photography blog \u2018Erkunde die Welt&#8221; invites to the next edition&#8230;\t\t\t\t<\/div>\n\t\t\t\n\t\t\t\t\t\t\t\t\t<\/article>\n\t\t\t\t\t\t\t\t\t\t\t<\/div>\n\t\t\t","protected":false},"excerpt":{"rendered":"<p>Uli Biggemann, the man behind moppetfoto.de, is a master of his craft. I got to know him during a special experience. A Portrait.<\/p>\n","protected":false},"author":1,"featured_media":9198,"comment_status":"open","ping_status":"closed","sticky":false,"template":"","format":"standard","meta":{"_uag_custom_page_level_css":"","_lmt_disableupdate":"","_lmt_disable":"","yasr_overall_rating":0,"yasr_post_is_review":"","yasr_auto_insert_disabled":"","yasr_review_type":"","footnotes":""},"categories":[590,532],"tags":[],"class_list":["post-12096","post","type-post","status-publish","format-standard","has-post-thumbnail","hentry","category-portraits-en","category-photography","infinite-scroll-item","generate-columns","tablet-grid-50","mobile-grid-100","grid-parent","grid-50","no-featured-image-padding"],"yasr_visitor_votes":{"stars_attributes":{"read_only":false,"span_bottom":false},"number_of_votes":0,"sum_votes":0},"modified_by":"J\u00fcrgen 'JvS' Theiner","uagb_featured_image_src":{"full":["https:\/\/www.motorprosa.com\/wp-content\/uploads\/2022\/02\/motorprosa-blog-header-der-lichtmaler-1-effekt.jpg",1200,674,false],"thumbnail":["https:\/\/www.motorprosa.com\/wp-content\/uploads\/2022\/02\/motorprosa-blog-header-der-lichtmaler-1-effekt-150x150.jpg",150,150,true],"medium":["https:\/\/www.motorprosa.com\/wp-content\/uploads\/2022\/02\/motorprosa-blog-header-der-lichtmaler-1-effekt-300x169.jpg",300,169,true],"medium_large":["https:\/\/www.motorprosa.com\/wp-content\/uploads\/2022\/02\/motorprosa-blog-header-der-lichtmaler-1-effekt.jpg",768,431,false],"large":["https:\/\/www.motorprosa.com\/wp-content\/uploads\/2022\/02\/motorprosa-blog-header-der-lichtmaler-1-effekt-1024x575.jpg",1024,575,true],"1536x1536":["https:\/\/www.motorprosa.com\/wp-content\/uploads\/2022\/02\/motorprosa-blog-header-der-lichtmaler-1-effekt.jpg",1200,674,false],"2048x2048":["https:\/\/www.motorprosa.com\/wp-content\/uploads\/2022\/02\/motorprosa-blog-header-der-lichtmaler-1-effekt.jpg",1200,674,false],"mailpoet_newsletter_max":["https:\/\/www.motorprosa.com\/wp-content\/uploads\/2022\/02\/motorprosa-blog-header-der-lichtmaler-1-effekt.jpg",1200,674,false]},"uagb_author_info":{"display_name":"J\u00fcrgen 'JvS' Theiner","author_link":"https:\/\/www.motorprosa.com\/en\/author\/infomotorprosa-com\/"},"uagb_comment_info":0,"uagb_excerpt":"Uli Biggemann, the man behind moppetfoto.de, is a master of his craft. I got to know him during a special experience. A Portrait.","_links":{"self":[{"href":"https:\/\/www.motorprosa.com\/en\/wp-json\/wp\/v2\/posts\/12096","targetHints":{"allow":["GET"]}}],"collection":[{"href":"https:\/\/www.motorprosa.com\/en\/wp-json\/wp\/v2\/posts"}],"about":[{"href":"https:\/\/www.motorprosa.com\/en\/wp-json\/wp\/v2\/types\/post"}],"author":[{"embeddable":true,"href":"https:\/\/www.motorprosa.com\/en\/wp-json\/wp\/v2\/users\/1"}],"replies":[{"embeddable":true,"href":"https:\/\/www.motorprosa.com\/en\/wp-json\/wp\/v2\/comments?post=12096"}],"version-history":[{"count":0,"href":"https:\/\/www.motorprosa.com\/en\/wp-json\/wp\/v2\/posts\/12096\/revisions"}],"wp:featuredmedia":[{"embeddable":true,"href":"https:\/\/www.motorprosa.com\/en\/wp-json\/wp\/v2\/media\/9198"}],"wp:attachment":[{"href":"https:\/\/www.motorprosa.com\/en\/wp-json\/wp\/v2\/media?parent=12096"}],"wp:term":[{"taxonomy":"category","embeddable":true,"href":"https:\/\/www.motorprosa.com\/en\/wp-json\/wp\/v2\/categories?post=12096"},{"taxonomy":"post_tag","embeddable":true,"href":"https:\/\/www.motorprosa.com\/en\/wp-json\/wp\/v2\/tags?post=12096"}],"curies":[{"name":"wp","href":"https:\/\/api.w.org\/{rel}","templated":true}]}}